{"id":41189,"date":"2022-12-04T11:52:10","date_gmt":"2022-12-04T16:52:10","guid":{"rendered":"https:\/\/luchonoticias.com\/?p=41189"},"modified":"2022-12-04T11:52:11","modified_gmt":"2022-12-04T16:52:11","slug":"con-neiva-song-alcaldia-abrio-la-agenda-navidena","status":"publish","type":"post","link":"https:\/\/luchonoticias.com\/editor\/con-neiva-song-alcaldia-abrio-la-agenda-navidena\/","title":{"rendered":"Con &#8216;Neiva Song&#8217;, Alcald\u00eda abri\u00f3 la agenda navide\u00f1a"},"content":{"rendered":"\n<p>En el Centro de Convenciones se dio apertura a la Agenda Navide\u00f1a con &#8216;Neiva Song&#8217;, un evento que incluy\u00f3 diferentes \u00e1reas, una formativa, d\u00f3nde estuvieron presentes los artistas locales y nacionales, en el que se dio un conversatorio de formaci\u00f3n donde se habl\u00f3 del negocio de la m\u00fasica, su distribuci\u00f3n, el mercado y todo lo relacionado con la industria.<\/p>\n\n\n\n<p>El alcalde de Neiva Gorky Mu\u00f1oz Calder\u00f3n, manifest\u00f3 que \u00abes el primer mercado del sur de Colombia musical, se est\u00e1n generando diferentes mercados porque el sector musical, aparte de crear todo ese contenido social que llega y construye ciudad y pa\u00eds, tambi\u00e9n est\u00e1 siendo importante para el sector econ\u00f3mico. Por esta raz\u00f3n, nosotros hoy iniciamos este primer evento, epicentro del Sur de Colombia, donde aproximadamente 2.500 personas han asistido, muy importante para Neiva, en el que estamos fortaleciendo el sector, en una ciudad que crece\u00bb.<\/p>\n\n\n\n<figure class=\"wp-block-gallery has-nested-images columns-default is-cropped wp-block-gallery-1 is-layout-flex wp-block-gallery-is-layout-flex\">\n<figure class=\"wp-block-image size-large\"><img decoding=\"async\" data-id=\"41193\" src=\"https:\/\/luchonoticias.com\/wp-content\/uploads\/2022\/12\/WhatsApp-Image-2022-12-04-at-11.05.23-AM-1-1024x682.jpeg\" alt=\"\" class=\"wp-image-41193\"\/><\/figure>\n\n\n\n<figure class=\"wp-block-image size-large\"><img decoding=\"async\" data-id=\"41192\" src=\"https:\/\/luchonoticias.com\/wp-content\/uploads\/2022\/12\/WhatsApp-Image-2022-12-04-at-11.05.23-AM-1024x682.jpeg\" alt=\"\" class=\"wp-image-41192\"\/><\/figure>\n\n\n\n<figure class=\"wp-block-image size-large\"><img decoding=\"async\" data-id=\"41191\" src=\"https:\/\/luchonoticias.com\/wp-content\/uploads\/2022\/12\/WhatsApp-Image-2022-12-04-at-11.05.22-AM-1024x682.jpeg\" alt=\"\" class=\"wp-image-41191\"\/><\/figure>\n<\/figure>\n\n\n\n<p>Camilo Rivera, acordeonero de Sin \u00c1nimo de Lucro y guitarrista del Consulado Popular, manifest\u00f3 la importancia de generar estos espacios en el \u00e1rea formativa, sobre todo con los artistas que reci\u00e9n est\u00e1n iniciando el camino de la m\u00fasica.<\/p>\n\n\n\n<p>\u00abLa importancia de &#8216;Neiva Song&#8217;, es que todos los artistas locales, m\u00e1s que todo los que est\u00e1n empezando, se acerquen y oigan estas charlas, porque se habla de experiencias buenas y malas que hemos tenido en la m\u00fasica que les pueden ahorrar mucho camino. Me encantar\u00eda que siguieran generando este tipo de espacios, y que por favor me inviten\u00bb.<\/p>\n\n\n\n<figure class=\"wp-block-gallery has-nested-images columns-default is-cropped wp-block-gallery-2 is-layout-flex wp-block-gallery-is-layout-flex\">\n<figure class=\"wp-block-image size-large\"><img decoding=\"async\" data-id=\"41194\" src=\"https:\/\/luchonoticias.com\/wp-content\/uploads\/2022\/12\/WhatsApp-Image-2022-12-04-at-11.05.27-AM-1-1024x682.jpeg\" alt=\"\" class=\"wp-image-41194\"\/><\/figure>\n\n\n\n<figure class=\"wp-block-image size-large\"><img decoding=\"async\" data-id=\"41195\" src=\"https:\/\/luchonoticias.com\/wp-content\/uploads\/2022\/12\/WhatsApp-Image-2022-12-04-at-11.05.27-AM-1024x691.jpeg\" alt=\"\" class=\"wp-image-41195\"\/><\/figure>\n\n\n\n<figure class=\"wp-block-image size-large\"><img decoding=\"async\" data-id=\"41196\" src=\"https:\/\/luchonoticias.com\/wp-content\/uploads\/2022\/12\/WhatsApp-Image-2022-12-04-at-11.05.28-AM-2-1024x682.jpeg\" alt=\"\" class=\"wp-image-41196\"\/><\/figure>\n<\/figure>\n\n\n\n<p>En la tarde, se realiz\u00f3 el Networking Musical, donde participaron 20 agentes nacionales y regionales de la industria musical, generando oportunidades de negocio para artistas locales.<\/p>\n\n\n\n<p>Iv\u00e1n Ar\u00e1nega, invitado especial, quien vino desde Espa\u00f1a, expres\u00f3 que, \u00abes la primera vez que me encuentro en Neiva, hablando sobre el negocio de la m\u00fasica, que es mi pasi\u00f3n. Yo creo que estos espacios y estos lugares de Networking, son fundamentales para poder vivir de la m\u00fasica y no morir en el intento\u00bb.<\/p>\n\n\n\n<p>El evento finaliz\u00f3, con un espacio abierto al p\u00fablico de forma gratuita, en el Parque de la M\u00fasica &#8216;Jorge Villamil Cordovez&#8217;, donde ocho artistas locales, entre solistas y agrupaciones, tuvieron la posibilidad de presentarse para que agentes nacionales los conocieran y cerrar negocios con ellos.<\/p>\n\n\n\n<figure class=\"wp-block-gallery has-nested-images columns-default is-cropped wp-block-gallery-3 is-layout-flex wp-block-gallery-is-layout-flex\">\n<figure class=\"wp-block-image size-large\"><img decoding=\"async\" data-id=\"41198\" src=\"https:\/\/luchonoticias.com\/wp-content\/uploads\/2022\/12\/WhatsApp-Image-2022-12-04-at-11.05.26-AM-1-1024x682.jpeg\" alt=\"\" class=\"wp-image-41198\"\/><\/figure>\n\n\n\n<figure class=\"wp-block-image size-large\"><img decoding=\"async\" data-id=\"41197\" src=\"https:\/\/luchonoticias.com\/wp-content\/uploads\/2022\/12\/WhatsApp-Image-2022-12-04-at-11.05.29-AM-1-1024x682.jpeg\" alt=\"\" class=\"wp-image-41197\"\/><\/figure>\n\n\n\n<figure class=\"wp-block-image size-large\"><img decoding=\"async\" data-id=\"41199\" src=\"https:\/\/luchonoticias.com\/wp-content\/uploads\/2022\/12\/WhatsApp-Image-2022-12-04-at-11.05.24-AM-1024x682.jpeg\" alt=\"\" class=\"wp-image-41199\"\/><\/figure>\n<\/figure>\n\n\n\n<p>Con el desarrollo de &#8216;Neiva Song&#8217;, se evidenci\u00f3 la reactivaci\u00f3n econ\u00f3mica en el municipio, por medio de los emprendimientos locales que estuvieron presentes durante el desarrollo del evento, as\u00ed lo ratific\u00f3 Marieta Trujillo Collazos, secretaria de Cultura.<\/p>\n\n\n\n<p>\u00abSe gener\u00f3 un espacio para los emprendedores, con el fin de atacar el desempleo en la mujer mayor de 50 a\u00f1os, en la mujer que es cabeza de hogar y en los j\u00f3venes. Por eso, han sido momentos importantes para Neiva con la reactivaci\u00f3n econ\u00f3mica, a trav\u00e9s de esa hoja de ruta de eventos masivos. Hoy tenemos uno de los eventos m\u00e1s importantes del sur del Pa\u00eds, en donde es clave incluir a los emprendedores, para ayudar a visibilizarlos y a qu\u00e9 comercialicen sus productos\u00bb<\/p>\n\n\n\n<p>Los neivanos se mostraron contentos y receptivos con este evento, donde disfrutaron del talento local, nacional e internacional, deleit\u00e1ndose con lo mejor de la m\u00fasica. Adem\u00e1s, los asistentes adquirieron y conocieron distintos productos de emprendimientos locales en la Feria Gastron\u00f3mica y de Artesan\u00edas.<\/p>\n","protected":false},"excerpt":{"rendered":"<p>En el Centro de Convenciones se dio apertura a la Agenda Navide\u00f1a con &#8216;Neiva Song&#8217;, un evento que incluy\u00f3 diferentes \u00e1reas, una formativa, d\u00f3nde estuvieron presentes los artistas locales y nacionales, en el que se dio un conversatorio de formaci\u00f3n donde se habl\u00f3 del negocio de la m\u00fasica, su distribuci\u00f3n, el mercado y todo lo [&hellip;]<\/p>\n","protected":false},"author":1,"featured_media":0,"comment_status":"open","ping_status":"open","sticky":false,"template":"","format":"standard","meta":{"footnotes":""},"categories":[36,53],"tags":[],"class_list":["post-41189","post","type-post","status-publish","format-standard","hentry","category-destacado","category-neiva"],"yoast_head":"<!-- This site is optimized with the Yoast SEO plugin v26.6 - https:\/\/yoast.com\/wordpress\/plugins\/seo\/ -->\n<title>Con &#039;Neiva Song&#039;, Alcald\u00eda abri\u00f3 la agenda navide\u00f1a -<\/title>\n<meta name=\"robots\" content=\"index, follow, max-snippet:-1, max-image-preview:large, max-video-preview:-1\" \/>\n<link rel=\"canonical\" href=\"https:\/\/luchonoticias.com\/editor\/con-neiva-song-alcaldia-abrio-la-agenda-navidena\/\" \/>\n<meta property=\"og:locale\" content=\"es_ES\" \/>\n<meta property=\"og:type\" content=\"article\" \/>\n<meta property=\"og:title\" content=\"Con &#039;Neiva Song&#039;, Alcald\u00eda abri\u00f3 la agenda navide\u00f1a -\" \/>\n<meta property=\"og:url\" content=\"https:\/\/luchonoticias.com\/editor\/con-neiva-song-alcaldia-abrio-la-agenda-navidena\/\" \/>\n<meta property=\"article:publisher\" content=\"https:\/\/www.facebook.com\/luchonoticiasneiva\" \/>\n<meta property=\"article:author\" content=\"https:\/\/www.facebook.com\/luchonoticiasneiva\" \/>\n<meta property=\"article:published_time\" content=\"2022-12-04T16:52:10+00:00\" \/>\n<meta property=\"article:modified_time\" content=\"2022-12-04T16:52:11+00:00\" \/>\n<meta property=\"og:image\" content=\"https:\/\/luchonoticias.com\/wp-content\/uploads\/2022\/12\/WhatsApp-Image-2022-12-04-at-11.05.23-AM-1-1024x682.jpeg\" \/>\n<meta name=\"author\" content=\"admin\" \/>\n<meta name=\"twitter:card\" content=\"summary_large_image\" \/>\n<meta name=\"twitter:label1\" content=\"Escrito por\" \/>\n\t<meta name=\"twitter:data1\" content=\"admin\" \/>\n\t<meta name=\"twitter:label2\" content=\"Tiempo de lectura\" \/>\n\t<meta name=\"twitter:data2\" content=\"3 minutos\" \/>\n<script type=\"application\/ld+json\" class=\"yoast-schema-graph\">{\"@context\":\"https:\/\/schema.org\",\"@graph\":[{\"@type\":\"Article\",\"@id\":\"https:\/\/luchonoticias.com\/editor\/con-neiva-song-alcaldia-abrio-la-agenda-navidena\/#article\",\"isPartOf\":{\"@id\":\"https:\/\/luchonoticias.com\/editor\/con-neiva-song-alcaldia-abrio-la-agenda-navidena\/\"},\"author\":{\"name\":\"admin\",\"@id\":\"https:\/\/luchonoticias.com\/editor\/#\/schema\/person\/7a7fd911f58561fd056dbac7b55af9cd\"},\"headline\":\"Con &#8216;Neiva Song&#8217;, Alcald\u00eda abri\u00f3 la agenda navide\u00f1a\",\"datePublished\":\"2022-12-04T16:52:10+00:00\",\"dateModified\":\"2022-12-04T16:52:11+00:00\",\"mainEntityOfPage\":{\"@id\":\"https:\/\/luchonoticias.com\/editor\/con-neiva-song-alcaldia-abrio-la-agenda-navidena\/\"},\"wordCount\":579,\"commentCount\":0,\"publisher\":{\"@id\":\"https:\/\/luchonoticias.com\/editor\/#\/schema\/person\/7a7fd911f58561fd056dbac7b55af9cd\"},\"image\":{\"@id\":\"https:\/\/luchonoticias.com\/editor\/con-neiva-song-alcaldia-abrio-la-agenda-navidena\/#primaryimage\"},\"thumbnailUrl\":\"https:\/\/luchonoticias.com\/wp-content\/uploads\/2022\/12\/WhatsApp-Image-2022-12-04-at-11.05.23-AM-1-1024x682.jpeg\",\"articleSection\":[\"Destacado\",\"Neiva\"],\"inLanguage\":\"es\",\"potentialAction\":[{\"@type\":\"CommentAction\",\"name\":\"Comment\",\"target\":[\"https:\/\/luchonoticias.com\/editor\/con-neiva-song-alcaldia-abrio-la-agenda-navidena\/#respond\"]}]},{\"@type\":\"WebPage\",\"@id\":\"https:\/\/luchonoticias.com\/editor\/con-neiva-song-alcaldia-abrio-la-agenda-navidena\/\",\"url\":\"https:\/\/luchonoticias.com\/editor\/con-neiva-song-alcaldia-abrio-la-agenda-navidena\/\",\"name\":\"Con 'Neiva Song', Alcald\u00eda abri\u00f3 la agenda navide\u00f1a -\",\"isPartOf\":{\"@id\":\"https:\/\/luchonoticias.com\/editor\/#website\"},\"primaryImageOfPage\":{\"@id\":\"https:\/\/luchonoticias.com\/editor\/con-neiva-song-alcaldia-abrio-la-agenda-navidena\/#primaryimage\"},\"image\":{\"@id\":\"https:\/\/luchonoticias.com\/editor\/con-neiva-song-alcaldia-abrio-la-agenda-navidena\/#primaryimage\"},\"thumbnailUrl\":\"https:\/\/luchonoticias.com\/wp-content\/uploads\/2022\/12\/WhatsApp-Image-2022-12-04-at-11.05.23-AM-1-1024x682.jpeg\",\"datePublished\":\"2022-12-04T16:52:10+00:00\",\"dateModified\":\"2022-12-04T16:52:11+00:00\",\"breadcrumb\":{\"@id\":\"https:\/\/luchonoticias.com\/editor\/con-neiva-song-alcaldia-abrio-la-agenda-navidena\/#breadcrumb\"},\"inLanguage\":\"es\",\"potentialAction\":[{\"@type\":\"ReadAction\",\"target\":[\"https:\/\/luchonoticias.com\/editor\/con-neiva-song-alcaldia-abrio-la-agenda-navidena\/\"]}]},{\"@type\":\"ImageObject\",\"inLanguage\":\"es\",\"@id\":\"https:\/\/luchonoticias.com\/editor\/con-neiva-song-alcaldia-abrio-la-agenda-navidena\/#primaryimage\",\"url\":\"https:\/\/luchonoticias.com\/wp-content\/uploads\/2022\/12\/WhatsApp-Image-2022-12-04-at-11.05.23-AM-1-1024x682.jpeg\",\"contentUrl\":\"https:\/\/luchonoticias.com\/wp-content\/uploads\/2022\/12\/WhatsApp-Image-2022-12-04-at-11.05.23-AM-1-1024x682.jpeg\"},{\"@type\":\"BreadcrumbList\",\"@id\":\"https:\/\/luchonoticias.com\/editor\/con-neiva-song-alcaldia-abrio-la-agenda-navidena\/#breadcrumb\",\"itemListElement\":[{\"@type\":\"ListItem\",\"position\":1,\"name\":\"Portada\",\"item\":\"https:\/\/luchonoticias.com\/editor\/\"},{\"@type\":\"ListItem\",\"position\":2,\"name\":\"Con &#8216;Neiva Song&#8217;, Alcald\u00eda abri\u00f3 la agenda navide\u00f1a\"}]},{\"@type\":\"WebSite\",\"@id\":\"https:\/\/luchonoticias.com\/editor\/#website\",\"url\":\"https:\/\/luchonoticias.com\/editor\/\",\"name\":\"\",\"description\":\"\",\"publisher\":{\"@id\":\"https:\/\/luchonoticias.com\/editor\/#\/schema\/person\/7a7fd911f58561fd056dbac7b55af9cd\"},\"potentialAction\":[{\"@type\":\"SearchAction\",\"target\":{\"@type\":\"EntryPoint\",\"urlTemplate\":\"https:\/\/luchonoticias.com\/editor\/?s={search_term_string}\"},\"query-input\":{\"@type\":\"PropertyValueSpecification\",\"valueRequired\":true,\"valueName\":\"search_term_string\"}}],\"inLanguage\":\"es\"},{\"@type\":[\"Person\",\"Organization\"],\"@id\":\"https:\/\/luchonoticias.com\/editor\/#\/schema\/person\/7a7fd911f58561fd056dbac7b55af9cd\",\"name\":\"admin\",\"image\":{\"@type\":\"ImageObject\",\"inLanguage\":\"es\",\"@id\":\"https:\/\/luchonoticias.com\/editor\/#\/schema\/person\/image\/\",\"url\":\"https:\/\/luchonoticias.com\/editor\/wp-content\/uploads\/2024\/02\/cropped-cropped-logolu.webp\",\"contentUrl\":\"https:\/\/luchonoticias.com\/editor\/wp-content\/uploads\/2024\/02\/cropped-cropped-logolu.webp\",\"width\":382,\"height\":170,\"caption\":\"admin\"},\"logo\":{\"@id\":\"https:\/\/luchonoticias.com\/editor\/#\/schema\/person\/image\/\"},\"sameAs\":[\"https:\/\/www.facebook.com\/luchonoticiasneiva\"],\"url\":\"https:\/\/luchonoticias.com\/editor\/author\/admin\/\"}]}<\/script>\n<!-- \/ Yoast SEO plugin. -->","yoast_head_json":{"title":"Con 'Neiva Song', Alcald\u00eda abri\u00f3 la agenda navide\u00f1a -","robots":{"index":"index","follow":"follow","max-snippet":"max-snippet:-1","max-image-preview":"max-image-preview:large","max-video-preview":"max-video-preview:-1"},"canonical":"https:\/\/luchonoticias.com\/editor\/con-neiva-song-alcaldia-abrio-la-agenda-navidena\/","og_locale":"es_ES","og_type":"article","og_title":"Con 'Neiva Song', Alcald\u00eda abri\u00f3 la agenda navide\u00f1a -","og_url":"https:\/\/luchonoticias.com\/editor\/con-neiva-song-alcaldia-abrio-la-agenda-navidena\/","article_publisher":"https:\/\/www.facebook.com\/luchonoticiasneiva","article_author":"https:\/\/www.facebook.com\/luchonoticiasneiva","article_published_time":"2022-12-04T16:52:10+00:00","article_modified_time":"2022-12-04T16:52:11+00:00","og_image":[{"url":"https:\/\/luchonoticias.com\/wp-content\/uploads\/2022\/12\/WhatsApp-Image-2022-12-04-at-11.05.23-AM-1-1024x682.jpeg","type":"","width":"","height":""}],"author":"admin","twitter_card":"summary_large_image","twitter_misc":{"Escrito por":"admin","Tiempo de lectura":"3 minutos"},"schema":{"@context":"https:\/\/schema.org","@graph":[{"@type":"Article","@id":"https:\/\/luchonoticias.com\/editor\/con-neiva-song-alcaldia-abrio-la-agenda-navidena\/#article","isPartOf":{"@id":"https:\/\/luchonoticias.com\/editor\/con-neiva-song-alcaldia-abrio-la-agenda-navidena\/"},"author":{"name":"admin","@id":"https:\/\/luchonoticias.com\/editor\/#\/schema\/person\/7a7fd911f58561fd056dbac7b55af9cd"},"headline":"Con &#8216;Neiva Song&#8217;, Alcald\u00eda abri\u00f3 la agenda navide\u00f1a","datePublished":"2022-12-04T16:52:10+00:00","dateModified":"2022-12-04T16:52:11+00:00","mainEntityOfPage":{"@id":"https:\/\/luchonoticias.com\/editor\/con-neiva-song-alcaldia-abrio-la-agenda-navidena\/"},"wordCount":579,"commentCount":0,"publisher":{"@id":"https:\/\/luchonoticias.com\/editor\/#\/schema\/person\/7a7fd911f58561fd056dbac7b55af9cd"},"image":{"@id":"https:\/\/luchonoticias.com\/editor\/con-neiva-song-alcaldia-abrio-la-agenda-navidena\/#primaryimage"},"thumbnailUrl":"https:\/\/luchonoticias.com\/wp-content\/uploads\/2022\/12\/WhatsApp-Image-2022-12-04-at-11.05.23-AM-1-1024x682.jpeg","articleSection":["Destacado","Neiva"],"inLanguage":"es","potentialAction":[{"@type":"CommentAction","name":"Comment","target":["https:\/\/luchonoticias.com\/editor\/con-neiva-song-alcaldia-abrio-la-agenda-navidena\/#respond"]}]},{"@type":"WebPage","@id":"https:\/\/luchonoticias.com\/editor\/con-neiva-song-alcaldia-abrio-la-agenda-navidena\/","url":"https:\/\/luchonoticias.com\/editor\/con-neiva-song-alcaldia-abrio-la-agenda-navidena\/","name":"Con 'Neiva Song', Alcald\u00eda abri\u00f3 la agenda navide\u00f1a -","isPartOf":{"@id":"https:\/\/luchonoticias.com\/editor\/#website"},"primaryImageOfPage":{"@id":"https:\/\/luchonoticias.com\/editor\/con-neiva-song-alcaldia-abrio-la-agenda-navidena\/#primaryimage"},"image":{"@id":"https:\/\/luchonoticias.com\/editor\/con-neiva-song-alcaldia-abrio-la-agenda-navidena\/#primaryimage"},"thumbnailUrl":"https:\/\/luchonoticias.com\/wp-content\/uploads\/2022\/12\/WhatsApp-Image-2022-12-04-at-11.05.23-AM-1-1024x682.jpeg","datePublished":"2022-12-04T16:52:10+00:00","dateModified":"2022-12-04T16:52:11+00:00","breadcrumb":{"@id":"https:\/\/luchonoticias.com\/editor\/con-neiva-song-alcaldia-abrio-la-agenda-navidena\/#breadcrumb"},"inLanguage":"es","potentialAction":[{"@type":"ReadAction","target":["https:\/\/luchonoticias.com\/editor\/con-neiva-song-alcaldia-abrio-la-agenda-navidena\/"]}]},{"@type":"ImageObject","inLanguage":"es","@id":"https:\/\/luchonoticias.com\/editor\/con-neiva-song-alcaldia-abrio-la-agenda-navidena\/#primaryimage","url":"https:\/\/luchonoticias.com\/wp-content\/uploads\/2022\/12\/WhatsApp-Image-2022-12-04-at-11.05.23-AM-1-1024x682.jpeg","contentUrl":"https:\/\/luchonoticias.com\/wp-content\/uploads\/2022\/12\/WhatsApp-Image-2022-12-04-at-11.05.23-AM-1-1024x682.jpeg"},{"@type":"BreadcrumbList","@id":"https:\/\/luchonoticias.com\/editor\/con-neiva-song-alcaldia-abrio-la-agenda-navidena\/#breadcrumb","itemListElement":[{"@type":"ListItem","position":1,"name":"Portada","item":"https:\/\/luchonoticias.com\/editor\/"},{"@type":"ListItem","position":2,"name":"Con &#8216;Neiva Song&#8217;, Alcald\u00eda abri\u00f3 la agenda navide\u00f1a"}]},{"@type":"WebSite","@id":"https:\/\/luchonoticias.com\/editor\/#website","url":"https:\/\/luchonoticias.com\/editor\/","name":"","description":"","publisher":{"@id":"https:\/\/luchonoticias.com\/editor\/#\/schema\/person\/7a7fd911f58561fd056dbac7b55af9cd"},"potentialAction":[{"@type":"SearchAction","target":{"@type":"EntryPoint","urlTemplate":"https:\/\/luchonoticias.com\/editor\/?s={search_term_string}"},"query-input":{"@type":"PropertyValueSpecification","valueRequired":true,"valueName":"search_term_string"}}],"inLanguage":"es"},{"@type":["Person","Organization"],"@id":"https:\/\/luchonoticias.com\/editor\/#\/schema\/person\/7a7fd911f58561fd056dbac7b55af9cd","name":"admin","image":{"@type":"ImageObject","inLanguage":"es","@id":"https:\/\/luchonoticias.com\/editor\/#\/schema\/person\/image\/","url":"https:\/\/luchonoticias.com\/editor\/wp-content\/uploads\/2024\/02\/cropped-cropped-logolu.webp","contentUrl":"https:\/\/luchonoticias.com\/editor\/wp-content\/uploads\/2024\/02\/cropped-cropped-logolu.webp","width":382,"height":170,"caption":"admin"},"logo":{"@id":"https:\/\/luchonoticias.com\/editor\/#\/schema\/person\/image\/"},"sameAs":["https:\/\/www.facebook.com\/luchonoticiasneiva"],"url":"https:\/\/luchonoticias.com\/editor\/author\/admin\/"}]}},"_links":{"self":[{"href":"https:\/\/luchonoticias.com\/editor\/wp-json\/wp\/v2\/posts\/41189","targetHints":{"allow":["GET"]}}],"collection":[{"href":"https:\/\/luchonoticias.com\/editor\/wp-json\/wp\/v2\/posts"}],"about":[{"href":"https:\/\/luchonoticias.com\/editor\/wp-json\/wp\/v2\/types\/post"}],"author":[{"embeddable":true,"href":"https:\/\/luchonoticias.com\/editor\/wp-json\/wp\/v2\/users\/1"}],"replies":[{"embeddable":true,"href":"https:\/\/luchonoticias.com\/editor\/wp-json\/wp\/v2\/comments?post=41189"}],"version-history":[{"count":0,"href":"https:\/\/luchonoticias.com\/editor\/wp-json\/wp\/v2\/posts\/41189\/revisions"}],"wp:attachment":[{"href":"https:\/\/luchonoticias.com\/editor\/wp-json\/wp\/v2\/media?parent=41189"}],"wp:term":[{"taxonomy":"category","embeddable":true,"href":"https:\/\/luchonoticias.com\/editor\/wp-json\/wp\/v2\/categories?post=41189"},{"taxonomy":"post_tag","embeddable":true,"href":"https:\/\/luchonoticias.com\/editor\/wp-json\/wp\/v2\/tags?post=41189"}],"curies":[{"name":"wp","href":"https:\/\/api.w.org\/{rel}","templated":true}]}}