{"id":41207,"date":"2022-12-04T18:37:31","date_gmt":"2022-12-04T23:37:31","guid":{"rendered":"https:\/\/luchonoticias.com\/?p=41207"},"modified":"2022-12-04T19:39:48","modified_gmt":"2022-12-05T00:39:48","slug":"a-deleitarse-con-el-festival-del-pan-y-la-comida-navidena","status":"publish","type":"post","link":"https:\/\/luchonoticias.com\/editor\/a-deleitarse-con-el-festival-del-pan-y-la-comida-navidena\/","title":{"rendered":"\u00a1A deleitarse con el Festival del pan y la comida navide\u00f1a!"},"content":{"rendered":"\n<p>La respuesta de los neivanos al Festival de la Empanada y a la Feria de Emprendedores de Barrio fue bastante buena, y los emprendedores de la ciudad se vieron altamente beneficiados con las ventas y reconocimiento; por este motivo, y para recibir diciembre de la mejor manera, el 6 y 7 de diciembre, el Parque Santander ser\u00e1 el epicentro del Festival del Pan y la Comida Navide\u00f1a.<\/p>\n\n\n\n<p>Miles de personas se acercaron al Parque Santander de la capital huilense para deleitarse de las empanadas de 78 emprendedores durante el desarrollo de la segunda versi\u00f3n de la Feria de la Empanada. El a\u00f1o pasado en su primera edici\u00f3n, la duraci\u00f3n fue de dos d\u00edas, para este a\u00f1o fueron tres, se llev\u00f3 a cabo el 15, 16 y 17 de septiembre y se vendieron m\u00e1s de 100 mil unidades de este alimento que es s\u00edmbolo de la gastronom\u00eda del pa\u00eds.<\/p>\n\n\n\n<figure class=\"wp-block-gallery has-nested-images columns-default is-cropped wp-block-gallery-1 is-layout-flex wp-block-gallery-is-layout-flex\">\n<figure class=\"wp-block-image size-large\"><img decoding=\"async\" data-id=\"41210\" src=\"https:\/\/luchonoticias.com\/wp-content\/uploads\/2022\/12\/WhatsApp-Image-2022-12-04-at-5.23.53-PM-2-768x1024.jpeg\" alt=\"\" class=\"wp-image-41210\"\/><\/figure>\n\n\n\n<figure class=\"wp-block-image size-large\"><img decoding=\"async\" data-id=\"41211\" src=\"https:\/\/luchonoticias.com\/wp-content\/uploads\/2022\/12\/WhatsApp-Image-2022-12-04-at-5.23.53-PM-1-768x1024.jpeg\" alt=\"\" class=\"wp-image-41211\"\/><\/figure>\n<\/figure>\n\n\n\n<p>En la Plaza C\u00edvica entre el 3 y el 5 de noviembre los huilenses tuvieron la oportunidad de realizar sus compras en la Feria de Emprendedores de Barrio y apoyar a los 240 peque\u00f1os empresarios de las diez comunas de Neiva y algunos corregimientos que ofrecieron toda clase de productos, y que tambi\u00e9n cont\u00f3 con actividades especiales como show de freestyle, desfile de modas, rob\u00f3tica; entre otros.<\/p>\n\n\n\n<p>Es de conocimiento que la situaci\u00f3n econ\u00f3mica, no solamente de la regi\u00f3n sino del pa\u00eds no es la mejor; sin embargo, este tipo de eventos ayudan ciertamente a la reactivaci\u00f3n y la dinamizaci\u00f3n de la econom\u00eda en la capital huilense, siendo este su m\u00e1ximo objetivo.<\/p>\n\n\n\n<p>No obstante, no es el \u00fanico fin. Tambi\u00e9n lo son el brindar apoyo y respaldo al emprendimiento local y generar espacios para participar en familia, compartir con los dem\u00e1s ciudadanos, adaptar estos lugares para que los neivanos se sientan seguros y visibilizar los negocios de los emprendedores son solo algunos de los beneficios y m\u00e1s en esta \u00e9poca tan especial como la decembrina.<\/p>\n\n\n\n<figure class=\"wp-block-gallery has-nested-images columns-default is-cropped wp-block-gallery-2 is-layout-flex wp-block-gallery-is-layout-flex\">\n<figure class=\"wp-block-image size-large\"><img decoding=\"async\" data-id=\"41212\" src=\"https:\/\/luchonoticias.com\/wp-content\/uploads\/2022\/12\/WhatsApp-Image-2022-12-04-at-5.23.53-PM-3-1024x768.jpeg\" alt=\"\" class=\"wp-image-41212\"\/><\/figure>\n<\/figure>\n\n\n\n<p>En el Festival del Pan y la Comida Navide\u00f1a ser\u00e1n m\u00e1s de 70 emprendimientos relacionados con pan y comida t\u00edpica de las festividades de fin de a\u00f1o. La participaci\u00f3n no tiene costo para los emprendedores, la entrada es gratuita para toda la ciudadan\u00eda y el 100% de las ventas son para los mismos emprendedores.<\/p>\n\n\n\n<p>\u201cAtendiendo la solicitud de muchos emprendedores y despu\u00e9s del \u00e9xito de la segunda versi\u00f3n del Festival de la Empanada y de la Feria de Emprendedores de Barrio, vamos a realizar el Festival del Pan y la Comida Navide\u00f1a. Son muchas las personas que se preparan para esta \u00e9poca especial y es una oportunidad para que puedan mostrar sus productos y negocios\u00bb ,Se\u00f1al\u00f3 el candidato a la alcald\u00eda de Neiva.<\/p>\n\n\n\n<p>\u00abSeguiremos trabajando con coherencia y con resultados buscando la forma de ayudarle a mas emprendedores y tambi\u00e9n de aportar a la reactivaci\u00f3n econ\u00f3mica. Qu\u00e9 mejor que prender las velitas el 7 de diciembre con la comida t\u00edpica navide\u00f1a adem\u00e1s de seguir incentivando la solidaridad valorando lo local. Son muchos los emprendimientos alrededor de las panader\u00edas que tambi\u00e9n necesitan ayuda\u00bb, agreg\u00f3.<\/p>\n\n\n\n<p>La gente necesita plata y necesita espacios distintos, seguir realizando cosas diferentes. Los emprendedores no quieren que les regalen nada, requieren apoyo y respaldo, esto es lo que estamos haciendo y es a lo que invitamos a todos\u201d, puntualiz\u00f3 el diputado Jorge Andr\u00e9s G\u00e9chem Artunduaga.<\/p>\n","protected":false},"excerpt":{"rendered":"<p>La respuesta de los neivanos al Festival de la Empanada y a la Feria de Emprendedores de Barrio fue bastante buena, y los emprendedores de la ciudad se vieron altamente beneficiados con las ventas y reconocimiento; por este motivo, y para recibir diciembre de la mejor manera, el 6 y 7 de diciembre, el Parque [&hellip;]<\/p>\n","protected":false},"author":1,"featured_media":0,"comment_status":"open","ping_status":"open","sticky":false,"template":"","format":"standard","meta":{"footnotes":""},"categories":[3961,36],"tags":[],"class_list":["post-41207","post","type-post","status-publish","format-standard","hentry","category-comunidad","category-destacado"],"yoast_head":"<!-- This site is optimized with the Yoast SEO plugin v26.6 - https:\/\/yoast.com\/wordpress\/plugins\/seo\/ -->\n<title>\u00a1A deleitarse con el Festival del pan y la comida navide\u00f1a! -<\/title>\n<meta name=\"robots\" content=\"index, follow, max-snippet:-1, max-image-preview:large, max-video-preview:-1\" \/>\n<link rel=\"canonical\" href=\"https:\/\/luchonoticias.com\/editor\/a-deleitarse-con-el-festival-del-pan-y-la-comida-navidena\/\" \/>\n<meta property=\"og:locale\" content=\"es_ES\" \/>\n<meta property=\"og:type\" content=\"article\" \/>\n<meta property=\"og:title\" content=\"\u00a1A deleitarse con el Festival del pan y la comida navide\u00f1a! -\" \/>\n<meta property=\"og:url\" content=\"https:\/\/luchonoticias.com\/editor\/a-deleitarse-con-el-festival-del-pan-y-la-comida-navidena\/\" \/>\n<meta property=\"article:publisher\" content=\"https:\/\/www.facebook.com\/luchonoticiasneiva\" \/>\n<meta property=\"article:author\" content=\"https:\/\/www.facebook.com\/luchonoticiasneiva\" \/>\n<meta property=\"article:published_time\" content=\"2022-12-04T23:37:31+00:00\" \/>\n<meta property=\"article:modified_time\" content=\"2022-12-05T00:39:48+00:00\" \/>\n<meta property=\"og:image\" content=\"https:\/\/luchonoticias.com\/wp-content\/uploads\/2022\/12\/WhatsApp-Image-2022-12-04-at-5.23.53-PM-2-768x1024.jpeg\" \/>\n<meta name=\"author\" content=\"admin\" \/>\n<meta name=\"twitter:card\" content=\"summary_large_image\" \/>\n<meta name=\"twitter:label1\" content=\"Escrito por\" \/>\n\t<meta name=\"twitter:data1\" content=\"admin\" \/>\n\t<meta name=\"twitter:label2\" content=\"Tiempo de lectura\" \/>\n\t<meta name=\"twitter:data2\" content=\"3 minutos\" \/>\n<script type=\"application\/ld+json\" class=\"yoast-schema-graph\">{\"@context\":\"https:\/\/schema.org\",\"@graph\":[{\"@type\":\"Article\",\"@id\":\"https:\/\/luchonoticias.com\/editor\/a-deleitarse-con-el-festival-del-pan-y-la-comida-navidena\/#article\",\"isPartOf\":{\"@id\":\"https:\/\/luchonoticias.com\/editor\/a-deleitarse-con-el-festival-del-pan-y-la-comida-navidena\/\"},\"author\":{\"name\":\"admin\",\"@id\":\"https:\/\/luchonoticias.com\/editor\/#\/schema\/person\/7a7fd911f58561fd056dbac7b55af9cd\"},\"headline\":\"\u00a1A deleitarse con el Festival del pan y la comida navide\u00f1a!\",\"datePublished\":\"2022-12-04T23:37:31+00:00\",\"dateModified\":\"2022-12-05T00:39:48+00:00\",\"mainEntityOfPage\":{\"@id\":\"https:\/\/luchonoticias.com\/editor\/a-deleitarse-con-el-festival-del-pan-y-la-comida-navidena\/\"},\"wordCount\":598,\"commentCount\":0,\"publisher\":{\"@id\":\"https:\/\/luchonoticias.com\/editor\/#\/schema\/person\/7a7fd911f58561fd056dbac7b55af9cd\"},\"image\":{\"@id\":\"https:\/\/luchonoticias.com\/editor\/a-deleitarse-con-el-festival-del-pan-y-la-comida-navidena\/#primaryimage\"},\"thumbnailUrl\":\"https:\/\/luchonoticias.com\/wp-content\/uploads\/2022\/12\/WhatsApp-Image-2022-12-04-at-5.23.53-PM-2-768x1024.jpeg\",\"articleSection\":[\"Comunidad\",\"Destacado\"],\"inLanguage\":\"es\",\"potentialAction\":[{\"@type\":\"CommentAction\",\"name\":\"Comment\",\"target\":[\"https:\/\/luchonoticias.com\/editor\/a-deleitarse-con-el-festival-del-pan-y-la-comida-navidena\/#respond\"]}]},{\"@type\":\"WebPage\",\"@id\":\"https:\/\/luchonoticias.com\/editor\/a-deleitarse-con-el-festival-del-pan-y-la-comida-navidena\/\",\"url\":\"https:\/\/luchonoticias.com\/editor\/a-deleitarse-con-el-festival-del-pan-y-la-comida-navidena\/\",\"name\":\"\u00a1A deleitarse con el Festival del pan y la comida navide\u00f1a! -\",\"isPartOf\":{\"@id\":\"https:\/\/luchonoticias.com\/editor\/#website\"},\"primaryImageOfPage\":{\"@id\":\"https:\/\/luchonoticias.com\/editor\/a-deleitarse-con-el-festival-del-pan-y-la-comida-navidena\/#primaryimage\"},\"image\":{\"@id\":\"https:\/\/luchonoticias.com\/editor\/a-deleitarse-con-el-festival-del-pan-y-la-comida-navidena\/#primaryimage\"},\"thumbnailUrl\":\"https:\/\/luchonoticias.com\/wp-content\/uploads\/2022\/12\/WhatsApp-Image-2022-12-04-at-5.23.53-PM-2-768x1024.jpeg\",\"datePublished\":\"2022-12-04T23:37:31+00:00\",\"dateModified\":\"2022-12-05T00:39:48+00:00\",\"breadcrumb\":{\"@id\":\"https:\/\/luchonoticias.com\/editor\/a-deleitarse-con-el-festival-del-pan-y-la-comida-navidena\/#breadcrumb\"},\"inLanguage\":\"es\",\"potentialAction\":[{\"@type\":\"ReadAction\",\"target\":[\"https:\/\/luchonoticias.com\/editor\/a-deleitarse-con-el-festival-del-pan-y-la-comida-navidena\/\"]}]},{\"@type\":\"ImageObject\",\"inLanguage\":\"es\",\"@id\":\"https:\/\/luchonoticias.com\/editor\/a-deleitarse-con-el-festival-del-pan-y-la-comida-navidena\/#primaryimage\",\"url\":\"https:\/\/luchonoticias.com\/wp-content\/uploads\/2022\/12\/WhatsApp-Image-2022-12-04-at-5.23.53-PM-2-768x1024.jpeg\",\"contentUrl\":\"https:\/\/luchonoticias.com\/wp-content\/uploads\/2022\/12\/WhatsApp-Image-2022-12-04-at-5.23.53-PM-2-768x1024.jpeg\"},{\"@type\":\"BreadcrumbList\",\"@id\":\"https:\/\/luchonoticias.com\/editor\/a-deleitarse-con-el-festival-del-pan-y-la-comida-navidena\/#breadcrumb\",\"itemListElement\":[{\"@type\":\"ListItem\",\"position\":1,\"name\":\"Portada\",\"item\":\"https:\/\/luchonoticias.com\/editor\/\"},{\"@type\":\"ListItem\",\"position\":2,\"name\":\"\u00a1A deleitarse con el Festival del pan y la comida navide\u00f1a!\"}]},{\"@type\":\"WebSite\",\"@id\":\"https:\/\/luchonoticias.com\/editor\/#website\",\"url\":\"https:\/\/luchonoticias.com\/editor\/\",\"name\":\"\",\"description\":\"\",\"publisher\":{\"@id\":\"https:\/\/luchonoticias.com\/editor\/#\/schema\/person\/7a7fd911f58561fd056dbac7b55af9cd\"},\"potentialAction\":[{\"@type\":\"SearchAction\",\"target\":{\"@type\":\"EntryPoint\",\"urlTemplate\":\"https:\/\/luchonoticias.com\/editor\/?s={search_term_string}\"},\"query-input\":{\"@type\":\"PropertyValueSpecification\",\"valueRequired\":true,\"valueName\":\"search_term_string\"}}],\"inLanguage\":\"es\"},{\"@type\":[\"Person\",\"Organization\"],\"@id\":\"https:\/\/luchonoticias.com\/editor\/#\/schema\/person\/7a7fd911f58561fd056dbac7b55af9cd\",\"name\":\"admin\",\"image\":{\"@type\":\"ImageObject\",\"inLanguage\":\"es\",\"@id\":\"https:\/\/luchonoticias.com\/editor\/#\/schema\/person\/image\/\",\"url\":\"https:\/\/luchonoticias.com\/editor\/wp-content\/uploads\/2024\/02\/cropped-cropped-logolu.webp\",\"contentUrl\":\"https:\/\/luchonoticias.com\/editor\/wp-content\/uploads\/2024\/02\/cropped-cropped-logolu.webp\",\"width\":382,\"height\":170,\"caption\":\"admin\"},\"logo\":{\"@id\":\"https:\/\/luchonoticias.com\/editor\/#\/schema\/person\/image\/\"},\"sameAs\":[\"https:\/\/www.facebook.com\/luchonoticiasneiva\"],\"url\":\"https:\/\/luchonoticias.com\/editor\/author\/admin\/\"}]}<\/script>\n<!-- \/ Yoast SEO plugin. -->","yoast_head_json":{"title":"\u00a1A deleitarse con el Festival del pan y la comida navide\u00f1a! -","robots":{"index":"index","follow":"follow","max-snippet":"max-snippet:-1","max-image-preview":"max-image-preview:large","max-video-preview":"max-video-preview:-1"},"canonical":"https:\/\/luchonoticias.com\/editor\/a-deleitarse-con-el-festival-del-pan-y-la-comida-navidena\/","og_locale":"es_ES","og_type":"article","og_title":"\u00a1A deleitarse con el Festival del pan y la comida navide\u00f1a! -","og_url":"https:\/\/luchonoticias.com\/editor\/a-deleitarse-con-el-festival-del-pan-y-la-comida-navidena\/","article_publisher":"https:\/\/www.facebook.com\/luchonoticiasneiva","article_author":"https:\/\/www.facebook.com\/luchonoticiasneiva","article_published_time":"2022-12-04T23:37:31+00:00","article_modified_time":"2022-12-05T00:39:48+00:00","og_image":[{"url":"https:\/\/luchonoticias.com\/wp-content\/uploads\/2022\/12\/WhatsApp-Image-2022-12-04-at-5.23.53-PM-2-768x1024.jpeg","type":"","width":"","height":""}],"author":"admin","twitter_card":"summary_large_image","twitter_misc":{"Escrito por":"admin","Tiempo de lectura":"3 minutos"},"schema":{"@context":"https:\/\/schema.org","@graph":[{"@type":"Article","@id":"https:\/\/luchonoticias.com\/editor\/a-deleitarse-con-el-festival-del-pan-y-la-comida-navidena\/#article","isPartOf":{"@id":"https:\/\/luchonoticias.com\/editor\/a-deleitarse-con-el-festival-del-pan-y-la-comida-navidena\/"},"author":{"name":"admin","@id":"https:\/\/luchonoticias.com\/editor\/#\/schema\/person\/7a7fd911f58561fd056dbac7b55af9cd"},"headline":"\u00a1A deleitarse con el Festival del pan y la comida navide\u00f1a!","datePublished":"2022-12-04T23:37:31+00:00","dateModified":"2022-12-05T00:39:48+00:00","mainEntityOfPage":{"@id":"https:\/\/luchonoticias.com\/editor\/a-deleitarse-con-el-festival-del-pan-y-la-comida-navidena\/"},"wordCount":598,"commentCount":0,"publisher":{"@id":"https:\/\/luchonoticias.com\/editor\/#\/schema\/person\/7a7fd911f58561fd056dbac7b55af9cd"},"image":{"@id":"https:\/\/luchonoticias.com\/editor\/a-deleitarse-con-el-festival-del-pan-y-la-comida-navidena\/#primaryimage"},"thumbnailUrl":"https:\/\/luchonoticias.com\/wp-content\/uploads\/2022\/12\/WhatsApp-Image-2022-12-04-at-5.23.53-PM-2-768x1024.jpeg","articleSection":["Comunidad","Destacado"],"inLanguage":"es","potentialAction":[{"@type":"CommentAction","name":"Comment","target":["https:\/\/luchonoticias.com\/editor\/a-deleitarse-con-el-festival-del-pan-y-la-comida-navidena\/#respond"]}]},{"@type":"WebPage","@id":"https:\/\/luchonoticias.com\/editor\/a-deleitarse-con-el-festival-del-pan-y-la-comida-navidena\/","url":"https:\/\/luchonoticias.com\/editor\/a-deleitarse-con-el-festival-del-pan-y-la-comida-navidena\/","name":"\u00a1A deleitarse con el Festival del pan y la comida navide\u00f1a! -","isPartOf":{"@id":"https:\/\/luchonoticias.com\/editor\/#website"},"primaryImageOfPage":{"@id":"https:\/\/luchonoticias.com\/editor\/a-deleitarse-con-el-festival-del-pan-y-la-comida-navidena\/#primaryimage"},"image":{"@id":"https:\/\/luchonoticias.com\/editor\/a-deleitarse-con-el-festival-del-pan-y-la-comida-navidena\/#primaryimage"},"thumbnailUrl":"https:\/\/luchonoticias.com\/wp-content\/uploads\/2022\/12\/WhatsApp-Image-2022-12-04-at-5.23.53-PM-2-768x1024.jpeg","datePublished":"2022-12-04T23:37:31+00:00","dateModified":"2022-12-05T00:39:48+00:00","breadcrumb":{"@id":"https:\/\/luchonoticias.com\/editor\/a-deleitarse-con-el-festival-del-pan-y-la-comida-navidena\/#breadcrumb"},"inLanguage":"es","potentialAction":[{"@type":"ReadAction","target":["https:\/\/luchonoticias.com\/editor\/a-deleitarse-con-el-festival-del-pan-y-la-comida-navidena\/"]}]},{"@type":"ImageObject","inLanguage":"es","@id":"https:\/\/luchonoticias.com\/editor\/a-deleitarse-con-el-festival-del-pan-y-la-comida-navidena\/#primaryimage","url":"https:\/\/luchonoticias.com\/wp-content\/uploads\/2022\/12\/WhatsApp-Image-2022-12-04-at-5.23.53-PM-2-768x1024.jpeg","contentUrl":"https:\/\/luchonoticias.com\/wp-content\/uploads\/2022\/12\/WhatsApp-Image-2022-12-04-at-5.23.53-PM-2-768x1024.jpeg"},{"@type":"BreadcrumbList","@id":"https:\/\/luchonoticias.com\/editor\/a-deleitarse-con-el-festival-del-pan-y-la-comida-navidena\/#breadcrumb","itemListElement":[{"@type":"ListItem","position":1,"name":"Portada","item":"https:\/\/luchonoticias.com\/editor\/"},{"@type":"ListItem","position":2,"name":"\u00a1A deleitarse con el Festival del pan y la comida navide\u00f1a!"}]},{"@type":"WebSite","@id":"https:\/\/luchonoticias.com\/editor\/#website","url":"https:\/\/luchonoticias.com\/editor\/","name":"","description":"","publisher":{"@id":"https:\/\/luchonoticias.com\/editor\/#\/schema\/person\/7a7fd911f58561fd056dbac7b55af9cd"},"potentialAction":[{"@type":"SearchAction","target":{"@type":"EntryPoint","urlTemplate":"https:\/\/luchonoticias.com\/editor\/?s={search_term_string}"},"query-input":{"@type":"PropertyValueSpecification","valueRequired":true,"valueName":"search_term_string"}}],"inLanguage":"es"},{"@type":["Person","Organization"],"@id":"https:\/\/luchonoticias.com\/editor\/#\/schema\/person\/7a7fd911f58561fd056dbac7b55af9cd","name":"admin","image":{"@type":"ImageObject","inLanguage":"es","@id":"https:\/\/luchonoticias.com\/editor\/#\/schema\/person\/image\/","url":"https:\/\/luchonoticias.com\/editor\/wp-content\/uploads\/2024\/02\/cropped-cropped-logolu.webp","contentUrl":"https:\/\/luchonoticias.com\/editor\/wp-content\/uploads\/2024\/02\/cropped-cropped-logolu.webp","width":382,"height":170,"caption":"admin"},"logo":{"@id":"https:\/\/luchonoticias.com\/editor\/#\/schema\/person\/image\/"},"sameAs":["https:\/\/www.facebook.com\/luchonoticiasneiva"],"url":"https:\/\/luchonoticias.com\/editor\/author\/admin\/"}]}},"_links":{"self":[{"href":"https:\/\/luchonoticias.com\/editor\/wp-json\/wp\/v2\/posts\/41207","targetHints":{"allow":["GET"]}}],"collection":[{"href":"https:\/\/luchonoticias.com\/editor\/wp-json\/wp\/v2\/posts"}],"about":[{"href":"https:\/\/luchonoticias.com\/editor\/wp-json\/wp\/v2\/types\/post"}],"author":[{"embeddable":true,"href":"https:\/\/luchonoticias.com\/editor\/wp-json\/wp\/v2\/users\/1"}],"replies":[{"embeddable":true,"href":"https:\/\/luchonoticias.com\/editor\/wp-json\/wp\/v2\/comments?post=41207"}],"version-history":[{"count":0,"href":"https:\/\/luchonoticias.com\/editor\/wp-json\/wp\/v2\/posts\/41207\/revisions"}],"wp:attachment":[{"href":"https:\/\/luchonoticias.com\/editor\/wp-json\/wp\/v2\/media?parent=41207"}],"wp:term":[{"taxonomy":"category","embeddable":true,"href":"https:\/\/luchonoticias.com\/editor\/wp-json\/wp\/v2\/categories?post=41207"},{"taxonomy":"post_tag","embeddable":true,"href":"https:\/\/luchonoticias.com\/editor\/wp-json\/wp\/v2\/tags?post=41207"}],"curies":[{"name":"wp","href":"https:\/\/api.w.org\/{rel}","templated":true}]}}