{"id":41220,"date":"2022-12-04T18:49:02","date_gmt":"2022-12-04T23:49:02","guid":{"rendered":"https:\/\/luchonoticias.com\/?p=41220"},"modified":"2022-12-04T18:49:03","modified_gmt":"2022-12-04T23:49:03","slug":"petro-anuncio-que-detenidos-del-paro-nacional-seran-liberados-antes-de-navidad","status":"publish","type":"post","link":"https:\/\/luchonoticias.com\/editor\/petro-anuncio-que-detenidos-del-paro-nacional-seran-liberados-antes-de-navidad\/","title":{"rendered":"Petro anunci\u00f3 que detenidos del Paro Nacional ser\u00e1n liberados antes de Navidad"},"content":{"rendered":"\n<p>La declaraci\u00f3n fue hecha durante el di\u00e1logo con los presidentes de las Juntas de Acci\u00f3n Comunal en Pasto. El presidente tambi\u00e9n afirm\u00f3 que el derecho a la movilizaci\u00f3n y a la protesta es un derecho democr\u00e1tico que y los gobiernos que ordenan a la polic\u00eda matar, torturar y encarcelar j\u00f3venes \u201cno son gobiernos democr\u00e1ticos\u201d.<\/p>\n\n\n\n<p>\u201cEl derecho a la protesta, es un derecho democr\u00e1tico, el derecho a expresarse, a movilizarse, es un derecho democr\u00e1tico. Los gobiernos que ordenan a su polic\u00eda matar, encarcelar, torturar y encarcelar j\u00f3venes no son gobiernos democr\u00e1ticos. Y este es el gobierno del cambio. Este lugar donde el miedo cundi\u00f3 y se llen\u00f3 el espacio del temor debe ser resignificados. Ac\u00e1 anunci\u00f3 que centenares j\u00f3venes detenidos por participar en protestas ser\u00e1n declarados gestores de paz antes de noche buena en Colombia\u201d, expres\u00f3 el Mandatario de los colombianos<\/p>\n\n\n\n<p>Este anuncio se corresponde con las acciones y promesas de campa\u00f1a propuestas desde el Pacto Hist\u00f3rico desde antes de las elecciones presidenciales, sector pol\u00edtico que considera a estos capturados como prisioneros pol\u00edticos.<\/p>\n","protected":false},"excerpt":{"rendered":"<p>La declaraci\u00f3n fue hecha durante el di\u00e1logo con los presidentes de las Juntas de Acci\u00f3n Comunal en Pasto. El presidente tambi\u00e9n afirm\u00f3 que el derecho a la movilizaci\u00f3n y a la protesta es un derecho democr\u00e1tico que y los gobiernos que ordenan a la polic\u00eda matar, torturar y encarcelar j\u00f3venes \u201cno son gobiernos democr\u00e1ticos\u201d. \u201cEl [&hellip;]<\/p>\n","protected":false},"author":1,"featured_media":0,"comment_status":"open","ping_status":"open","sticky":false,"template":"","format":"standard","meta":{"footnotes":""},"categories":[36,32],"tags":[],"class_list":["post-41220","post","type-post","status-publish","format-standard","hentry","category-destacado","category-nacional"],"yoast_head":"<!-- This site is optimized with the Yoast SEO plugin v26.6 - https:\/\/yoast.com\/wordpress\/plugins\/seo\/ -->\n<title>Petro anunci\u00f3 que detenidos del Paro Nacional ser\u00e1n liberados antes de Navidad -<\/title>\n<meta name=\"robots\" content=\"index, follow, max-snippet:-1, max-image-preview:large, max-video-preview:-1\" \/>\n<link rel=\"canonical\" href=\"https:\/\/luchonoticias.com\/editor\/petro-anuncio-que-detenidos-del-paro-nacional-seran-liberados-antes-de-navidad\/\" \/>\n<meta property=\"og:locale\" content=\"es_ES\" \/>\n<meta property=\"og:type\" content=\"article\" \/>\n<meta property=\"og:title\" content=\"Petro anunci\u00f3 que detenidos del Paro Nacional ser\u00e1n liberados antes de Navidad -\" \/>\n<meta property=\"og:url\" content=\"https:\/\/luchonoticias.com\/editor\/petro-anuncio-que-detenidos-del-paro-nacional-seran-liberados-antes-de-navidad\/\" \/>\n<meta property=\"article:publisher\" content=\"https:\/\/www.facebook.com\/luchonoticiasneiva\" \/>\n<meta property=\"article:author\" content=\"https:\/\/www.facebook.com\/luchonoticiasneiva\" \/>\n<meta property=\"article:published_time\" content=\"2022-12-04T23:49:02+00:00\" \/>\n<meta property=\"article:modified_time\" content=\"2022-12-04T23:49:03+00:00\" \/>\n<meta name=\"author\" content=\"admin\" \/>\n<meta name=\"twitter:card\" content=\"summary_large_image\" \/>\n<meta name=\"twitter:label1\" content=\"Escrito por\" \/>\n\t<meta name=\"twitter:data1\" content=\"admin\" \/>\n\t<meta name=\"twitter:label2\" content=\"Tiempo de lectura\" \/>\n\t<meta name=\"twitter:data2\" content=\"1 minuto\" \/>\n<script type=\"application\/ld+json\" class=\"yoast-schema-graph\">{\"@context\":\"https:\/\/schema.org\",\"@graph\":[{\"@type\":\"Article\",\"@id\":\"https:\/\/luchonoticias.com\/editor\/petro-anuncio-que-detenidos-del-paro-nacional-seran-liberados-antes-de-navidad\/#article\",\"isPartOf\":{\"@id\":\"https:\/\/luchonoticias.com\/editor\/petro-anuncio-que-detenidos-del-paro-nacional-seran-liberados-antes-de-navidad\/\"},\"author\":{\"name\":\"admin\",\"@id\":\"https:\/\/luchonoticias.com\/editor\/#\/schema\/person\/7a7fd911f58561fd056dbac7b55af9cd\"},\"headline\":\"Petro anunci\u00f3 que detenidos del Paro Nacional ser\u00e1n liberados antes de Navidad\",\"datePublished\":\"2022-12-04T23:49:02+00:00\",\"dateModified\":\"2022-12-04T23:49:03+00:00\",\"mainEntityOfPage\":{\"@id\":\"https:\/\/luchonoticias.com\/editor\/petro-anuncio-que-detenidos-del-paro-nacional-seran-liberados-antes-de-navidad\/\"},\"wordCount\":205,\"commentCount\":0,\"publisher\":{\"@id\":\"https:\/\/luchonoticias.com\/editor\/#\/schema\/person\/7a7fd911f58561fd056dbac7b55af9cd\"},\"articleSection\":[\"Destacado\",\"Nacional\"],\"inLanguage\":\"es\",\"potentialAction\":[{\"@type\":\"CommentAction\",\"name\":\"Comment\",\"target\":[\"https:\/\/luchonoticias.com\/editor\/petro-anuncio-que-detenidos-del-paro-nacional-seran-liberados-antes-de-navidad\/#respond\"]}]},{\"@type\":\"WebPage\",\"@id\":\"https:\/\/luchonoticias.com\/editor\/petro-anuncio-que-detenidos-del-paro-nacional-seran-liberados-antes-de-navidad\/\",\"url\":\"https:\/\/luchonoticias.com\/editor\/petro-anuncio-que-detenidos-del-paro-nacional-seran-liberados-antes-de-navidad\/\",\"name\":\"Petro anunci\u00f3 que detenidos del Paro Nacional ser\u00e1n liberados antes de Navidad -\",\"isPartOf\":{\"@id\":\"https:\/\/luchonoticias.com\/editor\/#website\"},\"datePublished\":\"2022-12-04T23:49:02+00:00\",\"dateModified\":\"2022-12-04T23:49:03+00:00\",\"breadcrumb\":{\"@id\":\"https:\/\/luchonoticias.com\/editor\/petro-anuncio-que-detenidos-del-paro-nacional-seran-liberados-antes-de-navidad\/#breadcrumb\"},\"inLanguage\":\"es\",\"potentialAction\":[{\"@type\":\"ReadAction\",\"target\":[\"https:\/\/luchonoticias.com\/editor\/petro-anuncio-que-detenidos-del-paro-nacional-seran-liberados-antes-de-navidad\/\"]}]},{\"@type\":\"BreadcrumbList\",\"@id\":\"https:\/\/luchonoticias.com\/editor\/petro-anuncio-que-detenidos-del-paro-nacional-seran-liberados-antes-de-navidad\/#breadcrumb\",\"itemListElement\":[{\"@type\":\"ListItem\",\"position\":1,\"name\":\"Portada\",\"item\":\"https:\/\/luchonoticias.com\/editor\/\"},{\"@type\":\"ListItem\",\"position\":2,\"name\":\"Petro anunci\u00f3 que detenidos del Paro Nacional ser\u00e1n liberados antes de Navidad\"}]},{\"@type\":\"WebSite\",\"@id\":\"https:\/\/luchonoticias.com\/editor\/#website\",\"url\":\"https:\/\/luchonoticias.com\/editor\/\",\"name\":\"\",\"description\":\"\",\"publisher\":{\"@id\":\"https:\/\/luchonoticias.com\/editor\/#\/schema\/person\/7a7fd911f58561fd056dbac7b55af9cd\"},\"potentialAction\":[{\"@type\":\"SearchAction\",\"target\":{\"@type\":\"EntryPoint\",\"urlTemplate\":\"https:\/\/luchonoticias.com\/editor\/?s={search_term_string}\"},\"query-input\":{\"@type\":\"PropertyValueSpecification\",\"valueRequired\":true,\"valueName\":\"search_term_string\"}}],\"inLanguage\":\"es\"},{\"@type\":[\"Person\",\"Organization\"],\"@id\":\"https:\/\/luchonoticias.com\/editor\/#\/schema\/person\/7a7fd911f58561fd056dbac7b55af9cd\",\"name\":\"admin\",\"image\":{\"@type\":\"ImageObject\",\"inLanguage\":\"es\",\"@id\":\"https:\/\/luchonoticias.com\/editor\/#\/schema\/person\/image\/\",\"url\":\"https:\/\/luchonoticias.com\/editor\/wp-content\/uploads\/2024\/02\/cropped-cropped-logolu.webp\",\"contentUrl\":\"https:\/\/luchonoticias.com\/editor\/wp-content\/uploads\/2024\/02\/cropped-cropped-logolu.webp\",\"width\":382,\"height\":170,\"caption\":\"admin\"},\"logo\":{\"@id\":\"https:\/\/luchonoticias.com\/editor\/#\/schema\/person\/image\/\"},\"sameAs\":[\"https:\/\/www.facebook.com\/luchonoticiasneiva\"],\"url\":\"https:\/\/luchonoticias.com\/editor\/author\/admin\/\"}]}<\/script>\n<!-- \/ Yoast SEO plugin. -->","yoast_head_json":{"title":"Petro anunci\u00f3 que detenidos del Paro Nacional ser\u00e1n liberados antes de Navidad -","robots":{"index":"index","follow":"follow","max-snippet":"max-snippet:-1","max-image-preview":"max-image-preview:large","max-video-preview":"max-video-preview:-1"},"canonical":"https:\/\/luchonoticias.com\/editor\/petro-anuncio-que-detenidos-del-paro-nacional-seran-liberados-antes-de-navidad\/","og_locale":"es_ES","og_type":"article","og_title":"Petro anunci\u00f3 que detenidos del Paro Nacional ser\u00e1n liberados antes de Navidad -","og_url":"https:\/\/luchonoticias.com\/editor\/petro-anuncio-que-detenidos-del-paro-nacional-seran-liberados-antes-de-navidad\/","article_publisher":"https:\/\/www.facebook.com\/luchonoticiasneiva","article_author":"https:\/\/www.facebook.com\/luchonoticiasneiva","article_published_time":"2022-12-04T23:49:02+00:00","article_modified_time":"2022-12-04T23:49:03+00:00","author":"admin","twitter_card":"summary_large_image","twitter_misc":{"Escrito por":"admin","Tiempo de lectura":"1 minuto"},"schema":{"@context":"https:\/\/schema.org","@graph":[{"@type":"Article","@id":"https:\/\/luchonoticias.com\/editor\/petro-anuncio-que-detenidos-del-paro-nacional-seran-liberados-antes-de-navidad\/#article","isPartOf":{"@id":"https:\/\/luchonoticias.com\/editor\/petro-anuncio-que-detenidos-del-paro-nacional-seran-liberados-antes-de-navidad\/"},"author":{"name":"admin","@id":"https:\/\/luchonoticias.com\/editor\/#\/schema\/person\/7a7fd911f58561fd056dbac7b55af9cd"},"headline":"Petro anunci\u00f3 que detenidos del Paro Nacional ser\u00e1n liberados antes de Navidad","datePublished":"2022-12-04T23:49:02+00:00","dateModified":"2022-12-04T23:49:03+00:00","mainEntityOfPage":{"@id":"https:\/\/luchonoticias.com\/editor\/petro-anuncio-que-detenidos-del-paro-nacional-seran-liberados-antes-de-navidad\/"},"wordCount":205,"commentCount":0,"publisher":{"@id":"https:\/\/luchonoticias.com\/editor\/#\/schema\/person\/7a7fd911f58561fd056dbac7b55af9cd"},"articleSection":["Destacado","Nacional"],"inLanguage":"es","potentialAction":[{"@type":"CommentAction","name":"Comment","target":["https:\/\/luchonoticias.com\/editor\/petro-anuncio-que-detenidos-del-paro-nacional-seran-liberados-antes-de-navidad\/#respond"]}]},{"@type":"WebPage","@id":"https:\/\/luchonoticias.com\/editor\/petro-anuncio-que-detenidos-del-paro-nacional-seran-liberados-antes-de-navidad\/","url":"https:\/\/luchonoticias.com\/editor\/petro-anuncio-que-detenidos-del-paro-nacional-seran-liberados-antes-de-navidad\/","name":"Petro anunci\u00f3 que detenidos del Paro Nacional ser\u00e1n liberados antes de Navidad -","isPartOf":{"@id":"https:\/\/luchonoticias.com\/editor\/#website"},"datePublished":"2022-12-04T23:49:02+00:00","dateModified":"2022-12-04T23:49:03+00:00","breadcrumb":{"@id":"https:\/\/luchonoticias.com\/editor\/petro-anuncio-que-detenidos-del-paro-nacional-seran-liberados-antes-de-navidad\/#breadcrumb"},"inLanguage":"es","potentialAction":[{"@type":"ReadAction","target":["https:\/\/luchonoticias.com\/editor\/petro-anuncio-que-detenidos-del-paro-nacional-seran-liberados-antes-de-navidad\/"]}]},{"@type":"BreadcrumbList","@id":"https:\/\/luchonoticias.com\/editor\/petro-anuncio-que-detenidos-del-paro-nacional-seran-liberados-antes-de-navidad\/#breadcrumb","itemListElement":[{"@type":"ListItem","position":1,"name":"Portada","item":"https:\/\/luchonoticias.com\/editor\/"},{"@type":"ListItem","position":2,"name":"Petro anunci\u00f3 que detenidos del Paro Nacional ser\u00e1n liberados antes de Navidad"}]},{"@type":"WebSite","@id":"https:\/\/luchonoticias.com\/editor\/#website","url":"https:\/\/luchonoticias.com\/editor\/","name":"","description":"","publisher":{"@id":"https:\/\/luchonoticias.com\/editor\/#\/schema\/person\/7a7fd911f58561fd056dbac7b55af9cd"},"potentialAction":[{"@type":"SearchAction","target":{"@type":"EntryPoint","urlTemplate":"https:\/\/luchonoticias.com\/editor\/?s={search_term_string}"},"query-input":{"@type":"PropertyValueSpecification","valueRequired":true,"valueName":"search_term_string"}}],"inLanguage":"es"},{"@type":["Person","Organization"],"@id":"https:\/\/luchonoticias.com\/editor\/#\/schema\/person\/7a7fd911f58561fd056dbac7b55af9cd","name":"admin","image":{"@type":"ImageObject","inLanguage":"es","@id":"https:\/\/luchonoticias.com\/editor\/#\/schema\/person\/image\/","url":"https:\/\/luchonoticias.com\/editor\/wp-content\/uploads\/2024\/02\/cropped-cropped-logolu.webp","contentUrl":"https:\/\/luchonoticias.com\/editor\/wp-content\/uploads\/2024\/02\/cropped-cropped-logolu.webp","width":382,"height":170,"caption":"admin"},"logo":{"@id":"https:\/\/luchonoticias.com\/editor\/#\/schema\/person\/image\/"},"sameAs":["https:\/\/www.facebook.com\/luchonoticiasneiva"],"url":"https:\/\/luchonoticias.com\/editor\/author\/admin\/"}]}},"_links":{"self":[{"href":"https:\/\/luchonoticias.com\/editor\/wp-json\/wp\/v2\/posts\/41220","targetHints":{"allow":["GET"]}}],"collection":[{"href":"https:\/\/luchonoticias.com\/editor\/wp-json\/wp\/v2\/posts"}],"about":[{"href":"https:\/\/luchonoticias.com\/editor\/wp-json\/wp\/v2\/types\/post"}],"author":[{"embeddable":true,"href":"https:\/\/luchonoticias.com\/editor\/wp-json\/wp\/v2\/users\/1"}],"replies":[{"embeddable":true,"href":"https:\/\/luchonoticias.com\/editor\/wp-json\/wp\/v2\/comments?post=41220"}],"version-history":[{"count":0,"href":"https:\/\/luchonoticias.com\/editor\/wp-json\/wp\/v2\/posts\/41220\/revisions"}],"wp:attachment":[{"href":"https:\/\/luchonoticias.com\/editor\/wp-json\/wp\/v2\/media?parent=41220"}],"wp:term":[{"taxonomy":"category","embeddable":true,"href":"https:\/\/luchonoticias.com\/editor\/wp-json\/wp\/v2\/categories?post=41220"},{"taxonomy":"post_tag","embeddable":true,"href":"https:\/\/luchonoticias.com\/editor\/wp-json\/wp\/v2\/tags?post=41220"}],"curies":[{"name":"wp","href":"https:\/\/api.w.org\/{rel}","templated":true}]}}