{"id":41224,"date":"2022-12-05T06:50:10","date_gmt":"2022-12-05T11:50:10","guid":{"rendered":"https:\/\/luchonoticias.com\/?p=41224"},"modified":"2022-12-05T06:50:11","modified_gmt":"2022-12-05T11:50:11","slug":"una-persona-desaparecida-deja-una-creciente-subita-en-zona-rural-de-algeciras-huila","status":"publish","type":"post","link":"https:\/\/luchonoticias.com\/editor\/una-persona-desaparecida-deja-una-creciente-subita-en-zona-rural-de-algeciras-huila\/","title":{"rendered":"Una persona desaparecida deja una creciente s\u00fabita en zona rural de Algeciras, Huila"},"content":{"rendered":"\n<p>Como Ferney Ramos, fue identificada la persona que desapareci\u00f3 ayer en horas de la noche desaparecido tras registrarse una creciente s\u00fabita sobre la quebrada Mayo, afluente que pasa sobre el centro poblado El Para\u00edso, jurisdicci\u00f3n del municipio de Algeciras.<\/p>\n\n\n\n<p>Seg\u00fan lo establecido por este medio de comunicaci\u00f3n, la v\u00edctima quiera era un agricultor de 64 a\u00f1os de edad, fue sorprendido por la creciente s\u00fabita cuando hac\u00eda su paso sobre la quebrada en su veh\u00edculo junto a su esposa, siendo arrastrado por las aguas de la quebrada que conecta metros m\u00e1s abajo con el r\u00edo Neiva y el motor del veh\u00edculo en el que se movilizaba fue encontrado hace pocos minutos varios metros de la quebrada sobre el r\u00edo Neiva. Asimismo, se conoci\u00f3 que su esposa, logr\u00f3 salir del veh\u00edculo ilesa.<\/p>\n\n\n\n<p>Finalmente se estableci\u00f3 que desde ayer unidades del Cuerpo de Bomberos de Algeciras, junto a la comunidad iniciaron las labores de b\u00fasqueda en la zona, para encontrar el cuerpo de Ferney Ramos.<\/p>\n","protected":false},"excerpt":{"rendered":"<p>Como Ferney Ramos, fue identificada la persona que desapareci\u00f3 ayer en horas de la noche desaparecido tras registrarse una creciente s\u00fabita sobre la quebrada Mayo, afluente que pasa sobre el centro poblado El Para\u00edso, jurisdicci\u00f3n del municipio de Algeciras. Seg\u00fan lo establecido por este medio de comunicaci\u00f3n, la v\u00edctima quiera era un agricultor de 64 [&hellip;]<\/p>\n","protected":false},"author":1,"featured_media":0,"comment_status":"open","ping_status":"open","sticky":false,"template":"","format":"standard","meta":{"footnotes":""},"categories":[36,29],"tags":[],"class_list":["post-41224","post","type-post","status-publish","format-standard","hentry","category-destacado","category-judicial"],"yoast_head":"<!-- This site is optimized with the Yoast SEO plugin v26.6 - https:\/\/yoast.com\/wordpress\/plugins\/seo\/ -->\n<title>Una persona desaparecida deja una creciente s\u00fabita en zona rural de Algeciras, Huila -<\/title>\n<meta name=\"robots\" content=\"index, follow, max-snippet:-1, max-image-preview:large, max-video-preview:-1\" \/>\n<link rel=\"canonical\" href=\"https:\/\/luchonoticias.com\/editor\/una-persona-desaparecida-deja-una-creciente-subita-en-zona-rural-de-algeciras-huila\/\" \/>\n<meta property=\"og:locale\" content=\"es_ES\" \/>\n<meta property=\"og:type\" content=\"article\" \/>\n<meta property=\"og:title\" content=\"Una persona desaparecida deja una creciente s\u00fabita en zona rural de Algeciras, Huila -\" \/>\n<meta property=\"og:url\" content=\"https:\/\/luchonoticias.com\/editor\/una-persona-desaparecida-deja-una-creciente-subita-en-zona-rural-de-algeciras-huila\/\" \/>\n<meta property=\"article:publisher\" content=\"https:\/\/www.facebook.com\/luchonoticiasneiva\" \/>\n<meta property=\"article:author\" content=\"https:\/\/www.facebook.com\/luchonoticiasneiva\" \/>\n<meta property=\"article:published_time\" content=\"2022-12-05T11:50:10+00:00\" \/>\n<meta property=\"article:modified_time\" content=\"2022-12-05T11:50:11+00:00\" \/>\n<meta name=\"author\" content=\"admin\" \/>\n<meta name=\"twitter:card\" content=\"summary_large_image\" \/>\n<meta name=\"twitter:label1\" content=\"Escrito por\" \/>\n\t<meta name=\"twitter:data1\" content=\"admin\" \/>\n\t<meta name=\"twitter:label2\" content=\"Tiempo de lectura\" \/>\n\t<meta name=\"twitter:data2\" content=\"1 minuto\" \/>\n<script type=\"application\/ld+json\" class=\"yoast-schema-graph\">{\"@context\":\"https:\/\/schema.org\",\"@graph\":[{\"@type\":\"Article\",\"@id\":\"https:\/\/luchonoticias.com\/editor\/una-persona-desaparecida-deja-una-creciente-subita-en-zona-rural-de-algeciras-huila\/#article\",\"isPartOf\":{\"@id\":\"https:\/\/luchonoticias.com\/editor\/una-persona-desaparecida-deja-una-creciente-subita-en-zona-rural-de-algeciras-huila\/\"},\"author\":{\"name\":\"admin\",\"@id\":\"https:\/\/luchonoticias.com\/editor\/#\/schema\/person\/7a7fd911f58561fd056dbac7b55af9cd\"},\"headline\":\"Una persona desaparecida deja una creciente s\u00fabita en zona rural de Algeciras, Huila\",\"datePublished\":\"2022-12-05T11:50:10+00:00\",\"dateModified\":\"2022-12-05T11:50:11+00:00\",\"mainEntityOfPage\":{\"@id\":\"https:\/\/luchonoticias.com\/editor\/una-persona-desaparecida-deja-una-creciente-subita-en-zona-rural-de-algeciras-huila\/\"},\"wordCount\":191,\"commentCount\":0,\"publisher\":{\"@id\":\"https:\/\/luchonoticias.com\/editor\/#\/schema\/person\/7a7fd911f58561fd056dbac7b55af9cd\"},\"articleSection\":[\"Destacado\",\"Judicial\"],\"inLanguage\":\"es\",\"potentialAction\":[{\"@type\":\"CommentAction\",\"name\":\"Comment\",\"target\":[\"https:\/\/luchonoticias.com\/editor\/una-persona-desaparecida-deja-una-creciente-subita-en-zona-rural-de-algeciras-huila\/#respond\"]}]},{\"@type\":\"WebPage\",\"@id\":\"https:\/\/luchonoticias.com\/editor\/una-persona-desaparecida-deja-una-creciente-subita-en-zona-rural-de-algeciras-huila\/\",\"url\":\"https:\/\/luchonoticias.com\/editor\/una-persona-desaparecida-deja-una-creciente-subita-en-zona-rural-de-algeciras-huila\/\",\"name\":\"Una persona desaparecida deja una creciente s\u00fabita en zona rural de Algeciras, Huila -\",\"isPartOf\":{\"@id\":\"https:\/\/luchonoticias.com\/editor\/#website\"},\"datePublished\":\"2022-12-05T11:50:10+00:00\",\"dateModified\":\"2022-12-05T11:50:11+00:00\",\"breadcrumb\":{\"@id\":\"https:\/\/luchonoticias.com\/editor\/una-persona-desaparecida-deja-una-creciente-subita-en-zona-rural-de-algeciras-huila\/#breadcrumb\"},\"inLanguage\":\"es\",\"potentialAction\":[{\"@type\":\"ReadAction\",\"target\":[\"https:\/\/luchonoticias.com\/editor\/una-persona-desaparecida-deja-una-creciente-subita-en-zona-rural-de-algeciras-huila\/\"]}]},{\"@type\":\"BreadcrumbList\",\"@id\":\"https:\/\/luchonoticias.com\/editor\/una-persona-desaparecida-deja-una-creciente-subita-en-zona-rural-de-algeciras-huila\/#breadcrumb\",\"itemListElement\":[{\"@type\":\"ListItem\",\"position\":1,\"name\":\"Portada\",\"item\":\"https:\/\/luchonoticias.com\/editor\/\"},{\"@type\":\"ListItem\",\"position\":2,\"name\":\"Una persona desaparecida deja una creciente s\u00fabita en zona rural de Algeciras, Huila\"}]},{\"@type\":\"WebSite\",\"@id\":\"https:\/\/luchonoticias.com\/editor\/#website\",\"url\":\"https:\/\/luchonoticias.com\/editor\/\",\"name\":\"\",\"description\":\"\",\"publisher\":{\"@id\":\"https:\/\/luchonoticias.com\/editor\/#\/schema\/person\/7a7fd911f58561fd056dbac7b55af9cd\"},\"potentialAction\":[{\"@type\":\"SearchAction\",\"target\":{\"@type\":\"EntryPoint\",\"urlTemplate\":\"https:\/\/luchonoticias.com\/editor\/?s={search_term_string}\"},\"query-input\":{\"@type\":\"PropertyValueSpecification\",\"valueRequired\":true,\"valueName\":\"search_term_string\"}}],\"inLanguage\":\"es\"},{\"@type\":[\"Person\",\"Organization\"],\"@id\":\"https:\/\/luchonoticias.com\/editor\/#\/schema\/person\/7a7fd911f58561fd056dbac7b55af9cd\",\"name\":\"admin\",\"image\":{\"@type\":\"ImageObject\",\"inLanguage\":\"es\",\"@id\":\"https:\/\/luchonoticias.com\/editor\/#\/schema\/person\/image\/\",\"url\":\"https:\/\/luchonoticias.com\/editor\/wp-content\/uploads\/2024\/02\/cropped-cropped-logolu.webp\",\"contentUrl\":\"https:\/\/luchonoticias.com\/editor\/wp-content\/uploads\/2024\/02\/cropped-cropped-logolu.webp\",\"width\":382,\"height\":170,\"caption\":\"admin\"},\"logo\":{\"@id\":\"https:\/\/luchonoticias.com\/editor\/#\/schema\/person\/image\/\"},\"sameAs\":[\"https:\/\/www.facebook.com\/luchonoticiasneiva\"],\"url\":\"https:\/\/luchonoticias.com\/editor\/author\/admin\/\"}]}<\/script>\n<!-- \/ Yoast SEO plugin. -->","yoast_head_json":{"title":"Una persona desaparecida deja una creciente s\u00fabita en zona rural de Algeciras, Huila -","robots":{"index":"index","follow":"follow","max-snippet":"max-snippet:-1","max-image-preview":"max-image-preview:large","max-video-preview":"max-video-preview:-1"},"canonical":"https:\/\/luchonoticias.com\/editor\/una-persona-desaparecida-deja-una-creciente-subita-en-zona-rural-de-algeciras-huila\/","og_locale":"es_ES","og_type":"article","og_title":"Una persona desaparecida deja una creciente s\u00fabita en zona rural de Algeciras, Huila -","og_url":"https:\/\/luchonoticias.com\/editor\/una-persona-desaparecida-deja-una-creciente-subita-en-zona-rural-de-algeciras-huila\/","article_publisher":"https:\/\/www.facebook.com\/luchonoticiasneiva","article_author":"https:\/\/www.facebook.com\/luchonoticiasneiva","article_published_time":"2022-12-05T11:50:10+00:00","article_modified_time":"2022-12-05T11:50:11+00:00","author":"admin","twitter_card":"summary_large_image","twitter_misc":{"Escrito por":"admin","Tiempo de lectura":"1 minuto"},"schema":{"@context":"https:\/\/schema.org","@graph":[{"@type":"Article","@id":"https:\/\/luchonoticias.com\/editor\/una-persona-desaparecida-deja-una-creciente-subita-en-zona-rural-de-algeciras-huila\/#article","isPartOf":{"@id":"https:\/\/luchonoticias.com\/editor\/una-persona-desaparecida-deja-una-creciente-subita-en-zona-rural-de-algeciras-huila\/"},"author":{"name":"admin","@id":"https:\/\/luchonoticias.com\/editor\/#\/schema\/person\/7a7fd911f58561fd056dbac7b55af9cd"},"headline":"Una persona desaparecida deja una creciente s\u00fabita en zona rural de Algeciras, Huila","datePublished":"2022-12-05T11:50:10+00:00","dateModified":"2022-12-05T11:50:11+00:00","mainEntityOfPage":{"@id":"https:\/\/luchonoticias.com\/editor\/una-persona-desaparecida-deja-una-creciente-subita-en-zona-rural-de-algeciras-huila\/"},"wordCount":191,"commentCount":0,"publisher":{"@id":"https:\/\/luchonoticias.com\/editor\/#\/schema\/person\/7a7fd911f58561fd056dbac7b55af9cd"},"articleSection":["Destacado","Judicial"],"inLanguage":"es","potentialAction":[{"@type":"CommentAction","name":"Comment","target":["https:\/\/luchonoticias.com\/editor\/una-persona-desaparecida-deja-una-creciente-subita-en-zona-rural-de-algeciras-huila\/#respond"]}]},{"@type":"WebPage","@id":"https:\/\/luchonoticias.com\/editor\/una-persona-desaparecida-deja-una-creciente-subita-en-zona-rural-de-algeciras-huila\/","url":"https:\/\/luchonoticias.com\/editor\/una-persona-desaparecida-deja-una-creciente-subita-en-zona-rural-de-algeciras-huila\/","name":"Una persona desaparecida deja una creciente s\u00fabita en zona rural de Algeciras, Huila -","isPartOf":{"@id":"https:\/\/luchonoticias.com\/editor\/#website"},"datePublished":"2022-12-05T11:50:10+00:00","dateModified":"2022-12-05T11:50:11+00:00","breadcrumb":{"@id":"https:\/\/luchonoticias.com\/editor\/una-persona-desaparecida-deja-una-creciente-subita-en-zona-rural-de-algeciras-huila\/#breadcrumb"},"inLanguage":"es","potentialAction":[{"@type":"ReadAction","target":["https:\/\/luchonoticias.com\/editor\/una-persona-desaparecida-deja-una-creciente-subita-en-zona-rural-de-algeciras-huila\/"]}]},{"@type":"BreadcrumbList","@id":"https:\/\/luchonoticias.com\/editor\/una-persona-desaparecida-deja-una-creciente-subita-en-zona-rural-de-algeciras-huila\/#breadcrumb","itemListElement":[{"@type":"ListItem","position":1,"name":"Portada","item":"https:\/\/luchonoticias.com\/editor\/"},{"@type":"ListItem","position":2,"name":"Una persona desaparecida deja una creciente s\u00fabita en zona rural de Algeciras, Huila"}]},{"@type":"WebSite","@id":"https:\/\/luchonoticias.com\/editor\/#website","url":"https:\/\/luchonoticias.com\/editor\/","name":"","description":"","publisher":{"@id":"https:\/\/luchonoticias.com\/editor\/#\/schema\/person\/7a7fd911f58561fd056dbac7b55af9cd"},"potentialAction":[{"@type":"SearchAction","target":{"@type":"EntryPoint","urlTemplate":"https:\/\/luchonoticias.com\/editor\/?s={search_term_string}"},"query-input":{"@type":"PropertyValueSpecification","valueRequired":true,"valueName":"search_term_string"}}],"inLanguage":"es"},{"@type":["Person","Organization"],"@id":"https:\/\/luchonoticias.com\/editor\/#\/schema\/person\/7a7fd911f58561fd056dbac7b55af9cd","name":"admin","image":{"@type":"ImageObject","inLanguage":"es","@id":"https:\/\/luchonoticias.com\/editor\/#\/schema\/person\/image\/","url":"https:\/\/luchonoticias.com\/editor\/wp-content\/uploads\/2024\/02\/cropped-cropped-logolu.webp","contentUrl":"https:\/\/luchonoticias.com\/editor\/wp-content\/uploads\/2024\/02\/cropped-cropped-logolu.webp","width":382,"height":170,"caption":"admin"},"logo":{"@id":"https:\/\/luchonoticias.com\/editor\/#\/schema\/person\/image\/"},"sameAs":["https:\/\/www.facebook.com\/luchonoticiasneiva"],"url":"https:\/\/luchonoticias.com\/editor\/author\/admin\/"}]}},"_links":{"self":[{"href":"https:\/\/luchonoticias.com\/editor\/wp-json\/wp\/v2\/posts\/41224","targetHints":{"allow":["GET"]}}],"collection":[{"href":"https:\/\/luchonoticias.com\/editor\/wp-json\/wp\/v2\/posts"}],"about":[{"href":"https:\/\/luchonoticias.com\/editor\/wp-json\/wp\/v2\/types\/post"}],"author":[{"embeddable":true,"href":"https:\/\/luchonoticias.com\/editor\/wp-json\/wp\/v2\/users\/1"}],"replies":[{"embeddable":true,"href":"https:\/\/luchonoticias.com\/editor\/wp-json\/wp\/v2\/comments?post=41224"}],"version-history":[{"count":0,"href":"https:\/\/luchonoticias.com\/editor\/wp-json\/wp\/v2\/posts\/41224\/revisions"}],"wp:attachment":[{"href":"https:\/\/luchonoticias.com\/editor\/wp-json\/wp\/v2\/media?parent=41224"}],"wp:term":[{"taxonomy":"category","embeddable":true,"href":"https:\/\/luchonoticias.com\/editor\/wp-json\/wp\/v2\/categories?post=41224"},{"taxonomy":"post_tag","embeddable":true,"href":"https:\/\/luchonoticias.com\/editor\/wp-json\/wp\/v2\/tags?post=41224"}],"curies":[{"name":"wp","href":"https:\/\/api.w.org\/{rel}","templated":true}]}}