{"id":41227,"date":"2022-12-05T06:59:37","date_gmt":"2022-12-05T11:59:37","guid":{"rendered":"https:\/\/luchonoticias.com\/?p=41227"},"modified":"2022-12-05T06:59:38","modified_gmt":"2022-12-05T11:59:38","slug":"11-personas-capturadas-el-primer-fin-de-semana-de-diciembre-en-neiva","status":"publish","type":"post","link":"https:\/\/luchonoticias.com\/editor\/11-personas-capturadas-el-primer-fin-de-semana-de-diciembre-en-neiva\/","title":{"rendered":"11 personas capturadas el primer fin de semana de diciembre en Neiva"},"content":{"rendered":"\n<p>La Polic\u00eda Metropolitana de Neiva, dando continuidad a la Ley 2197 de Fortalecimiento a la Seguridad Ciudadana y en cumplimiento al plan \u201cCazador\u201d, durante el fin de semana logr\u00f3 la captura de 11 personas y la aprehensi\u00f3n de 1 adolescente, as\u00ed:<\/p>\n\n\n\n<p>* 5 personas en flagrancia por el delito hurto.<\/p>\n\n\n\n<p>* 2 personas en flagrancia por el delito de tr\u00e1fico de estupefacientes.<\/p>\n\n\n\n<p>* 1 persona en flagrancia por receptaci\u00f3n.<\/p>\n\n\n\n<p>* 1 persona por orden judicial por el delito de Hurto Calificado y agravado.<\/p>\n\n\n\n<p>* 1 persona por orden judicial por el delito de Homicidio.&nbsp;<\/p>\n\n\n\n<p>* 1 persona por orden judicial por el delito de concierto para delinquir con fines de conformaci\u00f3n de grupos armados ilegales.<\/p>\n\n\n\n<p>\u00a0* 1 aprehensi\u00f3n de un adolescente en flagrancia por el delito de Lesiones personales.<\/p>\n\n\n\n<figure class=\"wp-block-gallery has-nested-images columns-default is-cropped wp-block-gallery-1 is-layout-flex wp-block-gallery-is-layout-flex\">\n<figure class=\"wp-block-image size-large\"><img decoding=\"async\" data-id=\"41230\" src=\"https:\/\/luchonoticias.com\/wp-content\/uploads\/2022\/12\/WhatsApp-Image-2022-12-04-at-10.18.47-PM-1024x768.jpeg\" alt=\"\" class=\"wp-image-41230\"\/><\/figure>\n\n\n\n<figure class=\"wp-block-image size-large\"><img decoding=\"async\" data-id=\"41231\" src=\"https:\/\/luchonoticias.com\/wp-content\/uploads\/2022\/12\/WhatsApp-Image-2022-12-04-at-10.18.46-PM-1024x768.jpeg\" alt=\"\" class=\"wp-image-41231\"\/><\/figure>\n\n\n\n<figure class=\"wp-block-image size-large\"><img decoding=\"async\" data-id=\"41232\" src=\"https:\/\/luchonoticias.com\/wp-content\/uploads\/2022\/12\/WhatsApp-Image-2022-12-04-at-10.18.16-PM-2-1-1024x472.jpeg\" alt=\"\" class=\"wp-image-41232\"\/><\/figure>\n<\/figure>\n\n\n\n<p><strong>Hechos relevantes<\/strong><\/p>\n\n\n\n<p>Como resultados relevantes, las autoridades dieron a conocer que durante el fin de semana dieron la captura de un hombre de 25 a\u00f1os de edad, requerido judicialmente por los delitos de Hurto calificado y agravado, en concurso con lesiones personales dolosas, quien adem\u00e1s estaba inmerso en el Cartel de los m\u00e1s buscados, al ser uno de los fugados del CAI Bogot\u00e1 en el mes de julio del a\u00f1o en curso.<\/p>\n\n\n\n<p>La captura por orden judicial de un hombre de 49 a\u00f1os de edad, oriundo de Valpara\u00edso \u2013 Caquet\u00e1, quien era requerido por un juzgado de Florencia (Caquet\u00e1), por el delito de Concierto para Delinquir con fines de conformaci\u00f3n de Grupos Armados Ilegales y la captura en flagrancia en el barrio Tenerife de un hombre de 21 a\u00f1os, a quien en r\u00e1pida y efectiva reacci\u00f3n, se le halla en su poder un arma de fuego tipo revolver de fabricaci\u00f3n artesanal, el cual momentos antes, presuntamente uso para hurtar la suma de $2.000.000 de un establecimiento comercial del sector.<\/p>\n\n\n\n<figure class=\"wp-block-gallery has-nested-images columns-default is-cropped wp-block-gallery-2 is-layout-flex wp-block-gallery-is-layout-flex\">\n<figure class=\"wp-block-image size-large\"><img decoding=\"async\" data-id=\"41234\" src=\"https:\/\/luchonoticias.com\/wp-content\/uploads\/2022\/12\/WhatsApp-Image-2022-12-04-at-10.18.16-PM-1-472x1024.jpeg\" alt=\"\" class=\"wp-image-41234\"\/><\/figure>\n\n\n\n<figure class=\"wp-block-image size-large\"><img decoding=\"async\" data-id=\"41233\" src=\"https:\/\/luchonoticias.com\/wp-content\/uploads\/2022\/12\/WhatsApp-Image-2022-12-04-at-10.18.15-PM-768x1024.jpeg\" alt=\"\" class=\"wp-image-41233\"\/><\/figure>\n<\/figure>\n\n\n\n<p><strong>Atenci\u00f3n l\u00ednea 123<\/strong><\/p>\n\n\n\n<p>Asimismo, las autoridades de la capital huilense, dieron a conocer que a la l\u00ednea de emergencia 123 ingresaron un total de 1.539 llamadas, de las cuales se resaltan: 113 por alteraci\u00f3n a la tranquilidad, 53 por violencia intrafamiliar, 48 por ri\u00f1a, y 33 por consumo de estupefacientes.<\/p>\n\n\n\n<p><strong>Aplicaci\u00f3n C\u00f3digo Nacional de Seguridad<\/strong><\/p>\n\n\n\n<p>En lo que respecta a la aplicaci\u00f3n del C\u00f3digo Nacional de Seguridad y Convivencia Ciudadana, la Polic\u00eda Metropolitana revelaron que se registraron un total de 74 comparendos por comportamientos contrarios a la convivencia, as\u00ed:<\/p>\n\n\n\n<p>* 55 por porte de armas corto punzantes.<\/p>\n\n\n\n<p>* 8 por consumir o portar sustancias en parques o sitios prohibidos.<\/p>\n\n\n\n<p>* 5 por participar o auspiciar ri\u00f1as.<\/p>\n\n\n\n<p>* 4 por portar celulares reportados en IMEI Colombia por perdida o hurto.<\/p>\n\n\n\n<p>* 1 por irrespetar a las autoridades de polic\u00eda.&nbsp;<\/p>\n\n\n\n<p>* 1 por arrojar residuos s\u00f3lidos en sitios no permitidos.<\/p>\n\n\n\n<figure class=\"wp-block-gallery has-nested-images columns-default is-cropped wp-block-gallery-3 is-layout-flex wp-block-gallery-is-layout-flex\">\n<figure class=\"wp-block-image size-large\"><img decoding=\"async\" data-id=\"41236\" src=\"https:\/\/luchonoticias.com\/wp-content\/uploads\/2022\/12\/WhatsApp-Image-2022-12-04-at-10.18.16-PM-1024x766.jpeg\" alt=\"\" class=\"wp-image-41236\"\/><\/figure>\n\n\n\n<figure class=\"wp-block-image size-large\"><img decoding=\"async\" data-id=\"41237\" src=\"https:\/\/luchonoticias.com\/wp-content\/uploads\/2022\/12\/WhatsApp-Image-2022-12-04-at-10.18.15-PM-2-1024x766.jpeg\" alt=\"\" class=\"wp-image-41237\"\/><\/figure>\n\n\n\n<figure class=\"wp-block-image size-large\"><img decoding=\"async\" data-id=\"41235\" src=\"https:\/\/luchonoticias.com\/wp-content\/uploads\/2022\/12\/WhatsApp-Image-2022-12-04-at-10.18.15-PM-1-1024x768.jpeg\" alt=\"\" class=\"wp-image-41235\"\/><\/figure>\n<\/figure>\n\n\n\n<p>\u201cLa Polic\u00eda Metropolitana de Neiva invita a la ciudadan\u00eda a que, en esta \u00e9poca de Navidad y fin de a\u00f1o, NO utilice ni permita que los suyos manipulen p\u00f3lvora. Todos unidos, para que juntos en familia, disfrutemos de estas especiales fechas, sanos y en casa\u201d, indicaron las autoridades.<\/p>\n","protected":false},"excerpt":{"rendered":"<p>La Polic\u00eda Metropolitana de Neiva, dando continuidad a la Ley 2197 de Fortalecimiento a la Seguridad Ciudadana y en cumplimiento al plan \u201cCazador\u201d, durante el fin de semana logr\u00f3 la captura de 11 personas y la aprehensi\u00f3n de 1 adolescente, as\u00ed: * 5 personas en flagrancia por el delito hurto. * 2 personas en flagrancia [&hellip;]<\/p>\n","protected":false},"author":1,"featured_media":0,"comment_status":"open","ping_status":"open","sticky":false,"template":"","format":"standard","meta":{"footnotes":""},"categories":[36,29],"tags":[],"class_list":["post-41227","post","type-post","status-publish","format-standard","hentry","category-destacado","category-judicial"],"yoast_head":"<!-- This site is optimized with the Yoast SEO plugin v26.6 - https:\/\/yoast.com\/wordpress\/plugins\/seo\/ -->\n<title>11 personas capturadas el primer fin de semana de diciembre en Neiva -<\/title>\n<meta name=\"robots\" content=\"index, follow, max-snippet:-1, max-image-preview:large, max-video-preview:-1\" \/>\n<link rel=\"canonical\" href=\"https:\/\/luchonoticias.com\/editor\/11-personas-capturadas-el-primer-fin-de-semana-de-diciembre-en-neiva\/\" \/>\n<meta property=\"og:locale\" content=\"es_ES\" \/>\n<meta property=\"og:type\" content=\"article\" \/>\n<meta property=\"og:title\" content=\"11 personas capturadas el primer fin de semana de diciembre en Neiva -\" \/>\n<meta property=\"og:url\" content=\"https:\/\/luchonoticias.com\/editor\/11-personas-capturadas-el-primer-fin-de-semana-de-diciembre-en-neiva\/\" \/>\n<meta property=\"article:publisher\" content=\"https:\/\/www.facebook.com\/luchonoticiasneiva\" \/>\n<meta property=\"article:author\" content=\"https:\/\/www.facebook.com\/luchonoticiasneiva\" \/>\n<meta property=\"article:published_time\" content=\"2022-12-05T11:59:37+00:00\" \/>\n<meta property=\"article:modified_time\" content=\"2022-12-05T11:59:38+00:00\" \/>\n<meta property=\"og:image\" content=\"https:\/\/luchonoticias.com\/wp-content\/uploads\/2022\/12\/WhatsApp-Image-2022-12-04-at-10.18.47-PM-1024x768.jpeg\" \/>\n<meta name=\"author\" content=\"admin\" \/>\n<meta name=\"twitter:card\" content=\"summary_large_image\" \/>\n<meta name=\"twitter:label1\" content=\"Escrito por\" \/>\n\t<meta name=\"twitter:data1\" content=\"admin\" \/>\n\t<meta name=\"twitter:label2\" content=\"Tiempo de lectura\" \/>\n\t<meta name=\"twitter:data2\" content=\"2 minutos\" \/>\n<script type=\"application\/ld+json\" class=\"yoast-schema-graph\">{\"@context\":\"https:\/\/schema.org\",\"@graph\":[{\"@type\":\"Article\",\"@id\":\"https:\/\/luchonoticias.com\/editor\/11-personas-capturadas-el-primer-fin-de-semana-de-diciembre-en-neiva\/#article\",\"isPartOf\":{\"@id\":\"https:\/\/luchonoticias.com\/editor\/11-personas-capturadas-el-primer-fin-de-semana-de-diciembre-en-neiva\/\"},\"author\":{\"name\":\"admin\",\"@id\":\"https:\/\/luchonoticias.com\/editor\/#\/schema\/person\/7a7fd911f58561fd056dbac7b55af9cd\"},\"headline\":\"11 personas capturadas el primer fin de semana de diciembre en Neiva\",\"datePublished\":\"2022-12-05T11:59:37+00:00\",\"dateModified\":\"2022-12-05T11:59:38+00:00\",\"mainEntityOfPage\":{\"@id\":\"https:\/\/luchonoticias.com\/editor\/11-personas-capturadas-el-primer-fin-de-semana-de-diciembre-en-neiva\/\"},\"wordCount\":499,\"commentCount\":0,\"publisher\":{\"@id\":\"https:\/\/luchonoticias.com\/editor\/#\/schema\/person\/7a7fd911f58561fd056dbac7b55af9cd\"},\"image\":{\"@id\":\"https:\/\/luchonoticias.com\/editor\/11-personas-capturadas-el-primer-fin-de-semana-de-diciembre-en-neiva\/#primaryimage\"},\"thumbnailUrl\":\"https:\/\/luchonoticias.com\/wp-content\/uploads\/2022\/12\/WhatsApp-Image-2022-12-04-at-10.18.47-PM-1024x768.jpeg\",\"articleSection\":[\"Destacado\",\"Judicial\"],\"inLanguage\":\"es\",\"potentialAction\":[{\"@type\":\"CommentAction\",\"name\":\"Comment\",\"target\":[\"https:\/\/luchonoticias.com\/editor\/11-personas-capturadas-el-primer-fin-de-semana-de-diciembre-en-neiva\/#respond\"]}]},{\"@type\":\"WebPage\",\"@id\":\"https:\/\/luchonoticias.com\/editor\/11-personas-capturadas-el-primer-fin-de-semana-de-diciembre-en-neiva\/\",\"url\":\"https:\/\/luchonoticias.com\/editor\/11-personas-capturadas-el-primer-fin-de-semana-de-diciembre-en-neiva\/\",\"name\":\"11 personas capturadas el primer fin de semana de diciembre en Neiva -\",\"isPartOf\":{\"@id\":\"https:\/\/luchonoticias.com\/editor\/#website\"},\"primaryImageOfPage\":{\"@id\":\"https:\/\/luchonoticias.com\/editor\/11-personas-capturadas-el-primer-fin-de-semana-de-diciembre-en-neiva\/#primaryimage\"},\"image\":{\"@id\":\"https:\/\/luchonoticias.com\/editor\/11-personas-capturadas-el-primer-fin-de-semana-de-diciembre-en-neiva\/#primaryimage\"},\"thumbnailUrl\":\"https:\/\/luchonoticias.com\/wp-content\/uploads\/2022\/12\/WhatsApp-Image-2022-12-04-at-10.18.47-PM-1024x768.jpeg\",\"datePublished\":\"2022-12-05T11:59:37+00:00\",\"dateModified\":\"2022-12-05T11:59:38+00:00\",\"breadcrumb\":{\"@id\":\"https:\/\/luchonoticias.com\/editor\/11-personas-capturadas-el-primer-fin-de-semana-de-diciembre-en-neiva\/#breadcrumb\"},\"inLanguage\":\"es\",\"potentialAction\":[{\"@type\":\"ReadAction\",\"target\":[\"https:\/\/luchonoticias.com\/editor\/11-personas-capturadas-el-primer-fin-de-semana-de-diciembre-en-neiva\/\"]}]},{\"@type\":\"ImageObject\",\"inLanguage\":\"es\",\"@id\":\"https:\/\/luchonoticias.com\/editor\/11-personas-capturadas-el-primer-fin-de-semana-de-diciembre-en-neiva\/#primaryimage\",\"url\":\"https:\/\/luchonoticias.com\/wp-content\/uploads\/2022\/12\/WhatsApp-Image-2022-12-04-at-10.18.47-PM-1024x768.jpeg\",\"contentUrl\":\"https:\/\/luchonoticias.com\/wp-content\/uploads\/2022\/12\/WhatsApp-Image-2022-12-04-at-10.18.47-PM-1024x768.jpeg\"},{\"@type\":\"BreadcrumbList\",\"@id\":\"https:\/\/luchonoticias.com\/editor\/11-personas-capturadas-el-primer-fin-de-semana-de-diciembre-en-neiva\/#breadcrumb\",\"itemListElement\":[{\"@type\":\"ListItem\",\"position\":1,\"name\":\"Portada\",\"item\":\"https:\/\/luchonoticias.com\/editor\/\"},{\"@type\":\"ListItem\",\"position\":2,\"name\":\"11 personas capturadas el primer fin de semana de diciembre en Neiva\"}]},{\"@type\":\"WebSite\",\"@id\":\"https:\/\/luchonoticias.com\/editor\/#website\",\"url\":\"https:\/\/luchonoticias.com\/editor\/\",\"name\":\"\",\"description\":\"\",\"publisher\":{\"@id\":\"https:\/\/luchonoticias.com\/editor\/#\/schema\/person\/7a7fd911f58561fd056dbac7b55af9cd\"},\"potentialAction\":[{\"@type\":\"SearchAction\",\"target\":{\"@type\":\"EntryPoint\",\"urlTemplate\":\"https:\/\/luchonoticias.com\/editor\/?s={search_term_string}\"},\"query-input\":{\"@type\":\"PropertyValueSpecification\",\"valueRequired\":true,\"valueName\":\"search_term_string\"}}],\"inLanguage\":\"es\"},{\"@type\":[\"Person\",\"Organization\"],\"@id\":\"https:\/\/luchonoticias.com\/editor\/#\/schema\/person\/7a7fd911f58561fd056dbac7b55af9cd\",\"name\":\"admin\",\"image\":{\"@type\":\"ImageObject\",\"inLanguage\":\"es\",\"@id\":\"https:\/\/luchonoticias.com\/editor\/#\/schema\/person\/image\/\",\"url\":\"https:\/\/luchonoticias.com\/editor\/wp-content\/uploads\/2024\/02\/cropped-cropped-logolu.webp\",\"contentUrl\":\"https:\/\/luchonoticias.com\/editor\/wp-content\/uploads\/2024\/02\/cropped-cropped-logolu.webp\",\"width\":382,\"height\":170,\"caption\":\"admin\"},\"logo\":{\"@id\":\"https:\/\/luchonoticias.com\/editor\/#\/schema\/person\/image\/\"},\"sameAs\":[\"https:\/\/www.facebook.com\/luchonoticiasneiva\"],\"url\":\"https:\/\/luchonoticias.com\/editor\/author\/admin\/\"}]}<\/script>\n<!-- \/ Yoast SEO plugin. -->","yoast_head_json":{"title":"11 personas capturadas el primer fin de semana de diciembre en Neiva -","robots":{"index":"index","follow":"follow","max-snippet":"max-snippet:-1","max-image-preview":"max-image-preview:large","max-video-preview":"max-video-preview:-1"},"canonical":"https:\/\/luchonoticias.com\/editor\/11-personas-capturadas-el-primer-fin-de-semana-de-diciembre-en-neiva\/","og_locale":"es_ES","og_type":"article","og_title":"11 personas capturadas el primer fin de semana de diciembre en Neiva -","og_url":"https:\/\/luchonoticias.com\/editor\/11-personas-capturadas-el-primer-fin-de-semana-de-diciembre-en-neiva\/","article_publisher":"https:\/\/www.facebook.com\/luchonoticiasneiva","article_author":"https:\/\/www.facebook.com\/luchonoticiasneiva","article_published_time":"2022-12-05T11:59:37+00:00","article_modified_time":"2022-12-05T11:59:38+00:00","og_image":[{"url":"https:\/\/luchonoticias.com\/wp-content\/uploads\/2022\/12\/WhatsApp-Image-2022-12-04-at-10.18.47-PM-1024x768.jpeg","type":"","width":"","height":""}],"author":"admin","twitter_card":"summary_large_image","twitter_misc":{"Escrito por":"admin","Tiempo de lectura":"2 minutos"},"schema":{"@context":"https:\/\/schema.org","@graph":[{"@type":"Article","@id":"https:\/\/luchonoticias.com\/editor\/11-personas-capturadas-el-primer-fin-de-semana-de-diciembre-en-neiva\/#article","isPartOf":{"@id":"https:\/\/luchonoticias.com\/editor\/11-personas-capturadas-el-primer-fin-de-semana-de-diciembre-en-neiva\/"},"author":{"name":"admin","@id":"https:\/\/luchonoticias.com\/editor\/#\/schema\/person\/7a7fd911f58561fd056dbac7b55af9cd"},"headline":"11 personas capturadas el primer fin de semana de diciembre en Neiva","datePublished":"2022-12-05T11:59:37+00:00","dateModified":"2022-12-05T11:59:38+00:00","mainEntityOfPage":{"@id":"https:\/\/luchonoticias.com\/editor\/11-personas-capturadas-el-primer-fin-de-semana-de-diciembre-en-neiva\/"},"wordCount":499,"commentCount":0,"publisher":{"@id":"https:\/\/luchonoticias.com\/editor\/#\/schema\/person\/7a7fd911f58561fd056dbac7b55af9cd"},"image":{"@id":"https:\/\/luchonoticias.com\/editor\/11-personas-capturadas-el-primer-fin-de-semana-de-diciembre-en-neiva\/#primaryimage"},"thumbnailUrl":"https:\/\/luchonoticias.com\/wp-content\/uploads\/2022\/12\/WhatsApp-Image-2022-12-04-at-10.18.47-PM-1024x768.jpeg","articleSection":["Destacado","Judicial"],"inLanguage":"es","potentialAction":[{"@type":"CommentAction","name":"Comment","target":["https:\/\/luchonoticias.com\/editor\/11-personas-capturadas-el-primer-fin-de-semana-de-diciembre-en-neiva\/#respond"]}]},{"@type":"WebPage","@id":"https:\/\/luchonoticias.com\/editor\/11-personas-capturadas-el-primer-fin-de-semana-de-diciembre-en-neiva\/","url":"https:\/\/luchonoticias.com\/editor\/11-personas-capturadas-el-primer-fin-de-semana-de-diciembre-en-neiva\/","name":"11 personas capturadas el primer fin de semana de diciembre en Neiva -","isPartOf":{"@id":"https:\/\/luchonoticias.com\/editor\/#website"},"primaryImageOfPage":{"@id":"https:\/\/luchonoticias.com\/editor\/11-personas-capturadas-el-primer-fin-de-semana-de-diciembre-en-neiva\/#primaryimage"},"image":{"@id":"https:\/\/luchonoticias.com\/editor\/11-personas-capturadas-el-primer-fin-de-semana-de-diciembre-en-neiva\/#primaryimage"},"thumbnailUrl":"https:\/\/luchonoticias.com\/wp-content\/uploads\/2022\/12\/WhatsApp-Image-2022-12-04-at-10.18.47-PM-1024x768.jpeg","datePublished":"2022-12-05T11:59:37+00:00","dateModified":"2022-12-05T11:59:38+00:00","breadcrumb":{"@id":"https:\/\/luchonoticias.com\/editor\/11-personas-capturadas-el-primer-fin-de-semana-de-diciembre-en-neiva\/#breadcrumb"},"inLanguage":"es","potentialAction":[{"@type":"ReadAction","target":["https:\/\/luchonoticias.com\/editor\/11-personas-capturadas-el-primer-fin-de-semana-de-diciembre-en-neiva\/"]}]},{"@type":"ImageObject","inLanguage":"es","@id":"https:\/\/luchonoticias.com\/editor\/11-personas-capturadas-el-primer-fin-de-semana-de-diciembre-en-neiva\/#primaryimage","url":"https:\/\/luchonoticias.com\/wp-content\/uploads\/2022\/12\/WhatsApp-Image-2022-12-04-at-10.18.47-PM-1024x768.jpeg","contentUrl":"https:\/\/luchonoticias.com\/wp-content\/uploads\/2022\/12\/WhatsApp-Image-2022-12-04-at-10.18.47-PM-1024x768.jpeg"},{"@type":"BreadcrumbList","@id":"https:\/\/luchonoticias.com\/editor\/11-personas-capturadas-el-primer-fin-de-semana-de-diciembre-en-neiva\/#breadcrumb","itemListElement":[{"@type":"ListItem","position":1,"name":"Portada","item":"https:\/\/luchonoticias.com\/editor\/"},{"@type":"ListItem","position":2,"name":"11 personas capturadas el primer fin de semana de diciembre en Neiva"}]},{"@type":"WebSite","@id":"https:\/\/luchonoticias.com\/editor\/#website","url":"https:\/\/luchonoticias.com\/editor\/","name":"","description":"","publisher":{"@id":"https:\/\/luchonoticias.com\/editor\/#\/schema\/person\/7a7fd911f58561fd056dbac7b55af9cd"},"potentialAction":[{"@type":"SearchAction","target":{"@type":"EntryPoint","urlTemplate":"https:\/\/luchonoticias.com\/editor\/?s={search_term_string}"},"query-input":{"@type":"PropertyValueSpecification","valueRequired":true,"valueName":"search_term_string"}}],"inLanguage":"es"},{"@type":["Person","Organization"],"@id":"https:\/\/luchonoticias.com\/editor\/#\/schema\/person\/7a7fd911f58561fd056dbac7b55af9cd","name":"admin","image":{"@type":"ImageObject","inLanguage":"es","@id":"https:\/\/luchonoticias.com\/editor\/#\/schema\/person\/image\/","url":"https:\/\/luchonoticias.com\/editor\/wp-content\/uploads\/2024\/02\/cropped-cropped-logolu.webp","contentUrl":"https:\/\/luchonoticias.com\/editor\/wp-content\/uploads\/2024\/02\/cropped-cropped-logolu.webp","width":382,"height":170,"caption":"admin"},"logo":{"@id":"https:\/\/luchonoticias.com\/editor\/#\/schema\/person\/image\/"},"sameAs":["https:\/\/www.facebook.com\/luchonoticiasneiva"],"url":"https:\/\/luchonoticias.com\/editor\/author\/admin\/"}]}},"_links":{"self":[{"href":"https:\/\/luchonoticias.com\/editor\/wp-json\/wp\/v2\/posts\/41227","targetHints":{"allow":["GET"]}}],"collection":[{"href":"https:\/\/luchonoticias.com\/editor\/wp-json\/wp\/v2\/posts"}],"about":[{"href":"https:\/\/luchonoticias.com\/editor\/wp-json\/wp\/v2\/types\/post"}],"author":[{"embeddable":true,"href":"https:\/\/luchonoticias.com\/editor\/wp-json\/wp\/v2\/users\/1"}],"replies":[{"embeddable":true,"href":"https:\/\/luchonoticias.com\/editor\/wp-json\/wp\/v2\/comments?post=41227"}],"version-history":[{"count":0,"href":"https:\/\/luchonoticias.com\/editor\/wp-json\/wp\/v2\/posts\/41227\/revisions"}],"wp:attachment":[{"href":"https:\/\/luchonoticias.com\/editor\/wp-json\/wp\/v2\/media?parent=41227"}],"wp:term":[{"taxonomy":"category","embeddable":true,"href":"https:\/\/luchonoticias.com\/editor\/wp-json\/wp\/v2\/categories?post=41227"},{"taxonomy":"post_tag","embeddable":true,"href":"https:\/\/luchonoticias.com\/editor\/wp-json\/wp\/v2\/tags?post=41227"}],"curies":[{"name":"wp","href":"https:\/\/api.w.org\/{rel}","templated":true}]}}