{"id":41246,"date":"2022-12-05T07:07:59","date_gmt":"2022-12-05T12:07:59","guid":{"rendered":"https:\/\/luchonoticias.com\/?p=41246"},"modified":"2022-12-05T07:08:00","modified_gmt":"2022-12-05T12:08:00","slug":"gobernacion-del-huila-hace-realidad-un-sueno-de-cerca-de-50-anos","status":"publish","type":"post","link":"https:\/\/luchonoticias.com\/editor\/gobernacion-del-huila-hace-realidad-un-sueno-de-cerca-de-50-anos\/","title":{"rendered":"Gobernaci\u00f3n del Huila hace realidad un sue\u00f1o de cerca de 50 a\u00f1os"},"content":{"rendered":"\n<p>El cronograma establecido para cumplir con esta obra apoyada por el gobierno de Luis Enrique Duss\u00e1n L\u00f3pez, marcha de acuerdo a lo establecido.<\/p>\n\n\n\n<p>De acuerdo al ingeniero residente de la obra, Daniel Manrique, el buen clima ha contribuido para el avance en los primeros 300 metros del sector y se tiene proyectado iniciar la pr\u00f3xima semana la intervenci\u00f3n en el segundo tramo.<\/p>\n\n\n\n<figure class=\"wp-block-gallery has-nested-images columns-default is-cropped wp-block-gallery-1 is-layout-flex wp-block-gallery-is-layout-flex\">\n<figure class=\"wp-block-image size-large\"><img decoding=\"async\" data-id=\"41254\" src=\"https:\/\/luchonoticias.com\/wp-content\/uploads\/2022\/12\/WhatsApp-Image-2022-12-04-at-10.13.30-PM-1024x786.jpeg\" alt=\"\" class=\"wp-image-41254\"\/><\/figure>\n\n\n\n<figure class=\"wp-block-image size-large\"><img decoding=\"async\" data-id=\"41255\" src=\"https:\/\/luchonoticias.com\/wp-content\/uploads\/2022\/12\/WhatsApp-Image-2022-12-04-at-10.13.29-PM-1024x772.jpeg\" alt=\"\" class=\"wp-image-41255\"\/><\/figure>\n\n\n\n<figure class=\"wp-block-image size-large\"><img decoding=\"async\" data-id=\"41256\" src=\"https:\/\/luchonoticias.com\/wp-content\/uploads\/2022\/12\/WhatsApp-Image-2022-12-04-at-10.13.28-PM-1024x773.jpeg\" alt=\"\" class=\"wp-image-41256\"\/><\/figure>\n<\/figure>\n\n\n\n<p>\u201cEn este momento nos encontramos en el baseado del concreto en la pavimentaci\u00f3n de la calle 51, nos encontramos entre la carrera 22 y la 19 con la pavimentaci\u00f3n, ya que el clima nos est\u00e1 colaborando, para ver si podemos culminar de aqu\u00ed al 20 de diciembre el primer tramo que consta de unos 300 metros, en la segunda etapa la pr\u00f3xima semana iniciaremos con conformaci\u00f3n de subrasante e instalaci\u00f3n de sardineles hasta donde me permita el tiempo, porque los \u00faltimos 50 metros tienen una problem\u00e1tica con tema de tuber\u00eda que estamos ya a la espera que Empresas P\u00fablicas de Neiva nos d\u00e9 respuesta para dar pronta soluci\u00f3n a ese problema\u201d, indic\u00f3.<\/p>\n\n\n\n<figure class=\"wp-block-gallery has-nested-images columns-default is-cropped wp-block-gallery-2 is-layout-flex wp-block-gallery-is-layout-flex\">\n<figure class=\"wp-block-image size-large\"><img decoding=\"async\" data-id=\"41248\" src=\"https:\/\/luchonoticias.com\/wp-content\/uploads\/2022\/12\/WhatsApp-Image-2022-12-04-at-10.13.32-PM-2-1024x782.jpeg\" alt=\"\" class=\"wp-image-41248\"\/><\/figure>\n\n\n\n<figure class=\"wp-block-image size-large\"><img decoding=\"async\" data-id=\"41249\" src=\"https:\/\/luchonoticias.com\/wp-content\/uploads\/2022\/12\/WhatsApp-Image-2022-12-04-at-10.13.32-PM-1-1024x774.jpeg\" alt=\"\" class=\"wp-image-41249\"\/><\/figure>\n\n\n\n<figure class=\"wp-block-image size-large\"><img decoding=\"async\" data-id=\"41250\" src=\"https:\/\/luchonoticias.com\/wp-content\/uploads\/2022\/12\/WhatsApp-Image-2022-12-04-at-10.13.32-PM-1024x768.jpeg\" alt=\"\" class=\"wp-image-41250\"\/><\/figure>\n<\/figure>\n\n\n\n<p>L\u00edderes como el presidente de la Junta de Acci\u00f3n Comunal del barrio \u00c1lamos, Jorge Enrique L\u00f3pez Ram\u00edrez, manifest\u00f3 que el hecho es hist\u00f3rico y agradeci\u00f3 el apoyo del Gobierno Departamental, que ha sido total.<\/p>\n\n\n\n<p>\u201cRealmente ha sido un \u00e9xito, hemos podido contar con el apoyo de todas las autoridades, del interventor, contratista. Le podemos decir a la comunidad que es una realidad, que ya vamos a tener pavimentada la calle 51. Efectivamente le tenemos que agradecer al se\u00f1or gobernador, Luis Enrique Duss\u00e1n L\u00f3pez, que nos colabor\u00f3, porque inicialmente el proyecto estaba organizado para que la v\u00eda fuera de 10 metros de ancha, cuando se inici\u00f3 el proyecto apareci\u00f3 de 7 metros, nos faltaban 3 metros y el se\u00f1or Gobernador nos ayud\u00f3 para cubrir la parte presupuestal de esos tres metros de toda la v\u00eda, esto es una joya, estos d\u00edas han sido hist\u00f3ricos para la comuna dos, porque por fin vemos una realidad de un sue\u00f1o de por lo menos hace 50 a\u00f1os\u201d, precis\u00f3 el l\u00edder comunitario.<\/p>\n\n\n\n<figure class=\"wp-block-gallery has-nested-images columns-default is-cropped wp-block-gallery-3 is-layout-flex wp-block-gallery-is-layout-flex\">\n<figure class=\"wp-block-image size-large\"><img decoding=\"async\" data-id=\"41251\" src=\"https:\/\/luchonoticias.com\/wp-content\/uploads\/2022\/12\/WhatsApp-Image-2022-12-04-at-10.13.31-PM-1-1024x788.jpeg\" alt=\"\" class=\"wp-image-41251\"\/><\/figure>\n\n\n\n<figure class=\"wp-block-image size-large\"><img decoding=\"async\" data-id=\"41252\" src=\"https:\/\/luchonoticias.com\/wp-content\/uploads\/2022\/12\/WhatsApp-Image-2022-12-04-at-10.13.31-PM-1024x769.jpeg\" alt=\"\" class=\"wp-image-41252\"\/><\/figure>\n\n\n\n<figure class=\"wp-block-image size-large\"><img decoding=\"async\" data-id=\"41253\" src=\"https:\/\/luchonoticias.com\/wp-content\/uploads\/2022\/12\/WhatsApp-Image-2022-12-04-at-10.13.30-PM-1-1024x768.jpeg\" alt=\"\" class=\"wp-image-41253\"\/><\/figure>\n<\/figure>\n\n\n\n<p>A su vez, Jes\u00fas Alberto mancilla, Habitante de \u00c1lamos, considera que esto es una bendici\u00f3n y desde ya se prepara toda una fiesta para su inauguraci\u00f3n, \u201cafortunadamente fuimos bendecidos y como ustedes pueden ver, ya empezaron a hacer el trabajo de pavimentaci\u00f3n en este sector. Se le agradece a la Gobernaci\u00f3n y a todas las instituciones que est\u00e1n comprometidas en que esto se hiciera una realidad, este sue\u00f1o de tener la carretera pavimentada este a\u00f1o. Ya se mandaron a hacer los tamales, la lechona y s\u00ed se\u00f1or vamos a hacer un evento ac\u00e1 para la inauguraci\u00f3n de la calle 51 en esta zona, con todos los vecinos de aqu\u00ed de la cuadra y muy contentos y muy felices porque tenemos nuestra v\u00eda para estrenar de regalo de ni\u00f1o dios por parte de la Gobernaci\u00f3n\u201d.<\/p>\n\n\n\n<p>Finalmente, Daniel Manrique, ingeniero residente, fue claro en advertir que la obra ser\u00e1 terminada este a\u00f1o, pero no debe ser sometida a peso vehicular durante 28 d\u00edas reglamentarios, para que las placas no sufran da\u00f1os y poderla dar al servicio de la comunidad.<\/p>\n","protected":false},"excerpt":{"rendered":"<p>El cronograma establecido para cumplir con esta obra apoyada por el gobierno de Luis Enrique Duss\u00e1n L\u00f3pez, marcha de acuerdo a lo establecido. De acuerdo al ingeniero residente de la obra, Daniel Manrique, el buen clima ha contribuido para el avance en los primeros 300 metros del sector y se tiene proyectado iniciar la pr\u00f3xima [&hellip;]<\/p>\n","protected":false},"author":1,"featured_media":0,"comment_status":"open","ping_status":"open","sticky":false,"template":"","format":"standard","meta":{"footnotes":""},"categories":[3961,36],"tags":[],"class_list":["post-41246","post","type-post","status-publish","format-standard","hentry","category-comunidad","category-destacado"],"yoast_head":"<!-- This site is optimized with the Yoast SEO plugin v26.6 - https:\/\/yoast.com\/wordpress\/plugins\/seo\/ -->\n<title>Gobernaci\u00f3n del Huila hace realidad un sue\u00f1o de cerca de 50 a\u00f1os -<\/title>\n<meta name=\"robots\" content=\"index, follow, max-snippet:-1, max-image-preview:large, max-video-preview:-1\" \/>\n<link rel=\"canonical\" href=\"https:\/\/luchonoticias.com\/editor\/gobernacion-del-huila-hace-realidad-un-sueno-de-cerca-de-50-anos\/\" \/>\n<meta property=\"og:locale\" content=\"es_ES\" \/>\n<meta property=\"og:type\" content=\"article\" \/>\n<meta property=\"og:title\" content=\"Gobernaci\u00f3n del Huila hace realidad un sue\u00f1o de cerca de 50 a\u00f1os -\" \/>\n<meta property=\"og:url\" content=\"https:\/\/luchonoticias.com\/editor\/gobernacion-del-huila-hace-realidad-un-sueno-de-cerca-de-50-anos\/\" \/>\n<meta property=\"article:publisher\" content=\"https:\/\/www.facebook.com\/luchonoticiasneiva\" \/>\n<meta property=\"article:author\" content=\"https:\/\/www.facebook.com\/luchonoticiasneiva\" \/>\n<meta property=\"article:published_time\" content=\"2022-12-05T12:07:59+00:00\" \/>\n<meta property=\"article:modified_time\" content=\"2022-12-05T12:08:00+00:00\" \/>\n<meta property=\"og:image\" content=\"https:\/\/luchonoticias.com\/wp-content\/uploads\/2022\/12\/WhatsApp-Image-2022-12-04-at-10.13.30-PM-1024x786.jpeg\" \/>\n<meta name=\"author\" content=\"admin\" \/>\n<meta name=\"twitter:card\" content=\"summary_large_image\" \/>\n<meta name=\"twitter:label1\" content=\"Escrito por\" \/>\n\t<meta name=\"twitter:data1\" content=\"admin\" \/>\n\t<meta name=\"twitter:label2\" content=\"Tiempo de lectura\" \/>\n\t<meta name=\"twitter:data2\" content=\"3 minutos\" \/>\n<script type=\"application\/ld+json\" class=\"yoast-schema-graph\">{\"@context\":\"https:\/\/schema.org\",\"@graph\":[{\"@type\":\"Article\",\"@id\":\"https:\/\/luchonoticias.com\/editor\/gobernacion-del-huila-hace-realidad-un-sueno-de-cerca-de-50-anos\/#article\",\"isPartOf\":{\"@id\":\"https:\/\/luchonoticias.com\/editor\/gobernacion-del-huila-hace-realidad-un-sueno-de-cerca-de-50-anos\/\"},\"author\":{\"name\":\"admin\",\"@id\":\"https:\/\/luchonoticias.com\/editor\/#\/schema\/person\/7a7fd911f58561fd056dbac7b55af9cd\"},\"headline\":\"Gobernaci\u00f3n del Huila hace realidad un sue\u00f1o de cerca de 50 a\u00f1os\",\"datePublished\":\"2022-12-05T12:07:59+00:00\",\"dateModified\":\"2022-12-05T12:08:00+00:00\",\"mainEntityOfPage\":{\"@id\":\"https:\/\/luchonoticias.com\/editor\/gobernacion-del-huila-hace-realidad-un-sueno-de-cerca-de-50-anos\/\"},\"wordCount\":563,\"commentCount\":0,\"publisher\":{\"@id\":\"https:\/\/luchonoticias.com\/editor\/#\/schema\/person\/7a7fd911f58561fd056dbac7b55af9cd\"},\"image\":{\"@id\":\"https:\/\/luchonoticias.com\/editor\/gobernacion-del-huila-hace-realidad-un-sueno-de-cerca-de-50-anos\/#primaryimage\"},\"thumbnailUrl\":\"https:\/\/luchonoticias.com\/wp-content\/uploads\/2022\/12\/WhatsApp-Image-2022-12-04-at-10.13.30-PM-1024x786.jpeg\",\"articleSection\":[\"Comunidad\",\"Destacado\"],\"inLanguage\":\"es\",\"potentialAction\":[{\"@type\":\"CommentAction\",\"name\":\"Comment\",\"target\":[\"https:\/\/luchonoticias.com\/editor\/gobernacion-del-huila-hace-realidad-un-sueno-de-cerca-de-50-anos\/#respond\"]}]},{\"@type\":\"WebPage\",\"@id\":\"https:\/\/luchonoticias.com\/editor\/gobernacion-del-huila-hace-realidad-un-sueno-de-cerca-de-50-anos\/\",\"url\":\"https:\/\/luchonoticias.com\/editor\/gobernacion-del-huila-hace-realidad-un-sueno-de-cerca-de-50-anos\/\",\"name\":\"Gobernaci\u00f3n del Huila hace realidad un sue\u00f1o de cerca de 50 a\u00f1os -\",\"isPartOf\":{\"@id\":\"https:\/\/luchonoticias.com\/editor\/#website\"},\"primaryImageOfPage\":{\"@id\":\"https:\/\/luchonoticias.com\/editor\/gobernacion-del-huila-hace-realidad-un-sueno-de-cerca-de-50-anos\/#primaryimage\"},\"image\":{\"@id\":\"https:\/\/luchonoticias.com\/editor\/gobernacion-del-huila-hace-realidad-un-sueno-de-cerca-de-50-anos\/#primaryimage\"},\"thumbnailUrl\":\"https:\/\/luchonoticias.com\/wp-content\/uploads\/2022\/12\/WhatsApp-Image-2022-12-04-at-10.13.30-PM-1024x786.jpeg\",\"datePublished\":\"2022-12-05T12:07:59+00:00\",\"dateModified\":\"2022-12-05T12:08:00+00:00\",\"breadcrumb\":{\"@id\":\"https:\/\/luchonoticias.com\/editor\/gobernacion-del-huila-hace-realidad-un-sueno-de-cerca-de-50-anos\/#breadcrumb\"},\"inLanguage\":\"es\",\"potentialAction\":[{\"@type\":\"ReadAction\",\"target\":[\"https:\/\/luchonoticias.com\/editor\/gobernacion-del-huila-hace-realidad-un-sueno-de-cerca-de-50-anos\/\"]}]},{\"@type\":\"ImageObject\",\"inLanguage\":\"es\",\"@id\":\"https:\/\/luchonoticias.com\/editor\/gobernacion-del-huila-hace-realidad-un-sueno-de-cerca-de-50-anos\/#primaryimage\",\"url\":\"https:\/\/luchonoticias.com\/wp-content\/uploads\/2022\/12\/WhatsApp-Image-2022-12-04-at-10.13.30-PM-1024x786.jpeg\",\"contentUrl\":\"https:\/\/luchonoticias.com\/wp-content\/uploads\/2022\/12\/WhatsApp-Image-2022-12-04-at-10.13.30-PM-1024x786.jpeg\"},{\"@type\":\"BreadcrumbList\",\"@id\":\"https:\/\/luchonoticias.com\/editor\/gobernacion-del-huila-hace-realidad-un-sueno-de-cerca-de-50-anos\/#breadcrumb\",\"itemListElement\":[{\"@type\":\"ListItem\",\"position\":1,\"name\":\"Portada\",\"item\":\"https:\/\/luchonoticias.com\/editor\/\"},{\"@type\":\"ListItem\",\"position\":2,\"name\":\"Gobernaci\u00f3n del Huila hace realidad un sue\u00f1o de cerca de 50 a\u00f1os\"}]},{\"@type\":\"WebSite\",\"@id\":\"https:\/\/luchonoticias.com\/editor\/#website\",\"url\":\"https:\/\/luchonoticias.com\/editor\/\",\"name\":\"\",\"description\":\"\",\"publisher\":{\"@id\":\"https:\/\/luchonoticias.com\/editor\/#\/schema\/person\/7a7fd911f58561fd056dbac7b55af9cd\"},\"potentialAction\":[{\"@type\":\"SearchAction\",\"target\":{\"@type\":\"EntryPoint\",\"urlTemplate\":\"https:\/\/luchonoticias.com\/editor\/?s={search_term_string}\"},\"query-input\":{\"@type\":\"PropertyValueSpecification\",\"valueRequired\":true,\"valueName\":\"search_term_string\"}}],\"inLanguage\":\"es\"},{\"@type\":[\"Person\",\"Organization\"],\"@id\":\"https:\/\/luchonoticias.com\/editor\/#\/schema\/person\/7a7fd911f58561fd056dbac7b55af9cd\",\"name\":\"admin\",\"image\":{\"@type\":\"ImageObject\",\"inLanguage\":\"es\",\"@id\":\"https:\/\/luchonoticias.com\/editor\/#\/schema\/person\/image\/\",\"url\":\"https:\/\/luchonoticias.com\/editor\/wp-content\/uploads\/2024\/02\/cropped-cropped-logolu.webp\",\"contentUrl\":\"https:\/\/luchonoticias.com\/editor\/wp-content\/uploads\/2024\/02\/cropped-cropped-logolu.webp\",\"width\":382,\"height\":170,\"caption\":\"admin\"},\"logo\":{\"@id\":\"https:\/\/luchonoticias.com\/editor\/#\/schema\/person\/image\/\"},\"sameAs\":[\"https:\/\/www.facebook.com\/luchonoticiasneiva\"],\"url\":\"https:\/\/luchonoticias.com\/editor\/author\/admin\/\"}]}<\/script>\n<!-- \/ Yoast SEO plugin. -->","yoast_head_json":{"title":"Gobernaci\u00f3n del Huila hace realidad un sue\u00f1o de cerca de 50 a\u00f1os -","robots":{"index":"index","follow":"follow","max-snippet":"max-snippet:-1","max-image-preview":"max-image-preview:large","max-video-preview":"max-video-preview:-1"},"canonical":"https:\/\/luchonoticias.com\/editor\/gobernacion-del-huila-hace-realidad-un-sueno-de-cerca-de-50-anos\/","og_locale":"es_ES","og_type":"article","og_title":"Gobernaci\u00f3n del Huila hace realidad un sue\u00f1o de cerca de 50 a\u00f1os -","og_url":"https:\/\/luchonoticias.com\/editor\/gobernacion-del-huila-hace-realidad-un-sueno-de-cerca-de-50-anos\/","article_publisher":"https:\/\/www.facebook.com\/luchonoticiasneiva","article_author":"https:\/\/www.facebook.com\/luchonoticiasneiva","article_published_time":"2022-12-05T12:07:59+00:00","article_modified_time":"2022-12-05T12:08:00+00:00","og_image":[{"url":"https:\/\/luchonoticias.com\/wp-content\/uploads\/2022\/12\/WhatsApp-Image-2022-12-04-at-10.13.30-PM-1024x786.jpeg","type":"","width":"","height":""}],"author":"admin","twitter_card":"summary_large_image","twitter_misc":{"Escrito por":"admin","Tiempo de lectura":"3 minutos"},"schema":{"@context":"https:\/\/schema.org","@graph":[{"@type":"Article","@id":"https:\/\/luchonoticias.com\/editor\/gobernacion-del-huila-hace-realidad-un-sueno-de-cerca-de-50-anos\/#article","isPartOf":{"@id":"https:\/\/luchonoticias.com\/editor\/gobernacion-del-huila-hace-realidad-un-sueno-de-cerca-de-50-anos\/"},"author":{"name":"admin","@id":"https:\/\/luchonoticias.com\/editor\/#\/schema\/person\/7a7fd911f58561fd056dbac7b55af9cd"},"headline":"Gobernaci\u00f3n del Huila hace realidad un sue\u00f1o de cerca de 50 a\u00f1os","datePublished":"2022-12-05T12:07:59+00:00","dateModified":"2022-12-05T12:08:00+00:00","mainEntityOfPage":{"@id":"https:\/\/luchonoticias.com\/editor\/gobernacion-del-huila-hace-realidad-un-sueno-de-cerca-de-50-anos\/"},"wordCount":563,"commentCount":0,"publisher":{"@id":"https:\/\/luchonoticias.com\/editor\/#\/schema\/person\/7a7fd911f58561fd056dbac7b55af9cd"},"image":{"@id":"https:\/\/luchonoticias.com\/editor\/gobernacion-del-huila-hace-realidad-un-sueno-de-cerca-de-50-anos\/#primaryimage"},"thumbnailUrl":"https:\/\/luchonoticias.com\/wp-content\/uploads\/2022\/12\/WhatsApp-Image-2022-12-04-at-10.13.30-PM-1024x786.jpeg","articleSection":["Comunidad","Destacado"],"inLanguage":"es","potentialAction":[{"@type":"CommentAction","name":"Comment","target":["https:\/\/luchonoticias.com\/editor\/gobernacion-del-huila-hace-realidad-un-sueno-de-cerca-de-50-anos\/#respond"]}]},{"@type":"WebPage","@id":"https:\/\/luchonoticias.com\/editor\/gobernacion-del-huila-hace-realidad-un-sueno-de-cerca-de-50-anos\/","url":"https:\/\/luchonoticias.com\/editor\/gobernacion-del-huila-hace-realidad-un-sueno-de-cerca-de-50-anos\/","name":"Gobernaci\u00f3n del Huila hace realidad un sue\u00f1o de cerca de 50 a\u00f1os -","isPartOf":{"@id":"https:\/\/luchonoticias.com\/editor\/#website"},"primaryImageOfPage":{"@id":"https:\/\/luchonoticias.com\/editor\/gobernacion-del-huila-hace-realidad-un-sueno-de-cerca-de-50-anos\/#primaryimage"},"image":{"@id":"https:\/\/luchonoticias.com\/editor\/gobernacion-del-huila-hace-realidad-un-sueno-de-cerca-de-50-anos\/#primaryimage"},"thumbnailUrl":"https:\/\/luchonoticias.com\/wp-content\/uploads\/2022\/12\/WhatsApp-Image-2022-12-04-at-10.13.30-PM-1024x786.jpeg","datePublished":"2022-12-05T12:07:59+00:00","dateModified":"2022-12-05T12:08:00+00:00","breadcrumb":{"@id":"https:\/\/luchonoticias.com\/editor\/gobernacion-del-huila-hace-realidad-un-sueno-de-cerca-de-50-anos\/#breadcrumb"},"inLanguage":"es","potentialAction":[{"@type":"ReadAction","target":["https:\/\/luchonoticias.com\/editor\/gobernacion-del-huila-hace-realidad-un-sueno-de-cerca-de-50-anos\/"]}]},{"@type":"ImageObject","inLanguage":"es","@id":"https:\/\/luchonoticias.com\/editor\/gobernacion-del-huila-hace-realidad-un-sueno-de-cerca-de-50-anos\/#primaryimage","url":"https:\/\/luchonoticias.com\/wp-content\/uploads\/2022\/12\/WhatsApp-Image-2022-12-04-at-10.13.30-PM-1024x786.jpeg","contentUrl":"https:\/\/luchonoticias.com\/wp-content\/uploads\/2022\/12\/WhatsApp-Image-2022-12-04-at-10.13.30-PM-1024x786.jpeg"},{"@type":"BreadcrumbList","@id":"https:\/\/luchonoticias.com\/editor\/gobernacion-del-huila-hace-realidad-un-sueno-de-cerca-de-50-anos\/#breadcrumb","itemListElement":[{"@type":"ListItem","position":1,"name":"Portada","item":"https:\/\/luchonoticias.com\/editor\/"},{"@type":"ListItem","position":2,"name":"Gobernaci\u00f3n del Huila hace realidad un sue\u00f1o de cerca de 50 a\u00f1os"}]},{"@type":"WebSite","@id":"https:\/\/luchonoticias.com\/editor\/#website","url":"https:\/\/luchonoticias.com\/editor\/","name":"","description":"","publisher":{"@id":"https:\/\/luchonoticias.com\/editor\/#\/schema\/person\/7a7fd911f58561fd056dbac7b55af9cd"},"potentialAction":[{"@type":"SearchAction","target":{"@type":"EntryPoint","urlTemplate":"https:\/\/luchonoticias.com\/editor\/?s={search_term_string}"},"query-input":{"@type":"PropertyValueSpecification","valueRequired":true,"valueName":"search_term_string"}}],"inLanguage":"es"},{"@type":["Person","Organization"],"@id":"https:\/\/luchonoticias.com\/editor\/#\/schema\/person\/7a7fd911f58561fd056dbac7b55af9cd","name":"admin","image":{"@type":"ImageObject","inLanguage":"es","@id":"https:\/\/luchonoticias.com\/editor\/#\/schema\/person\/image\/","url":"https:\/\/luchonoticias.com\/editor\/wp-content\/uploads\/2024\/02\/cropped-cropped-logolu.webp","contentUrl":"https:\/\/luchonoticias.com\/editor\/wp-content\/uploads\/2024\/02\/cropped-cropped-logolu.webp","width":382,"height":170,"caption":"admin"},"logo":{"@id":"https:\/\/luchonoticias.com\/editor\/#\/schema\/person\/image\/"},"sameAs":["https:\/\/www.facebook.com\/luchonoticiasneiva"],"url":"https:\/\/luchonoticias.com\/editor\/author\/admin\/"}]}},"_links":{"self":[{"href":"https:\/\/luchonoticias.com\/editor\/wp-json\/wp\/v2\/posts\/41246","targetHints":{"allow":["GET"]}}],"collection":[{"href":"https:\/\/luchonoticias.com\/editor\/wp-json\/wp\/v2\/posts"}],"about":[{"href":"https:\/\/luchonoticias.com\/editor\/wp-json\/wp\/v2\/types\/post"}],"author":[{"embeddable":true,"href":"https:\/\/luchonoticias.com\/editor\/wp-json\/wp\/v2\/users\/1"}],"replies":[{"embeddable":true,"href":"https:\/\/luchonoticias.com\/editor\/wp-json\/wp\/v2\/comments?post=41246"}],"version-history":[{"count":0,"href":"https:\/\/luchonoticias.com\/editor\/wp-json\/wp\/v2\/posts\/41246\/revisions"}],"wp:attachment":[{"href":"https:\/\/luchonoticias.com\/editor\/wp-json\/wp\/v2\/media?parent=41246"}],"wp:term":[{"taxonomy":"category","embeddable":true,"href":"https:\/\/luchonoticias.com\/editor\/wp-json\/wp\/v2\/categories?post=41246"},{"taxonomy":"post_tag","embeddable":true,"href":"https:\/\/luchonoticias.com\/editor\/wp-json\/wp\/v2\/tags?post=41246"}],"curies":[{"name":"wp","href":"https:\/\/api.w.org\/{rel}","templated":true}]}}