{"id":41261,"date":"2022-12-05T07:22:40","date_gmt":"2022-12-05T12:22:40","guid":{"rendered":"https:\/\/luchonoticias.com\/?p=41261"},"modified":"2022-12-05T07:22:40","modified_gmt":"2022-12-05T12:22:40","slug":"procuraduria-pide-medidas-urgentes-ante-incremento-de-cifras-de-violencia-a-la-infancia-y-adolescencia-en-colombia","status":"publish","type":"post","link":"https:\/\/luchonoticias.com\/editor\/procuraduria-pide-medidas-urgentes-ante-incremento-de-cifras-de-violencia-a-la-infancia-y-adolescencia-en-colombia\/","title":{"rendered":"Procuradur\u00eda pide medidas urgentes ante incremento de cifras de violencia a la infancia y adolescencia en Colombia"},"content":{"rendered":"\n<p>La Procuradur\u00eda General de la Naci\u00f3n pidi\u00f3 al Departamento Administrativo de la Presidencia de la Rep\u00fablica y al Instituto Colombiano de Bienestar Familiar, tomar medidas urgentes ante el alarmante incremento de cifras de violencia contra ni\u00f1os, ni\u00f1as y adolescentes en Colombia.<\/p>\n\n\n\n<p>A juicio del ente de control es preocupante que, seg\u00fan reportes de Medicina Legal, entre enero y agosto de 2022, fueron asesinados 426 menores de edad, 12% m\u00e1s casos frente a la cifra registrada en los primeros ocho meses de 2021, con 380 homicidios; siendo Bogot\u00e1, Barranquilla, Cali, Quibd\u00f3 y Medell\u00edn, las cinco ciudades&nbsp; donde se reportaron los mayores hechos de violencia contra la ni\u00f1ez y la adolescencia. Asimismo, el mayor n\u00famero de v\u00edctimas por ciclo vital se han presentado entre los 12 y 17 a\u00f1os con 380 registros, 29 casos entre 0 y 5 a\u00f1os y 17 reportados en v\u00edctimas entre 6 y 11 a\u00f1os.<\/p>\n\n\n\n<p>Adicionalmente, el Ministerio Publico indic\u00f3 que, en el 2022, se han registrado 25.585 lesiones no fatales contra los menores de edad, de los cuales 13.879 casos fueron ex\u00e1menes m\u00e9dico legales por presunto delito sexual, 5.572 por violencia interpersonal, 3.828 por violencia intrafamiliar y 1.477 por lesiones en eventos de transporte.<\/p>\n\n\n\n<p>Ante esta cr\u00edtica situaci\u00f3n y teniendo en cuenta que es un deber de las autoridades propender por su integridad, el ente de control requiri\u00f3 a la directora del Instituto Colombiano de Bienestar Familiar, como \u00f3rgano rector del Sistema Nacional de Bienestar Familiar -SNBF- activar dicho sistema y liderar con la participaci\u00f3n de todos los actores e instancias que lo integran, acciones que contribuyan a detener y reducir las referidas cifras.<\/p>\n\n\n\n<p>Para el Ministerio p\u00fablico el preocupante incremento de las cifras de violencia, reflejado en los aberrantes casos que d\u00eda a d\u00eda divulgan los medios de comunicaci\u00f3n, obliga a plantear la necesidad de seguir avanzando en la lucha contra este flagelo mediante acciones concretas de pol\u00edtica p\u00fablica a nivel nacional y territorial a fin de lograr una respuesta efectiva que permita la disminuci\u00f3n de las sorprendentes cifras de fallecimientos y de maltrato infantil ocurridos en el pa\u00eds.&nbsp;<\/p>\n\n\n\n<p>\u201cEs necesario priorizar esta tem\u00e1tica en la agenda y asumir compromisos colectivos may\u00fasculos para que conjuntamente todos los actores e instancias lideren en sus respectivos territorios el replanteamiento de las pol\u00edticas p\u00fablicas que se han dise\u00f1ado hasta el momento, las que quiz\u00e1s &#8211; podr\u00eda afirmarse-, no han sido lo suficientemente eficaces para combatir el maltrato infantil\u201d enfatiz\u00f3 el ente de control.<\/p>\n\n\n\n<p>La Procuradur\u00eda record\u00f3 que, en la medida de que se realicen mayores esfuerzos para prevenir la violencia en el contexto familiar y la comisi\u00f3n de delitos sexuales, se promueva la investigaci\u00f3n que permita identificar las causas de su ocurrencia y se desplieguen con urgencia medidas tendientes al fortalecimiento familiar, podr\u00eda avanzarse en la protecci\u00f3n integral que les corresponde.<\/p>\n\n\n\n<p>Finalmente, la Procuradur\u00eda exhort\u00f3 a la reflexi\u00f3n y a la b\u00fasqueda de alternativas de soluci\u00f3n a corto, mediano y largo plazo en un di\u00e1logo que prioritariamente examine la manera como deben reducirse y enfrentarse las situaciones de violencia y maltrato que se han presentado durante este a\u00f1o en contra de ni\u00f1os, ni\u00f1as y adolescentes y, adicionalmente, se logre la judicializaci\u00f3n de los presuntos responsables de la comisi\u00f3n de los delitos que atentan contra su dignidad.<\/p>\n","protected":false},"excerpt":{"rendered":"<p>La Procuradur\u00eda General de la Naci\u00f3n pidi\u00f3 al Departamento Administrativo de la Presidencia de la Rep\u00fablica y al Instituto Colombiano de Bienestar Familiar, tomar medidas urgentes ante el alarmante incremento de cifras de violencia contra ni\u00f1os, ni\u00f1as y adolescentes en Colombia. A juicio del ente de control es preocupante que, seg\u00fan reportes de Medicina Legal, [&hellip;]<\/p>\n","protected":false},"author":1,"featured_media":0,"comment_status":"open","ping_status":"open","sticky":false,"template":"","format":"standard","meta":{"footnotes":""},"categories":[28,36],"tags":[],"class_list":["post-41261","post","type-post","status-publish","format-standard","hentry","category-actualidad","category-destacado"],"yoast_head":"<!-- This site is optimized with the Yoast SEO plugin v26.6 - https:\/\/yoast.com\/wordpress\/plugins\/seo\/ -->\n<title>Procuradur\u00eda pide medidas urgentes ante incremento de cifras de violencia a la infancia y adolescencia en Colombia -<\/title>\n<meta name=\"robots\" content=\"index, follow, max-snippet:-1, max-image-preview:large, max-video-preview:-1\" \/>\n<link rel=\"canonical\" href=\"https:\/\/luchonoticias.com\/editor\/procuraduria-pide-medidas-urgentes-ante-incremento-de-cifras-de-violencia-a-la-infancia-y-adolescencia-en-colombia\/\" \/>\n<meta property=\"og:locale\" content=\"es_ES\" \/>\n<meta property=\"og:type\" content=\"article\" \/>\n<meta property=\"og:title\" content=\"Procuradur\u00eda pide medidas urgentes ante incremento de cifras de violencia a la infancia y adolescencia en Colombia -\" \/>\n<meta property=\"og:url\" content=\"https:\/\/luchonoticias.com\/editor\/procuraduria-pide-medidas-urgentes-ante-incremento-de-cifras-de-violencia-a-la-infancia-y-adolescencia-en-colombia\/\" \/>\n<meta property=\"article:publisher\" content=\"https:\/\/www.facebook.com\/luchonoticiasneiva\" \/>\n<meta property=\"article:author\" content=\"https:\/\/www.facebook.com\/luchonoticiasneiva\" \/>\n<meta property=\"article:published_time\" content=\"2022-12-05T12:22:40+00:00\" \/>\n<meta name=\"author\" content=\"admin\" \/>\n<meta name=\"twitter:card\" content=\"summary_large_image\" \/>\n<meta name=\"twitter:label1\" content=\"Escrito por\" \/>\n\t<meta name=\"twitter:data1\" content=\"admin\" \/>\n\t<meta name=\"twitter:label2\" content=\"Tiempo de lectura\" \/>\n\t<meta name=\"twitter:data2\" content=\"3 minutos\" \/>\n<script type=\"application\/ld+json\" class=\"yoast-schema-graph\">{\"@context\":\"https:\/\/schema.org\",\"@graph\":[{\"@type\":\"Article\",\"@id\":\"https:\/\/luchonoticias.com\/editor\/procuraduria-pide-medidas-urgentes-ante-incremento-de-cifras-de-violencia-a-la-infancia-y-adolescencia-en-colombia\/#article\",\"isPartOf\":{\"@id\":\"https:\/\/luchonoticias.com\/editor\/procuraduria-pide-medidas-urgentes-ante-incremento-de-cifras-de-violencia-a-la-infancia-y-adolescencia-en-colombia\/\"},\"author\":{\"name\":\"admin\",\"@id\":\"https:\/\/luchonoticias.com\/editor\/#\/schema\/person\/7a7fd911f58561fd056dbac7b55af9cd\"},\"headline\":\"Procuradur\u00eda pide medidas urgentes ante incremento de cifras de violencia a la infancia y adolescencia en Colombia\",\"datePublished\":\"2022-12-05T12:22:40+00:00\",\"mainEntityOfPage\":{\"@id\":\"https:\/\/luchonoticias.com\/editor\/procuraduria-pide-medidas-urgentes-ante-incremento-de-cifras-de-violencia-a-la-infancia-y-adolescencia-en-colombia\/\"},\"wordCount\":587,\"commentCount\":0,\"publisher\":{\"@id\":\"https:\/\/luchonoticias.com\/editor\/#\/schema\/person\/7a7fd911f58561fd056dbac7b55af9cd\"},\"articleSection\":[\"Actualidad\",\"Destacado\"],\"inLanguage\":\"es\",\"potentialAction\":[{\"@type\":\"CommentAction\",\"name\":\"Comment\",\"target\":[\"https:\/\/luchonoticias.com\/editor\/procuraduria-pide-medidas-urgentes-ante-incremento-de-cifras-de-violencia-a-la-infancia-y-adolescencia-en-colombia\/#respond\"]}]},{\"@type\":\"WebPage\",\"@id\":\"https:\/\/luchonoticias.com\/editor\/procuraduria-pide-medidas-urgentes-ante-incremento-de-cifras-de-violencia-a-la-infancia-y-adolescencia-en-colombia\/\",\"url\":\"https:\/\/luchonoticias.com\/editor\/procuraduria-pide-medidas-urgentes-ante-incremento-de-cifras-de-violencia-a-la-infancia-y-adolescencia-en-colombia\/\",\"name\":\"Procuradur\u00eda pide medidas urgentes ante incremento de cifras de violencia a la infancia y adolescencia en Colombia -\",\"isPartOf\":{\"@id\":\"https:\/\/luchonoticias.com\/editor\/#website\"},\"datePublished\":\"2022-12-05T12:22:40+00:00\",\"breadcrumb\":{\"@id\":\"https:\/\/luchonoticias.com\/editor\/procuraduria-pide-medidas-urgentes-ante-incremento-de-cifras-de-violencia-a-la-infancia-y-adolescencia-en-colombia\/#breadcrumb\"},\"inLanguage\":\"es\",\"potentialAction\":[{\"@type\":\"ReadAction\",\"target\":[\"https:\/\/luchonoticias.com\/editor\/procuraduria-pide-medidas-urgentes-ante-incremento-de-cifras-de-violencia-a-la-infancia-y-adolescencia-en-colombia\/\"]}]},{\"@type\":\"BreadcrumbList\",\"@id\":\"https:\/\/luchonoticias.com\/editor\/procuraduria-pide-medidas-urgentes-ante-incremento-de-cifras-de-violencia-a-la-infancia-y-adolescencia-en-colombia\/#breadcrumb\",\"itemListElement\":[{\"@type\":\"ListItem\",\"position\":1,\"name\":\"Portada\",\"item\":\"https:\/\/luchonoticias.com\/editor\/\"},{\"@type\":\"ListItem\",\"position\":2,\"name\":\"Procuradur\u00eda pide medidas urgentes ante incremento de cifras de violencia a la infancia y adolescencia en Colombia\"}]},{\"@type\":\"WebSite\",\"@id\":\"https:\/\/luchonoticias.com\/editor\/#website\",\"url\":\"https:\/\/luchonoticias.com\/editor\/\",\"name\":\"\",\"description\":\"\",\"publisher\":{\"@id\":\"https:\/\/luchonoticias.com\/editor\/#\/schema\/person\/7a7fd911f58561fd056dbac7b55af9cd\"},\"potentialAction\":[{\"@type\":\"SearchAction\",\"target\":{\"@type\":\"EntryPoint\",\"urlTemplate\":\"https:\/\/luchonoticias.com\/editor\/?s={search_term_string}\"},\"query-input\":{\"@type\":\"PropertyValueSpecification\",\"valueRequired\":true,\"valueName\":\"search_term_string\"}}],\"inLanguage\":\"es\"},{\"@type\":[\"Person\",\"Organization\"],\"@id\":\"https:\/\/luchonoticias.com\/editor\/#\/schema\/person\/7a7fd911f58561fd056dbac7b55af9cd\",\"name\":\"admin\",\"image\":{\"@type\":\"ImageObject\",\"inLanguage\":\"es\",\"@id\":\"https:\/\/luchonoticias.com\/editor\/#\/schema\/person\/image\/\",\"url\":\"https:\/\/luchonoticias.com\/editor\/wp-content\/uploads\/2024\/02\/cropped-cropped-logolu.webp\",\"contentUrl\":\"https:\/\/luchonoticias.com\/editor\/wp-content\/uploads\/2024\/02\/cropped-cropped-logolu.webp\",\"width\":382,\"height\":170,\"caption\":\"admin\"},\"logo\":{\"@id\":\"https:\/\/luchonoticias.com\/editor\/#\/schema\/person\/image\/\"},\"sameAs\":[\"https:\/\/www.facebook.com\/luchonoticiasneiva\"],\"url\":\"https:\/\/luchonoticias.com\/editor\/author\/admin\/\"}]}<\/script>\n<!-- \/ Yoast SEO plugin. -->","yoast_head_json":{"title":"Procuradur\u00eda pide medidas urgentes ante incremento de cifras de violencia a la infancia y adolescencia en Colombia -","robots":{"index":"index","follow":"follow","max-snippet":"max-snippet:-1","max-image-preview":"max-image-preview:large","max-video-preview":"max-video-preview:-1"},"canonical":"https:\/\/luchonoticias.com\/editor\/procuraduria-pide-medidas-urgentes-ante-incremento-de-cifras-de-violencia-a-la-infancia-y-adolescencia-en-colombia\/","og_locale":"es_ES","og_type":"article","og_title":"Procuradur\u00eda pide medidas urgentes ante incremento de cifras de violencia a la infancia y adolescencia en Colombia -","og_url":"https:\/\/luchonoticias.com\/editor\/procuraduria-pide-medidas-urgentes-ante-incremento-de-cifras-de-violencia-a-la-infancia-y-adolescencia-en-colombia\/","article_publisher":"https:\/\/www.facebook.com\/luchonoticiasneiva","article_author":"https:\/\/www.facebook.com\/luchonoticiasneiva","article_published_time":"2022-12-05T12:22:40+00:00","author":"admin","twitter_card":"summary_large_image","twitter_misc":{"Escrito por":"admin","Tiempo de lectura":"3 minutos"},"schema":{"@context":"https:\/\/schema.org","@graph":[{"@type":"Article","@id":"https:\/\/luchonoticias.com\/editor\/procuraduria-pide-medidas-urgentes-ante-incremento-de-cifras-de-violencia-a-la-infancia-y-adolescencia-en-colombia\/#article","isPartOf":{"@id":"https:\/\/luchonoticias.com\/editor\/procuraduria-pide-medidas-urgentes-ante-incremento-de-cifras-de-violencia-a-la-infancia-y-adolescencia-en-colombia\/"},"author":{"name":"admin","@id":"https:\/\/luchonoticias.com\/editor\/#\/schema\/person\/7a7fd911f58561fd056dbac7b55af9cd"},"headline":"Procuradur\u00eda pide medidas urgentes ante incremento de cifras de violencia a la infancia y adolescencia en Colombia","datePublished":"2022-12-05T12:22:40+00:00","mainEntityOfPage":{"@id":"https:\/\/luchonoticias.com\/editor\/procuraduria-pide-medidas-urgentes-ante-incremento-de-cifras-de-violencia-a-la-infancia-y-adolescencia-en-colombia\/"},"wordCount":587,"commentCount":0,"publisher":{"@id":"https:\/\/luchonoticias.com\/editor\/#\/schema\/person\/7a7fd911f58561fd056dbac7b55af9cd"},"articleSection":["Actualidad","Destacado"],"inLanguage":"es","potentialAction":[{"@type":"CommentAction","name":"Comment","target":["https:\/\/luchonoticias.com\/editor\/procuraduria-pide-medidas-urgentes-ante-incremento-de-cifras-de-violencia-a-la-infancia-y-adolescencia-en-colombia\/#respond"]}]},{"@type":"WebPage","@id":"https:\/\/luchonoticias.com\/editor\/procuraduria-pide-medidas-urgentes-ante-incremento-de-cifras-de-violencia-a-la-infancia-y-adolescencia-en-colombia\/","url":"https:\/\/luchonoticias.com\/editor\/procuraduria-pide-medidas-urgentes-ante-incremento-de-cifras-de-violencia-a-la-infancia-y-adolescencia-en-colombia\/","name":"Procuradur\u00eda pide medidas urgentes ante incremento de cifras de violencia a la infancia y adolescencia en Colombia -","isPartOf":{"@id":"https:\/\/luchonoticias.com\/editor\/#website"},"datePublished":"2022-12-05T12:22:40+00:00","breadcrumb":{"@id":"https:\/\/luchonoticias.com\/editor\/procuraduria-pide-medidas-urgentes-ante-incremento-de-cifras-de-violencia-a-la-infancia-y-adolescencia-en-colombia\/#breadcrumb"},"inLanguage":"es","potentialAction":[{"@type":"ReadAction","target":["https:\/\/luchonoticias.com\/editor\/procuraduria-pide-medidas-urgentes-ante-incremento-de-cifras-de-violencia-a-la-infancia-y-adolescencia-en-colombia\/"]}]},{"@type":"BreadcrumbList","@id":"https:\/\/luchonoticias.com\/editor\/procuraduria-pide-medidas-urgentes-ante-incremento-de-cifras-de-violencia-a-la-infancia-y-adolescencia-en-colombia\/#breadcrumb","itemListElement":[{"@type":"ListItem","position":1,"name":"Portada","item":"https:\/\/luchonoticias.com\/editor\/"},{"@type":"ListItem","position":2,"name":"Procuradur\u00eda pide medidas urgentes ante incremento de cifras de violencia a la infancia y adolescencia en Colombia"}]},{"@type":"WebSite","@id":"https:\/\/luchonoticias.com\/editor\/#website","url":"https:\/\/luchonoticias.com\/editor\/","name":"","description":"","publisher":{"@id":"https:\/\/luchonoticias.com\/editor\/#\/schema\/person\/7a7fd911f58561fd056dbac7b55af9cd"},"potentialAction":[{"@type":"SearchAction","target":{"@type":"EntryPoint","urlTemplate":"https:\/\/luchonoticias.com\/editor\/?s={search_term_string}"},"query-input":{"@type":"PropertyValueSpecification","valueRequired":true,"valueName":"search_term_string"}}],"inLanguage":"es"},{"@type":["Person","Organization"],"@id":"https:\/\/luchonoticias.com\/editor\/#\/schema\/person\/7a7fd911f58561fd056dbac7b55af9cd","name":"admin","image":{"@type":"ImageObject","inLanguage":"es","@id":"https:\/\/luchonoticias.com\/editor\/#\/schema\/person\/image\/","url":"https:\/\/luchonoticias.com\/editor\/wp-content\/uploads\/2024\/02\/cropped-cropped-logolu.webp","contentUrl":"https:\/\/luchonoticias.com\/editor\/wp-content\/uploads\/2024\/02\/cropped-cropped-logolu.webp","width":382,"height":170,"caption":"admin"},"logo":{"@id":"https:\/\/luchonoticias.com\/editor\/#\/schema\/person\/image\/"},"sameAs":["https:\/\/www.facebook.com\/luchonoticiasneiva"],"url":"https:\/\/luchonoticias.com\/editor\/author\/admin\/"}]}},"_links":{"self":[{"href":"https:\/\/luchonoticias.com\/editor\/wp-json\/wp\/v2\/posts\/41261","targetHints":{"allow":["GET"]}}],"collection":[{"href":"https:\/\/luchonoticias.com\/editor\/wp-json\/wp\/v2\/posts"}],"about":[{"href":"https:\/\/luchonoticias.com\/editor\/wp-json\/wp\/v2\/types\/post"}],"author":[{"embeddable":true,"href":"https:\/\/luchonoticias.com\/editor\/wp-json\/wp\/v2\/users\/1"}],"replies":[{"embeddable":true,"href":"https:\/\/luchonoticias.com\/editor\/wp-json\/wp\/v2\/comments?post=41261"}],"version-history":[{"count":0,"href":"https:\/\/luchonoticias.com\/editor\/wp-json\/wp\/v2\/posts\/41261\/revisions"}],"wp:attachment":[{"href":"https:\/\/luchonoticias.com\/editor\/wp-json\/wp\/v2\/media?parent=41261"}],"wp:term":[{"taxonomy":"category","embeddable":true,"href":"https:\/\/luchonoticias.com\/editor\/wp-json\/wp\/v2\/categories?post=41261"},{"taxonomy":"post_tag","embeddable":true,"href":"https:\/\/luchonoticias.com\/editor\/wp-json\/wp\/v2\/tags?post=41261"}],"curies":[{"name":"wp","href":"https:\/\/api.w.org\/{rel}","templated":true}]}}