{"id":41286,"date":"2022-12-05T15:00:27","date_gmt":"2022-12-05T20:00:27","guid":{"rendered":"https:\/\/luchonoticias.com\/?p=41286"},"modified":"2022-12-05T15:00:28","modified_gmt":"2022-12-05T20:00:28","slug":"huila-es-piloto-nacional-en-pae-rural","status":"publish","type":"post","link":"https:\/\/luchonoticias.com\/editor\/huila-es-piloto-nacional-en-pae-rural\/","title":{"rendered":"Huila es piloto nacional en PAE rural"},"content":{"rendered":"\n<p>El Huila fue escogido por el Gobierno Nacional, junto a los Departamentos de Choc\u00f3, Guain\u00eda, C\u00f3rdoba, Nari\u00f1o, como territorio MAER (Modelo de Alimentaci\u00f3n Escolar Rural), una estrategia de operaci\u00f3n de uso especial, dirigido a las sedes educativas en la ruralidad dispersa y que cuenten con el inter\u00e9s de los padres de familia de operar la alimentaci\u00f3n escolar.<\/p>\n\n\n\n<p>El modelo, que cuenta con el acompa\u00f1amiento del Banco Mundial, tiene como objetivo suministrar un complemento alimentario que contribuya al acceso, la permanencia, la reducci\u00f3n del ausentismo y al bienestar de los ni\u00f1os, ni\u00f1as, adolescentes y j\u00f3venes rurales, fomentando h\u00e1bitos alimentarios saludables.<\/p>\n\n\n\n<p>\u201cEl modelo, trata sobre la participaci\u00f3n de las asociaciones de padres de familia y Juntas de Acci\u00f3n Comunal para la operatividad y prestaci\u00f3n del servicio del PAE, Programa Alimentaci\u00f3n Escolar, en las sedes educativas ubicadas en la ruralidad distante. El modelo se encuentra en la etapa piloto de planeaci\u00f3n\u201d, explic\u00f3 Edison Iba\u00f1ez, director general del PAE \u2013 Huila.<\/p>\n\n\n\n<p>\u201cEn este sentido, en la Gobernaci\u00f3n del Huila que lidera nuestro gobernador, ingeniero Luis Enrique Duss\u00e1n L\u00f3pez, se construy\u00f3 un plan de trabajo con la Secretar\u00eda de Educaci\u00f3n Departamental que orienta Milena Oliveros Crespo, para desarrollar la fase de planeaci\u00f3n operativa que est\u00e1 considerada hasta el mes de febrero de 2023, en la que se espera identificar retos, \u00e9xitos y oportunidades de mejora para la futura implementaci\u00f3n del PAE Rural. Hasta el momento se han seleccionado 27 sedes en 19 municipios, elegidos bajo criterios concertados con el equipo del PAE departamental\u201d, agreg\u00f3 el funcionario.<\/p>\n\n\n\n<p>El director del PAE tambi\u00e9n aclar\u00f3 que la implementaci\u00f3n de este piloto en territorio huilense, el cual est\u00e1 proyectado hasta el mes de febrero de 2023, permitir\u00e1 contar con asistencia personalizada y especializada permanente del Banco Mundial para la planeaci\u00f3n del PAE rural en el Huila, en cuanto a los procesos de priorizaci\u00f3n, an\u00e1lisis de riesgo de las sedes y planeaci\u00f3n de men\u00fas.<\/p>\n\n\n\n<p>\u201cAdem\u00e1s, contar\u00e1 con soporte en la adopci\u00f3n del nuevo sistema de informaci\u00f3n del programa y se beneficiar\u00e1 del fortalecimiento del estudio de costos del PAE. De igual manera, recibir\u00e1 asistencia t\u00e9cnica personalizada para el proceso de socializaci\u00f3n y capacitaci\u00f3n de actores en el PAE rural y obtendr\u00e1 una caja de herramientas con material \u00fatil para la apropiaci\u00f3n e implementaci\u00f3n del PAE rural\u201d, concluy\u00f3 Edison Iba\u00f1ez.<\/p>\n\n\n\n<p><strong>Los Municipios y establecimientos educativos del MAER<\/strong><\/p>\n\n\n\n<figure class=\"wp-block-table\"><table><tbody><tr><td><strong>ZONA<\/strong><\/td><td><strong>SEDE<\/strong><\/td><td><strong>INSTITUCION EDUCATIVA<\/strong><\/td><td><strong>MUNICIPIO<\/strong><\/td><\/tr><tr><td>&nbsp; &nbsp; 1<\/td><td>Saladito<\/td><td>La Esperanza<\/td><td>Palestina<\/td><\/tr><tr><td>La Esperanza<\/td><td>Mar\u00eda Auxiliadora<\/td><td>El\u00edas<\/td><\/tr><tr><td>Tabl\u00f3n de B\u00e9lgica<\/td><td>San Juan Bosco<\/td><td>Tarqui<\/td><\/tr><tr><td>La Caba\u00f1a<\/td><td>San Roque<\/td><td>Oporapa<\/td><\/tr><tr><td>San Lorenzo<\/td><td>Bel\u00e9n<\/td><td>Isnos<\/td><\/tr><tr><td>&nbsp; &nbsp; 2<\/td><td>Las Perlas<\/td><td>Alto Horizonte<\/td><td>Suaza<\/td><\/tr><tr><td>Contaduro<\/td><td>Nuestra Sra. Del Carmen<\/td><td>Guadalupe<\/td><\/tr><tr><td>San Antonio<\/td><td>Montesitos<\/td><td>Agrado<\/td><\/tr><tr><td>Loma Larga<\/td><td>La Gaitana<\/td><td>Timan\u00e1<\/td><\/tr><tr><td>&nbsp; &nbsp; 3<\/td><td>Agua Blanca<\/td><td>Santa Martha<\/td><td>Garz\u00f3n<\/td><\/tr><tr><td>Zuluaguita<\/td><td>Tulio Arbel\u00e1ez<\/td><td>Garz\u00f3n<\/td><\/tr><tr><td>Pablo Nuevo<\/td><td>Normal Superior<\/td><td>Gigante<\/td><\/tr><tr><td>El Puente<\/td><td>Juan XXIII<\/td><td>Algeciras<\/td><\/tr><tr><td>&nbsp; &nbsp; &nbsp; 4<\/td><td>El Chaparro<\/td><td>Mar\u00eda Auxiliadora Valencia La Paz<\/td><td>Iquira<\/td><\/tr><tr><td>Villa Mar\u00eda<\/td><\/tr><tr><td>El Blanquesino<\/td><td>Las Toldas<\/td><td>La Argentina<\/td><\/tr><tr><td>Buenavista El Triunfo<\/td><td>Las Mercedez<\/td><td>N\u00e1taga<\/td><\/tr><tr><td>La Caja<\/td><td>Luis Edgar Ram\u00edrez<\/td><td>Paicol<\/td><\/tr><tr><td>La Florencia<\/td><td>Ana Elisa Cuenca Lara<\/td><td>Yaguar\u00e1<\/td><\/tr><tr><td>&nbsp; &nbsp; &nbsp; 5<\/td><td>Buenos Aires El Castel Los Cauchos<\/td><td>&nbsp; Agropecuaria de Aipe &nbsp;<\/td><td>\u00a0 \u00a0 \u00a0 Aipe<\/td><\/tr><tr><td>Olimpo Primavera<\/td><td>La Ceja Mesitas<\/td><\/tr><tr><td>Guayabero<\/td><td>Santa Rita<\/td><\/tr><tr><td>Resguardo Indigena Paniquita<\/td><td>La Ulloa<\/td><td>Rivera<\/td><\/tr><\/tbody><\/table><\/figure>\n","protected":false},"excerpt":{"rendered":"<p>El Huila fue escogido por el Gobierno Nacional, junto a los Departamentos de Choc\u00f3, Guain\u00eda, C\u00f3rdoba, Nari\u00f1o, como territorio MAER (Modelo de Alimentaci\u00f3n Escolar Rural), una estrategia de operaci\u00f3n de uso especial, dirigido a las sedes educativas en la ruralidad dispersa y que cuenten con el inter\u00e9s de los padres de familia de operar la [&hellip;]<\/p>\n","protected":false},"author":1,"featured_media":0,"comment_status":"open","ping_status":"open","sticky":false,"template":"","format":"standard","meta":{"footnotes":""},"categories":[36,35],"tags":[],"class_list":["post-41286","post","type-post","status-publish","format-standard","hentry","category-destacado","category-regional"],"yoast_head":"<!-- This site is optimized with the Yoast SEO plugin v26.6 - https:\/\/yoast.com\/wordpress\/plugins\/seo\/ -->\n<title>Huila es piloto nacional en PAE rural -<\/title>\n<meta name=\"robots\" content=\"index, follow, max-snippet:-1, max-image-preview:large, max-video-preview:-1\" \/>\n<link rel=\"canonical\" href=\"https:\/\/luchonoticias.com\/editor\/huila-es-piloto-nacional-en-pae-rural\/\" \/>\n<meta property=\"og:locale\" content=\"es_ES\" \/>\n<meta property=\"og:type\" content=\"article\" \/>\n<meta property=\"og:title\" content=\"Huila es piloto nacional en PAE rural -\" \/>\n<meta property=\"og:url\" content=\"https:\/\/luchonoticias.com\/editor\/huila-es-piloto-nacional-en-pae-rural\/\" \/>\n<meta property=\"article:publisher\" content=\"https:\/\/www.facebook.com\/luchonoticiasneiva\" \/>\n<meta property=\"article:author\" content=\"https:\/\/www.facebook.com\/luchonoticiasneiva\" \/>\n<meta property=\"article:published_time\" content=\"2022-12-05T20:00:27+00:00\" \/>\n<meta property=\"article:modified_time\" content=\"2022-12-05T20:00:28+00:00\" \/>\n<meta name=\"author\" content=\"admin\" \/>\n<meta name=\"twitter:card\" content=\"summary_large_image\" \/>\n<meta name=\"twitter:label1\" content=\"Escrito por\" \/>\n\t<meta name=\"twitter:data1\" content=\"admin\" \/>\n\t<meta name=\"twitter:label2\" content=\"Tiempo de lectura\" \/>\n\t<meta name=\"twitter:data2\" content=\"3 minutos\" \/>\n<script type=\"application\/ld+json\" class=\"yoast-schema-graph\">{\"@context\":\"https:\/\/schema.org\",\"@graph\":[{\"@type\":\"Article\",\"@id\":\"https:\/\/luchonoticias.com\/editor\/huila-es-piloto-nacional-en-pae-rural\/#article\",\"isPartOf\":{\"@id\":\"https:\/\/luchonoticias.com\/editor\/huila-es-piloto-nacional-en-pae-rural\/\"},\"author\":{\"name\":\"admin\",\"@id\":\"https:\/\/luchonoticias.com\/editor\/#\/schema\/person\/7a7fd911f58561fd056dbac7b55af9cd\"},\"headline\":\"Huila es piloto nacional en PAE rural\",\"datePublished\":\"2022-12-05T20:00:27+00:00\",\"dateModified\":\"2022-12-05T20:00:28+00:00\",\"mainEntityOfPage\":{\"@id\":\"https:\/\/luchonoticias.com\/editor\/huila-es-piloto-nacional-en-pae-rural\/\"},\"wordCount\":585,\"commentCount\":0,\"publisher\":{\"@id\":\"https:\/\/luchonoticias.com\/editor\/#\/schema\/person\/7a7fd911f58561fd056dbac7b55af9cd\"},\"articleSection\":[\"Destacado\",\"Regional\"],\"inLanguage\":\"es\",\"potentialAction\":[{\"@type\":\"CommentAction\",\"name\":\"Comment\",\"target\":[\"https:\/\/luchonoticias.com\/editor\/huila-es-piloto-nacional-en-pae-rural\/#respond\"]}]},{\"@type\":\"WebPage\",\"@id\":\"https:\/\/luchonoticias.com\/editor\/huila-es-piloto-nacional-en-pae-rural\/\",\"url\":\"https:\/\/luchonoticias.com\/editor\/huila-es-piloto-nacional-en-pae-rural\/\",\"name\":\"Huila es piloto nacional en PAE rural -\",\"isPartOf\":{\"@id\":\"https:\/\/luchonoticias.com\/editor\/#website\"},\"datePublished\":\"2022-12-05T20:00:27+00:00\",\"dateModified\":\"2022-12-05T20:00:28+00:00\",\"breadcrumb\":{\"@id\":\"https:\/\/luchonoticias.com\/editor\/huila-es-piloto-nacional-en-pae-rural\/#breadcrumb\"},\"inLanguage\":\"es\",\"potentialAction\":[{\"@type\":\"ReadAction\",\"target\":[\"https:\/\/luchonoticias.com\/editor\/huila-es-piloto-nacional-en-pae-rural\/\"]}]},{\"@type\":\"BreadcrumbList\",\"@id\":\"https:\/\/luchonoticias.com\/editor\/huila-es-piloto-nacional-en-pae-rural\/#breadcrumb\",\"itemListElement\":[{\"@type\":\"ListItem\",\"position\":1,\"name\":\"Portada\",\"item\":\"https:\/\/luchonoticias.com\/editor\/\"},{\"@type\":\"ListItem\",\"position\":2,\"name\":\"Huila es piloto nacional en PAE rural\"}]},{\"@type\":\"WebSite\",\"@id\":\"https:\/\/luchonoticias.com\/editor\/#website\",\"url\":\"https:\/\/luchonoticias.com\/editor\/\",\"name\":\"\",\"description\":\"\",\"publisher\":{\"@id\":\"https:\/\/luchonoticias.com\/editor\/#\/schema\/person\/7a7fd911f58561fd056dbac7b55af9cd\"},\"potentialAction\":[{\"@type\":\"SearchAction\",\"target\":{\"@type\":\"EntryPoint\",\"urlTemplate\":\"https:\/\/luchonoticias.com\/editor\/?s={search_term_string}\"},\"query-input\":{\"@type\":\"PropertyValueSpecification\",\"valueRequired\":true,\"valueName\":\"search_term_string\"}}],\"inLanguage\":\"es\"},{\"@type\":[\"Person\",\"Organization\"],\"@id\":\"https:\/\/luchonoticias.com\/editor\/#\/schema\/person\/7a7fd911f58561fd056dbac7b55af9cd\",\"name\":\"admin\",\"image\":{\"@type\":\"ImageObject\",\"inLanguage\":\"es\",\"@id\":\"https:\/\/luchonoticias.com\/editor\/#\/schema\/person\/image\/\",\"url\":\"https:\/\/luchonoticias.com\/editor\/wp-content\/uploads\/2024\/02\/cropped-cropped-logolu.webp\",\"contentUrl\":\"https:\/\/luchonoticias.com\/editor\/wp-content\/uploads\/2024\/02\/cropped-cropped-logolu.webp\",\"width\":382,\"height\":170,\"caption\":\"admin\"},\"logo\":{\"@id\":\"https:\/\/luchonoticias.com\/editor\/#\/schema\/person\/image\/\"},\"sameAs\":[\"https:\/\/www.facebook.com\/luchonoticiasneiva\"],\"url\":\"https:\/\/luchonoticias.com\/editor\/author\/admin\/\"}]}<\/script>\n<!-- \/ Yoast SEO plugin. -->","yoast_head_json":{"title":"Huila es piloto nacional en PAE rural -","robots":{"index":"index","follow":"follow","max-snippet":"max-snippet:-1","max-image-preview":"max-image-preview:large","max-video-preview":"max-video-preview:-1"},"canonical":"https:\/\/luchonoticias.com\/editor\/huila-es-piloto-nacional-en-pae-rural\/","og_locale":"es_ES","og_type":"article","og_title":"Huila es piloto nacional en PAE rural -","og_url":"https:\/\/luchonoticias.com\/editor\/huila-es-piloto-nacional-en-pae-rural\/","article_publisher":"https:\/\/www.facebook.com\/luchonoticiasneiva","article_author":"https:\/\/www.facebook.com\/luchonoticiasneiva","article_published_time":"2022-12-05T20:00:27+00:00","article_modified_time":"2022-12-05T20:00:28+00:00","author":"admin","twitter_card":"summary_large_image","twitter_misc":{"Escrito por":"admin","Tiempo de lectura":"3 minutos"},"schema":{"@context":"https:\/\/schema.org","@graph":[{"@type":"Article","@id":"https:\/\/luchonoticias.com\/editor\/huila-es-piloto-nacional-en-pae-rural\/#article","isPartOf":{"@id":"https:\/\/luchonoticias.com\/editor\/huila-es-piloto-nacional-en-pae-rural\/"},"author":{"name":"admin","@id":"https:\/\/luchonoticias.com\/editor\/#\/schema\/person\/7a7fd911f58561fd056dbac7b55af9cd"},"headline":"Huila es piloto nacional en PAE rural","datePublished":"2022-12-05T20:00:27+00:00","dateModified":"2022-12-05T20:00:28+00:00","mainEntityOfPage":{"@id":"https:\/\/luchonoticias.com\/editor\/huila-es-piloto-nacional-en-pae-rural\/"},"wordCount":585,"commentCount":0,"publisher":{"@id":"https:\/\/luchonoticias.com\/editor\/#\/schema\/person\/7a7fd911f58561fd056dbac7b55af9cd"},"articleSection":["Destacado","Regional"],"inLanguage":"es","potentialAction":[{"@type":"CommentAction","name":"Comment","target":["https:\/\/luchonoticias.com\/editor\/huila-es-piloto-nacional-en-pae-rural\/#respond"]}]},{"@type":"WebPage","@id":"https:\/\/luchonoticias.com\/editor\/huila-es-piloto-nacional-en-pae-rural\/","url":"https:\/\/luchonoticias.com\/editor\/huila-es-piloto-nacional-en-pae-rural\/","name":"Huila es piloto nacional en PAE rural -","isPartOf":{"@id":"https:\/\/luchonoticias.com\/editor\/#website"},"datePublished":"2022-12-05T20:00:27+00:00","dateModified":"2022-12-05T20:00:28+00:00","breadcrumb":{"@id":"https:\/\/luchonoticias.com\/editor\/huila-es-piloto-nacional-en-pae-rural\/#breadcrumb"},"inLanguage":"es","potentialAction":[{"@type":"ReadAction","target":["https:\/\/luchonoticias.com\/editor\/huila-es-piloto-nacional-en-pae-rural\/"]}]},{"@type":"BreadcrumbList","@id":"https:\/\/luchonoticias.com\/editor\/huila-es-piloto-nacional-en-pae-rural\/#breadcrumb","itemListElement":[{"@type":"ListItem","position":1,"name":"Portada","item":"https:\/\/luchonoticias.com\/editor\/"},{"@type":"ListItem","position":2,"name":"Huila es piloto nacional en PAE rural"}]},{"@type":"WebSite","@id":"https:\/\/luchonoticias.com\/editor\/#website","url":"https:\/\/luchonoticias.com\/editor\/","name":"","description":"","publisher":{"@id":"https:\/\/luchonoticias.com\/editor\/#\/schema\/person\/7a7fd911f58561fd056dbac7b55af9cd"},"potentialAction":[{"@type":"SearchAction","target":{"@type":"EntryPoint","urlTemplate":"https:\/\/luchonoticias.com\/editor\/?s={search_term_string}"},"query-input":{"@type":"PropertyValueSpecification","valueRequired":true,"valueName":"search_term_string"}}],"inLanguage":"es"},{"@type":["Person","Organization"],"@id":"https:\/\/luchonoticias.com\/editor\/#\/schema\/person\/7a7fd911f58561fd056dbac7b55af9cd","name":"admin","image":{"@type":"ImageObject","inLanguage":"es","@id":"https:\/\/luchonoticias.com\/editor\/#\/schema\/person\/image\/","url":"https:\/\/luchonoticias.com\/editor\/wp-content\/uploads\/2024\/02\/cropped-cropped-logolu.webp","contentUrl":"https:\/\/luchonoticias.com\/editor\/wp-content\/uploads\/2024\/02\/cropped-cropped-logolu.webp","width":382,"height":170,"caption":"admin"},"logo":{"@id":"https:\/\/luchonoticias.com\/editor\/#\/schema\/person\/image\/"},"sameAs":["https:\/\/www.facebook.com\/luchonoticiasneiva"],"url":"https:\/\/luchonoticias.com\/editor\/author\/admin\/"}]}},"_links":{"self":[{"href":"https:\/\/luchonoticias.com\/editor\/wp-json\/wp\/v2\/posts\/41286","targetHints":{"allow":["GET"]}}],"collection":[{"href":"https:\/\/luchonoticias.com\/editor\/wp-json\/wp\/v2\/posts"}],"about":[{"href":"https:\/\/luchonoticias.com\/editor\/wp-json\/wp\/v2\/types\/post"}],"author":[{"embeddable":true,"href":"https:\/\/luchonoticias.com\/editor\/wp-json\/wp\/v2\/users\/1"}],"replies":[{"embeddable":true,"href":"https:\/\/luchonoticias.com\/editor\/wp-json\/wp\/v2\/comments?post=41286"}],"version-history":[{"count":0,"href":"https:\/\/luchonoticias.com\/editor\/wp-json\/wp\/v2\/posts\/41286\/revisions"}],"wp:attachment":[{"href":"https:\/\/luchonoticias.com\/editor\/wp-json\/wp\/v2\/media?parent=41286"}],"wp:term":[{"taxonomy":"category","embeddable":true,"href":"https:\/\/luchonoticias.com\/editor\/wp-json\/wp\/v2\/categories?post=41286"},{"taxonomy":"post_tag","embeddable":true,"href":"https:\/\/luchonoticias.com\/editor\/wp-json\/wp\/v2\/tags?post=41286"}],"curies":[{"name":"wp","href":"https:\/\/api.w.org\/{rel}","templated":true}]}}