{"id":41292,"date":"2022-12-05T18:35:50","date_gmt":"2022-12-05T23:35:50","guid":{"rendered":"https:\/\/luchonoticias.com\/?p=41292"},"modified":"2022-12-05T18:38:14","modified_gmt":"2022-12-05T23:38:14","slug":"regresa-la-rumba-hasta-las-500-am-en-neiva","status":"publish","type":"post","link":"https:\/\/luchonoticias.com\/editor\/regresa-la-rumba-hasta-las-500-am-en-neiva\/","title":{"rendered":"Regresa la rumba hasta las 5 am en Neiva"},"content":{"rendered":"\n<p>A trav\u00e9s del Decreto 0970 de 2022, la Administraci\u00f3n Municipal, estableci\u00f3 las medidas que regir\u00e1n para la temporada de fin de a\u00f1o. Entre las medidas m\u00e1s relevantes est\u00e1n, la ampliaci\u00f3n del horario de cierre de los establecimientos nocturnos. De acuerdo con el Decreto, los bares y discotecas podr\u00e1n operar hasta las 5:00 AM, siempre y cuando cumplan con los requisitos establecidos en el decreto 0896 de 2022. Los dem\u00e1s podr\u00e1n hacerlo hasta las 3:00 AM.<\/p>\n\n\n\n<p>Entre tanto los bares y discotecas de los corregimientos, podr\u00e1n operar hasta las 3:00 AM, a excepci\u00f3n de San Luis, Aipecito, Vegalarga y Chapinero, donde solo podr\u00e1n funcionar hasta las 10:00 PM.<\/p>\n\n\n\n<figure class=\"wp-block-gallery has-nested-images columns-default is-cropped wp-block-gallery-1 is-layout-flex wp-block-gallery-is-layout-flex\">\n<figure class=\"wp-block-image size-large\"><img decoding=\"async\" data-id=\"41295\" src=\"https:\/\/luchonoticias.com\/wp-content\/uploads\/2022\/12\/WhatsApp-Image-2022-12-05-at-6.32.49-PM-1024x683.jpeg\" alt=\"\" class=\"wp-image-41295\"\/><\/figure>\n\n\n\n<figure class=\"wp-block-image size-large\"><img decoding=\"async\" data-id=\"41296\" src=\"https:\/\/luchonoticias.com\/wp-content\/uploads\/2022\/12\/WhatsApp-Image-2022-12-05-at-6.31.27-PM-1024x768.jpeg\" alt=\"\" class=\"wp-image-41296\"\/><\/figure>\n\n\n\n<figure class=\"wp-block-image size-large\"><img decoding=\"async\" data-id=\"41297\" src=\"https:\/\/luchonoticias.com\/wp-content\/uploads\/2022\/12\/WhatsApp-Image-2022-12-05-at-6.31.26-PM-1-1024x768.jpeg\" alt=\"\" class=\"wp-image-41297\"\/><\/figure>\n<\/figure>\n\n\n\n<p><strong>Prohibici\u00f3n de p\u00f3lvora<\/strong><\/p>\n\n\n\n<p>El Decreto contempla adem\u00e1s la prohibici\u00f3n de venta, manipulaci\u00f3n, fabricaci\u00f3n y uso de p\u00f3lvora en todo el municipio. Solo podr\u00e1n hacerlo quieren tengan las debidas autorizaciones y cumplan con los protocolos de seguridad establecidos. Las autoridades velar\u00e1n por el cumplimiento de esta medida, as\u00ed como la prohibici\u00f3n de venta ambulante, o quema de p\u00f3lvora no autorizada. La meta de la Administraci\u00f3n Municipal es evitar al m\u00e1ximo casos de ni\u00f1os quemados con juegos pirot\u00e9cnicos.<\/p>\n\n\n\n<figure class=\"wp-block-image size-large\"><img decoding=\"async\" src=\"https:\/\/luchonoticias.com\/wp-content\/uploads\/2022\/12\/WhatsApp-Image-2022-12-05-at-6.33.37-PM-1024x683.jpeg\" alt=\"\" class=\"wp-image-41298\"\/><\/figure>\n\n\n\n<blockquote class=\"wp-block-quote is-layout-flow wp-block-quote-is-layout-flow\">\n<p>Estas medidas regir\u00e1n entre el 7 de diciembre y el 10 de enero de 2023.<\/p>\n<\/blockquote>\n","protected":false},"excerpt":{"rendered":"<p>A trav\u00e9s del Decreto 0970 de 2022, la Administraci\u00f3n Municipal, estableci\u00f3 las medidas que regir\u00e1n para la temporada de fin de a\u00f1o. Entre las medidas m\u00e1s relevantes est\u00e1n, la ampliaci\u00f3n del horario de cierre de los establecimientos nocturnos. De acuerdo con el Decreto, los bares y discotecas podr\u00e1n operar hasta las 5:00 AM, siempre y [&hellip;]<\/p>\n","protected":false},"author":1,"featured_media":0,"comment_status":"open","ping_status":"open","sticky":false,"template":"","format":"standard","meta":{"footnotes":""},"categories":[36,53],"tags":[],"class_list":["post-41292","post","type-post","status-publish","format-standard","hentry","category-destacado","category-neiva"],"yoast_head":"<!-- This site is optimized with the Yoast SEO plugin v26.6 - https:\/\/yoast.com\/wordpress\/plugins\/seo\/ -->\n<title>Regresa la rumba hasta las 5 am en Neiva -<\/title>\n<meta name=\"robots\" content=\"index, follow, max-snippet:-1, max-image-preview:large, max-video-preview:-1\" \/>\n<link rel=\"canonical\" href=\"https:\/\/luchonoticias.com\/editor\/regresa-la-rumba-hasta-las-500-am-en-neiva\/\" \/>\n<meta property=\"og:locale\" content=\"es_ES\" \/>\n<meta property=\"og:type\" content=\"article\" \/>\n<meta property=\"og:title\" content=\"Regresa la rumba hasta las 5 am en Neiva -\" \/>\n<meta property=\"og:url\" content=\"https:\/\/luchonoticias.com\/editor\/regresa-la-rumba-hasta-las-500-am-en-neiva\/\" \/>\n<meta property=\"article:publisher\" content=\"https:\/\/www.facebook.com\/luchonoticiasneiva\" \/>\n<meta property=\"article:author\" content=\"https:\/\/www.facebook.com\/luchonoticiasneiva\" \/>\n<meta property=\"article:published_time\" content=\"2022-12-05T23:35:50+00:00\" \/>\n<meta property=\"article:modified_time\" content=\"2022-12-05T23:38:14+00:00\" \/>\n<meta property=\"og:image\" content=\"https:\/\/luchonoticias.com\/wp-content\/uploads\/2022\/12\/WhatsApp-Image-2022-12-05-at-6.32.49-PM-1024x683.jpeg\" \/>\n<meta name=\"author\" content=\"admin\" \/>\n<meta name=\"twitter:card\" content=\"summary_large_image\" \/>\n<meta name=\"twitter:label1\" content=\"Escrito por\" \/>\n\t<meta name=\"twitter:data1\" content=\"admin\" \/>\n\t<meta name=\"twitter:label2\" content=\"Tiempo de lectura\" \/>\n\t<meta name=\"twitter:data2\" content=\"1 minuto\" \/>\n<script type=\"application\/ld+json\" class=\"yoast-schema-graph\">{\"@context\":\"https:\/\/schema.org\",\"@graph\":[{\"@type\":\"Article\",\"@id\":\"https:\/\/luchonoticias.com\/editor\/regresa-la-rumba-hasta-las-500-am-en-neiva\/#article\",\"isPartOf\":{\"@id\":\"https:\/\/luchonoticias.com\/editor\/regresa-la-rumba-hasta-las-500-am-en-neiva\/\"},\"author\":{\"name\":\"admin\",\"@id\":\"https:\/\/luchonoticias.com\/editor\/#\/schema\/person\/7a7fd911f58561fd056dbac7b55af9cd\"},\"headline\":\"Regresa la rumba hasta las 5 am en Neiva\",\"datePublished\":\"2022-12-05T23:35:50+00:00\",\"dateModified\":\"2022-12-05T23:38:14+00:00\",\"mainEntityOfPage\":{\"@id\":\"https:\/\/luchonoticias.com\/editor\/regresa-la-rumba-hasta-las-500-am-en-neiva\/\"},\"wordCount\":224,\"commentCount\":0,\"publisher\":{\"@id\":\"https:\/\/luchonoticias.com\/editor\/#\/schema\/person\/7a7fd911f58561fd056dbac7b55af9cd\"},\"image\":{\"@id\":\"https:\/\/luchonoticias.com\/editor\/regresa-la-rumba-hasta-las-500-am-en-neiva\/#primaryimage\"},\"thumbnailUrl\":\"https:\/\/luchonoticias.com\/wp-content\/uploads\/2022\/12\/WhatsApp-Image-2022-12-05-at-6.32.49-PM-1024x683.jpeg\",\"articleSection\":[\"Destacado\",\"Neiva\"],\"inLanguage\":\"es\",\"potentialAction\":[{\"@type\":\"CommentAction\",\"name\":\"Comment\",\"target\":[\"https:\/\/luchonoticias.com\/editor\/regresa-la-rumba-hasta-las-500-am-en-neiva\/#respond\"]}]},{\"@type\":\"WebPage\",\"@id\":\"https:\/\/luchonoticias.com\/editor\/regresa-la-rumba-hasta-las-500-am-en-neiva\/\",\"url\":\"https:\/\/luchonoticias.com\/editor\/regresa-la-rumba-hasta-las-500-am-en-neiva\/\",\"name\":\"Regresa la rumba hasta las 5 am en Neiva -\",\"isPartOf\":{\"@id\":\"https:\/\/luchonoticias.com\/editor\/#website\"},\"primaryImageOfPage\":{\"@id\":\"https:\/\/luchonoticias.com\/editor\/regresa-la-rumba-hasta-las-500-am-en-neiva\/#primaryimage\"},\"image\":{\"@id\":\"https:\/\/luchonoticias.com\/editor\/regresa-la-rumba-hasta-las-500-am-en-neiva\/#primaryimage\"},\"thumbnailUrl\":\"https:\/\/luchonoticias.com\/wp-content\/uploads\/2022\/12\/WhatsApp-Image-2022-12-05-at-6.32.49-PM-1024x683.jpeg\",\"datePublished\":\"2022-12-05T23:35:50+00:00\",\"dateModified\":\"2022-12-05T23:38:14+00:00\",\"breadcrumb\":{\"@id\":\"https:\/\/luchonoticias.com\/editor\/regresa-la-rumba-hasta-las-500-am-en-neiva\/#breadcrumb\"},\"inLanguage\":\"es\",\"potentialAction\":[{\"@type\":\"ReadAction\",\"target\":[\"https:\/\/luchonoticias.com\/editor\/regresa-la-rumba-hasta-las-500-am-en-neiva\/\"]}]},{\"@type\":\"ImageObject\",\"inLanguage\":\"es\",\"@id\":\"https:\/\/luchonoticias.com\/editor\/regresa-la-rumba-hasta-las-500-am-en-neiva\/#primaryimage\",\"url\":\"https:\/\/luchonoticias.com\/wp-content\/uploads\/2022\/12\/WhatsApp-Image-2022-12-05-at-6.32.49-PM-1024x683.jpeg\",\"contentUrl\":\"https:\/\/luchonoticias.com\/wp-content\/uploads\/2022\/12\/WhatsApp-Image-2022-12-05-at-6.32.49-PM-1024x683.jpeg\"},{\"@type\":\"BreadcrumbList\",\"@id\":\"https:\/\/luchonoticias.com\/editor\/regresa-la-rumba-hasta-las-500-am-en-neiva\/#breadcrumb\",\"itemListElement\":[{\"@type\":\"ListItem\",\"position\":1,\"name\":\"Portada\",\"item\":\"https:\/\/luchonoticias.com\/editor\/\"},{\"@type\":\"ListItem\",\"position\":2,\"name\":\"Regresa la rumba hasta las 5 am en Neiva\"}]},{\"@type\":\"WebSite\",\"@id\":\"https:\/\/luchonoticias.com\/editor\/#website\",\"url\":\"https:\/\/luchonoticias.com\/editor\/\",\"name\":\"\",\"description\":\"\",\"publisher\":{\"@id\":\"https:\/\/luchonoticias.com\/editor\/#\/schema\/person\/7a7fd911f58561fd056dbac7b55af9cd\"},\"potentialAction\":[{\"@type\":\"SearchAction\",\"target\":{\"@type\":\"EntryPoint\",\"urlTemplate\":\"https:\/\/luchonoticias.com\/editor\/?s={search_term_string}\"},\"query-input\":{\"@type\":\"PropertyValueSpecification\",\"valueRequired\":true,\"valueName\":\"search_term_string\"}}],\"inLanguage\":\"es\"},{\"@type\":[\"Person\",\"Organization\"],\"@id\":\"https:\/\/luchonoticias.com\/editor\/#\/schema\/person\/7a7fd911f58561fd056dbac7b55af9cd\",\"name\":\"admin\",\"image\":{\"@type\":\"ImageObject\",\"inLanguage\":\"es\",\"@id\":\"https:\/\/luchonoticias.com\/editor\/#\/schema\/person\/image\/\",\"url\":\"https:\/\/luchonoticias.com\/editor\/wp-content\/uploads\/2024\/02\/cropped-cropped-logolu.webp\",\"contentUrl\":\"https:\/\/luchonoticias.com\/editor\/wp-content\/uploads\/2024\/02\/cropped-cropped-logolu.webp\",\"width\":382,\"height\":170,\"caption\":\"admin\"},\"logo\":{\"@id\":\"https:\/\/luchonoticias.com\/editor\/#\/schema\/person\/image\/\"},\"sameAs\":[\"https:\/\/www.facebook.com\/luchonoticiasneiva\"],\"url\":\"https:\/\/luchonoticias.com\/editor\/author\/admin\/\"}]}<\/script>\n<!-- \/ Yoast SEO plugin. -->","yoast_head_json":{"title":"Regresa la rumba hasta las 5 am en Neiva -","robots":{"index":"index","follow":"follow","max-snippet":"max-snippet:-1","max-image-preview":"max-image-preview:large","max-video-preview":"max-video-preview:-1"},"canonical":"https:\/\/luchonoticias.com\/editor\/regresa-la-rumba-hasta-las-500-am-en-neiva\/","og_locale":"es_ES","og_type":"article","og_title":"Regresa la rumba hasta las 5 am en Neiva -","og_url":"https:\/\/luchonoticias.com\/editor\/regresa-la-rumba-hasta-las-500-am-en-neiva\/","article_publisher":"https:\/\/www.facebook.com\/luchonoticiasneiva","article_author":"https:\/\/www.facebook.com\/luchonoticiasneiva","article_published_time":"2022-12-05T23:35:50+00:00","article_modified_time":"2022-12-05T23:38:14+00:00","og_image":[{"url":"https:\/\/luchonoticias.com\/wp-content\/uploads\/2022\/12\/WhatsApp-Image-2022-12-05-at-6.32.49-PM-1024x683.jpeg","type":"","width":"","height":""}],"author":"admin","twitter_card":"summary_large_image","twitter_misc":{"Escrito por":"admin","Tiempo de lectura":"1 minuto"},"schema":{"@context":"https:\/\/schema.org","@graph":[{"@type":"Article","@id":"https:\/\/luchonoticias.com\/editor\/regresa-la-rumba-hasta-las-500-am-en-neiva\/#article","isPartOf":{"@id":"https:\/\/luchonoticias.com\/editor\/regresa-la-rumba-hasta-las-500-am-en-neiva\/"},"author":{"name":"admin","@id":"https:\/\/luchonoticias.com\/editor\/#\/schema\/person\/7a7fd911f58561fd056dbac7b55af9cd"},"headline":"Regresa la rumba hasta las 5 am en Neiva","datePublished":"2022-12-05T23:35:50+00:00","dateModified":"2022-12-05T23:38:14+00:00","mainEntityOfPage":{"@id":"https:\/\/luchonoticias.com\/editor\/regresa-la-rumba-hasta-las-500-am-en-neiva\/"},"wordCount":224,"commentCount":0,"publisher":{"@id":"https:\/\/luchonoticias.com\/editor\/#\/schema\/person\/7a7fd911f58561fd056dbac7b55af9cd"},"image":{"@id":"https:\/\/luchonoticias.com\/editor\/regresa-la-rumba-hasta-las-500-am-en-neiva\/#primaryimage"},"thumbnailUrl":"https:\/\/luchonoticias.com\/wp-content\/uploads\/2022\/12\/WhatsApp-Image-2022-12-05-at-6.32.49-PM-1024x683.jpeg","articleSection":["Destacado","Neiva"],"inLanguage":"es","potentialAction":[{"@type":"CommentAction","name":"Comment","target":["https:\/\/luchonoticias.com\/editor\/regresa-la-rumba-hasta-las-500-am-en-neiva\/#respond"]}]},{"@type":"WebPage","@id":"https:\/\/luchonoticias.com\/editor\/regresa-la-rumba-hasta-las-500-am-en-neiva\/","url":"https:\/\/luchonoticias.com\/editor\/regresa-la-rumba-hasta-las-500-am-en-neiva\/","name":"Regresa la rumba hasta las 5 am en Neiva -","isPartOf":{"@id":"https:\/\/luchonoticias.com\/editor\/#website"},"primaryImageOfPage":{"@id":"https:\/\/luchonoticias.com\/editor\/regresa-la-rumba-hasta-las-500-am-en-neiva\/#primaryimage"},"image":{"@id":"https:\/\/luchonoticias.com\/editor\/regresa-la-rumba-hasta-las-500-am-en-neiva\/#primaryimage"},"thumbnailUrl":"https:\/\/luchonoticias.com\/wp-content\/uploads\/2022\/12\/WhatsApp-Image-2022-12-05-at-6.32.49-PM-1024x683.jpeg","datePublished":"2022-12-05T23:35:50+00:00","dateModified":"2022-12-05T23:38:14+00:00","breadcrumb":{"@id":"https:\/\/luchonoticias.com\/editor\/regresa-la-rumba-hasta-las-500-am-en-neiva\/#breadcrumb"},"inLanguage":"es","potentialAction":[{"@type":"ReadAction","target":["https:\/\/luchonoticias.com\/editor\/regresa-la-rumba-hasta-las-500-am-en-neiva\/"]}]},{"@type":"ImageObject","inLanguage":"es","@id":"https:\/\/luchonoticias.com\/editor\/regresa-la-rumba-hasta-las-500-am-en-neiva\/#primaryimage","url":"https:\/\/luchonoticias.com\/wp-content\/uploads\/2022\/12\/WhatsApp-Image-2022-12-05-at-6.32.49-PM-1024x683.jpeg","contentUrl":"https:\/\/luchonoticias.com\/wp-content\/uploads\/2022\/12\/WhatsApp-Image-2022-12-05-at-6.32.49-PM-1024x683.jpeg"},{"@type":"BreadcrumbList","@id":"https:\/\/luchonoticias.com\/editor\/regresa-la-rumba-hasta-las-500-am-en-neiva\/#breadcrumb","itemListElement":[{"@type":"ListItem","position":1,"name":"Portada","item":"https:\/\/luchonoticias.com\/editor\/"},{"@type":"ListItem","position":2,"name":"Regresa la rumba hasta las 5 am en Neiva"}]},{"@type":"WebSite","@id":"https:\/\/luchonoticias.com\/editor\/#website","url":"https:\/\/luchonoticias.com\/editor\/","name":"","description":"","publisher":{"@id":"https:\/\/luchonoticias.com\/editor\/#\/schema\/person\/7a7fd911f58561fd056dbac7b55af9cd"},"potentialAction":[{"@type":"SearchAction","target":{"@type":"EntryPoint","urlTemplate":"https:\/\/luchonoticias.com\/editor\/?s={search_term_string}"},"query-input":{"@type":"PropertyValueSpecification","valueRequired":true,"valueName":"search_term_string"}}],"inLanguage":"es"},{"@type":["Person","Organization"],"@id":"https:\/\/luchonoticias.com\/editor\/#\/schema\/person\/7a7fd911f58561fd056dbac7b55af9cd","name":"admin","image":{"@type":"ImageObject","inLanguage":"es","@id":"https:\/\/luchonoticias.com\/editor\/#\/schema\/person\/image\/","url":"https:\/\/luchonoticias.com\/editor\/wp-content\/uploads\/2024\/02\/cropped-cropped-logolu.webp","contentUrl":"https:\/\/luchonoticias.com\/editor\/wp-content\/uploads\/2024\/02\/cropped-cropped-logolu.webp","width":382,"height":170,"caption":"admin"},"logo":{"@id":"https:\/\/luchonoticias.com\/editor\/#\/schema\/person\/image\/"},"sameAs":["https:\/\/www.facebook.com\/luchonoticiasneiva"],"url":"https:\/\/luchonoticias.com\/editor\/author\/admin\/"}]}},"_links":{"self":[{"href":"https:\/\/luchonoticias.com\/editor\/wp-json\/wp\/v2\/posts\/41292","targetHints":{"allow":["GET"]}}],"collection":[{"href":"https:\/\/luchonoticias.com\/editor\/wp-json\/wp\/v2\/posts"}],"about":[{"href":"https:\/\/luchonoticias.com\/editor\/wp-json\/wp\/v2\/types\/post"}],"author":[{"embeddable":true,"href":"https:\/\/luchonoticias.com\/editor\/wp-json\/wp\/v2\/users\/1"}],"replies":[{"embeddable":true,"href":"https:\/\/luchonoticias.com\/editor\/wp-json\/wp\/v2\/comments?post=41292"}],"version-history":[{"count":0,"href":"https:\/\/luchonoticias.com\/editor\/wp-json\/wp\/v2\/posts\/41292\/revisions"}],"wp:attachment":[{"href":"https:\/\/luchonoticias.com\/editor\/wp-json\/wp\/v2\/media?parent=41292"}],"wp:term":[{"taxonomy":"category","embeddable":true,"href":"https:\/\/luchonoticias.com\/editor\/wp-json\/wp\/v2\/categories?post=41292"},{"taxonomy":"post_tag","embeddable":true,"href":"https:\/\/luchonoticias.com\/editor\/wp-json\/wp\/v2\/tags?post=41292"}],"curies":[{"name":"wp","href":"https:\/\/api.w.org\/{rel}","templated":true}]}}