{"id":41385,"date":"2022-12-06T11:09:31","date_gmt":"2022-12-06T16:09:31","guid":{"rendered":"https:\/\/luchonoticias.com\/?p=41385"},"modified":"2022-12-06T11:09:32","modified_gmt":"2022-12-06T16:09:32","slug":"disdencias-asesinaron-a-soldados-en-el-cauca","status":"publish","type":"post","link":"https:\/\/luchonoticias.com\/editor\/disdencias-asesinaron-a-soldados-en-el-cauca\/","title":{"rendered":"Disdencias asesinaron a soldados en el Cauca"},"content":{"rendered":"\n<p>El presidente Gustavo Petro confirm\u00f3 que la disidencia &#8216;Jaime Mart\u00ednez&#8217; es la responsables de la emboscada en Buenos Aires en el Cauca, que dej\u00f3 cuatro militares muertos y otros seis heridos.<\/p>\n\n\n\n<p>El ataque se present\u00f3 en la vereda Munchique, lugar donde hace presencia las disidencias de las Farc Jaime Mart\u00ednez.<\/p>\n\n\n\n<p>Segun la informaci\u00f3n preliminar, el grupo armado ilegal lanz\u00f3 tatucos y granadas contra los militares que hacen parte del Batall\u00f3n Pichincha.<br>\u00abEl ejercito no va abandonar la zona en donde permanece en este momento en el Cauca, la regi\u00f3n del Naya\u00bb, dijo el presidente Petro.<br>Agreg\u00f3 que la zona en la que se produjo esta masacre es una ruta de narcotr\u00e1fico y otros, que utilizan la zona para llegar hasta el mar pac\u00edfico.<br>\u00abLa operaci\u00f3n que hicieron fue de infiltraci\u00f3n, predeterminadamente se busc\u00f3 el ataque, se planific\u00f3 por parte de la columna Jaime Mart\u00ednez, que es de las FARC originales\u00bb, destac\u00f3 sobre la masacre.<\/p>\n\n\n\n<p><br>El mandatario asegur\u00f3 que se adoptaron medidas de reacci\u00f3n, acci\u00f3n que se van a desarrollar en la zona del Putumayo, en la regi\u00f3n del Cauca y en Arauca, \u00abdonde se est\u00e1n presentando conflictividades en crecimiento\u00bb.<br>En cuanto a la posibilidad de di\u00e1logos, el jefe de Estado asegur\u00f3 que no est\u00e1 circunscrita al cese de las operaciones militares, pues \u201chasta ahora se ha hablado de una posibilidad\u201d.<\/p>\n\n\n\n<p><br>Tambi\u00e9n indic\u00f3 que hay un solo proceso concreto hasta el momento y es con el Ej\u00e9rcito de Liberaci\u00f3n Nacional (ELN) y se abrir\u00e1 este 7 de diciembre con organizaciones de j\u00f3venes armados en Buenaventura<\/p>\n","protected":false},"excerpt":{"rendered":"<p>El presidente Gustavo Petro confirm\u00f3 que la disidencia &#8216;Jaime Mart\u00ednez&#8217; es la responsables de la emboscada en Buenos Aires en el Cauca, que dej\u00f3 cuatro militares muertos y otros seis heridos. El ataque se present\u00f3 en la vereda Munchique, lugar donde hace presencia las disidencias de las Farc Jaime Mart\u00ednez. Segun la informaci\u00f3n preliminar, el [&hellip;]<\/p>\n","protected":false},"author":1,"featured_media":0,"comment_status":"open","ping_status":"open","sticky":false,"template":"","format":"standard","meta":{"footnotes":""},"categories":[36,32],"tags":[],"class_list":["post-41385","post","type-post","status-publish","format-standard","hentry","category-destacado","category-nacional"],"yoast_head":"<!-- This site is optimized with the Yoast SEO plugin v26.6 - https:\/\/yoast.com\/wordpress\/plugins\/seo\/ -->\n<title>Disdencias asesinaron a soldados en el Cauca -<\/title>\n<meta name=\"robots\" content=\"index, follow, max-snippet:-1, max-image-preview:large, max-video-preview:-1\" \/>\n<link rel=\"canonical\" href=\"https:\/\/luchonoticias.com\/editor\/disdencias-asesinaron-a-soldados-en-el-cauca\/\" \/>\n<meta property=\"og:locale\" content=\"es_ES\" \/>\n<meta property=\"og:type\" content=\"article\" \/>\n<meta property=\"og:title\" content=\"Disdencias asesinaron a soldados en el Cauca -\" \/>\n<meta property=\"og:url\" content=\"https:\/\/luchonoticias.com\/editor\/disdencias-asesinaron-a-soldados-en-el-cauca\/\" \/>\n<meta property=\"article:publisher\" content=\"https:\/\/www.facebook.com\/luchonoticiasneiva\" \/>\n<meta property=\"article:author\" content=\"https:\/\/www.facebook.com\/luchonoticiasneiva\" \/>\n<meta property=\"article:published_time\" content=\"2022-12-06T16:09:31+00:00\" \/>\n<meta property=\"article:modified_time\" content=\"2022-12-06T16:09:32+00:00\" \/>\n<meta name=\"author\" content=\"admin\" \/>\n<meta name=\"twitter:card\" content=\"summary_large_image\" \/>\n<meta name=\"twitter:label1\" content=\"Escrito por\" \/>\n\t<meta name=\"twitter:data1\" content=\"admin\" \/>\n\t<meta name=\"twitter:label2\" content=\"Tiempo de lectura\" \/>\n\t<meta name=\"twitter:data2\" content=\"1 minuto\" \/>\n<script type=\"application\/ld+json\" class=\"yoast-schema-graph\">{\"@context\":\"https:\/\/schema.org\",\"@graph\":[{\"@type\":\"Article\",\"@id\":\"https:\/\/luchonoticias.com\/editor\/disdencias-asesinaron-a-soldados-en-el-cauca\/#article\",\"isPartOf\":{\"@id\":\"https:\/\/luchonoticias.com\/editor\/disdencias-asesinaron-a-soldados-en-el-cauca\/\"},\"author\":{\"name\":\"admin\",\"@id\":\"https:\/\/luchonoticias.com\/editor\/#\/schema\/person\/7a7fd911f58561fd056dbac7b55af9cd\"},\"headline\":\"Disdencias asesinaron a soldados en el Cauca\",\"datePublished\":\"2022-12-06T16:09:31+00:00\",\"dateModified\":\"2022-12-06T16:09:32+00:00\",\"mainEntityOfPage\":{\"@id\":\"https:\/\/luchonoticias.com\/editor\/disdencias-asesinaron-a-soldados-en-el-cauca\/\"},\"wordCount\":279,\"commentCount\":0,\"publisher\":{\"@id\":\"https:\/\/luchonoticias.com\/editor\/#\/schema\/person\/7a7fd911f58561fd056dbac7b55af9cd\"},\"articleSection\":[\"Destacado\",\"Nacional\"],\"inLanguage\":\"es\",\"potentialAction\":[{\"@type\":\"CommentAction\",\"name\":\"Comment\",\"target\":[\"https:\/\/luchonoticias.com\/editor\/disdencias-asesinaron-a-soldados-en-el-cauca\/#respond\"]}]},{\"@type\":\"WebPage\",\"@id\":\"https:\/\/luchonoticias.com\/editor\/disdencias-asesinaron-a-soldados-en-el-cauca\/\",\"url\":\"https:\/\/luchonoticias.com\/editor\/disdencias-asesinaron-a-soldados-en-el-cauca\/\",\"name\":\"Disdencias asesinaron a soldados en el Cauca -\",\"isPartOf\":{\"@id\":\"https:\/\/luchonoticias.com\/editor\/#website\"},\"datePublished\":\"2022-12-06T16:09:31+00:00\",\"dateModified\":\"2022-12-06T16:09:32+00:00\",\"breadcrumb\":{\"@id\":\"https:\/\/luchonoticias.com\/editor\/disdencias-asesinaron-a-soldados-en-el-cauca\/#breadcrumb\"},\"inLanguage\":\"es\",\"potentialAction\":[{\"@type\":\"ReadAction\",\"target\":[\"https:\/\/luchonoticias.com\/editor\/disdencias-asesinaron-a-soldados-en-el-cauca\/\"]}]},{\"@type\":\"BreadcrumbList\",\"@id\":\"https:\/\/luchonoticias.com\/editor\/disdencias-asesinaron-a-soldados-en-el-cauca\/#breadcrumb\",\"itemListElement\":[{\"@type\":\"ListItem\",\"position\":1,\"name\":\"Portada\",\"item\":\"https:\/\/luchonoticias.com\/editor\/\"},{\"@type\":\"ListItem\",\"position\":2,\"name\":\"Disdencias asesinaron a soldados en el Cauca\"}]},{\"@type\":\"WebSite\",\"@id\":\"https:\/\/luchonoticias.com\/editor\/#website\",\"url\":\"https:\/\/luchonoticias.com\/editor\/\",\"name\":\"\",\"description\":\"\",\"publisher\":{\"@id\":\"https:\/\/luchonoticias.com\/editor\/#\/schema\/person\/7a7fd911f58561fd056dbac7b55af9cd\"},\"potentialAction\":[{\"@type\":\"SearchAction\",\"target\":{\"@type\":\"EntryPoint\",\"urlTemplate\":\"https:\/\/luchonoticias.com\/editor\/?s={search_term_string}\"},\"query-input\":{\"@type\":\"PropertyValueSpecification\",\"valueRequired\":true,\"valueName\":\"search_term_string\"}}],\"inLanguage\":\"es\"},{\"@type\":[\"Person\",\"Organization\"],\"@id\":\"https:\/\/luchonoticias.com\/editor\/#\/schema\/person\/7a7fd911f58561fd056dbac7b55af9cd\",\"name\":\"admin\",\"image\":{\"@type\":\"ImageObject\",\"inLanguage\":\"es\",\"@id\":\"https:\/\/luchonoticias.com\/editor\/#\/schema\/person\/image\/\",\"url\":\"https:\/\/luchonoticias.com\/editor\/wp-content\/uploads\/2024\/02\/cropped-cropped-logolu.webp\",\"contentUrl\":\"https:\/\/luchonoticias.com\/editor\/wp-content\/uploads\/2024\/02\/cropped-cropped-logolu.webp\",\"width\":382,\"height\":170,\"caption\":\"admin\"},\"logo\":{\"@id\":\"https:\/\/luchonoticias.com\/editor\/#\/schema\/person\/image\/\"},\"sameAs\":[\"https:\/\/www.facebook.com\/luchonoticiasneiva\"],\"url\":\"https:\/\/luchonoticias.com\/editor\/author\/admin\/\"}]}<\/script>\n<!-- \/ Yoast SEO plugin. -->","yoast_head_json":{"title":"Disdencias asesinaron a soldados en el Cauca -","robots":{"index":"index","follow":"follow","max-snippet":"max-snippet:-1","max-image-preview":"max-image-preview:large","max-video-preview":"max-video-preview:-1"},"canonical":"https:\/\/luchonoticias.com\/editor\/disdencias-asesinaron-a-soldados-en-el-cauca\/","og_locale":"es_ES","og_type":"article","og_title":"Disdencias asesinaron a soldados en el Cauca -","og_url":"https:\/\/luchonoticias.com\/editor\/disdencias-asesinaron-a-soldados-en-el-cauca\/","article_publisher":"https:\/\/www.facebook.com\/luchonoticiasneiva","article_author":"https:\/\/www.facebook.com\/luchonoticiasneiva","article_published_time":"2022-12-06T16:09:31+00:00","article_modified_time":"2022-12-06T16:09:32+00:00","author":"admin","twitter_card":"summary_large_image","twitter_misc":{"Escrito por":"admin","Tiempo de lectura":"1 minuto"},"schema":{"@context":"https:\/\/schema.org","@graph":[{"@type":"Article","@id":"https:\/\/luchonoticias.com\/editor\/disdencias-asesinaron-a-soldados-en-el-cauca\/#article","isPartOf":{"@id":"https:\/\/luchonoticias.com\/editor\/disdencias-asesinaron-a-soldados-en-el-cauca\/"},"author":{"name":"admin","@id":"https:\/\/luchonoticias.com\/editor\/#\/schema\/person\/7a7fd911f58561fd056dbac7b55af9cd"},"headline":"Disdencias asesinaron a soldados en el Cauca","datePublished":"2022-12-06T16:09:31+00:00","dateModified":"2022-12-06T16:09:32+00:00","mainEntityOfPage":{"@id":"https:\/\/luchonoticias.com\/editor\/disdencias-asesinaron-a-soldados-en-el-cauca\/"},"wordCount":279,"commentCount":0,"publisher":{"@id":"https:\/\/luchonoticias.com\/editor\/#\/schema\/person\/7a7fd911f58561fd056dbac7b55af9cd"},"articleSection":["Destacado","Nacional"],"inLanguage":"es","potentialAction":[{"@type":"CommentAction","name":"Comment","target":["https:\/\/luchonoticias.com\/editor\/disdencias-asesinaron-a-soldados-en-el-cauca\/#respond"]}]},{"@type":"WebPage","@id":"https:\/\/luchonoticias.com\/editor\/disdencias-asesinaron-a-soldados-en-el-cauca\/","url":"https:\/\/luchonoticias.com\/editor\/disdencias-asesinaron-a-soldados-en-el-cauca\/","name":"Disdencias asesinaron a soldados en el Cauca -","isPartOf":{"@id":"https:\/\/luchonoticias.com\/editor\/#website"},"datePublished":"2022-12-06T16:09:31+00:00","dateModified":"2022-12-06T16:09:32+00:00","breadcrumb":{"@id":"https:\/\/luchonoticias.com\/editor\/disdencias-asesinaron-a-soldados-en-el-cauca\/#breadcrumb"},"inLanguage":"es","potentialAction":[{"@type":"ReadAction","target":["https:\/\/luchonoticias.com\/editor\/disdencias-asesinaron-a-soldados-en-el-cauca\/"]}]},{"@type":"BreadcrumbList","@id":"https:\/\/luchonoticias.com\/editor\/disdencias-asesinaron-a-soldados-en-el-cauca\/#breadcrumb","itemListElement":[{"@type":"ListItem","position":1,"name":"Portada","item":"https:\/\/luchonoticias.com\/editor\/"},{"@type":"ListItem","position":2,"name":"Disdencias asesinaron a soldados en el Cauca"}]},{"@type":"WebSite","@id":"https:\/\/luchonoticias.com\/editor\/#website","url":"https:\/\/luchonoticias.com\/editor\/","name":"","description":"","publisher":{"@id":"https:\/\/luchonoticias.com\/editor\/#\/schema\/person\/7a7fd911f58561fd056dbac7b55af9cd"},"potentialAction":[{"@type":"SearchAction","target":{"@type":"EntryPoint","urlTemplate":"https:\/\/luchonoticias.com\/editor\/?s={search_term_string}"},"query-input":{"@type":"PropertyValueSpecification","valueRequired":true,"valueName":"search_term_string"}}],"inLanguage":"es"},{"@type":["Person","Organization"],"@id":"https:\/\/luchonoticias.com\/editor\/#\/schema\/person\/7a7fd911f58561fd056dbac7b55af9cd","name":"admin","image":{"@type":"ImageObject","inLanguage":"es","@id":"https:\/\/luchonoticias.com\/editor\/#\/schema\/person\/image\/","url":"https:\/\/luchonoticias.com\/editor\/wp-content\/uploads\/2024\/02\/cropped-cropped-logolu.webp","contentUrl":"https:\/\/luchonoticias.com\/editor\/wp-content\/uploads\/2024\/02\/cropped-cropped-logolu.webp","width":382,"height":170,"caption":"admin"},"logo":{"@id":"https:\/\/luchonoticias.com\/editor\/#\/schema\/person\/image\/"},"sameAs":["https:\/\/www.facebook.com\/luchonoticiasneiva"],"url":"https:\/\/luchonoticias.com\/editor\/author\/admin\/"}]}},"_links":{"self":[{"href":"https:\/\/luchonoticias.com\/editor\/wp-json\/wp\/v2\/posts\/41385","targetHints":{"allow":["GET"]}}],"collection":[{"href":"https:\/\/luchonoticias.com\/editor\/wp-json\/wp\/v2\/posts"}],"about":[{"href":"https:\/\/luchonoticias.com\/editor\/wp-json\/wp\/v2\/types\/post"}],"author":[{"embeddable":true,"href":"https:\/\/luchonoticias.com\/editor\/wp-json\/wp\/v2\/users\/1"}],"replies":[{"embeddable":true,"href":"https:\/\/luchonoticias.com\/editor\/wp-json\/wp\/v2\/comments?post=41385"}],"version-history":[{"count":0,"href":"https:\/\/luchonoticias.com\/editor\/wp-json\/wp\/v2\/posts\/41385\/revisions"}],"wp:attachment":[{"href":"https:\/\/luchonoticias.com\/editor\/wp-json\/wp\/v2\/media?parent=41385"}],"wp:term":[{"taxonomy":"category","embeddable":true,"href":"https:\/\/luchonoticias.com\/editor\/wp-json\/wp\/v2\/categories?post=41385"},{"taxonomy":"post_tag","embeddable":true,"href":"https:\/\/luchonoticias.com\/editor\/wp-json\/wp\/v2\/tags?post=41385"}],"curies":[{"name":"wp","href":"https:\/\/api.w.org\/{rel}","templated":true}]}}