{"id":41395,"date":"2022-12-06T15:24:03","date_gmt":"2022-12-06T20:24:03","guid":{"rendered":"https:\/\/luchonoticias.com\/?p=41395"},"modified":"2022-12-06T15:24:04","modified_gmt":"2022-12-06T20:24:04","slug":"desarticulada-estructura-delincuencial-los-nocturnos","status":"publish","type":"post","link":"https:\/\/luchonoticias.com\/editor\/desarticulada-estructura-delincuencial-los-nocturnos\/","title":{"rendered":"Desarticulada estructura delincuencial \u2018Los Nocturnos\u2019"},"content":{"rendered":"\n<p>Al acoger la petici\u00f3n elevada por la Fiscal\u00eda, un juez con funci\u00f3n de control de garant\u00edas impuso medida restrictiva de la libertad en contra de tres hombres que integrar\u00edan el grupo delictivos Los Nocturnos, dedicados al hurto a residencias en la Comuna 10 de Neiva (Huila).&nbsp;&nbsp;<\/p>\n\n\n\n<p>Se trata de Eduar Caviedes Bastidas, presunto l\u00edder y transportador, John Freddy Steven Manios P\u00e9rez y Javier Mauricio Gonz\u00e1lez C\u00e1ceres, ambos con el rol de escaladores. Los hoy detenidos presuntamente hurtaban residencias en horas de la media noche o la madrugada bajo la modalidad de escalonamiento y posteriomente hu\u00edan en un veh\u00edculo tipo taxi.\u00a0\u00a0<\/p>\n\n\n\n<figure class=\"wp-block-gallery has-nested-images columns-default is-cropped wp-block-gallery-1 is-layout-flex wp-block-gallery-is-layout-flex\">\n<figure class=\"wp-block-image size-large\"><img decoding=\"async\" data-id=\"41397\" src=\"https:\/\/luchonoticias.com\/wp-content\/uploads\/2022\/12\/WhatsApp-Image-2022-12-06-at-2.03.58-PM.jpeg\" alt=\"\" class=\"wp-image-41397\"\/><\/figure>\n\n\n\n<figure class=\"wp-block-image size-large\"><img decoding=\"async\" data-id=\"41398\" src=\"https:\/\/luchonoticias.com\/wp-content\/uploads\/2022\/12\/WhatsApp-Image-2022-12-06-at-3.18.01-PM-1024x594.jpeg\" alt=\"\" class=\"wp-image-41398\"\/><\/figure>\n<\/figure>\n\n\n\n<p>De acuerdo a la investigaci\u00f3n, la Fiscal\u00eda estableci\u00f3 que entre febrero y agosto de este a\u00f1o, fueron seis personas v\u00edctimas de los presuntos hurtos a residencias&nbsp; en los barrios Gualanday, Los Colores, Pastrana, Sam\u00e1n y La Floresta. All\u00ed se apropiaban de port\u00e1tiles, computadores, tablets, dinero en efectivo, relojes, billeteras, entre otras pertenec\u00edas.&nbsp;&nbsp;&nbsp;<\/p>\n\n\n\n<p>De acuerdo a su presunta responsabilidad en los delitos de concierto para delinquir, hurto calificado y agravado y uso de menores de edad la comisi\u00f3n de delitos, la Fiscal\u00eda les formul\u00f3 cargos a los tres capturados por personal de la Sijin en la capital huilense.&nbsp;&nbsp;<\/p>\n\n\n\n<p>Caviedes Bastidas y Gonz\u00e1lez C\u00e1ceres fueron restringidos de la libertad en centro carcelario, mientras que Manios P\u00e9rez en su lugar de residencia.&nbsp;&nbsp;<\/p>\n","protected":false},"excerpt":{"rendered":"<p>Al acoger la petici\u00f3n elevada por la Fiscal\u00eda, un juez con funci\u00f3n de control de garant\u00edas impuso medida restrictiva de la libertad en contra de tres hombres que integrar\u00edan el grupo delictivos Los Nocturnos, dedicados al hurto a residencias en la Comuna 10 de Neiva (Huila).&nbsp;&nbsp; Se trata de Eduar Caviedes Bastidas, presunto l\u00edder y [&hellip;]<\/p>\n","protected":false},"author":1,"featured_media":0,"comment_status":"open","ping_status":"open","sticky":false,"template":"","format":"standard","meta":{"footnotes":""},"categories":[36,29],"tags":[],"class_list":["post-41395","post","type-post","status-publish","format-standard","hentry","category-destacado","category-judicial"],"yoast_head":"<!-- This site is optimized with the Yoast SEO plugin v26.6 - https:\/\/yoast.com\/wordpress\/plugins\/seo\/ -->\n<title>Desarticulada estructura delincuencial \u2018Los Nocturnos\u2019 -<\/title>\n<meta name=\"robots\" content=\"index, follow, max-snippet:-1, max-image-preview:large, max-video-preview:-1\" \/>\n<link rel=\"canonical\" href=\"https:\/\/luchonoticias.com\/editor\/desarticulada-estructura-delincuencial-los-nocturnos\/\" \/>\n<meta property=\"og:locale\" content=\"es_ES\" \/>\n<meta property=\"og:type\" content=\"article\" \/>\n<meta property=\"og:title\" content=\"Desarticulada estructura delincuencial \u2018Los Nocturnos\u2019 -\" \/>\n<meta property=\"og:url\" content=\"https:\/\/luchonoticias.com\/editor\/desarticulada-estructura-delincuencial-los-nocturnos\/\" \/>\n<meta property=\"article:publisher\" content=\"https:\/\/www.facebook.com\/luchonoticiasneiva\" \/>\n<meta property=\"article:author\" content=\"https:\/\/www.facebook.com\/luchonoticiasneiva\" \/>\n<meta property=\"article:published_time\" content=\"2022-12-06T20:24:03+00:00\" \/>\n<meta property=\"article:modified_time\" content=\"2022-12-06T20:24:04+00:00\" \/>\n<meta property=\"og:image\" content=\"https:\/\/luchonoticias.com\/wp-content\/uploads\/2022\/12\/WhatsApp-Image-2022-12-06-at-2.03.58-PM.jpeg\" \/>\n<meta name=\"author\" content=\"admin\" \/>\n<meta name=\"twitter:card\" content=\"summary_large_image\" \/>\n<meta name=\"twitter:label1\" content=\"Escrito por\" \/>\n\t<meta name=\"twitter:data1\" content=\"admin\" \/>\n\t<meta name=\"twitter:label2\" content=\"Tiempo de lectura\" \/>\n\t<meta name=\"twitter:data2\" content=\"1 minuto\" \/>\n<script type=\"application\/ld+json\" class=\"yoast-schema-graph\">{\"@context\":\"https:\/\/schema.org\",\"@graph\":[{\"@type\":\"Article\",\"@id\":\"https:\/\/luchonoticias.com\/editor\/desarticulada-estructura-delincuencial-los-nocturnos\/#article\",\"isPartOf\":{\"@id\":\"https:\/\/luchonoticias.com\/editor\/desarticulada-estructura-delincuencial-los-nocturnos\/\"},\"author\":{\"name\":\"admin\",\"@id\":\"https:\/\/luchonoticias.com\/editor\/#\/schema\/person\/7a7fd911f58561fd056dbac7b55af9cd\"},\"headline\":\"Desarticulada estructura delincuencial \u2018Los Nocturnos\u2019\",\"datePublished\":\"2022-12-06T20:24:03+00:00\",\"dateModified\":\"2022-12-06T20:24:04+00:00\",\"mainEntityOfPage\":{\"@id\":\"https:\/\/luchonoticias.com\/editor\/desarticulada-estructura-delincuencial-los-nocturnos\/\"},\"wordCount\":256,\"commentCount\":0,\"publisher\":{\"@id\":\"https:\/\/luchonoticias.com\/editor\/#\/schema\/person\/7a7fd911f58561fd056dbac7b55af9cd\"},\"image\":{\"@id\":\"https:\/\/luchonoticias.com\/editor\/desarticulada-estructura-delincuencial-los-nocturnos\/#primaryimage\"},\"thumbnailUrl\":\"https:\/\/luchonoticias.com\/wp-content\/uploads\/2022\/12\/WhatsApp-Image-2022-12-06-at-2.03.58-PM.jpeg\",\"articleSection\":[\"Destacado\",\"Judicial\"],\"inLanguage\":\"es\",\"potentialAction\":[{\"@type\":\"CommentAction\",\"name\":\"Comment\",\"target\":[\"https:\/\/luchonoticias.com\/editor\/desarticulada-estructura-delincuencial-los-nocturnos\/#respond\"]}]},{\"@type\":\"WebPage\",\"@id\":\"https:\/\/luchonoticias.com\/editor\/desarticulada-estructura-delincuencial-los-nocturnos\/\",\"url\":\"https:\/\/luchonoticias.com\/editor\/desarticulada-estructura-delincuencial-los-nocturnos\/\",\"name\":\"Desarticulada estructura delincuencial \u2018Los Nocturnos\u2019 -\",\"isPartOf\":{\"@id\":\"https:\/\/luchonoticias.com\/editor\/#website\"},\"primaryImageOfPage\":{\"@id\":\"https:\/\/luchonoticias.com\/editor\/desarticulada-estructura-delincuencial-los-nocturnos\/#primaryimage\"},\"image\":{\"@id\":\"https:\/\/luchonoticias.com\/editor\/desarticulada-estructura-delincuencial-los-nocturnos\/#primaryimage\"},\"thumbnailUrl\":\"https:\/\/luchonoticias.com\/wp-content\/uploads\/2022\/12\/WhatsApp-Image-2022-12-06-at-2.03.58-PM.jpeg\",\"datePublished\":\"2022-12-06T20:24:03+00:00\",\"dateModified\":\"2022-12-06T20:24:04+00:00\",\"breadcrumb\":{\"@id\":\"https:\/\/luchonoticias.com\/editor\/desarticulada-estructura-delincuencial-los-nocturnos\/#breadcrumb\"},\"inLanguage\":\"es\",\"potentialAction\":[{\"@type\":\"ReadAction\",\"target\":[\"https:\/\/luchonoticias.com\/editor\/desarticulada-estructura-delincuencial-los-nocturnos\/\"]}]},{\"@type\":\"ImageObject\",\"inLanguage\":\"es\",\"@id\":\"https:\/\/luchonoticias.com\/editor\/desarticulada-estructura-delincuencial-los-nocturnos\/#primaryimage\",\"url\":\"https:\/\/luchonoticias.com\/wp-content\/uploads\/2022\/12\/WhatsApp-Image-2022-12-06-at-2.03.58-PM.jpeg\",\"contentUrl\":\"https:\/\/luchonoticias.com\/wp-content\/uploads\/2022\/12\/WhatsApp-Image-2022-12-06-at-2.03.58-PM.jpeg\"},{\"@type\":\"BreadcrumbList\",\"@id\":\"https:\/\/luchonoticias.com\/editor\/desarticulada-estructura-delincuencial-los-nocturnos\/#breadcrumb\",\"itemListElement\":[{\"@type\":\"ListItem\",\"position\":1,\"name\":\"Portada\",\"item\":\"https:\/\/luchonoticias.com\/editor\/\"},{\"@type\":\"ListItem\",\"position\":2,\"name\":\"Desarticulada estructura delincuencial \u2018Los Nocturnos\u2019\"}]},{\"@type\":\"WebSite\",\"@id\":\"https:\/\/luchonoticias.com\/editor\/#website\",\"url\":\"https:\/\/luchonoticias.com\/editor\/\",\"name\":\"\",\"description\":\"\",\"publisher\":{\"@id\":\"https:\/\/luchonoticias.com\/editor\/#\/schema\/person\/7a7fd911f58561fd056dbac7b55af9cd\"},\"potentialAction\":[{\"@type\":\"SearchAction\",\"target\":{\"@type\":\"EntryPoint\",\"urlTemplate\":\"https:\/\/luchonoticias.com\/editor\/?s={search_term_string}\"},\"query-input\":{\"@type\":\"PropertyValueSpecification\",\"valueRequired\":true,\"valueName\":\"search_term_string\"}}],\"inLanguage\":\"es\"},{\"@type\":[\"Person\",\"Organization\"],\"@id\":\"https:\/\/luchonoticias.com\/editor\/#\/schema\/person\/7a7fd911f58561fd056dbac7b55af9cd\",\"name\":\"admin\",\"image\":{\"@type\":\"ImageObject\",\"inLanguage\":\"es\",\"@id\":\"https:\/\/luchonoticias.com\/editor\/#\/schema\/person\/image\/\",\"url\":\"https:\/\/luchonoticias.com\/editor\/wp-content\/uploads\/2024\/02\/cropped-cropped-logolu.webp\",\"contentUrl\":\"https:\/\/luchonoticias.com\/editor\/wp-content\/uploads\/2024\/02\/cropped-cropped-logolu.webp\",\"width\":382,\"height\":170,\"caption\":\"admin\"},\"logo\":{\"@id\":\"https:\/\/luchonoticias.com\/editor\/#\/schema\/person\/image\/\"},\"sameAs\":[\"https:\/\/www.facebook.com\/luchonoticiasneiva\"],\"url\":\"https:\/\/luchonoticias.com\/editor\/author\/admin\/\"}]}<\/script>\n<!-- \/ Yoast SEO plugin. -->","yoast_head_json":{"title":"Desarticulada estructura delincuencial \u2018Los Nocturnos\u2019 -","robots":{"index":"index","follow":"follow","max-snippet":"max-snippet:-1","max-image-preview":"max-image-preview:large","max-video-preview":"max-video-preview:-1"},"canonical":"https:\/\/luchonoticias.com\/editor\/desarticulada-estructura-delincuencial-los-nocturnos\/","og_locale":"es_ES","og_type":"article","og_title":"Desarticulada estructura delincuencial \u2018Los Nocturnos\u2019 -","og_url":"https:\/\/luchonoticias.com\/editor\/desarticulada-estructura-delincuencial-los-nocturnos\/","article_publisher":"https:\/\/www.facebook.com\/luchonoticiasneiva","article_author":"https:\/\/www.facebook.com\/luchonoticiasneiva","article_published_time":"2022-12-06T20:24:03+00:00","article_modified_time":"2022-12-06T20:24:04+00:00","og_image":[{"url":"https:\/\/luchonoticias.com\/wp-content\/uploads\/2022\/12\/WhatsApp-Image-2022-12-06-at-2.03.58-PM.jpeg","type":"","width":"","height":""}],"author":"admin","twitter_card":"summary_large_image","twitter_misc":{"Escrito por":"admin","Tiempo de lectura":"1 minuto"},"schema":{"@context":"https:\/\/schema.org","@graph":[{"@type":"Article","@id":"https:\/\/luchonoticias.com\/editor\/desarticulada-estructura-delincuencial-los-nocturnos\/#article","isPartOf":{"@id":"https:\/\/luchonoticias.com\/editor\/desarticulada-estructura-delincuencial-los-nocturnos\/"},"author":{"name":"admin","@id":"https:\/\/luchonoticias.com\/editor\/#\/schema\/person\/7a7fd911f58561fd056dbac7b55af9cd"},"headline":"Desarticulada estructura delincuencial \u2018Los Nocturnos\u2019","datePublished":"2022-12-06T20:24:03+00:00","dateModified":"2022-12-06T20:24:04+00:00","mainEntityOfPage":{"@id":"https:\/\/luchonoticias.com\/editor\/desarticulada-estructura-delincuencial-los-nocturnos\/"},"wordCount":256,"commentCount":0,"publisher":{"@id":"https:\/\/luchonoticias.com\/editor\/#\/schema\/person\/7a7fd911f58561fd056dbac7b55af9cd"},"image":{"@id":"https:\/\/luchonoticias.com\/editor\/desarticulada-estructura-delincuencial-los-nocturnos\/#primaryimage"},"thumbnailUrl":"https:\/\/luchonoticias.com\/wp-content\/uploads\/2022\/12\/WhatsApp-Image-2022-12-06-at-2.03.58-PM.jpeg","articleSection":["Destacado","Judicial"],"inLanguage":"es","potentialAction":[{"@type":"CommentAction","name":"Comment","target":["https:\/\/luchonoticias.com\/editor\/desarticulada-estructura-delincuencial-los-nocturnos\/#respond"]}]},{"@type":"WebPage","@id":"https:\/\/luchonoticias.com\/editor\/desarticulada-estructura-delincuencial-los-nocturnos\/","url":"https:\/\/luchonoticias.com\/editor\/desarticulada-estructura-delincuencial-los-nocturnos\/","name":"Desarticulada estructura delincuencial \u2018Los Nocturnos\u2019 -","isPartOf":{"@id":"https:\/\/luchonoticias.com\/editor\/#website"},"primaryImageOfPage":{"@id":"https:\/\/luchonoticias.com\/editor\/desarticulada-estructura-delincuencial-los-nocturnos\/#primaryimage"},"image":{"@id":"https:\/\/luchonoticias.com\/editor\/desarticulada-estructura-delincuencial-los-nocturnos\/#primaryimage"},"thumbnailUrl":"https:\/\/luchonoticias.com\/wp-content\/uploads\/2022\/12\/WhatsApp-Image-2022-12-06-at-2.03.58-PM.jpeg","datePublished":"2022-12-06T20:24:03+00:00","dateModified":"2022-12-06T20:24:04+00:00","breadcrumb":{"@id":"https:\/\/luchonoticias.com\/editor\/desarticulada-estructura-delincuencial-los-nocturnos\/#breadcrumb"},"inLanguage":"es","potentialAction":[{"@type":"ReadAction","target":["https:\/\/luchonoticias.com\/editor\/desarticulada-estructura-delincuencial-los-nocturnos\/"]}]},{"@type":"ImageObject","inLanguage":"es","@id":"https:\/\/luchonoticias.com\/editor\/desarticulada-estructura-delincuencial-los-nocturnos\/#primaryimage","url":"https:\/\/luchonoticias.com\/wp-content\/uploads\/2022\/12\/WhatsApp-Image-2022-12-06-at-2.03.58-PM.jpeg","contentUrl":"https:\/\/luchonoticias.com\/wp-content\/uploads\/2022\/12\/WhatsApp-Image-2022-12-06-at-2.03.58-PM.jpeg"},{"@type":"BreadcrumbList","@id":"https:\/\/luchonoticias.com\/editor\/desarticulada-estructura-delincuencial-los-nocturnos\/#breadcrumb","itemListElement":[{"@type":"ListItem","position":1,"name":"Portada","item":"https:\/\/luchonoticias.com\/editor\/"},{"@type":"ListItem","position":2,"name":"Desarticulada estructura delincuencial \u2018Los Nocturnos\u2019"}]},{"@type":"WebSite","@id":"https:\/\/luchonoticias.com\/editor\/#website","url":"https:\/\/luchonoticias.com\/editor\/","name":"","description":"","publisher":{"@id":"https:\/\/luchonoticias.com\/editor\/#\/schema\/person\/7a7fd911f58561fd056dbac7b55af9cd"},"potentialAction":[{"@type":"SearchAction","target":{"@type":"EntryPoint","urlTemplate":"https:\/\/luchonoticias.com\/editor\/?s={search_term_string}"},"query-input":{"@type":"PropertyValueSpecification","valueRequired":true,"valueName":"search_term_string"}}],"inLanguage":"es"},{"@type":["Person","Organization"],"@id":"https:\/\/luchonoticias.com\/editor\/#\/schema\/person\/7a7fd911f58561fd056dbac7b55af9cd","name":"admin","image":{"@type":"ImageObject","inLanguage":"es","@id":"https:\/\/luchonoticias.com\/editor\/#\/schema\/person\/image\/","url":"https:\/\/luchonoticias.com\/editor\/wp-content\/uploads\/2024\/02\/cropped-cropped-logolu.webp","contentUrl":"https:\/\/luchonoticias.com\/editor\/wp-content\/uploads\/2024\/02\/cropped-cropped-logolu.webp","width":382,"height":170,"caption":"admin"},"logo":{"@id":"https:\/\/luchonoticias.com\/editor\/#\/schema\/person\/image\/"},"sameAs":["https:\/\/www.facebook.com\/luchonoticiasneiva"],"url":"https:\/\/luchonoticias.com\/editor\/author\/admin\/"}]}},"_links":{"self":[{"href":"https:\/\/luchonoticias.com\/editor\/wp-json\/wp\/v2\/posts\/41395","targetHints":{"allow":["GET"]}}],"collection":[{"href":"https:\/\/luchonoticias.com\/editor\/wp-json\/wp\/v2\/posts"}],"about":[{"href":"https:\/\/luchonoticias.com\/editor\/wp-json\/wp\/v2\/types\/post"}],"author":[{"embeddable":true,"href":"https:\/\/luchonoticias.com\/editor\/wp-json\/wp\/v2\/users\/1"}],"replies":[{"embeddable":true,"href":"https:\/\/luchonoticias.com\/editor\/wp-json\/wp\/v2\/comments?post=41395"}],"version-history":[{"count":0,"href":"https:\/\/luchonoticias.com\/editor\/wp-json\/wp\/v2\/posts\/41395\/revisions"}],"wp:attachment":[{"href":"https:\/\/luchonoticias.com\/editor\/wp-json\/wp\/v2\/media?parent=41395"}],"wp:term":[{"taxonomy":"category","embeddable":true,"href":"https:\/\/luchonoticias.com\/editor\/wp-json\/wp\/v2\/categories?post=41395"},{"taxonomy":"post_tag","embeddable":true,"href":"https:\/\/luchonoticias.com\/editor\/wp-json\/wp\/v2\/tags?post=41395"}],"curies":[{"name":"wp","href":"https:\/\/api.w.org\/{rel}","templated":true}]}}