{"id":41410,"date":"2022-12-06T15:41:13","date_gmt":"2022-12-06T20:41:13","guid":{"rendered":"https:\/\/luchonoticias.com\/?p=41410"},"modified":"2022-12-06T15:41:14","modified_gmt":"2022-12-06T20:41:14","slug":"felipe-tascon-recio-nuevo-director-del-programa-de-sustitucion-voluntaria-de-cultivos-de-uso-ilicito-pnis","status":"publish","type":"post","link":"https:\/\/luchonoticias.com\/editor\/felipe-tascon-recio-nuevo-director-del-programa-de-sustitucion-voluntaria-de-cultivos-de-uso-ilicito-pnis\/","title":{"rendered":"Felipe Tasc\u00f3n Recio, nuevo Director del Programa de Sustituci\u00f3n Voluntaria de Cultivos de Uso Il\u00edcito (PNIS)"},"content":{"rendered":"\n<p>El economista Felipe Tasc\u00f3n Recio asume desde este martes el cargo de Director T\u00e9cnico de la Direcci\u00f3n de Sustituci\u00f3n de Cultivos de Uso Il\u00edcito, que hace parte de la Agencia de Renovaci\u00f3n del Territorio (ART).<\/p>\n\n\n\n<p>Felipe Tasc\u00f3n, cale\u00f1o de nacimiento, cuenta con m\u00e1s de 45 a\u00f1os de experiencia profesional en formulaci\u00f3n e implementaci\u00f3n de proyectos de paz, convivencia, participaci\u00f3n comunitaria y pol\u00edtica, y 25 a\u00f1os en temas relacionados con drogas il\u00edcitas, econom\u00eda campesina y desarrollo comunitario, con \u00e9nfasis en la sustituci\u00f3n de cultivos de uso il\u00edcito.<\/p>\n\n\n\n<p>Entre los principales retos que asumir\u00e1 Felipe Tasc\u00f3n en su nuevo cargo se encuentra el de llevar a buen t\u00e9rmino el Programa de Sustituci\u00f3n Voluntaria de Cultivos de Uso Il\u00edcito (PNIS), incluido en el punto 4 del Acuerdo de Paz.<\/p>\n\n\n\n<p>El objetivo de este programa es superar las condiciones de pobreza de las comunidades que subsisten de las econom\u00edas de los cultivos declarados il\u00edcitos. As\u00ed mismo, ofrecer oportunidades para sustituir las econom\u00edas derivadas de la coca, amapola y marihuana, de la mano de peque\u00f1os productores, generando alternativas para fortalecer la econom\u00eda campesina y el cierre de la frontera agr\u00edcola.<\/p>\n\n\n\n<p>\u201cAcojo con satisfacci\u00f3n y agradecimiento este reto profesional. Mi compromiso es con las familias campesinas inmersas en la problem\u00e1tica de los cultivos de uso il\u00edcito; con ellas trabajaremos de manera articulada para recuperar la confianza, reconfigurar el PNIS y avanzar hacia la Paz Total\u201d, afirm\u00f3 Felipe Tasc\u00f3n durante la toma de posesi\u00f3n del cargo.<\/p>\n\n\n\n<p>De la misma manera, expres\u00f3 su agradecimiento al Presidente de la Rep\u00fablica, Gustavo Petro, y al Director de la Agencia de Renovaci\u00f3n del Territorio, Ra\u00fal Delgado, por su nombramiento y la confianza puesta en \u00e9l para liderar este ambicioso programa, que busca mejorar la vida de miles de campesinos y campesinas que viven en zonas afectadas por la violencia y el narcotr\u00e1fico.<\/p>\n","protected":false},"excerpt":{"rendered":"<p>El economista Felipe Tasc\u00f3n Recio asume desde este martes el cargo de Director T\u00e9cnico de la Direcci\u00f3n de Sustituci\u00f3n de Cultivos de Uso Il\u00edcito, que hace parte de la Agencia de Renovaci\u00f3n del Territorio (ART). Felipe Tasc\u00f3n, cale\u00f1o de nacimiento, cuenta con m\u00e1s de 45 a\u00f1os de experiencia profesional en formulaci\u00f3n e implementaci\u00f3n de proyectos [&hellip;]<\/p>\n","protected":false},"author":1,"featured_media":0,"comment_status":"open","ping_status":"open","sticky":false,"template":"","format":"standard","meta":{"footnotes":""},"categories":[28,36],"tags":[],"class_list":["post-41410","post","type-post","status-publish","format-standard","hentry","category-actualidad","category-destacado"],"yoast_head":"<!-- This site is optimized with the Yoast SEO plugin v26.6 - https:\/\/yoast.com\/wordpress\/plugins\/seo\/ -->\n<title>Felipe Tasc\u00f3n Recio, nuevo Director del Programa de Sustituci\u00f3n Voluntaria de Cultivos de Uso Il\u00edcito (PNIS) -<\/title>\n<meta name=\"robots\" content=\"index, follow, max-snippet:-1, max-image-preview:large, max-video-preview:-1\" \/>\n<link rel=\"canonical\" href=\"https:\/\/luchonoticias.com\/editor\/felipe-tascon-recio-nuevo-director-del-programa-de-sustitucion-voluntaria-de-cultivos-de-uso-ilicito-pnis\/\" \/>\n<meta property=\"og:locale\" content=\"es_ES\" \/>\n<meta property=\"og:type\" content=\"article\" \/>\n<meta property=\"og:title\" content=\"Felipe Tasc\u00f3n Recio, nuevo Director del Programa de Sustituci\u00f3n Voluntaria de Cultivos de Uso Il\u00edcito (PNIS) -\" \/>\n<meta property=\"og:url\" content=\"https:\/\/luchonoticias.com\/editor\/felipe-tascon-recio-nuevo-director-del-programa-de-sustitucion-voluntaria-de-cultivos-de-uso-ilicito-pnis\/\" \/>\n<meta property=\"article:publisher\" content=\"https:\/\/www.facebook.com\/luchonoticiasneiva\" \/>\n<meta property=\"article:author\" content=\"https:\/\/www.facebook.com\/luchonoticiasneiva\" \/>\n<meta property=\"article:published_time\" content=\"2022-12-06T20:41:13+00:00\" \/>\n<meta property=\"article:modified_time\" content=\"2022-12-06T20:41:14+00:00\" \/>\n<meta name=\"author\" content=\"admin\" \/>\n<meta name=\"twitter:card\" content=\"summary_large_image\" \/>\n<meta name=\"twitter:label1\" content=\"Escrito por\" \/>\n\t<meta name=\"twitter:data1\" content=\"admin\" \/>\n\t<meta name=\"twitter:label2\" content=\"Tiempo de lectura\" \/>\n\t<meta name=\"twitter:data2\" content=\"2 minutos\" \/>\n<script type=\"application\/ld+json\" class=\"yoast-schema-graph\">{\"@context\":\"https:\/\/schema.org\",\"@graph\":[{\"@type\":\"Article\",\"@id\":\"https:\/\/luchonoticias.com\/editor\/felipe-tascon-recio-nuevo-director-del-programa-de-sustitucion-voluntaria-de-cultivos-de-uso-ilicito-pnis\/#article\",\"isPartOf\":{\"@id\":\"https:\/\/luchonoticias.com\/editor\/felipe-tascon-recio-nuevo-director-del-programa-de-sustitucion-voluntaria-de-cultivos-de-uso-ilicito-pnis\/\"},\"author\":{\"name\":\"admin\",\"@id\":\"https:\/\/luchonoticias.com\/editor\/#\/schema\/person\/7a7fd911f58561fd056dbac7b55af9cd\"},\"headline\":\"Felipe Tasc\u00f3n Recio, nuevo Director del Programa de Sustituci\u00f3n Voluntaria de Cultivos de Uso Il\u00edcito (PNIS)\",\"datePublished\":\"2022-12-06T20:41:13+00:00\",\"dateModified\":\"2022-12-06T20:41:14+00:00\",\"mainEntityOfPage\":{\"@id\":\"https:\/\/luchonoticias.com\/editor\/felipe-tascon-recio-nuevo-director-del-programa-de-sustitucion-voluntaria-de-cultivos-de-uso-ilicito-pnis\/\"},\"wordCount\":355,\"commentCount\":0,\"publisher\":{\"@id\":\"https:\/\/luchonoticias.com\/editor\/#\/schema\/person\/7a7fd911f58561fd056dbac7b55af9cd\"},\"articleSection\":[\"Actualidad\",\"Destacado\"],\"inLanguage\":\"es\",\"potentialAction\":[{\"@type\":\"CommentAction\",\"name\":\"Comment\",\"target\":[\"https:\/\/luchonoticias.com\/editor\/felipe-tascon-recio-nuevo-director-del-programa-de-sustitucion-voluntaria-de-cultivos-de-uso-ilicito-pnis\/#respond\"]}]},{\"@type\":\"WebPage\",\"@id\":\"https:\/\/luchonoticias.com\/editor\/felipe-tascon-recio-nuevo-director-del-programa-de-sustitucion-voluntaria-de-cultivos-de-uso-ilicito-pnis\/\",\"url\":\"https:\/\/luchonoticias.com\/editor\/felipe-tascon-recio-nuevo-director-del-programa-de-sustitucion-voluntaria-de-cultivos-de-uso-ilicito-pnis\/\",\"name\":\"Felipe Tasc\u00f3n Recio, nuevo Director del Programa de Sustituci\u00f3n Voluntaria de Cultivos de Uso Il\u00edcito (PNIS) -\",\"isPartOf\":{\"@id\":\"https:\/\/luchonoticias.com\/editor\/#website\"},\"datePublished\":\"2022-12-06T20:41:13+00:00\",\"dateModified\":\"2022-12-06T20:41:14+00:00\",\"breadcrumb\":{\"@id\":\"https:\/\/luchonoticias.com\/editor\/felipe-tascon-recio-nuevo-director-del-programa-de-sustitucion-voluntaria-de-cultivos-de-uso-ilicito-pnis\/#breadcrumb\"},\"inLanguage\":\"es\",\"potentialAction\":[{\"@type\":\"ReadAction\",\"target\":[\"https:\/\/luchonoticias.com\/editor\/felipe-tascon-recio-nuevo-director-del-programa-de-sustitucion-voluntaria-de-cultivos-de-uso-ilicito-pnis\/\"]}]},{\"@type\":\"BreadcrumbList\",\"@id\":\"https:\/\/luchonoticias.com\/editor\/felipe-tascon-recio-nuevo-director-del-programa-de-sustitucion-voluntaria-de-cultivos-de-uso-ilicito-pnis\/#breadcrumb\",\"itemListElement\":[{\"@type\":\"ListItem\",\"position\":1,\"name\":\"Portada\",\"item\":\"https:\/\/luchonoticias.com\/editor\/\"},{\"@type\":\"ListItem\",\"position\":2,\"name\":\"Felipe Tasc\u00f3n Recio, nuevo Director del Programa de Sustituci\u00f3n Voluntaria de Cultivos de Uso Il\u00edcito (PNIS)\"}]},{\"@type\":\"WebSite\",\"@id\":\"https:\/\/luchonoticias.com\/editor\/#website\",\"url\":\"https:\/\/luchonoticias.com\/editor\/\",\"name\":\"\",\"description\":\"\",\"publisher\":{\"@id\":\"https:\/\/luchonoticias.com\/editor\/#\/schema\/person\/7a7fd911f58561fd056dbac7b55af9cd\"},\"potentialAction\":[{\"@type\":\"SearchAction\",\"target\":{\"@type\":\"EntryPoint\",\"urlTemplate\":\"https:\/\/luchonoticias.com\/editor\/?s={search_term_string}\"},\"query-input\":{\"@type\":\"PropertyValueSpecification\",\"valueRequired\":true,\"valueName\":\"search_term_string\"}}],\"inLanguage\":\"es\"},{\"@type\":[\"Person\",\"Organization\"],\"@id\":\"https:\/\/luchonoticias.com\/editor\/#\/schema\/person\/7a7fd911f58561fd056dbac7b55af9cd\",\"name\":\"admin\",\"image\":{\"@type\":\"ImageObject\",\"inLanguage\":\"es\",\"@id\":\"https:\/\/luchonoticias.com\/editor\/#\/schema\/person\/image\/\",\"url\":\"https:\/\/luchonoticias.com\/editor\/wp-content\/uploads\/2024\/02\/cropped-cropped-logolu.webp\",\"contentUrl\":\"https:\/\/luchonoticias.com\/editor\/wp-content\/uploads\/2024\/02\/cropped-cropped-logolu.webp\",\"width\":382,\"height\":170,\"caption\":\"admin\"},\"logo\":{\"@id\":\"https:\/\/luchonoticias.com\/editor\/#\/schema\/person\/image\/\"},\"sameAs\":[\"https:\/\/www.facebook.com\/luchonoticiasneiva\"],\"url\":\"https:\/\/luchonoticias.com\/editor\/author\/admin\/\"}]}<\/script>\n<!-- \/ Yoast SEO plugin. -->","yoast_head_json":{"title":"Felipe Tasc\u00f3n Recio, nuevo Director del Programa de Sustituci\u00f3n Voluntaria de Cultivos de Uso Il\u00edcito (PNIS) -","robots":{"index":"index","follow":"follow","max-snippet":"max-snippet:-1","max-image-preview":"max-image-preview:large","max-video-preview":"max-video-preview:-1"},"canonical":"https:\/\/luchonoticias.com\/editor\/felipe-tascon-recio-nuevo-director-del-programa-de-sustitucion-voluntaria-de-cultivos-de-uso-ilicito-pnis\/","og_locale":"es_ES","og_type":"article","og_title":"Felipe Tasc\u00f3n Recio, nuevo Director del Programa de Sustituci\u00f3n Voluntaria de Cultivos de Uso Il\u00edcito (PNIS) -","og_url":"https:\/\/luchonoticias.com\/editor\/felipe-tascon-recio-nuevo-director-del-programa-de-sustitucion-voluntaria-de-cultivos-de-uso-ilicito-pnis\/","article_publisher":"https:\/\/www.facebook.com\/luchonoticiasneiva","article_author":"https:\/\/www.facebook.com\/luchonoticiasneiva","article_published_time":"2022-12-06T20:41:13+00:00","article_modified_time":"2022-12-06T20:41:14+00:00","author":"admin","twitter_card":"summary_large_image","twitter_misc":{"Escrito por":"admin","Tiempo de lectura":"2 minutos"},"schema":{"@context":"https:\/\/schema.org","@graph":[{"@type":"Article","@id":"https:\/\/luchonoticias.com\/editor\/felipe-tascon-recio-nuevo-director-del-programa-de-sustitucion-voluntaria-de-cultivos-de-uso-ilicito-pnis\/#article","isPartOf":{"@id":"https:\/\/luchonoticias.com\/editor\/felipe-tascon-recio-nuevo-director-del-programa-de-sustitucion-voluntaria-de-cultivos-de-uso-ilicito-pnis\/"},"author":{"name":"admin","@id":"https:\/\/luchonoticias.com\/editor\/#\/schema\/person\/7a7fd911f58561fd056dbac7b55af9cd"},"headline":"Felipe Tasc\u00f3n Recio, nuevo Director del Programa de Sustituci\u00f3n Voluntaria de Cultivos de Uso Il\u00edcito (PNIS)","datePublished":"2022-12-06T20:41:13+00:00","dateModified":"2022-12-06T20:41:14+00:00","mainEntityOfPage":{"@id":"https:\/\/luchonoticias.com\/editor\/felipe-tascon-recio-nuevo-director-del-programa-de-sustitucion-voluntaria-de-cultivos-de-uso-ilicito-pnis\/"},"wordCount":355,"commentCount":0,"publisher":{"@id":"https:\/\/luchonoticias.com\/editor\/#\/schema\/person\/7a7fd911f58561fd056dbac7b55af9cd"},"articleSection":["Actualidad","Destacado"],"inLanguage":"es","potentialAction":[{"@type":"CommentAction","name":"Comment","target":["https:\/\/luchonoticias.com\/editor\/felipe-tascon-recio-nuevo-director-del-programa-de-sustitucion-voluntaria-de-cultivos-de-uso-ilicito-pnis\/#respond"]}]},{"@type":"WebPage","@id":"https:\/\/luchonoticias.com\/editor\/felipe-tascon-recio-nuevo-director-del-programa-de-sustitucion-voluntaria-de-cultivos-de-uso-ilicito-pnis\/","url":"https:\/\/luchonoticias.com\/editor\/felipe-tascon-recio-nuevo-director-del-programa-de-sustitucion-voluntaria-de-cultivos-de-uso-ilicito-pnis\/","name":"Felipe Tasc\u00f3n Recio, nuevo Director del Programa de Sustituci\u00f3n Voluntaria de Cultivos de Uso Il\u00edcito (PNIS) -","isPartOf":{"@id":"https:\/\/luchonoticias.com\/editor\/#website"},"datePublished":"2022-12-06T20:41:13+00:00","dateModified":"2022-12-06T20:41:14+00:00","breadcrumb":{"@id":"https:\/\/luchonoticias.com\/editor\/felipe-tascon-recio-nuevo-director-del-programa-de-sustitucion-voluntaria-de-cultivos-de-uso-ilicito-pnis\/#breadcrumb"},"inLanguage":"es","potentialAction":[{"@type":"ReadAction","target":["https:\/\/luchonoticias.com\/editor\/felipe-tascon-recio-nuevo-director-del-programa-de-sustitucion-voluntaria-de-cultivos-de-uso-ilicito-pnis\/"]}]},{"@type":"BreadcrumbList","@id":"https:\/\/luchonoticias.com\/editor\/felipe-tascon-recio-nuevo-director-del-programa-de-sustitucion-voluntaria-de-cultivos-de-uso-ilicito-pnis\/#breadcrumb","itemListElement":[{"@type":"ListItem","position":1,"name":"Portada","item":"https:\/\/luchonoticias.com\/editor\/"},{"@type":"ListItem","position":2,"name":"Felipe Tasc\u00f3n Recio, nuevo Director del Programa de Sustituci\u00f3n Voluntaria de Cultivos de Uso Il\u00edcito (PNIS)"}]},{"@type":"WebSite","@id":"https:\/\/luchonoticias.com\/editor\/#website","url":"https:\/\/luchonoticias.com\/editor\/","name":"","description":"","publisher":{"@id":"https:\/\/luchonoticias.com\/editor\/#\/schema\/person\/7a7fd911f58561fd056dbac7b55af9cd"},"potentialAction":[{"@type":"SearchAction","target":{"@type":"EntryPoint","urlTemplate":"https:\/\/luchonoticias.com\/editor\/?s={search_term_string}"},"query-input":{"@type":"PropertyValueSpecification","valueRequired":true,"valueName":"search_term_string"}}],"inLanguage":"es"},{"@type":["Person","Organization"],"@id":"https:\/\/luchonoticias.com\/editor\/#\/schema\/person\/7a7fd911f58561fd056dbac7b55af9cd","name":"admin","image":{"@type":"ImageObject","inLanguage":"es","@id":"https:\/\/luchonoticias.com\/editor\/#\/schema\/person\/image\/","url":"https:\/\/luchonoticias.com\/editor\/wp-content\/uploads\/2024\/02\/cropped-cropped-logolu.webp","contentUrl":"https:\/\/luchonoticias.com\/editor\/wp-content\/uploads\/2024\/02\/cropped-cropped-logolu.webp","width":382,"height":170,"caption":"admin"},"logo":{"@id":"https:\/\/luchonoticias.com\/editor\/#\/schema\/person\/image\/"},"sameAs":["https:\/\/www.facebook.com\/luchonoticiasneiva"],"url":"https:\/\/luchonoticias.com\/editor\/author\/admin\/"}]}},"_links":{"self":[{"href":"https:\/\/luchonoticias.com\/editor\/wp-json\/wp\/v2\/posts\/41410","targetHints":{"allow":["GET"]}}],"collection":[{"href":"https:\/\/luchonoticias.com\/editor\/wp-json\/wp\/v2\/posts"}],"about":[{"href":"https:\/\/luchonoticias.com\/editor\/wp-json\/wp\/v2\/types\/post"}],"author":[{"embeddable":true,"href":"https:\/\/luchonoticias.com\/editor\/wp-json\/wp\/v2\/users\/1"}],"replies":[{"embeddable":true,"href":"https:\/\/luchonoticias.com\/editor\/wp-json\/wp\/v2\/comments?post=41410"}],"version-history":[{"count":0,"href":"https:\/\/luchonoticias.com\/editor\/wp-json\/wp\/v2\/posts\/41410\/revisions"}],"wp:attachment":[{"href":"https:\/\/luchonoticias.com\/editor\/wp-json\/wp\/v2\/media?parent=41410"}],"wp:term":[{"taxonomy":"category","embeddable":true,"href":"https:\/\/luchonoticias.com\/editor\/wp-json\/wp\/v2\/categories?post=41410"},{"taxonomy":"post_tag","embeddable":true,"href":"https:\/\/luchonoticias.com\/editor\/wp-json\/wp\/v2\/tags?post=41410"}],"curies":[{"name":"wp","href":"https:\/\/api.w.org\/{rel}","templated":true}]}}