{"id":41416,"date":"2022-12-06T15:46:06","date_gmt":"2022-12-06T20:46:06","guid":{"rendered":"https:\/\/luchonoticias.com\/?p=41416"},"modified":"2022-12-06T15:46:07","modified_gmt":"2022-12-06T20:46:07","slug":"batallon-de-desminado-humanitario-continua-educando-en-prevencion-de-riesgo","status":"publish","type":"post","link":"https:\/\/luchonoticias.com\/editor\/batallon-de-desminado-humanitario-continua-educando-en-prevencion-de-riesgo\/","title":{"rendered":"Batall\u00f3n de Desminado Humanitario contin\u00faa educando en prevenci\u00f3n de riesgo"},"content":{"rendered":"\n<p>16 alumnos de la Instituci\u00f3n Educativa La Uni\u00f3n de la vereda Turquest\u00e1n, fueron capacitados en Educaci\u00f3n en el Riesgo de Minas Antipersonal, brindada por promotores del Batall\u00f3n de Ingenieros de Desminado Humanitario n.\u00ba 5. Ahora los estudiantes tienen presente las siguientes lecciones seguras:<\/p>\n\n\n\n<p><strong><em>\u00bfQu\u00e9 hacen las Minas Antipersonal (MAP), las Municiones sin Explosionar (MSE) y las Trampas Explosivas (TE)?<\/em><\/strong><\/p>\n\n\n\n<p>Hieren, mutilan o matan y se activan por la presencia proximidad o contacto de personas o animales, limitan la movilidad de la comunidad, vulneran sus derechos e impiden el acceso a bienes y servicios generando un impacto psicosocial en las v\u00edctimas, sus familias y las comunidades y afectan el territorio.<\/p>\n\n\n\n<figure class=\"wp-block-gallery has-nested-images columns-default is-cropped wp-block-gallery-1 is-layout-flex wp-block-gallery-is-layout-flex\">\n<figure class=\"wp-block-image size-large\"><img decoding=\"async\" data-id=\"41418\" src=\"https:\/\/luchonoticias.com\/wp-content\/uploads\/2022\/12\/WhatsApp-Image-2022-12-06-at-10.53.57-AM-1-1024x768.jpeg\" alt=\"\" class=\"wp-image-41418\"\/><\/figure>\n\n\n\n<figure class=\"wp-block-image size-large\"><img decoding=\"async\" data-id=\"41419\" src=\"https:\/\/luchonoticias.com\/wp-content\/uploads\/2022\/12\/WhatsApp-Image-2022-12-06-at-10.53.57-AM-2-1024x768.jpeg\" alt=\"\" class=\"wp-image-41419\"\/><\/figure>\n<\/figure>\n\n\n\n<p><strong><em>\u00bfCu\u00e1les son las pistas que pueden indicar la presencia de Minas Antipersonal (MAP), Municiones sin Explosionar (MSE) y Trampas Explosivas (TE) ?<\/em><\/strong><\/p>\n\n\n\n<p>Cambios en el suelo y la vegetaci\u00f3n: mont\u00edculos, hendiduras o tierra removida.<\/p>\n\n\n\n<p>Veh\u00edculos (motos o carros) atravesados en la carretera, abandonados o quemados, cables atravesados o partes de minas visibles.<\/p>\n\n\n\n<p>Personas o animales muertos o heridos por causas desconocidas, existen se\u00f1ales de combates como cr\u00e1teres de explosiones, casquillos de balas y trozos de metal. Tambi\u00e9n encontrar\u00e1n se\u00f1ales de advertencia.<\/p>\n\n\n\n<p>*Recuerde: Todas estas pistas pueden indicar la posible presencia de minas antipersonal, municiones sin explosionar y trampas explosivas.<\/p>\n\n\n\n<p><strong><em>\u00bfC\u00f3mo cuido a los dem\u00e1s?<\/em><\/strong><\/p>\n\n\n\n<p>Hablo frecuentemente con mi familia, amigos, comunidad y visitantes sobre:<\/p>\n\n\n\n<p>\u2022 El riesgo que representan los artefactos explosivos.<\/p>\n\n\n\n<p>\u2022 Las zonas probables de riesgo y pistas que indican peligro.<\/p>\n\n\n\n<p>\u2022 Los comportamientos seguros que deben seguir.<\/p>\n\n\n\n<p>Practico siempre los comportamientos seguros y corrijo a los dem\u00e1s cuando vayan a realizar o est\u00e9n realizando pr\u00e1cticas de riesgo frente a la presencia de artefactos explosivos.<\/p>\n\n\n\n<p>Me informo sobre los caminos y lugares seguros en situaciones de desplazamiento, confinamiento o retorno, identifico y comparto informaci\u00f3n sobre los lugares seguros que las ni\u00f1as, ni\u00f1os y adolescentes pueden frecuentar.<\/p>\n","protected":false},"excerpt":{"rendered":"<p>16 alumnos de la Instituci\u00f3n Educativa La Uni\u00f3n de la vereda Turquest\u00e1n, fueron capacitados en Educaci\u00f3n en el Riesgo de Minas Antipersonal, brindada por promotores del Batall\u00f3n de Ingenieros de Desminado Humanitario n.\u00ba 5. Ahora los estudiantes tienen presente las siguientes lecciones seguras: \u00bfQu\u00e9 hacen las Minas Antipersonal (MAP), las Municiones sin Explosionar (MSE) y [&hellip;]<\/p>\n","protected":false},"author":1,"featured_media":0,"comment_status":"open","ping_status":"open","sticky":false,"template":"","format":"standard","meta":{"footnotes":""},"categories":[3961,36],"tags":[],"class_list":["post-41416","post","type-post","status-publish","format-standard","hentry","category-comunidad","category-destacado"],"yoast_head":"<!-- This site is optimized with the Yoast SEO plugin v26.6 - https:\/\/yoast.com\/wordpress\/plugins\/seo\/ -->\n<title>Batall\u00f3n de Desminado Humanitario contin\u00faa educando en prevenci\u00f3n de riesgo -<\/title>\n<meta name=\"robots\" content=\"index, follow, max-snippet:-1, max-image-preview:large, max-video-preview:-1\" \/>\n<link rel=\"canonical\" href=\"https:\/\/luchonoticias.com\/editor\/batallon-de-desminado-humanitario-continua-educando-en-prevencion-de-riesgo\/\" \/>\n<meta property=\"og:locale\" content=\"es_ES\" \/>\n<meta property=\"og:type\" content=\"article\" \/>\n<meta property=\"og:title\" content=\"Batall\u00f3n de Desminado Humanitario contin\u00faa educando en prevenci\u00f3n de riesgo -\" \/>\n<meta property=\"og:url\" content=\"https:\/\/luchonoticias.com\/editor\/batallon-de-desminado-humanitario-continua-educando-en-prevencion-de-riesgo\/\" \/>\n<meta property=\"article:publisher\" content=\"https:\/\/www.facebook.com\/luchonoticiasneiva\" \/>\n<meta property=\"article:author\" content=\"https:\/\/www.facebook.com\/luchonoticiasneiva\" \/>\n<meta property=\"article:published_time\" content=\"2022-12-06T20:46:06+00:00\" \/>\n<meta property=\"article:modified_time\" content=\"2022-12-06T20:46:07+00:00\" \/>\n<meta property=\"og:image\" content=\"https:\/\/luchonoticias.com\/wp-content\/uploads\/2022\/12\/WhatsApp-Image-2022-12-06-at-10.53.57-AM-1-1024x768.jpeg\" \/>\n<meta name=\"author\" content=\"admin\" \/>\n<meta name=\"twitter:card\" content=\"summary_large_image\" \/>\n<meta name=\"twitter:label1\" content=\"Escrito por\" \/>\n\t<meta name=\"twitter:data1\" content=\"admin\" \/>\n\t<meta name=\"twitter:label2\" content=\"Tiempo de lectura\" \/>\n\t<meta name=\"twitter:data2\" content=\"2 minutos\" \/>\n<script type=\"application\/ld+json\" class=\"yoast-schema-graph\">{\"@context\":\"https:\/\/schema.org\",\"@graph\":[{\"@type\":\"Article\",\"@id\":\"https:\/\/luchonoticias.com\/editor\/batallon-de-desminado-humanitario-continua-educando-en-prevencion-de-riesgo\/#article\",\"isPartOf\":{\"@id\":\"https:\/\/luchonoticias.com\/editor\/batallon-de-desminado-humanitario-continua-educando-en-prevencion-de-riesgo\/\"},\"author\":{\"name\":\"admin\",\"@id\":\"https:\/\/luchonoticias.com\/editor\/#\/schema\/person\/7a7fd911f58561fd056dbac7b55af9cd\"},\"headline\":\"Batall\u00f3n de Desminado Humanitario contin\u00faa educando en prevenci\u00f3n de riesgo\",\"datePublished\":\"2022-12-06T20:46:06+00:00\",\"dateModified\":\"2022-12-06T20:46:07+00:00\",\"mainEntityOfPage\":{\"@id\":\"https:\/\/luchonoticias.com\/editor\/batallon-de-desminado-humanitario-continua-educando-en-prevencion-de-riesgo\/\"},\"wordCount\":337,\"commentCount\":0,\"publisher\":{\"@id\":\"https:\/\/luchonoticias.com\/editor\/#\/schema\/person\/7a7fd911f58561fd056dbac7b55af9cd\"},\"image\":{\"@id\":\"https:\/\/luchonoticias.com\/editor\/batallon-de-desminado-humanitario-continua-educando-en-prevencion-de-riesgo\/#primaryimage\"},\"thumbnailUrl\":\"https:\/\/luchonoticias.com\/wp-content\/uploads\/2022\/12\/WhatsApp-Image-2022-12-06-at-10.53.57-AM-1-1024x768.jpeg\",\"articleSection\":[\"Comunidad\",\"Destacado\"],\"inLanguage\":\"es\",\"potentialAction\":[{\"@type\":\"CommentAction\",\"name\":\"Comment\",\"target\":[\"https:\/\/luchonoticias.com\/editor\/batallon-de-desminado-humanitario-continua-educando-en-prevencion-de-riesgo\/#respond\"]}]},{\"@type\":\"WebPage\",\"@id\":\"https:\/\/luchonoticias.com\/editor\/batallon-de-desminado-humanitario-continua-educando-en-prevencion-de-riesgo\/\",\"url\":\"https:\/\/luchonoticias.com\/editor\/batallon-de-desminado-humanitario-continua-educando-en-prevencion-de-riesgo\/\",\"name\":\"Batall\u00f3n de Desminado Humanitario contin\u00faa educando en prevenci\u00f3n de riesgo -\",\"isPartOf\":{\"@id\":\"https:\/\/luchonoticias.com\/editor\/#website\"},\"primaryImageOfPage\":{\"@id\":\"https:\/\/luchonoticias.com\/editor\/batallon-de-desminado-humanitario-continua-educando-en-prevencion-de-riesgo\/#primaryimage\"},\"image\":{\"@id\":\"https:\/\/luchonoticias.com\/editor\/batallon-de-desminado-humanitario-continua-educando-en-prevencion-de-riesgo\/#primaryimage\"},\"thumbnailUrl\":\"https:\/\/luchonoticias.com\/wp-content\/uploads\/2022\/12\/WhatsApp-Image-2022-12-06-at-10.53.57-AM-1-1024x768.jpeg\",\"datePublished\":\"2022-12-06T20:46:06+00:00\",\"dateModified\":\"2022-12-06T20:46:07+00:00\",\"breadcrumb\":{\"@id\":\"https:\/\/luchonoticias.com\/editor\/batallon-de-desminado-humanitario-continua-educando-en-prevencion-de-riesgo\/#breadcrumb\"},\"inLanguage\":\"es\",\"potentialAction\":[{\"@type\":\"ReadAction\",\"target\":[\"https:\/\/luchonoticias.com\/editor\/batallon-de-desminado-humanitario-continua-educando-en-prevencion-de-riesgo\/\"]}]},{\"@type\":\"ImageObject\",\"inLanguage\":\"es\",\"@id\":\"https:\/\/luchonoticias.com\/editor\/batallon-de-desminado-humanitario-continua-educando-en-prevencion-de-riesgo\/#primaryimage\",\"url\":\"https:\/\/luchonoticias.com\/wp-content\/uploads\/2022\/12\/WhatsApp-Image-2022-12-06-at-10.53.57-AM-1-1024x768.jpeg\",\"contentUrl\":\"https:\/\/luchonoticias.com\/wp-content\/uploads\/2022\/12\/WhatsApp-Image-2022-12-06-at-10.53.57-AM-1-1024x768.jpeg\"},{\"@type\":\"BreadcrumbList\",\"@id\":\"https:\/\/luchonoticias.com\/editor\/batallon-de-desminado-humanitario-continua-educando-en-prevencion-de-riesgo\/#breadcrumb\",\"itemListElement\":[{\"@type\":\"ListItem\",\"position\":1,\"name\":\"Portada\",\"item\":\"https:\/\/luchonoticias.com\/editor\/\"},{\"@type\":\"ListItem\",\"position\":2,\"name\":\"Batall\u00f3n de Desminado Humanitario contin\u00faa educando en prevenci\u00f3n de riesgo\"}]},{\"@type\":\"WebSite\",\"@id\":\"https:\/\/luchonoticias.com\/editor\/#website\",\"url\":\"https:\/\/luchonoticias.com\/editor\/\",\"name\":\"\",\"description\":\"\",\"publisher\":{\"@id\":\"https:\/\/luchonoticias.com\/editor\/#\/schema\/person\/7a7fd911f58561fd056dbac7b55af9cd\"},\"potentialAction\":[{\"@type\":\"SearchAction\",\"target\":{\"@type\":\"EntryPoint\",\"urlTemplate\":\"https:\/\/luchonoticias.com\/editor\/?s={search_term_string}\"},\"query-input\":{\"@type\":\"PropertyValueSpecification\",\"valueRequired\":true,\"valueName\":\"search_term_string\"}}],\"inLanguage\":\"es\"},{\"@type\":[\"Person\",\"Organization\"],\"@id\":\"https:\/\/luchonoticias.com\/editor\/#\/schema\/person\/7a7fd911f58561fd056dbac7b55af9cd\",\"name\":\"admin\",\"image\":{\"@type\":\"ImageObject\",\"inLanguage\":\"es\",\"@id\":\"https:\/\/luchonoticias.com\/editor\/#\/schema\/person\/image\/\",\"url\":\"https:\/\/luchonoticias.com\/editor\/wp-content\/uploads\/2024\/02\/cropped-cropped-logolu.webp\",\"contentUrl\":\"https:\/\/luchonoticias.com\/editor\/wp-content\/uploads\/2024\/02\/cropped-cropped-logolu.webp\",\"width\":382,\"height\":170,\"caption\":\"admin\"},\"logo\":{\"@id\":\"https:\/\/luchonoticias.com\/editor\/#\/schema\/person\/image\/\"},\"sameAs\":[\"https:\/\/www.facebook.com\/luchonoticiasneiva\"],\"url\":\"https:\/\/luchonoticias.com\/editor\/author\/admin\/\"}]}<\/script>\n<!-- \/ Yoast SEO plugin. -->","yoast_head_json":{"title":"Batall\u00f3n de Desminado Humanitario contin\u00faa educando en prevenci\u00f3n de riesgo -","robots":{"index":"index","follow":"follow","max-snippet":"max-snippet:-1","max-image-preview":"max-image-preview:large","max-video-preview":"max-video-preview:-1"},"canonical":"https:\/\/luchonoticias.com\/editor\/batallon-de-desminado-humanitario-continua-educando-en-prevencion-de-riesgo\/","og_locale":"es_ES","og_type":"article","og_title":"Batall\u00f3n de Desminado Humanitario contin\u00faa educando en prevenci\u00f3n de riesgo -","og_url":"https:\/\/luchonoticias.com\/editor\/batallon-de-desminado-humanitario-continua-educando-en-prevencion-de-riesgo\/","article_publisher":"https:\/\/www.facebook.com\/luchonoticiasneiva","article_author":"https:\/\/www.facebook.com\/luchonoticiasneiva","article_published_time":"2022-12-06T20:46:06+00:00","article_modified_time":"2022-12-06T20:46:07+00:00","og_image":[{"url":"https:\/\/luchonoticias.com\/wp-content\/uploads\/2022\/12\/WhatsApp-Image-2022-12-06-at-10.53.57-AM-1-1024x768.jpeg","type":"","width":"","height":""}],"author":"admin","twitter_card":"summary_large_image","twitter_misc":{"Escrito por":"admin","Tiempo de lectura":"2 minutos"},"schema":{"@context":"https:\/\/schema.org","@graph":[{"@type":"Article","@id":"https:\/\/luchonoticias.com\/editor\/batallon-de-desminado-humanitario-continua-educando-en-prevencion-de-riesgo\/#article","isPartOf":{"@id":"https:\/\/luchonoticias.com\/editor\/batallon-de-desminado-humanitario-continua-educando-en-prevencion-de-riesgo\/"},"author":{"name":"admin","@id":"https:\/\/luchonoticias.com\/editor\/#\/schema\/person\/7a7fd911f58561fd056dbac7b55af9cd"},"headline":"Batall\u00f3n de Desminado Humanitario contin\u00faa educando en prevenci\u00f3n de riesgo","datePublished":"2022-12-06T20:46:06+00:00","dateModified":"2022-12-06T20:46:07+00:00","mainEntityOfPage":{"@id":"https:\/\/luchonoticias.com\/editor\/batallon-de-desminado-humanitario-continua-educando-en-prevencion-de-riesgo\/"},"wordCount":337,"commentCount":0,"publisher":{"@id":"https:\/\/luchonoticias.com\/editor\/#\/schema\/person\/7a7fd911f58561fd056dbac7b55af9cd"},"image":{"@id":"https:\/\/luchonoticias.com\/editor\/batallon-de-desminado-humanitario-continua-educando-en-prevencion-de-riesgo\/#primaryimage"},"thumbnailUrl":"https:\/\/luchonoticias.com\/wp-content\/uploads\/2022\/12\/WhatsApp-Image-2022-12-06-at-10.53.57-AM-1-1024x768.jpeg","articleSection":["Comunidad","Destacado"],"inLanguage":"es","potentialAction":[{"@type":"CommentAction","name":"Comment","target":["https:\/\/luchonoticias.com\/editor\/batallon-de-desminado-humanitario-continua-educando-en-prevencion-de-riesgo\/#respond"]}]},{"@type":"WebPage","@id":"https:\/\/luchonoticias.com\/editor\/batallon-de-desminado-humanitario-continua-educando-en-prevencion-de-riesgo\/","url":"https:\/\/luchonoticias.com\/editor\/batallon-de-desminado-humanitario-continua-educando-en-prevencion-de-riesgo\/","name":"Batall\u00f3n de Desminado Humanitario contin\u00faa educando en prevenci\u00f3n de riesgo -","isPartOf":{"@id":"https:\/\/luchonoticias.com\/editor\/#website"},"primaryImageOfPage":{"@id":"https:\/\/luchonoticias.com\/editor\/batallon-de-desminado-humanitario-continua-educando-en-prevencion-de-riesgo\/#primaryimage"},"image":{"@id":"https:\/\/luchonoticias.com\/editor\/batallon-de-desminado-humanitario-continua-educando-en-prevencion-de-riesgo\/#primaryimage"},"thumbnailUrl":"https:\/\/luchonoticias.com\/wp-content\/uploads\/2022\/12\/WhatsApp-Image-2022-12-06-at-10.53.57-AM-1-1024x768.jpeg","datePublished":"2022-12-06T20:46:06+00:00","dateModified":"2022-12-06T20:46:07+00:00","breadcrumb":{"@id":"https:\/\/luchonoticias.com\/editor\/batallon-de-desminado-humanitario-continua-educando-en-prevencion-de-riesgo\/#breadcrumb"},"inLanguage":"es","potentialAction":[{"@type":"ReadAction","target":["https:\/\/luchonoticias.com\/editor\/batallon-de-desminado-humanitario-continua-educando-en-prevencion-de-riesgo\/"]}]},{"@type":"ImageObject","inLanguage":"es","@id":"https:\/\/luchonoticias.com\/editor\/batallon-de-desminado-humanitario-continua-educando-en-prevencion-de-riesgo\/#primaryimage","url":"https:\/\/luchonoticias.com\/wp-content\/uploads\/2022\/12\/WhatsApp-Image-2022-12-06-at-10.53.57-AM-1-1024x768.jpeg","contentUrl":"https:\/\/luchonoticias.com\/wp-content\/uploads\/2022\/12\/WhatsApp-Image-2022-12-06-at-10.53.57-AM-1-1024x768.jpeg"},{"@type":"BreadcrumbList","@id":"https:\/\/luchonoticias.com\/editor\/batallon-de-desminado-humanitario-continua-educando-en-prevencion-de-riesgo\/#breadcrumb","itemListElement":[{"@type":"ListItem","position":1,"name":"Portada","item":"https:\/\/luchonoticias.com\/editor\/"},{"@type":"ListItem","position":2,"name":"Batall\u00f3n de Desminado Humanitario contin\u00faa educando en prevenci\u00f3n de riesgo"}]},{"@type":"WebSite","@id":"https:\/\/luchonoticias.com\/editor\/#website","url":"https:\/\/luchonoticias.com\/editor\/","name":"","description":"","publisher":{"@id":"https:\/\/luchonoticias.com\/editor\/#\/schema\/person\/7a7fd911f58561fd056dbac7b55af9cd"},"potentialAction":[{"@type":"SearchAction","target":{"@type":"EntryPoint","urlTemplate":"https:\/\/luchonoticias.com\/editor\/?s={search_term_string}"},"query-input":{"@type":"PropertyValueSpecification","valueRequired":true,"valueName":"search_term_string"}}],"inLanguage":"es"},{"@type":["Person","Organization"],"@id":"https:\/\/luchonoticias.com\/editor\/#\/schema\/person\/7a7fd911f58561fd056dbac7b55af9cd","name":"admin","image":{"@type":"ImageObject","inLanguage":"es","@id":"https:\/\/luchonoticias.com\/editor\/#\/schema\/person\/image\/","url":"https:\/\/luchonoticias.com\/editor\/wp-content\/uploads\/2024\/02\/cropped-cropped-logolu.webp","contentUrl":"https:\/\/luchonoticias.com\/editor\/wp-content\/uploads\/2024\/02\/cropped-cropped-logolu.webp","width":382,"height":170,"caption":"admin"},"logo":{"@id":"https:\/\/luchonoticias.com\/editor\/#\/schema\/person\/image\/"},"sameAs":["https:\/\/www.facebook.com\/luchonoticiasneiva"],"url":"https:\/\/luchonoticias.com\/editor\/author\/admin\/"}]}},"_links":{"self":[{"href":"https:\/\/luchonoticias.com\/editor\/wp-json\/wp\/v2\/posts\/41416","targetHints":{"allow":["GET"]}}],"collection":[{"href":"https:\/\/luchonoticias.com\/editor\/wp-json\/wp\/v2\/posts"}],"about":[{"href":"https:\/\/luchonoticias.com\/editor\/wp-json\/wp\/v2\/types\/post"}],"author":[{"embeddable":true,"href":"https:\/\/luchonoticias.com\/editor\/wp-json\/wp\/v2\/users\/1"}],"replies":[{"embeddable":true,"href":"https:\/\/luchonoticias.com\/editor\/wp-json\/wp\/v2\/comments?post=41416"}],"version-history":[{"count":0,"href":"https:\/\/luchonoticias.com\/editor\/wp-json\/wp\/v2\/posts\/41416\/revisions"}],"wp:attachment":[{"href":"https:\/\/luchonoticias.com\/editor\/wp-json\/wp\/v2\/media?parent=41416"}],"wp:term":[{"taxonomy":"category","embeddable":true,"href":"https:\/\/luchonoticias.com\/editor\/wp-json\/wp\/v2\/categories?post=41416"},{"taxonomy":"post_tag","embeddable":true,"href":"https:\/\/luchonoticias.com\/editor\/wp-json\/wp\/v2\/tags?post=41416"}],"curies":[{"name":"wp","href":"https:\/\/api.w.org\/{rel}","templated":true}]}}