{"id":41421,"date":"2022-12-06T15:50:09","date_gmt":"2022-12-06T20:50:09","guid":{"rendered":"https:\/\/luchonoticias.com\/?p=41421"},"modified":"2022-12-06T15:50:10","modified_gmt":"2022-12-06T20:50:10","slug":"belen-de-los-andaquies-del-caqueta-caso-de-exito-de-recuperacion-emocional","status":"publish","type":"post","link":"https:\/\/luchonoticias.com\/editor\/belen-de-los-andaquies-del-caqueta-caso-de-exito-de-recuperacion-emocional\/","title":{"rendered":"Bel\u00e9n de los Andaqu\u00edes del Caquet\u00e1, caso de \u00e9xito de recuperaci\u00f3n emocional"},"content":{"rendered":"\n<p>La vereda San Antonio de Padua, en Bel\u00e9n de los Andaqu\u00edes (Caquet\u00e1), se ha constituido en un ejemplo de experiencia exitosa de aplicaci\u00f3n de las Estrategias de Recuperaci\u00f3n Emocional.<\/p>\n\n\n\n<p>Los resultados de este trabajo fueron presentados recientemente a la Agencia Presidencial de Cooperaci\u00f3n Internacional de Colombia y a la Unidad para las V\u00edctimas, con el apoyo t\u00e9cnico y financiero del programa ProPaz de la Sociedad Alemana de Cooperaci\u00f3n Internacional (GIZ).<\/p>\n\n\n\n<p>Dentro de los invitados a este intercambio de experiencias estuvieron alcaldes, secretarios de Gobierno, enlaces de v\u00edctimas y los representantes de las mesas municipales de participaci\u00f3n efectiva de las v\u00edctimas de los municipios de El Tarra y Sardinata en Norte de Santander; Mesetas, en el Meta; Albania, San Vicente del Cagu\u00e1n, San Jos\u00e9 del Fragua y Curillo en Caquet\u00e1, as\u00ed como representantes de la Jurisdicci\u00f3n Especial para la Paz y de la Unidad de B\u00fasqueda de Personas Dadas por Desaparecidas en calidad de observadores.<\/p>\n\n\n\n<p>A partir de esta experiencia se realizar\u00e1 el intercambio Col-Col, con el fin de propiciar el fortalecimiento local de estos siete municipios a trav\u00e9s de la apropiaci\u00f3n y acompa\u00f1amiento a la reparaci\u00f3n integral desarrolladas por la Unidad. Tambi\u00e9n se busca promover que la implementaci\u00f3n de medidas de rehabilitaci\u00f3n psicosocial, satisfacci\u00f3n y garant\u00edas de no repetici\u00f3n sean lideradas por entidades territoriales.<\/p>\n\n\n\n<figure class=\"wp-block-gallery has-nested-images columns-default is-cropped wp-block-gallery-1 is-layout-flex wp-block-gallery-is-layout-flex\">\n<figure class=\"wp-block-image size-large\"><img decoding=\"async\" data-id=\"41424\" src=\"https:\/\/luchonoticias.com\/wp-content\/uploads\/2022\/12\/WhatsApp-Image-2022-12-06-at-11.58.22-AM-1024x473.jpeg\" alt=\"\" class=\"wp-image-41424\"\/><\/figure>\n\n\n\n<figure class=\"wp-block-image size-large\"><img decoding=\"async\" data-id=\"41423\" src=\"https:\/\/luchonoticias.com\/wp-content\/uploads\/2022\/12\/WhatsApp-Image-2022-12-06-at-11.58.21-AM-1-1024x472.jpeg\" alt=\"\" class=\"wp-image-41423\"\/><\/figure>\n<\/figure>\n\n\n\n<p>Durante este encuentro, la Alcald\u00eda de Bel\u00e9n de los Andaqu\u00edes dio a conocer su proceso al recibir la transferencia metodol\u00f3gica de las estrategias construidas y lideradas por la Unidad para las V\u00edctimas. Por medio de las voces de las v\u00edctimas mostraron el aporte que brindan las estrategias en la recuperaci\u00f3n emocional a los sobrevivientes y c\u00f3mo esto se convierte en la base fundamental de cualquier proyecto de infraestructura o de fortalecimiento econ\u00f3mico, ya que la recuperaci\u00f3n emocional genera comunidades m\u00e1s fortalecidas capaces de volver a confiar y unirse en el trabajo colaborativo.<\/p>\n\n\n\n<p>El mandatario de Bel\u00e9n de los Andaqu\u00edes, Tom\u00e1s Rosero, sostiene que en solo tres a\u00f1os San Antonio de Padua se fue transformado. \u201cFue esta comunidad la que de primera mano se apropi\u00f3 de la iniciativa y hoy por hoy son ejemplo a nivel pa\u00eds, mostrando que cuando ellos ponen su grano de arena, cuando trabajamos de manera articulada la comunidad, la administraci\u00f3n local y las entidades cooperantes, los resultados son positivos\u201d.<\/p>\n\n\n\n<p><strong>La experiencia de San Antonio de Padua<\/strong><\/p>\n\n\n\n<p>La comunidad de esta vereda, afectada por el conflicto armado especialmente en los a\u00f1os 80, 90 y 2000, hoy es un ejemplo nacional por el proceso que ha llevado a cabo en los \u00faltimos seis a\u00f1os.<\/p>\n\n\n\n<p>Con un Plan de Acci\u00f3n Territorial centrado en los derechos de las v\u00edctimas, el municipio de Bel\u00e9n de los Andaqu\u00edes empez\u00f3 a trabajar en conjunto con la Unidad para las V\u00edctimas y otras entidades departamentales y nacionales para un \u00fanico fin: restaurar la confianza entre la comunidad y el Estado a trav\u00e9s de la recuperaci\u00f3n emocional.<\/p>\n\n\n\n<p>A esto se sum\u00f3 la cooperaci\u00f3n internacional, que aport\u00f3 para la construcci\u00f3n de obras que permitieran contribuir en la restauraci\u00f3n del tejido social. De manera paralela, en 2019 la Unidad para las V\u00edctimas encontr\u00f3 el apoyo necesario para la contrataci\u00f3n de las psic\u00f3logas que acompa\u00f1aron el proceso.&nbsp;<\/p>\n\n\n\n<p>De igual modo se articularon acciones con la Escuela de Cine de Bel\u00e9n de los Andaqu\u00edes, en donde se logr\u00f3 evidenciar un cambio en el comportamiento de los menores de edad, bajando sus niveles de agresividad, fortaleciendo su autoestima y sus relaciones familiares y sociales.<\/p>\n\n\n\n<p>Juntos identificaron sus derechos y tambi\u00e9n reconocieron sus deberes y obligaciones. En estos encuentros se realizaron actos simb\u00f3licos como \u2018Soltar para sanar\u2019, \u2018Paz y amor\u2019, \u2018Estrella del horizonte\u2019, \u2018Dejando huella\u2019, \u2018El bosque de la memoria\u2019 y fogatas, siembras, murales y lugares de memoria, entre otros; a nivel comunitario se desarrollaron proyectos y acciones que impactaron a toda la poblaci\u00f3n, como el mejoramiento de casetas comunales, fachadas y parques infantiles.<\/p>\n\n\n\n<figure class=\"wp-block-gallery has-nested-images columns-default is-cropped wp-block-gallery-2 is-layout-flex wp-block-gallery-is-layout-flex\">\n<figure class=\"wp-block-image size-large\"><img decoding=\"async\" data-id=\"41425\" src=\"https:\/\/luchonoticias.com\/wp-content\/uploads\/2022\/12\/WhatsApp-Image-2022-12-06-at-11.58.21-AM-1024x473.jpeg\" alt=\"\" class=\"wp-image-41425\"\/><\/figure>\n\n\n\n<figure class=\"wp-block-image size-large\"><img decoding=\"async\" data-id=\"41426\" src=\"https:\/\/luchonoticias.com\/wp-content\/uploads\/2022\/12\/WhatsApp-Image-2022-12-06-at-11.58.20-AM-1-1024x588.jpeg\" alt=\"\" class=\"wp-image-41426\"\/><\/figure>\n<\/figure>\n\n\n\n<p><strong>Testimonios<\/strong><\/p>\n\n\n\n<p>Ofelia Soto, auxiliar de enfermer\u00eda con 28 a\u00f1os de servicio a las comunidades y nieta de los fundadores de San Antonio, es una de las personas abanderadas en la coordinaci\u00f3n de diversas actividades dentro del proceso de recuperaci\u00f3n emocional. Ella comenta con orgullo c\u00f3mo han logrado superar la violencia de a\u00f1os atr\u00e1s, por cuenta de las Farc y m\u00e1s tarde los grupos paramilitares, transformando la manera de pensar, sentir y hacer las cosas.<\/p>\n\n\n\n<p>\u201cEmpezamos con nosotros como personas; luego, casa pintada, embelleciendo nuestro caser\u00edo; el puesto de salud totalmente restablecido, cancha de f\u00fatbol, casa de memoria, cineteca en memoria de un docente asesinado, el quiosco para mujeres, donde se hacen ollas comunitarias, el puente vehicular a la entrada de San Antonio y el carreteable con numerosas placa huellas que hoy permiten sacar el pl\u00e1tano, principal producto de la zona, hacia el interior del Caquet\u00e1\u201d.<\/p>\n\n\n\n<p>El intercambio campesino entre veredas, que se hab\u00eda perdido por la presencia de los violentos, es parte de lo que todos comparten con singular entusiasmo cada domingo, cuando hombres y mujeres de diferentes veredas se encuentran para ofrendar sus productos y recibir otros a cambio. Es un encuentro enriquecedor, solo comparable con las fiestas patronales de San Antonio de Padua, que celebran el 13 de junio en un ambiente de completa integraci\u00f3n y armon\u00eda.&nbsp;&nbsp;<\/p>\n\n\n\n<p><strong>Mesa de v\u00edctimas<\/strong><\/p>\n\n\n\n<p>Seg\u00fan Franklin Castro, coordinador de la Mesa Municipal de Participaci\u00f3n Efectiva de las V\u00edctimas de Bel\u00e9n de los Andaqu\u00edes, los avances en la recuperaci\u00f3n emocional son evidentes porque ahora \u201cson personas empoderadas, que se esfuerzan por el bien com\u00fan\u201d, dice y, adem\u00e1s, destaca el protagonismo de las mujeres en la recuperaci\u00f3n del territorio, y la defensa de los recursos y la biodiversidad de cara a la reconciliaci\u00f3n local, regional y nacional. \u201cEllos son un ejemplo en el proceso de posconflicto\u201d, dice.&nbsp;&nbsp;<\/p>\n\n\n\n<p>\u201cVisibilizando sus necesidades, lograron que los cooperantes vinieran a invertir, a mejorar la salud mental, a desarrollar unas estrategias de comunicaci\u00f3n asertiva. Una mente fuerte puede dar un paso grande hacia la reconciliaci\u00f3n, el perd\u00f3n, la b\u00fasqueda de la paz desde su territorio y dejarles esa herencia a las nuevas generaciones, a la juventud que necesita conocer estos procesos y llevar estas banderas\u201d, concluye.<\/p>\n","protected":false},"excerpt":{"rendered":"<p>La vereda San Antonio de Padua, en Bel\u00e9n de los Andaqu\u00edes (Caquet\u00e1), se ha constituido en un ejemplo de experiencia exitosa de aplicaci\u00f3n de las Estrategias de Recuperaci\u00f3n Emocional. Los resultados de este trabajo fueron presentados recientemente a la Agencia Presidencial de Cooperaci\u00f3n Internacional de Colombia y a la Unidad para las V\u00edctimas, con el [&hellip;]<\/p>\n","protected":false},"author":1,"featured_media":0,"comment_status":"open","ping_status":"open","sticky":false,"template":"","format":"standard","meta":{"footnotes":""},"categories":[36,35],"tags":[],"class_list":["post-41421","post","type-post","status-publish","format-standard","hentry","category-destacado","category-regional"],"yoast_head":"<!-- This site is optimized with the Yoast SEO plugin v26.6 - https:\/\/yoast.com\/wordpress\/plugins\/seo\/ -->\n<title>Bel\u00e9n de los Andaqu\u00edes del Caquet\u00e1, caso de \u00e9xito de recuperaci\u00f3n emocional -<\/title>\n<meta name=\"robots\" content=\"index, follow, max-snippet:-1, max-image-preview:large, max-video-preview:-1\" \/>\n<link rel=\"canonical\" href=\"https:\/\/luchonoticias.com\/editor\/belen-de-los-andaquies-del-caqueta-caso-de-exito-de-recuperacion-emocional\/\" \/>\n<meta property=\"og:locale\" content=\"es_ES\" \/>\n<meta property=\"og:type\" content=\"article\" \/>\n<meta property=\"og:title\" content=\"Bel\u00e9n de los Andaqu\u00edes del Caquet\u00e1, caso de \u00e9xito de recuperaci\u00f3n emocional -\" \/>\n<meta property=\"og:url\" content=\"https:\/\/luchonoticias.com\/editor\/belen-de-los-andaquies-del-caqueta-caso-de-exito-de-recuperacion-emocional\/\" \/>\n<meta property=\"article:publisher\" content=\"https:\/\/www.facebook.com\/luchonoticiasneiva\" \/>\n<meta property=\"article:author\" content=\"https:\/\/www.facebook.com\/luchonoticiasneiva\" \/>\n<meta property=\"article:published_time\" content=\"2022-12-06T20:50:09+00:00\" \/>\n<meta property=\"article:modified_time\" content=\"2022-12-06T20:50:10+00:00\" \/>\n<meta property=\"og:image\" content=\"https:\/\/luchonoticias.com\/wp-content\/uploads\/2022\/12\/WhatsApp-Image-2022-12-06-at-11.58.22-AM-1024x473.jpeg\" \/>\n<meta name=\"author\" content=\"admin\" \/>\n<meta name=\"twitter:card\" content=\"summary_large_image\" \/>\n<meta name=\"twitter:label1\" content=\"Escrito por\" \/>\n\t<meta name=\"twitter:data1\" content=\"admin\" \/>\n\t<meta name=\"twitter:label2\" content=\"Tiempo de lectura\" \/>\n\t<meta name=\"twitter:data2\" content=\"5 minutos\" \/>\n<script type=\"application\/ld+json\" class=\"yoast-schema-graph\">{\"@context\":\"https:\/\/schema.org\",\"@graph\":[{\"@type\":\"Article\",\"@id\":\"https:\/\/luchonoticias.com\/editor\/belen-de-los-andaquies-del-caqueta-caso-de-exito-de-recuperacion-emocional\/#article\",\"isPartOf\":{\"@id\":\"https:\/\/luchonoticias.com\/editor\/belen-de-los-andaquies-del-caqueta-caso-de-exito-de-recuperacion-emocional\/\"},\"author\":{\"name\":\"admin\",\"@id\":\"https:\/\/luchonoticias.com\/editor\/#\/schema\/person\/7a7fd911f58561fd056dbac7b55af9cd\"},\"headline\":\"Bel\u00e9n de los Andaqu\u00edes del Caquet\u00e1, caso de \u00e9xito de recuperaci\u00f3n emocional\",\"datePublished\":\"2022-12-06T20:50:09+00:00\",\"dateModified\":\"2022-12-06T20:50:10+00:00\",\"mainEntityOfPage\":{\"@id\":\"https:\/\/luchonoticias.com\/editor\/belen-de-los-andaquies-del-caqueta-caso-de-exito-de-recuperacion-emocional\/\"},\"wordCount\":1109,\"commentCount\":0,\"publisher\":{\"@id\":\"https:\/\/luchonoticias.com\/editor\/#\/schema\/person\/7a7fd911f58561fd056dbac7b55af9cd\"},\"image\":{\"@id\":\"https:\/\/luchonoticias.com\/editor\/belen-de-los-andaquies-del-caqueta-caso-de-exito-de-recuperacion-emocional\/#primaryimage\"},\"thumbnailUrl\":\"https:\/\/luchonoticias.com\/wp-content\/uploads\/2022\/12\/WhatsApp-Image-2022-12-06-at-11.58.22-AM-1024x473.jpeg\",\"articleSection\":[\"Destacado\",\"Regional\"],\"inLanguage\":\"es\",\"potentialAction\":[{\"@type\":\"CommentAction\",\"name\":\"Comment\",\"target\":[\"https:\/\/luchonoticias.com\/editor\/belen-de-los-andaquies-del-caqueta-caso-de-exito-de-recuperacion-emocional\/#respond\"]}]},{\"@type\":\"WebPage\",\"@id\":\"https:\/\/luchonoticias.com\/editor\/belen-de-los-andaquies-del-caqueta-caso-de-exito-de-recuperacion-emocional\/\",\"url\":\"https:\/\/luchonoticias.com\/editor\/belen-de-los-andaquies-del-caqueta-caso-de-exito-de-recuperacion-emocional\/\",\"name\":\"Bel\u00e9n de los Andaqu\u00edes del Caquet\u00e1, caso de \u00e9xito de recuperaci\u00f3n emocional -\",\"isPartOf\":{\"@id\":\"https:\/\/luchonoticias.com\/editor\/#website\"},\"primaryImageOfPage\":{\"@id\":\"https:\/\/luchonoticias.com\/editor\/belen-de-los-andaquies-del-caqueta-caso-de-exito-de-recuperacion-emocional\/#primaryimage\"},\"image\":{\"@id\":\"https:\/\/luchonoticias.com\/editor\/belen-de-los-andaquies-del-caqueta-caso-de-exito-de-recuperacion-emocional\/#primaryimage\"},\"thumbnailUrl\":\"https:\/\/luchonoticias.com\/wp-content\/uploads\/2022\/12\/WhatsApp-Image-2022-12-06-at-11.58.22-AM-1024x473.jpeg\",\"datePublished\":\"2022-12-06T20:50:09+00:00\",\"dateModified\":\"2022-12-06T20:50:10+00:00\",\"breadcrumb\":{\"@id\":\"https:\/\/luchonoticias.com\/editor\/belen-de-los-andaquies-del-caqueta-caso-de-exito-de-recuperacion-emocional\/#breadcrumb\"},\"inLanguage\":\"es\",\"potentialAction\":[{\"@type\":\"ReadAction\",\"target\":[\"https:\/\/luchonoticias.com\/editor\/belen-de-los-andaquies-del-caqueta-caso-de-exito-de-recuperacion-emocional\/\"]}]},{\"@type\":\"ImageObject\",\"inLanguage\":\"es\",\"@id\":\"https:\/\/luchonoticias.com\/editor\/belen-de-los-andaquies-del-caqueta-caso-de-exito-de-recuperacion-emocional\/#primaryimage\",\"url\":\"https:\/\/luchonoticias.com\/wp-content\/uploads\/2022\/12\/WhatsApp-Image-2022-12-06-at-11.58.22-AM-1024x473.jpeg\",\"contentUrl\":\"https:\/\/luchonoticias.com\/wp-content\/uploads\/2022\/12\/WhatsApp-Image-2022-12-06-at-11.58.22-AM-1024x473.jpeg\"},{\"@type\":\"BreadcrumbList\",\"@id\":\"https:\/\/luchonoticias.com\/editor\/belen-de-los-andaquies-del-caqueta-caso-de-exito-de-recuperacion-emocional\/#breadcrumb\",\"itemListElement\":[{\"@type\":\"ListItem\",\"position\":1,\"name\":\"Portada\",\"item\":\"https:\/\/luchonoticias.com\/editor\/\"},{\"@type\":\"ListItem\",\"position\":2,\"name\":\"Bel\u00e9n de los Andaqu\u00edes del Caquet\u00e1, caso de \u00e9xito de recuperaci\u00f3n emocional\"}]},{\"@type\":\"WebSite\",\"@id\":\"https:\/\/luchonoticias.com\/editor\/#website\",\"url\":\"https:\/\/luchonoticias.com\/editor\/\",\"name\":\"\",\"description\":\"\",\"publisher\":{\"@id\":\"https:\/\/luchonoticias.com\/editor\/#\/schema\/person\/7a7fd911f58561fd056dbac7b55af9cd\"},\"potentialAction\":[{\"@type\":\"SearchAction\",\"target\":{\"@type\":\"EntryPoint\",\"urlTemplate\":\"https:\/\/luchonoticias.com\/editor\/?s={search_term_string}\"},\"query-input\":{\"@type\":\"PropertyValueSpecification\",\"valueRequired\":true,\"valueName\":\"search_term_string\"}}],\"inLanguage\":\"es\"},{\"@type\":[\"Person\",\"Organization\"],\"@id\":\"https:\/\/luchonoticias.com\/editor\/#\/schema\/person\/7a7fd911f58561fd056dbac7b55af9cd\",\"name\":\"admin\",\"image\":{\"@type\":\"ImageObject\",\"inLanguage\":\"es\",\"@id\":\"https:\/\/luchonoticias.com\/editor\/#\/schema\/person\/image\/\",\"url\":\"https:\/\/luchonoticias.com\/editor\/wp-content\/uploads\/2024\/02\/cropped-cropped-logolu.webp\",\"contentUrl\":\"https:\/\/luchonoticias.com\/editor\/wp-content\/uploads\/2024\/02\/cropped-cropped-logolu.webp\",\"width\":382,\"height\":170,\"caption\":\"admin\"},\"logo\":{\"@id\":\"https:\/\/luchonoticias.com\/editor\/#\/schema\/person\/image\/\"},\"sameAs\":[\"https:\/\/www.facebook.com\/luchonoticiasneiva\"],\"url\":\"https:\/\/luchonoticias.com\/editor\/author\/admin\/\"}]}<\/script>\n<!-- \/ Yoast SEO plugin. -->","yoast_head_json":{"title":"Bel\u00e9n de los Andaqu\u00edes del Caquet\u00e1, caso de \u00e9xito de recuperaci\u00f3n emocional -","robots":{"index":"index","follow":"follow","max-snippet":"max-snippet:-1","max-image-preview":"max-image-preview:large","max-video-preview":"max-video-preview:-1"},"canonical":"https:\/\/luchonoticias.com\/editor\/belen-de-los-andaquies-del-caqueta-caso-de-exito-de-recuperacion-emocional\/","og_locale":"es_ES","og_type":"article","og_title":"Bel\u00e9n de los Andaqu\u00edes del Caquet\u00e1, caso de \u00e9xito de recuperaci\u00f3n emocional -","og_url":"https:\/\/luchonoticias.com\/editor\/belen-de-los-andaquies-del-caqueta-caso-de-exito-de-recuperacion-emocional\/","article_publisher":"https:\/\/www.facebook.com\/luchonoticiasneiva","article_author":"https:\/\/www.facebook.com\/luchonoticiasneiva","article_published_time":"2022-12-06T20:50:09+00:00","article_modified_time":"2022-12-06T20:50:10+00:00","og_image":[{"url":"https:\/\/luchonoticias.com\/wp-content\/uploads\/2022\/12\/WhatsApp-Image-2022-12-06-at-11.58.22-AM-1024x473.jpeg","type":"","width":"","height":""}],"author":"admin","twitter_card":"summary_large_image","twitter_misc":{"Escrito por":"admin","Tiempo de lectura":"5 minutos"},"schema":{"@context":"https:\/\/schema.org","@graph":[{"@type":"Article","@id":"https:\/\/luchonoticias.com\/editor\/belen-de-los-andaquies-del-caqueta-caso-de-exito-de-recuperacion-emocional\/#article","isPartOf":{"@id":"https:\/\/luchonoticias.com\/editor\/belen-de-los-andaquies-del-caqueta-caso-de-exito-de-recuperacion-emocional\/"},"author":{"name":"admin","@id":"https:\/\/luchonoticias.com\/editor\/#\/schema\/person\/7a7fd911f58561fd056dbac7b55af9cd"},"headline":"Bel\u00e9n de los Andaqu\u00edes del Caquet\u00e1, caso de \u00e9xito de recuperaci\u00f3n emocional","datePublished":"2022-12-06T20:50:09+00:00","dateModified":"2022-12-06T20:50:10+00:00","mainEntityOfPage":{"@id":"https:\/\/luchonoticias.com\/editor\/belen-de-los-andaquies-del-caqueta-caso-de-exito-de-recuperacion-emocional\/"},"wordCount":1109,"commentCount":0,"publisher":{"@id":"https:\/\/luchonoticias.com\/editor\/#\/schema\/person\/7a7fd911f58561fd056dbac7b55af9cd"},"image":{"@id":"https:\/\/luchonoticias.com\/editor\/belen-de-los-andaquies-del-caqueta-caso-de-exito-de-recuperacion-emocional\/#primaryimage"},"thumbnailUrl":"https:\/\/luchonoticias.com\/wp-content\/uploads\/2022\/12\/WhatsApp-Image-2022-12-06-at-11.58.22-AM-1024x473.jpeg","articleSection":["Destacado","Regional"],"inLanguage":"es","potentialAction":[{"@type":"CommentAction","name":"Comment","target":["https:\/\/luchonoticias.com\/editor\/belen-de-los-andaquies-del-caqueta-caso-de-exito-de-recuperacion-emocional\/#respond"]}]},{"@type":"WebPage","@id":"https:\/\/luchonoticias.com\/editor\/belen-de-los-andaquies-del-caqueta-caso-de-exito-de-recuperacion-emocional\/","url":"https:\/\/luchonoticias.com\/editor\/belen-de-los-andaquies-del-caqueta-caso-de-exito-de-recuperacion-emocional\/","name":"Bel\u00e9n de los Andaqu\u00edes del Caquet\u00e1, caso de \u00e9xito de recuperaci\u00f3n emocional -","isPartOf":{"@id":"https:\/\/luchonoticias.com\/editor\/#website"},"primaryImageOfPage":{"@id":"https:\/\/luchonoticias.com\/editor\/belen-de-los-andaquies-del-caqueta-caso-de-exito-de-recuperacion-emocional\/#primaryimage"},"image":{"@id":"https:\/\/luchonoticias.com\/editor\/belen-de-los-andaquies-del-caqueta-caso-de-exito-de-recuperacion-emocional\/#primaryimage"},"thumbnailUrl":"https:\/\/luchonoticias.com\/wp-content\/uploads\/2022\/12\/WhatsApp-Image-2022-12-06-at-11.58.22-AM-1024x473.jpeg","datePublished":"2022-12-06T20:50:09+00:00","dateModified":"2022-12-06T20:50:10+00:00","breadcrumb":{"@id":"https:\/\/luchonoticias.com\/editor\/belen-de-los-andaquies-del-caqueta-caso-de-exito-de-recuperacion-emocional\/#breadcrumb"},"inLanguage":"es","potentialAction":[{"@type":"ReadAction","target":["https:\/\/luchonoticias.com\/editor\/belen-de-los-andaquies-del-caqueta-caso-de-exito-de-recuperacion-emocional\/"]}]},{"@type":"ImageObject","inLanguage":"es","@id":"https:\/\/luchonoticias.com\/editor\/belen-de-los-andaquies-del-caqueta-caso-de-exito-de-recuperacion-emocional\/#primaryimage","url":"https:\/\/luchonoticias.com\/wp-content\/uploads\/2022\/12\/WhatsApp-Image-2022-12-06-at-11.58.22-AM-1024x473.jpeg","contentUrl":"https:\/\/luchonoticias.com\/wp-content\/uploads\/2022\/12\/WhatsApp-Image-2022-12-06-at-11.58.22-AM-1024x473.jpeg"},{"@type":"BreadcrumbList","@id":"https:\/\/luchonoticias.com\/editor\/belen-de-los-andaquies-del-caqueta-caso-de-exito-de-recuperacion-emocional\/#breadcrumb","itemListElement":[{"@type":"ListItem","position":1,"name":"Portada","item":"https:\/\/luchonoticias.com\/editor\/"},{"@type":"ListItem","position":2,"name":"Bel\u00e9n de los Andaqu\u00edes del Caquet\u00e1, caso de \u00e9xito de recuperaci\u00f3n emocional"}]},{"@type":"WebSite","@id":"https:\/\/luchonoticias.com\/editor\/#website","url":"https:\/\/luchonoticias.com\/editor\/","name":"","description":"","publisher":{"@id":"https:\/\/luchonoticias.com\/editor\/#\/schema\/person\/7a7fd911f58561fd056dbac7b55af9cd"},"potentialAction":[{"@type":"SearchAction","target":{"@type":"EntryPoint","urlTemplate":"https:\/\/luchonoticias.com\/editor\/?s={search_term_string}"},"query-input":{"@type":"PropertyValueSpecification","valueRequired":true,"valueName":"search_term_string"}}],"inLanguage":"es"},{"@type":["Person","Organization"],"@id":"https:\/\/luchonoticias.com\/editor\/#\/schema\/person\/7a7fd911f58561fd056dbac7b55af9cd","name":"admin","image":{"@type":"ImageObject","inLanguage":"es","@id":"https:\/\/luchonoticias.com\/editor\/#\/schema\/person\/image\/","url":"https:\/\/luchonoticias.com\/editor\/wp-content\/uploads\/2024\/02\/cropped-cropped-logolu.webp","contentUrl":"https:\/\/luchonoticias.com\/editor\/wp-content\/uploads\/2024\/02\/cropped-cropped-logolu.webp","width":382,"height":170,"caption":"admin"},"logo":{"@id":"https:\/\/luchonoticias.com\/editor\/#\/schema\/person\/image\/"},"sameAs":["https:\/\/www.facebook.com\/luchonoticiasneiva"],"url":"https:\/\/luchonoticias.com\/editor\/author\/admin\/"}]}},"_links":{"self":[{"href":"https:\/\/luchonoticias.com\/editor\/wp-json\/wp\/v2\/posts\/41421","targetHints":{"allow":["GET"]}}],"collection":[{"href":"https:\/\/luchonoticias.com\/editor\/wp-json\/wp\/v2\/posts"}],"about":[{"href":"https:\/\/luchonoticias.com\/editor\/wp-json\/wp\/v2\/types\/post"}],"author":[{"embeddable":true,"href":"https:\/\/luchonoticias.com\/editor\/wp-json\/wp\/v2\/users\/1"}],"replies":[{"embeddable":true,"href":"https:\/\/luchonoticias.com\/editor\/wp-json\/wp\/v2\/comments?post=41421"}],"version-history":[{"count":0,"href":"https:\/\/luchonoticias.com\/editor\/wp-json\/wp\/v2\/posts\/41421\/revisions"}],"wp:attachment":[{"href":"https:\/\/luchonoticias.com\/editor\/wp-json\/wp\/v2\/media?parent=41421"}],"wp:term":[{"taxonomy":"category","embeddable":true,"href":"https:\/\/luchonoticias.com\/editor\/wp-json\/wp\/v2\/categories?post=41421"},{"taxonomy":"post_tag","embeddable":true,"href":"https:\/\/luchonoticias.com\/editor\/wp-json\/wp\/v2\/tags?post=41421"}],"curies":[{"name":"wp","href":"https:\/\/api.w.org\/{rel}","templated":true}]}}