{"id":41483,"date":"2022-12-07T07:00:46","date_gmt":"2022-12-07T12:00:46","guid":{"rendered":"https:\/\/luchonoticias.com\/?p=41483"},"modified":"2022-12-07T07:00:47","modified_gmt":"2022-12-07T12:00:47","slug":"con-un-grandioso-desfile-neiva-encendera-las-luces-y-le-dara-la-bienvenida-a-la-navidad","status":"publish","type":"post","link":"https:\/\/luchonoticias.com\/editor\/con-un-grandioso-desfile-neiva-encendera-las-luces-y-le-dara-la-bienvenida-a-la-navidad\/","title":{"rendered":"Con un grandioso desfile Neiva encender\u00e1 las luces y le dar\u00e1 la bienvenida a la Navidad"},"content":{"rendered":"\n<p>La Secretar\u00eda de Cultura y la Empresa de Servicios de Iluminaci\u00f3n P\u00fablica, ESIP, tienen una programaci\u00f3n amplia para \u00e9ste mi\u00e9rcoles, con motivo del inicio de la navidad y la inauguraci\u00f3n del alumbrado navide\u00f1o.<\/p>\n\n\n\n<p>La fecha, ser\u00e1 la oportunidad adem\u00e1s de continuar con la agenda cultural preparada para la temporada decembrina, que contiene diversas actividades, esto con el fin de que los ciudadanos disfruten de una navidad en paz y reconciliaci\u00f3n.<\/p>\n\n\n\n<figure class=\"wp-block-gallery has-nested-images columns-default is-cropped wp-block-gallery-1 is-layout-flex wp-block-gallery-is-layout-flex\">\n<figure class=\"wp-block-image size-large\"><img decoding=\"async\" data-id=\"41485\" src=\"https:\/\/luchonoticias.com\/wp-content\/uploads\/2022\/12\/WhatsApp-Image-2022-12-06-at-7.14.13-PM-3-1024x455.jpeg\" alt=\"\" class=\"wp-image-41485\"\/><\/figure>\n\n\n\n<figure class=\"wp-block-image size-large\"><img decoding=\"async\" data-id=\"41486\" src=\"https:\/\/luchonoticias.com\/wp-content\/uploads\/2022\/12\/WhatsApp-Image-2022-12-06-at-7.14.13-PM-2-1024x609.jpeg\" alt=\"\" class=\"wp-image-41486\"\/><\/figure>\n<\/figure>\n\n\n\n<p><strong>Progr\u00e1mate<\/strong><\/p>\n\n\n\n<p>La agenda inicia \u00e9ste mi\u00e9rcoles con un gran desfile navide\u00f1o, desde las 6:00 de la tarde, con la participaci\u00f3n de instituciones educativas, gestores culturales y muchas sorpresas m\u00e1s.<\/p>\n\n\n\n<p>Despu\u00e9s del desfile, a las 8:00 de la noche, en el puente de las 16 con Avenida La Toma, se realizar\u00e1 un espect\u00e1culo d\u00f3nde los principales personajes ser\u00e1n los ni\u00f1os de diferentes comunas, que hacen parte de las Escuelas de Arte y Cultura. Adem\u00e1s, habr\u00e1 un sketch navide\u00f1o, m\u00fasica y pirotecnia, toma interactiva y feria de emprendimiento. Por otro lado, habr\u00e1 arte callejero y puesta en escena sinf\u00f3nica, sobre las 9:30 de la noche en la calle 14 con avenida La Toma.<\/p>\n\n\n\n<p>As\u00ed mismo habr\u00e1 una feria permanente de emprendimiento en la Avenida La Toma, donde 30 emprendedores de la ciudad tendr\u00e1n la oportunidad de ofertar lo mejor de sus productos.<\/p>\n\n\n\n<figure class=\"wp-block-gallery has-nested-images columns-default is-cropped wp-block-gallery-2 is-layout-flex wp-block-gallery-is-layout-flex\">\n<figure class=\"wp-block-image size-large\"><img decoding=\"async\" data-id=\"41487\" src=\"https:\/\/luchonoticias.com\/wp-content\/uploads\/2022\/12\/WhatsApp-Image-2022-12-06-at-7.14.13-PM-1-1024x632.jpeg\" alt=\"\" class=\"wp-image-41487\"\/><\/figure>\n\n\n\n<figure class=\"wp-block-image size-large\"><img decoding=\"async\" data-id=\"41488\" src=\"https:\/\/luchonoticias.com\/wp-content\/uploads\/2022\/12\/WhatsApp-Image-2022-12-06-at-7.14.13-PM-1024x567.jpeg\" alt=\"\" class=\"wp-image-41488\"\/><\/figure>\n\n\n\n<figure class=\"wp-block-image size-large\"><img decoding=\"async\" data-id=\"41489\" src=\"https:\/\/luchonoticias.com\/wp-content\/uploads\/2022\/12\/WhatsApp-Image-2022-12-06-at-7.14.12-PM-1024x573.jpeg\" alt=\"\" class=\"wp-image-41489\"\/><\/figure>\n<\/figure>\n\n\n\n<p>Marieta Trujillo Collazos, secretaria de Cultura Municipal, hizo una invitaci\u00f3n especial a todos los neivanos, a qu\u00e9 asistan y se integren a esta Agenda Navide\u00f1a, hecha con mucho amor para todos los ciudadanos.<\/p>\n\n\n\n<p>\u00abBueno, la invitaci\u00f3n especial, en cabeza de nuestro se\u00f1or Alcalde, y desde la Secretar\u00eda de Cultura municipal a toda la ciudadan\u00eda, a que participen de toda esta agenda que inici\u00f3 el 3 de diciembre. Nosotros como Administraci\u00f3n Municipal, hemos articulado con la Polic\u00eda Nacional, con el Ej\u00e9rcito, con Movilidad, para que ustedes los ciudadanos, tengan la posibilidad de disfrutar de unas fiestas de vida y paz y puedan tener la tranquilidad de salir a las calles este mes de diciembre, donde tenemos una programaci\u00f3n tupida en temas culturales y deportivos para el disfrute de toda la poblaci\u00f3n\u00bb.<\/p>\n","protected":false},"excerpt":{"rendered":"<p>La Secretar\u00eda de Cultura y la Empresa de Servicios de Iluminaci\u00f3n P\u00fablica, ESIP, tienen una programaci\u00f3n amplia para \u00e9ste mi\u00e9rcoles, con motivo del inicio de la navidad y la inauguraci\u00f3n del alumbrado navide\u00f1o. La fecha, ser\u00e1 la oportunidad adem\u00e1s de continuar con la agenda cultural preparada para la temporada decembrina, que contiene diversas actividades, esto [&hellip;]<\/p>\n","protected":false},"author":1,"featured_media":0,"comment_status":"open","ping_status":"open","sticky":false,"template":"","format":"standard","meta":{"footnotes":""},"categories":[3961,36],"tags":[],"class_list":["post-41483","post","type-post","status-publish","format-standard","hentry","category-comunidad","category-destacado"],"yoast_head":"<!-- This site is optimized with the Yoast SEO plugin v26.6 - https:\/\/yoast.com\/wordpress\/plugins\/seo\/ -->\n<title>Con un grandioso desfile Neiva encender\u00e1 las luces y le dar\u00e1 la bienvenida a la Navidad -<\/title>\n<meta name=\"robots\" content=\"index, follow, max-snippet:-1, max-image-preview:large, max-video-preview:-1\" \/>\n<link rel=\"canonical\" href=\"https:\/\/luchonoticias.com\/editor\/con-un-grandioso-desfile-neiva-encendera-las-luces-y-le-dara-la-bienvenida-a-la-navidad\/\" \/>\n<meta property=\"og:locale\" content=\"es_ES\" \/>\n<meta property=\"og:type\" content=\"article\" \/>\n<meta property=\"og:title\" content=\"Con un grandioso desfile Neiva encender\u00e1 las luces y le dar\u00e1 la bienvenida a la Navidad -\" \/>\n<meta property=\"og:url\" content=\"https:\/\/luchonoticias.com\/editor\/con-un-grandioso-desfile-neiva-encendera-las-luces-y-le-dara-la-bienvenida-a-la-navidad\/\" \/>\n<meta property=\"article:publisher\" content=\"https:\/\/www.facebook.com\/luchonoticiasneiva\" \/>\n<meta property=\"article:author\" content=\"https:\/\/www.facebook.com\/luchonoticiasneiva\" \/>\n<meta property=\"article:published_time\" content=\"2022-12-07T12:00:46+00:00\" \/>\n<meta property=\"article:modified_time\" content=\"2022-12-07T12:00:47+00:00\" \/>\n<meta property=\"og:image\" content=\"https:\/\/luchonoticias.com\/wp-content\/uploads\/2022\/12\/WhatsApp-Image-2022-12-06-at-7.14.13-PM-3-1024x455.jpeg\" \/>\n<meta name=\"author\" content=\"admin\" \/>\n<meta name=\"twitter:card\" content=\"summary_large_image\" \/>\n<meta name=\"twitter:label1\" content=\"Escrito por\" \/>\n\t<meta name=\"twitter:data1\" content=\"admin\" \/>\n\t<meta name=\"twitter:label2\" content=\"Tiempo de lectura\" \/>\n\t<meta name=\"twitter:data2\" content=\"2 minutos\" \/>\n<script type=\"application\/ld+json\" class=\"yoast-schema-graph\">{\"@context\":\"https:\/\/schema.org\",\"@graph\":[{\"@type\":\"Article\",\"@id\":\"https:\/\/luchonoticias.com\/editor\/con-un-grandioso-desfile-neiva-encendera-las-luces-y-le-dara-la-bienvenida-a-la-navidad\/#article\",\"isPartOf\":{\"@id\":\"https:\/\/luchonoticias.com\/editor\/con-un-grandioso-desfile-neiva-encendera-las-luces-y-le-dara-la-bienvenida-a-la-navidad\/\"},\"author\":{\"name\":\"admin\",\"@id\":\"https:\/\/luchonoticias.com\/editor\/#\/schema\/person\/7a7fd911f58561fd056dbac7b55af9cd\"},\"headline\":\"Con un grandioso desfile Neiva encender\u00e1 las luces y le dar\u00e1 la bienvenida a la Navidad\",\"datePublished\":\"2022-12-07T12:00:46+00:00\",\"dateModified\":\"2022-12-07T12:00:47+00:00\",\"mainEntityOfPage\":{\"@id\":\"https:\/\/luchonoticias.com\/editor\/con-un-grandioso-desfile-neiva-encendera-las-luces-y-le-dara-la-bienvenida-a-la-navidad\/\"},\"wordCount\":384,\"commentCount\":0,\"publisher\":{\"@id\":\"https:\/\/luchonoticias.com\/editor\/#\/schema\/person\/7a7fd911f58561fd056dbac7b55af9cd\"},\"image\":{\"@id\":\"https:\/\/luchonoticias.com\/editor\/con-un-grandioso-desfile-neiva-encendera-las-luces-y-le-dara-la-bienvenida-a-la-navidad\/#primaryimage\"},\"thumbnailUrl\":\"https:\/\/luchonoticias.com\/wp-content\/uploads\/2022\/12\/WhatsApp-Image-2022-12-06-at-7.14.13-PM-3-1024x455.jpeg\",\"articleSection\":[\"Comunidad\",\"Destacado\"],\"inLanguage\":\"es\",\"potentialAction\":[{\"@type\":\"CommentAction\",\"name\":\"Comment\",\"target\":[\"https:\/\/luchonoticias.com\/editor\/con-un-grandioso-desfile-neiva-encendera-las-luces-y-le-dara-la-bienvenida-a-la-navidad\/#respond\"]}]},{\"@type\":\"WebPage\",\"@id\":\"https:\/\/luchonoticias.com\/editor\/con-un-grandioso-desfile-neiva-encendera-las-luces-y-le-dara-la-bienvenida-a-la-navidad\/\",\"url\":\"https:\/\/luchonoticias.com\/editor\/con-un-grandioso-desfile-neiva-encendera-las-luces-y-le-dara-la-bienvenida-a-la-navidad\/\",\"name\":\"Con un grandioso desfile Neiva encender\u00e1 las luces y le dar\u00e1 la bienvenida a la Navidad -\",\"isPartOf\":{\"@id\":\"https:\/\/luchonoticias.com\/editor\/#website\"},\"primaryImageOfPage\":{\"@id\":\"https:\/\/luchonoticias.com\/editor\/con-un-grandioso-desfile-neiva-encendera-las-luces-y-le-dara-la-bienvenida-a-la-navidad\/#primaryimage\"},\"image\":{\"@id\":\"https:\/\/luchonoticias.com\/editor\/con-un-grandioso-desfile-neiva-encendera-las-luces-y-le-dara-la-bienvenida-a-la-navidad\/#primaryimage\"},\"thumbnailUrl\":\"https:\/\/luchonoticias.com\/wp-content\/uploads\/2022\/12\/WhatsApp-Image-2022-12-06-at-7.14.13-PM-3-1024x455.jpeg\",\"datePublished\":\"2022-12-07T12:00:46+00:00\",\"dateModified\":\"2022-12-07T12:00:47+00:00\",\"breadcrumb\":{\"@id\":\"https:\/\/luchonoticias.com\/editor\/con-un-grandioso-desfile-neiva-encendera-las-luces-y-le-dara-la-bienvenida-a-la-navidad\/#breadcrumb\"},\"inLanguage\":\"es\",\"potentialAction\":[{\"@type\":\"ReadAction\",\"target\":[\"https:\/\/luchonoticias.com\/editor\/con-un-grandioso-desfile-neiva-encendera-las-luces-y-le-dara-la-bienvenida-a-la-navidad\/\"]}]},{\"@type\":\"ImageObject\",\"inLanguage\":\"es\",\"@id\":\"https:\/\/luchonoticias.com\/editor\/con-un-grandioso-desfile-neiva-encendera-las-luces-y-le-dara-la-bienvenida-a-la-navidad\/#primaryimage\",\"url\":\"https:\/\/luchonoticias.com\/wp-content\/uploads\/2022\/12\/WhatsApp-Image-2022-12-06-at-7.14.13-PM-3-1024x455.jpeg\",\"contentUrl\":\"https:\/\/luchonoticias.com\/wp-content\/uploads\/2022\/12\/WhatsApp-Image-2022-12-06-at-7.14.13-PM-3-1024x455.jpeg\"},{\"@type\":\"BreadcrumbList\",\"@id\":\"https:\/\/luchonoticias.com\/editor\/con-un-grandioso-desfile-neiva-encendera-las-luces-y-le-dara-la-bienvenida-a-la-navidad\/#breadcrumb\",\"itemListElement\":[{\"@type\":\"ListItem\",\"position\":1,\"name\":\"Portada\",\"item\":\"https:\/\/luchonoticias.com\/editor\/\"},{\"@type\":\"ListItem\",\"position\":2,\"name\":\"Con un grandioso desfile Neiva encender\u00e1 las luces y le dar\u00e1 la bienvenida a la Navidad\"}]},{\"@type\":\"WebSite\",\"@id\":\"https:\/\/luchonoticias.com\/editor\/#website\",\"url\":\"https:\/\/luchonoticias.com\/editor\/\",\"name\":\"\",\"description\":\"\",\"publisher\":{\"@id\":\"https:\/\/luchonoticias.com\/editor\/#\/schema\/person\/7a7fd911f58561fd056dbac7b55af9cd\"},\"potentialAction\":[{\"@type\":\"SearchAction\",\"target\":{\"@type\":\"EntryPoint\",\"urlTemplate\":\"https:\/\/luchonoticias.com\/editor\/?s={search_term_string}\"},\"query-input\":{\"@type\":\"PropertyValueSpecification\",\"valueRequired\":true,\"valueName\":\"search_term_string\"}}],\"inLanguage\":\"es\"},{\"@type\":[\"Person\",\"Organization\"],\"@id\":\"https:\/\/luchonoticias.com\/editor\/#\/schema\/person\/7a7fd911f58561fd056dbac7b55af9cd\",\"name\":\"admin\",\"image\":{\"@type\":\"ImageObject\",\"inLanguage\":\"es\",\"@id\":\"https:\/\/luchonoticias.com\/editor\/#\/schema\/person\/image\/\",\"url\":\"https:\/\/luchonoticias.com\/editor\/wp-content\/uploads\/2024\/02\/cropped-cropped-logolu.webp\",\"contentUrl\":\"https:\/\/luchonoticias.com\/editor\/wp-content\/uploads\/2024\/02\/cropped-cropped-logolu.webp\",\"width\":382,\"height\":170,\"caption\":\"admin\"},\"logo\":{\"@id\":\"https:\/\/luchonoticias.com\/editor\/#\/schema\/person\/image\/\"},\"sameAs\":[\"https:\/\/www.facebook.com\/luchonoticiasneiva\"],\"url\":\"https:\/\/luchonoticias.com\/editor\/author\/admin\/\"}]}<\/script>\n<!-- \/ Yoast SEO plugin. -->","yoast_head_json":{"title":"Con un grandioso desfile Neiva encender\u00e1 las luces y le dar\u00e1 la bienvenida a la Navidad -","robots":{"index":"index","follow":"follow","max-snippet":"max-snippet:-1","max-image-preview":"max-image-preview:large","max-video-preview":"max-video-preview:-1"},"canonical":"https:\/\/luchonoticias.com\/editor\/con-un-grandioso-desfile-neiva-encendera-las-luces-y-le-dara-la-bienvenida-a-la-navidad\/","og_locale":"es_ES","og_type":"article","og_title":"Con un grandioso desfile Neiva encender\u00e1 las luces y le dar\u00e1 la bienvenida a la Navidad -","og_url":"https:\/\/luchonoticias.com\/editor\/con-un-grandioso-desfile-neiva-encendera-las-luces-y-le-dara-la-bienvenida-a-la-navidad\/","article_publisher":"https:\/\/www.facebook.com\/luchonoticiasneiva","article_author":"https:\/\/www.facebook.com\/luchonoticiasneiva","article_published_time":"2022-12-07T12:00:46+00:00","article_modified_time":"2022-12-07T12:00:47+00:00","og_image":[{"url":"https:\/\/luchonoticias.com\/wp-content\/uploads\/2022\/12\/WhatsApp-Image-2022-12-06-at-7.14.13-PM-3-1024x455.jpeg","type":"","width":"","height":""}],"author":"admin","twitter_card":"summary_large_image","twitter_misc":{"Escrito por":"admin","Tiempo de lectura":"2 minutos"},"schema":{"@context":"https:\/\/schema.org","@graph":[{"@type":"Article","@id":"https:\/\/luchonoticias.com\/editor\/con-un-grandioso-desfile-neiva-encendera-las-luces-y-le-dara-la-bienvenida-a-la-navidad\/#article","isPartOf":{"@id":"https:\/\/luchonoticias.com\/editor\/con-un-grandioso-desfile-neiva-encendera-las-luces-y-le-dara-la-bienvenida-a-la-navidad\/"},"author":{"name":"admin","@id":"https:\/\/luchonoticias.com\/editor\/#\/schema\/person\/7a7fd911f58561fd056dbac7b55af9cd"},"headline":"Con un grandioso desfile Neiva encender\u00e1 las luces y le dar\u00e1 la bienvenida a la Navidad","datePublished":"2022-12-07T12:00:46+00:00","dateModified":"2022-12-07T12:00:47+00:00","mainEntityOfPage":{"@id":"https:\/\/luchonoticias.com\/editor\/con-un-grandioso-desfile-neiva-encendera-las-luces-y-le-dara-la-bienvenida-a-la-navidad\/"},"wordCount":384,"commentCount":0,"publisher":{"@id":"https:\/\/luchonoticias.com\/editor\/#\/schema\/person\/7a7fd911f58561fd056dbac7b55af9cd"},"image":{"@id":"https:\/\/luchonoticias.com\/editor\/con-un-grandioso-desfile-neiva-encendera-las-luces-y-le-dara-la-bienvenida-a-la-navidad\/#primaryimage"},"thumbnailUrl":"https:\/\/luchonoticias.com\/wp-content\/uploads\/2022\/12\/WhatsApp-Image-2022-12-06-at-7.14.13-PM-3-1024x455.jpeg","articleSection":["Comunidad","Destacado"],"inLanguage":"es","potentialAction":[{"@type":"CommentAction","name":"Comment","target":["https:\/\/luchonoticias.com\/editor\/con-un-grandioso-desfile-neiva-encendera-las-luces-y-le-dara-la-bienvenida-a-la-navidad\/#respond"]}]},{"@type":"WebPage","@id":"https:\/\/luchonoticias.com\/editor\/con-un-grandioso-desfile-neiva-encendera-las-luces-y-le-dara-la-bienvenida-a-la-navidad\/","url":"https:\/\/luchonoticias.com\/editor\/con-un-grandioso-desfile-neiva-encendera-las-luces-y-le-dara-la-bienvenida-a-la-navidad\/","name":"Con un grandioso desfile Neiva encender\u00e1 las luces y le dar\u00e1 la bienvenida a la Navidad -","isPartOf":{"@id":"https:\/\/luchonoticias.com\/editor\/#website"},"primaryImageOfPage":{"@id":"https:\/\/luchonoticias.com\/editor\/con-un-grandioso-desfile-neiva-encendera-las-luces-y-le-dara-la-bienvenida-a-la-navidad\/#primaryimage"},"image":{"@id":"https:\/\/luchonoticias.com\/editor\/con-un-grandioso-desfile-neiva-encendera-las-luces-y-le-dara-la-bienvenida-a-la-navidad\/#primaryimage"},"thumbnailUrl":"https:\/\/luchonoticias.com\/wp-content\/uploads\/2022\/12\/WhatsApp-Image-2022-12-06-at-7.14.13-PM-3-1024x455.jpeg","datePublished":"2022-12-07T12:00:46+00:00","dateModified":"2022-12-07T12:00:47+00:00","breadcrumb":{"@id":"https:\/\/luchonoticias.com\/editor\/con-un-grandioso-desfile-neiva-encendera-las-luces-y-le-dara-la-bienvenida-a-la-navidad\/#breadcrumb"},"inLanguage":"es","potentialAction":[{"@type":"ReadAction","target":["https:\/\/luchonoticias.com\/editor\/con-un-grandioso-desfile-neiva-encendera-las-luces-y-le-dara-la-bienvenida-a-la-navidad\/"]}]},{"@type":"ImageObject","inLanguage":"es","@id":"https:\/\/luchonoticias.com\/editor\/con-un-grandioso-desfile-neiva-encendera-las-luces-y-le-dara-la-bienvenida-a-la-navidad\/#primaryimage","url":"https:\/\/luchonoticias.com\/wp-content\/uploads\/2022\/12\/WhatsApp-Image-2022-12-06-at-7.14.13-PM-3-1024x455.jpeg","contentUrl":"https:\/\/luchonoticias.com\/wp-content\/uploads\/2022\/12\/WhatsApp-Image-2022-12-06-at-7.14.13-PM-3-1024x455.jpeg"},{"@type":"BreadcrumbList","@id":"https:\/\/luchonoticias.com\/editor\/con-un-grandioso-desfile-neiva-encendera-las-luces-y-le-dara-la-bienvenida-a-la-navidad\/#breadcrumb","itemListElement":[{"@type":"ListItem","position":1,"name":"Portada","item":"https:\/\/luchonoticias.com\/editor\/"},{"@type":"ListItem","position":2,"name":"Con un grandioso desfile Neiva encender\u00e1 las luces y le dar\u00e1 la bienvenida a la Navidad"}]},{"@type":"WebSite","@id":"https:\/\/luchonoticias.com\/editor\/#website","url":"https:\/\/luchonoticias.com\/editor\/","name":"","description":"","publisher":{"@id":"https:\/\/luchonoticias.com\/editor\/#\/schema\/person\/7a7fd911f58561fd056dbac7b55af9cd"},"potentialAction":[{"@type":"SearchAction","target":{"@type":"EntryPoint","urlTemplate":"https:\/\/luchonoticias.com\/editor\/?s={search_term_string}"},"query-input":{"@type":"PropertyValueSpecification","valueRequired":true,"valueName":"search_term_string"}}],"inLanguage":"es"},{"@type":["Person","Organization"],"@id":"https:\/\/luchonoticias.com\/editor\/#\/schema\/person\/7a7fd911f58561fd056dbac7b55af9cd","name":"admin","image":{"@type":"ImageObject","inLanguage":"es","@id":"https:\/\/luchonoticias.com\/editor\/#\/schema\/person\/image\/","url":"https:\/\/luchonoticias.com\/editor\/wp-content\/uploads\/2024\/02\/cropped-cropped-logolu.webp","contentUrl":"https:\/\/luchonoticias.com\/editor\/wp-content\/uploads\/2024\/02\/cropped-cropped-logolu.webp","width":382,"height":170,"caption":"admin"},"logo":{"@id":"https:\/\/luchonoticias.com\/editor\/#\/schema\/person\/image\/"},"sameAs":["https:\/\/www.facebook.com\/luchonoticiasneiva"],"url":"https:\/\/luchonoticias.com\/editor\/author\/admin\/"}]}},"_links":{"self":[{"href":"https:\/\/luchonoticias.com\/editor\/wp-json\/wp\/v2\/posts\/41483","targetHints":{"allow":["GET"]}}],"collection":[{"href":"https:\/\/luchonoticias.com\/editor\/wp-json\/wp\/v2\/posts"}],"about":[{"href":"https:\/\/luchonoticias.com\/editor\/wp-json\/wp\/v2\/types\/post"}],"author":[{"embeddable":true,"href":"https:\/\/luchonoticias.com\/editor\/wp-json\/wp\/v2\/users\/1"}],"replies":[{"embeddable":true,"href":"https:\/\/luchonoticias.com\/editor\/wp-json\/wp\/v2\/comments?post=41483"}],"version-history":[{"count":0,"href":"https:\/\/luchonoticias.com\/editor\/wp-json\/wp\/v2\/posts\/41483\/revisions"}],"wp:attachment":[{"href":"https:\/\/luchonoticias.com\/editor\/wp-json\/wp\/v2\/media?parent=41483"}],"wp:term":[{"taxonomy":"category","embeddable":true,"href":"https:\/\/luchonoticias.com\/editor\/wp-json\/wp\/v2\/categories?post=41483"},{"taxonomy":"post_tag","embeddable":true,"href":"https:\/\/luchonoticias.com\/editor\/wp-json\/wp\/v2\/tags?post=41483"}],"curies":[{"name":"wp","href":"https:\/\/api.w.org\/{rel}","templated":true}]}}