{"id":41491,"date":"2022-12-07T07:04:01","date_gmt":"2022-12-07T12:04:01","guid":{"rendered":"https:\/\/luchonoticias.com\/?p=41491"},"modified":"2022-12-07T07:04:02","modified_gmt":"2022-12-07T12:04:02","slug":"presidente-petro-anuncio-cambio-tactico-en-disposicion-del-ejercito-en-el-cauca","status":"publish","type":"post","link":"https:\/\/luchonoticias.com\/editor\/presidente-petro-anuncio-cambio-tactico-en-disposicion-del-ejercito-en-el-cauca\/","title":{"rendered":"Presidente Petro anunci\u00f3 cambio t\u00e1ctico en disposici\u00f3n del Ej\u00e9rcito en el Cauca"},"content":{"rendered":"\n<p>El Presidente de la Rep\u00fablica, Gustavo Petro, anunci\u00f3 que la t\u00e1ctica del Ej\u00e9rcito Nacional en el departamento del Cauca debe cambiar, en cuanto a n\u00famero de hombres que prestan su servicio militar y los soldados profesionales.<\/p>\n\n\n\n<p>La declaraci\u00f3n fue hecha al t\u00e9rmino del Consejo de Seguridad que se llev\u00f3 a cabo este martes en Buenos Aires, epicentro del asesinato de seis soldados y heridas a ocho m\u00e1s, en una emboscada que hizo un grupo armado ilegal, en la vereda Munchique, perteneciente a este municipio.<\/p>\n\n\n\n<p>\u201cLa visita ha arrojado los siguientes hechos: tiene que haber un cambio t\u00e1ctico en la disposici\u00f3n del Ej\u00e9rcito en el departamento del Cauca, disminuyendo sustancialmente el n\u00famero de soldados de servicio militar y aumentando sustancialmente el porcentaje de soldados profesionales para darle m\u00e1s capacidad al Ej\u00e9rcito en la regi\u00f3n\u201d, declar\u00f3.<\/p>\n\n\n\n<figure class=\"wp-block-gallery has-nested-images columns-default is-cropped wp-block-gallery-1 is-layout-flex wp-block-gallery-is-layout-flex\">\n<figure class=\"wp-block-image size-large\"><img decoding=\"async\" data-id=\"41493\" src=\"https:\/\/luchonoticias.com\/wp-content\/uploads\/2022\/12\/WhatsApp-Image-2022-12-06-at-7.05.01-PM-1024x684.jpeg\" alt=\"\" class=\"wp-image-41493\"\/><\/figure>\n\n\n\n<figure class=\"wp-block-image size-large\"><img decoding=\"async\" data-id=\"41495\" src=\"https:\/\/luchonoticias.com\/wp-content\/uploads\/2022\/12\/WhatsApp-Image-2022-12-06-at-11.03.59-PM-2-1024x683.jpeg\" alt=\"\" class=\"wp-image-41495\"\/><\/figure>\n\n\n\n<figure class=\"wp-block-image size-large\"><img decoding=\"async\" data-id=\"41494\" src=\"https:\/\/luchonoticias.com\/wp-content\/uploads\/2022\/12\/WhatsApp-Image-2022-12-06-at-11.03.59-PM-1.jpeg\" alt=\"\" class=\"wp-image-41494\"\/><\/figure>\n<\/figure>\n\n\n\n<p>El Mandatario expres\u00f3 que la regi\u00f3n presenta este a\u00f1o un aumento en la tasa de homicidios que ya llega al 60%, y confirm\u00f3 que se demuestra la carencia de inversi\u00f3n social en el territorio. \u201cEn Munchique, por ejemplo, las v\u00edas, la situaci\u00f3n de alto riesgo clim\u00e1tico que se vive en la vereda, la falta de compra de cosechas y sobre todo la exclusi\u00f3n de la poblaci\u00f3n juvenil, que es numeros\u00edsima en el territorio caucano\u201d, puntualiz\u00f3.<\/p>\n\n\n\n<p>Y esta falta de oportunidades sociales genera un vac\u00edo que busca ser llenado por los grupos armados ilegales que reclutan a los j\u00f3venes excluidos del departamento. Dichos grupos usan el territorio como paso hacia el oc\u00e9ano Pac\u00edfico y buscan explotar las econom\u00edas ilegales.<\/p>\n\n\n\n<p>\u201cEse reclutamiento de juventudes afro, de juventudes, en general caucanas, hace del Cauca un territorio donde una parte de esa juventud se mata con la otra, aumentando la tasa de homicidios y condenando al territorio a un empobrecimiento permanente\u201d, apunt\u00f3.<\/p>\n\n\n\n<figure class=\"wp-block-gallery has-nested-images columns-default is-cropped wp-block-gallery-2 is-layout-flex wp-block-gallery-is-layout-flex\">\n<figure class=\"wp-block-image size-large\"><img decoding=\"async\" data-id=\"41496\" src=\"https:\/\/luchonoticias.com\/wp-content\/uploads\/2022\/12\/WhatsApp-Image-2022-12-07-at-5.43.47-AM-1024x683.jpeg\" alt=\"\" class=\"wp-image-41496\"\/><\/figure>\n\n\n\n<figure class=\"wp-block-image size-large\"><img decoding=\"async\" data-id=\"41497\" src=\"https:\/\/luchonoticias.com\/wp-content\/uploads\/2022\/12\/WhatsApp-Image-2022-12-07-at-5.43.48-AM-1024x683.jpeg\" alt=\"\" class=\"wp-image-41497\"\/><\/figure>\n<\/figure>\n\n\n\n<p>Y manifest\u00f3 que para enfrentar el reclutamiento forzado el Estado debe actuar. As\u00ed que anuncio que se har\u00e1 una fuerte pol\u00edtica social en el Cauca, \u201cligada a una mayor capacidad del Ej\u00e9rcito en el control del territorio\u201d.<\/p>\n","protected":false},"excerpt":{"rendered":"<p>El Presidente de la Rep\u00fablica, Gustavo Petro, anunci\u00f3 que la t\u00e1ctica del Ej\u00e9rcito Nacional en el departamento del Cauca debe cambiar, en cuanto a n\u00famero de hombres que prestan su servicio militar y los soldados profesionales. La declaraci\u00f3n fue hecha al t\u00e9rmino del Consejo de Seguridad que se llev\u00f3 a cabo este martes en Buenos [&hellip;]<\/p>\n","protected":false},"author":1,"featured_media":0,"comment_status":"open","ping_status":"open","sticky":false,"template":"","format":"standard","meta":{"footnotes":""},"categories":[36,32],"tags":[],"class_list":["post-41491","post","type-post","status-publish","format-standard","hentry","category-destacado","category-nacional"],"yoast_head":"<!-- This site is optimized with the Yoast SEO plugin v26.6 - https:\/\/yoast.com\/wordpress\/plugins\/seo\/ -->\n<title>Presidente Petro anunci\u00f3 cambio t\u00e1ctico en disposici\u00f3n del Ej\u00e9rcito en el Cauca -<\/title>\n<meta name=\"robots\" content=\"index, follow, max-snippet:-1, max-image-preview:large, max-video-preview:-1\" \/>\n<link rel=\"canonical\" href=\"https:\/\/luchonoticias.com\/editor\/presidente-petro-anuncio-cambio-tactico-en-disposicion-del-ejercito-en-el-cauca\/\" \/>\n<meta property=\"og:locale\" content=\"es_ES\" \/>\n<meta property=\"og:type\" content=\"article\" \/>\n<meta property=\"og:title\" content=\"Presidente Petro anunci\u00f3 cambio t\u00e1ctico en disposici\u00f3n del Ej\u00e9rcito en el Cauca -\" \/>\n<meta property=\"og:url\" content=\"https:\/\/luchonoticias.com\/editor\/presidente-petro-anuncio-cambio-tactico-en-disposicion-del-ejercito-en-el-cauca\/\" \/>\n<meta property=\"article:publisher\" content=\"https:\/\/www.facebook.com\/luchonoticiasneiva\" \/>\n<meta property=\"article:author\" content=\"https:\/\/www.facebook.com\/luchonoticiasneiva\" \/>\n<meta property=\"article:published_time\" content=\"2022-12-07T12:04:01+00:00\" \/>\n<meta property=\"article:modified_time\" content=\"2022-12-07T12:04:02+00:00\" \/>\n<meta property=\"og:image\" content=\"https:\/\/luchonoticias.com\/wp-content\/uploads\/2022\/12\/WhatsApp-Image-2022-12-06-at-7.05.01-PM-1024x684.jpeg\" \/>\n<meta name=\"author\" content=\"admin\" \/>\n<meta name=\"twitter:card\" content=\"summary_large_image\" \/>\n<meta name=\"twitter:label1\" content=\"Escrito por\" \/>\n\t<meta name=\"twitter:data1\" content=\"admin\" \/>\n\t<meta name=\"twitter:label2\" content=\"Tiempo de lectura\" \/>\n\t<meta name=\"twitter:data2\" content=\"2 minutos\" \/>\n<script type=\"application\/ld+json\" class=\"yoast-schema-graph\">{\"@context\":\"https:\/\/schema.org\",\"@graph\":[{\"@type\":\"Article\",\"@id\":\"https:\/\/luchonoticias.com\/editor\/presidente-petro-anuncio-cambio-tactico-en-disposicion-del-ejercito-en-el-cauca\/#article\",\"isPartOf\":{\"@id\":\"https:\/\/luchonoticias.com\/editor\/presidente-petro-anuncio-cambio-tactico-en-disposicion-del-ejercito-en-el-cauca\/\"},\"author\":{\"name\":\"admin\",\"@id\":\"https:\/\/luchonoticias.com\/editor\/#\/schema\/person\/7a7fd911f58561fd056dbac7b55af9cd\"},\"headline\":\"Presidente Petro anunci\u00f3 cambio t\u00e1ctico en disposici\u00f3n del Ej\u00e9rcito en el Cauca\",\"datePublished\":\"2022-12-07T12:04:01+00:00\",\"dateModified\":\"2022-12-07T12:04:02+00:00\",\"mainEntityOfPage\":{\"@id\":\"https:\/\/luchonoticias.com\/editor\/presidente-petro-anuncio-cambio-tactico-en-disposicion-del-ejercito-en-el-cauca\/\"},\"wordCount\":373,\"commentCount\":0,\"publisher\":{\"@id\":\"https:\/\/luchonoticias.com\/editor\/#\/schema\/person\/7a7fd911f58561fd056dbac7b55af9cd\"},\"image\":{\"@id\":\"https:\/\/luchonoticias.com\/editor\/presidente-petro-anuncio-cambio-tactico-en-disposicion-del-ejercito-en-el-cauca\/#primaryimage\"},\"thumbnailUrl\":\"https:\/\/luchonoticias.com\/wp-content\/uploads\/2022\/12\/WhatsApp-Image-2022-12-06-at-7.05.01-PM-1024x684.jpeg\",\"articleSection\":[\"Destacado\",\"Nacional\"],\"inLanguage\":\"es\",\"potentialAction\":[{\"@type\":\"CommentAction\",\"name\":\"Comment\",\"target\":[\"https:\/\/luchonoticias.com\/editor\/presidente-petro-anuncio-cambio-tactico-en-disposicion-del-ejercito-en-el-cauca\/#respond\"]}]},{\"@type\":\"WebPage\",\"@id\":\"https:\/\/luchonoticias.com\/editor\/presidente-petro-anuncio-cambio-tactico-en-disposicion-del-ejercito-en-el-cauca\/\",\"url\":\"https:\/\/luchonoticias.com\/editor\/presidente-petro-anuncio-cambio-tactico-en-disposicion-del-ejercito-en-el-cauca\/\",\"name\":\"Presidente Petro anunci\u00f3 cambio t\u00e1ctico en disposici\u00f3n del Ej\u00e9rcito en el Cauca -\",\"isPartOf\":{\"@id\":\"https:\/\/luchonoticias.com\/editor\/#website\"},\"primaryImageOfPage\":{\"@id\":\"https:\/\/luchonoticias.com\/editor\/presidente-petro-anuncio-cambio-tactico-en-disposicion-del-ejercito-en-el-cauca\/#primaryimage\"},\"image\":{\"@id\":\"https:\/\/luchonoticias.com\/editor\/presidente-petro-anuncio-cambio-tactico-en-disposicion-del-ejercito-en-el-cauca\/#primaryimage\"},\"thumbnailUrl\":\"https:\/\/luchonoticias.com\/wp-content\/uploads\/2022\/12\/WhatsApp-Image-2022-12-06-at-7.05.01-PM-1024x684.jpeg\",\"datePublished\":\"2022-12-07T12:04:01+00:00\",\"dateModified\":\"2022-12-07T12:04:02+00:00\",\"breadcrumb\":{\"@id\":\"https:\/\/luchonoticias.com\/editor\/presidente-petro-anuncio-cambio-tactico-en-disposicion-del-ejercito-en-el-cauca\/#breadcrumb\"},\"inLanguage\":\"es\",\"potentialAction\":[{\"@type\":\"ReadAction\",\"target\":[\"https:\/\/luchonoticias.com\/editor\/presidente-petro-anuncio-cambio-tactico-en-disposicion-del-ejercito-en-el-cauca\/\"]}]},{\"@type\":\"ImageObject\",\"inLanguage\":\"es\",\"@id\":\"https:\/\/luchonoticias.com\/editor\/presidente-petro-anuncio-cambio-tactico-en-disposicion-del-ejercito-en-el-cauca\/#primaryimage\",\"url\":\"https:\/\/luchonoticias.com\/wp-content\/uploads\/2022\/12\/WhatsApp-Image-2022-12-06-at-7.05.01-PM-1024x684.jpeg\",\"contentUrl\":\"https:\/\/luchonoticias.com\/wp-content\/uploads\/2022\/12\/WhatsApp-Image-2022-12-06-at-7.05.01-PM-1024x684.jpeg\"},{\"@type\":\"BreadcrumbList\",\"@id\":\"https:\/\/luchonoticias.com\/editor\/presidente-petro-anuncio-cambio-tactico-en-disposicion-del-ejercito-en-el-cauca\/#breadcrumb\",\"itemListElement\":[{\"@type\":\"ListItem\",\"position\":1,\"name\":\"Portada\",\"item\":\"https:\/\/luchonoticias.com\/editor\/\"},{\"@type\":\"ListItem\",\"position\":2,\"name\":\"Presidente Petro anunci\u00f3 cambio t\u00e1ctico en disposici\u00f3n del Ej\u00e9rcito en el Cauca\"}]},{\"@type\":\"WebSite\",\"@id\":\"https:\/\/luchonoticias.com\/editor\/#website\",\"url\":\"https:\/\/luchonoticias.com\/editor\/\",\"name\":\"\",\"description\":\"\",\"publisher\":{\"@id\":\"https:\/\/luchonoticias.com\/editor\/#\/schema\/person\/7a7fd911f58561fd056dbac7b55af9cd\"},\"potentialAction\":[{\"@type\":\"SearchAction\",\"target\":{\"@type\":\"EntryPoint\",\"urlTemplate\":\"https:\/\/luchonoticias.com\/editor\/?s={search_term_string}\"},\"query-input\":{\"@type\":\"PropertyValueSpecification\",\"valueRequired\":true,\"valueName\":\"search_term_string\"}}],\"inLanguage\":\"es\"},{\"@type\":[\"Person\",\"Organization\"],\"@id\":\"https:\/\/luchonoticias.com\/editor\/#\/schema\/person\/7a7fd911f58561fd056dbac7b55af9cd\",\"name\":\"admin\",\"image\":{\"@type\":\"ImageObject\",\"inLanguage\":\"es\",\"@id\":\"https:\/\/luchonoticias.com\/editor\/#\/schema\/person\/image\/\",\"url\":\"https:\/\/luchonoticias.com\/editor\/wp-content\/uploads\/2024\/02\/cropped-cropped-logolu.webp\",\"contentUrl\":\"https:\/\/luchonoticias.com\/editor\/wp-content\/uploads\/2024\/02\/cropped-cropped-logolu.webp\",\"width\":382,\"height\":170,\"caption\":\"admin\"},\"logo\":{\"@id\":\"https:\/\/luchonoticias.com\/editor\/#\/schema\/person\/image\/\"},\"sameAs\":[\"https:\/\/www.facebook.com\/luchonoticiasneiva\"],\"url\":\"https:\/\/luchonoticias.com\/editor\/author\/admin\/\"}]}<\/script>\n<!-- \/ Yoast SEO plugin. -->","yoast_head_json":{"title":"Presidente Petro anunci\u00f3 cambio t\u00e1ctico en disposici\u00f3n del Ej\u00e9rcito en el Cauca -","robots":{"index":"index","follow":"follow","max-snippet":"max-snippet:-1","max-image-preview":"max-image-preview:large","max-video-preview":"max-video-preview:-1"},"canonical":"https:\/\/luchonoticias.com\/editor\/presidente-petro-anuncio-cambio-tactico-en-disposicion-del-ejercito-en-el-cauca\/","og_locale":"es_ES","og_type":"article","og_title":"Presidente Petro anunci\u00f3 cambio t\u00e1ctico en disposici\u00f3n del Ej\u00e9rcito en el Cauca -","og_url":"https:\/\/luchonoticias.com\/editor\/presidente-petro-anuncio-cambio-tactico-en-disposicion-del-ejercito-en-el-cauca\/","article_publisher":"https:\/\/www.facebook.com\/luchonoticiasneiva","article_author":"https:\/\/www.facebook.com\/luchonoticiasneiva","article_published_time":"2022-12-07T12:04:01+00:00","article_modified_time":"2022-12-07T12:04:02+00:00","og_image":[{"url":"https:\/\/luchonoticias.com\/wp-content\/uploads\/2022\/12\/WhatsApp-Image-2022-12-06-at-7.05.01-PM-1024x684.jpeg","type":"","width":"","height":""}],"author":"admin","twitter_card":"summary_large_image","twitter_misc":{"Escrito por":"admin","Tiempo de lectura":"2 minutos"},"schema":{"@context":"https:\/\/schema.org","@graph":[{"@type":"Article","@id":"https:\/\/luchonoticias.com\/editor\/presidente-petro-anuncio-cambio-tactico-en-disposicion-del-ejercito-en-el-cauca\/#article","isPartOf":{"@id":"https:\/\/luchonoticias.com\/editor\/presidente-petro-anuncio-cambio-tactico-en-disposicion-del-ejercito-en-el-cauca\/"},"author":{"name":"admin","@id":"https:\/\/luchonoticias.com\/editor\/#\/schema\/person\/7a7fd911f58561fd056dbac7b55af9cd"},"headline":"Presidente Petro anunci\u00f3 cambio t\u00e1ctico en disposici\u00f3n del Ej\u00e9rcito en el Cauca","datePublished":"2022-12-07T12:04:01+00:00","dateModified":"2022-12-07T12:04:02+00:00","mainEntityOfPage":{"@id":"https:\/\/luchonoticias.com\/editor\/presidente-petro-anuncio-cambio-tactico-en-disposicion-del-ejercito-en-el-cauca\/"},"wordCount":373,"commentCount":0,"publisher":{"@id":"https:\/\/luchonoticias.com\/editor\/#\/schema\/person\/7a7fd911f58561fd056dbac7b55af9cd"},"image":{"@id":"https:\/\/luchonoticias.com\/editor\/presidente-petro-anuncio-cambio-tactico-en-disposicion-del-ejercito-en-el-cauca\/#primaryimage"},"thumbnailUrl":"https:\/\/luchonoticias.com\/wp-content\/uploads\/2022\/12\/WhatsApp-Image-2022-12-06-at-7.05.01-PM-1024x684.jpeg","articleSection":["Destacado","Nacional"],"inLanguage":"es","potentialAction":[{"@type":"CommentAction","name":"Comment","target":["https:\/\/luchonoticias.com\/editor\/presidente-petro-anuncio-cambio-tactico-en-disposicion-del-ejercito-en-el-cauca\/#respond"]}]},{"@type":"WebPage","@id":"https:\/\/luchonoticias.com\/editor\/presidente-petro-anuncio-cambio-tactico-en-disposicion-del-ejercito-en-el-cauca\/","url":"https:\/\/luchonoticias.com\/editor\/presidente-petro-anuncio-cambio-tactico-en-disposicion-del-ejercito-en-el-cauca\/","name":"Presidente Petro anunci\u00f3 cambio t\u00e1ctico en disposici\u00f3n del Ej\u00e9rcito en el Cauca -","isPartOf":{"@id":"https:\/\/luchonoticias.com\/editor\/#website"},"primaryImageOfPage":{"@id":"https:\/\/luchonoticias.com\/editor\/presidente-petro-anuncio-cambio-tactico-en-disposicion-del-ejercito-en-el-cauca\/#primaryimage"},"image":{"@id":"https:\/\/luchonoticias.com\/editor\/presidente-petro-anuncio-cambio-tactico-en-disposicion-del-ejercito-en-el-cauca\/#primaryimage"},"thumbnailUrl":"https:\/\/luchonoticias.com\/wp-content\/uploads\/2022\/12\/WhatsApp-Image-2022-12-06-at-7.05.01-PM-1024x684.jpeg","datePublished":"2022-12-07T12:04:01+00:00","dateModified":"2022-12-07T12:04:02+00:00","breadcrumb":{"@id":"https:\/\/luchonoticias.com\/editor\/presidente-petro-anuncio-cambio-tactico-en-disposicion-del-ejercito-en-el-cauca\/#breadcrumb"},"inLanguage":"es","potentialAction":[{"@type":"ReadAction","target":["https:\/\/luchonoticias.com\/editor\/presidente-petro-anuncio-cambio-tactico-en-disposicion-del-ejercito-en-el-cauca\/"]}]},{"@type":"ImageObject","inLanguage":"es","@id":"https:\/\/luchonoticias.com\/editor\/presidente-petro-anuncio-cambio-tactico-en-disposicion-del-ejercito-en-el-cauca\/#primaryimage","url":"https:\/\/luchonoticias.com\/wp-content\/uploads\/2022\/12\/WhatsApp-Image-2022-12-06-at-7.05.01-PM-1024x684.jpeg","contentUrl":"https:\/\/luchonoticias.com\/wp-content\/uploads\/2022\/12\/WhatsApp-Image-2022-12-06-at-7.05.01-PM-1024x684.jpeg"},{"@type":"BreadcrumbList","@id":"https:\/\/luchonoticias.com\/editor\/presidente-petro-anuncio-cambio-tactico-en-disposicion-del-ejercito-en-el-cauca\/#breadcrumb","itemListElement":[{"@type":"ListItem","position":1,"name":"Portada","item":"https:\/\/luchonoticias.com\/editor\/"},{"@type":"ListItem","position":2,"name":"Presidente Petro anunci\u00f3 cambio t\u00e1ctico en disposici\u00f3n del Ej\u00e9rcito en el Cauca"}]},{"@type":"WebSite","@id":"https:\/\/luchonoticias.com\/editor\/#website","url":"https:\/\/luchonoticias.com\/editor\/","name":"","description":"","publisher":{"@id":"https:\/\/luchonoticias.com\/editor\/#\/schema\/person\/7a7fd911f58561fd056dbac7b55af9cd"},"potentialAction":[{"@type":"SearchAction","target":{"@type":"EntryPoint","urlTemplate":"https:\/\/luchonoticias.com\/editor\/?s={search_term_string}"},"query-input":{"@type":"PropertyValueSpecification","valueRequired":true,"valueName":"search_term_string"}}],"inLanguage":"es"},{"@type":["Person","Organization"],"@id":"https:\/\/luchonoticias.com\/editor\/#\/schema\/person\/7a7fd911f58561fd056dbac7b55af9cd","name":"admin","image":{"@type":"ImageObject","inLanguage":"es","@id":"https:\/\/luchonoticias.com\/editor\/#\/schema\/person\/image\/","url":"https:\/\/luchonoticias.com\/editor\/wp-content\/uploads\/2024\/02\/cropped-cropped-logolu.webp","contentUrl":"https:\/\/luchonoticias.com\/editor\/wp-content\/uploads\/2024\/02\/cropped-cropped-logolu.webp","width":382,"height":170,"caption":"admin"},"logo":{"@id":"https:\/\/luchonoticias.com\/editor\/#\/schema\/person\/image\/"},"sameAs":["https:\/\/www.facebook.com\/luchonoticiasneiva"],"url":"https:\/\/luchonoticias.com\/editor\/author\/admin\/"}]}},"_links":{"self":[{"href":"https:\/\/luchonoticias.com\/editor\/wp-json\/wp\/v2\/posts\/41491","targetHints":{"allow":["GET"]}}],"collection":[{"href":"https:\/\/luchonoticias.com\/editor\/wp-json\/wp\/v2\/posts"}],"about":[{"href":"https:\/\/luchonoticias.com\/editor\/wp-json\/wp\/v2\/types\/post"}],"author":[{"embeddable":true,"href":"https:\/\/luchonoticias.com\/editor\/wp-json\/wp\/v2\/users\/1"}],"replies":[{"embeddable":true,"href":"https:\/\/luchonoticias.com\/editor\/wp-json\/wp\/v2\/comments?post=41491"}],"version-history":[{"count":0,"href":"https:\/\/luchonoticias.com\/editor\/wp-json\/wp\/v2\/posts\/41491\/revisions"}],"wp:attachment":[{"href":"https:\/\/luchonoticias.com\/editor\/wp-json\/wp\/v2\/media?parent=41491"}],"wp:term":[{"taxonomy":"category","embeddable":true,"href":"https:\/\/luchonoticias.com\/editor\/wp-json\/wp\/v2\/categories?post=41491"},{"taxonomy":"post_tag","embeddable":true,"href":"https:\/\/luchonoticias.com\/editor\/wp-json\/wp\/v2\/tags?post=41491"}],"curies":[{"name":"wp","href":"https:\/\/api.w.org\/{rel}","templated":true}]}}