{"id":41499,"date":"2022-12-07T07:10:19","date_gmt":"2022-12-07T12:10:19","guid":{"rendered":"https:\/\/luchonoticias.com\/?p=41499"},"modified":"2022-12-07T07:10:19","modified_gmt":"2022-12-07T12:10:19","slug":"el-61-de-los-jovenes-de-colombia-tiene-una-imagen-favorable-del-presidente-petro","status":"publish","type":"post","link":"https:\/\/luchonoticias.com\/editor\/el-61-de-los-jovenes-de-colombia-tiene-una-imagen-favorable-del-presidente-petro\/","title":{"rendered":"El 61% de los j\u00f3venes de Colombia tiene una imagen favorable del presidente Petro"},"content":{"rendered":"\n<p>El presidente Gustavo Petro, al cierre de su cuarto mes frente al Gobierno, contin\u00faa despertando una imagen favorable en el 61% en los j\u00f3venes y solo es desfavorable para el 26%, indic\u00f3 Alejandro Cheyne, rector de la Universidad del Rosario, al entregar los resultados del Sexto Estudio de Percepci\u00f3n \u00bfQu\u00e9 piensan, sienten y quieren los j\u00f3venes en Colombia?<\/p>\n\n\n\n<p>Seg\u00fan este an\u00e1lisis, el gabinete de ministras y ministros del Gobierno tiene una imagen favorable para el 49% de los j\u00f3venes entre 18 y 32 a\u00f1os de edad y desfavorable para el 34%, dijo el rector Cheyne, al explicar que el 38% de los encuestados tiene una alta expectativa de cambio en el pa\u00eds con el nuevo Gobierno, el 36% alguna expectativa y el 24% ninguna expectativa.<\/p>\n\n\n\n<p>El Sexto Estudio de Percepci\u00f3n \u00bfQu\u00e9 piensan, sienten y quieren los j\u00f3venes en Colombia? se realiz\u00f3 con 1664 j\u00f3venes entre 18 y 32 a\u00f1os (51% mujeres y 49% hombres), del 16 de noviembre al 3 de diciembre, en Barranquilla, Bucaramanga, C\u00facuta, Quibd\u00f3, Riohacha, San Andr\u00e9s, Puerto Carre\u00f1o, Armenia, Pasto, Medell\u00edn, Bogot\u00e1 y Cali, quienes representan un universo de 4.1 millones de personas.<\/p>\n\n\n\n<figure class=\"wp-block-image size-large\"><img decoding=\"async\" src=\"https:\/\/luchonoticias.com\/wp-content\/uploads\/2022\/12\/WhatsApp-Image-2022-12-06-at-6.32.11-PM-1024x838.jpeg\" alt=\"\" class=\"wp-image-41501\"\/><figcaption class=\"wp-element-caption\">Alejandro Cheyne, rector de la Universidad del Rosario.<\/figcaption><\/figure>\n\n\n\n<p><strong>Desempleo y situaci\u00f3n econ\u00f3mica, principales problemas de los j\u00f3venes<\/strong><\/p>\n\n\n\n<p>Este estudio de la Universidad del Rosario, que cont\u00f3 el apoyo de la Fundaci\u00f3n alemana Hanns Seidel, EL TIEMPO Casa Editorial y la firma Cifras y Conceptos, revela que actualmente para los j\u00f3venes los principales problemas que los aquejan son la situaci\u00f3n econ\u00f3mica con un 39% y el desempleo con un 17%, comportamiento muy similar al que indicaron en la medici\u00f3n de enero de 2020.<\/p>\n\n\n\n<p>Al indagar sobre los principales problemas del pa\u00eds, los encuestados dijeron: falta de empleo el 80%, seguridad el 67%, corrupci\u00f3n el 65%, acceso a la salud el 59%, falta de acceso a educaci\u00f3n superior el 44%, inflaci\u00f3n el 40%, calidad en la educaci\u00f3n superior el 30%, protecci\u00f3n al medio ambiente el 29%, abuso por parte de la fuerza p\u00fablica el 27%, devaluaci\u00f3n del peso el 22%, inclusi\u00f3n social el 20%, representaci\u00f3n pol\u00edtica de los j\u00f3venes el 8% e implementaci\u00f3n de los acuerdos de paz el 8%.<\/p>\n\n\n\n<p>En relaci\u00f3n con los factores que pueden contribuir a encontrar un trabajo formal, los 1664 j\u00f3venes que participaron en el estudio mencionaron: elaborar una buena hoja de vida el 43%, tener capacitaci\u00f3n o formaci\u00f3n continua el 41%, utilizar sitios web especializados para buscar empleo el 30%, aplicaci\u00f3n a diferentes ofertas de empleo el 29%, contactos o redes de personas que apoyan la b\u00fasqueda de empleo formal el 24%, recurrir a la agencia p\u00fablica de empleo el 15% y voz a voz el 15%.<\/p>\n\n\n\n<p>Para los j\u00f3venes, el factor m\u00e1s importante a la hora de buscar trabajo es el salario con un 51%, la flexibilidad horaria el 14%, el prestigio del empleador el 18% y el potencial desarrollo profesional el 17%.<\/p>\n\n\n\n<p>El 70% de los encuestados considera que la principal barrera para acceder al primer empleo es que piden mucha experiencia, el 15% que los salarios son muy bajos y el 7% que no hay trabajo en la ciudad en la que viven.<\/p>\n\n\n\n<div data-wp-interactive=\"core\/file\" class=\"wp-block-file\"><object data-wp-bind--hidden=\"!state.hasPdfPreview\" hidden class=\"wp-block-file__embed\" data=\"https:\/\/luchonoticias.com\/wp-content\/uploads\/2022\/12\/BP207-Sexto-Estudio-Jovenes-UROSARIO_V4_publicar.pdf\" type=\"application\/pdf\" style=\"width:100%;height:600px\" aria-label=\"Incrustado de BP207-Sexto-Estudio-Jovenes-UROSARIO_V4_publicar.\"><\/object><a id=\"wp-block-file--media-d34c3fea-c934-43ae-85d9-9104a7e8badc\" href=\"https:\/\/luchonoticias.com\/wp-content\/uploads\/2022\/12\/BP207-Sexto-Estudio-Jovenes-UROSARIO_V4_publicar.pdf\">BP207-Sexto-Estudio-Jovenes-UROSARIO_V4_publicar<\/a><a href=\"https:\/\/luchonoticias.com\/wp-content\/uploads\/2022\/12\/BP207-Sexto-Estudio-Jovenes-UROSARIO_V4_publicar.pdf\" class=\"wp-block-file__button wp-element-button\" download aria-describedby=\"wp-block-file--media-d34c3fea-c934-43ae-85d9-9104a7e8badc\">Descarga<\/a><\/div>\n\n\n\n<p><strong>Confianza de las instituciones<\/strong><\/p>\n\n\n\n<p>En cuanto a la confianza en las instituciones, las universidades p\u00fablicas mantienen el primer lugar en nivel de confianza de los j\u00f3venes con un 67%, seguido de la Registradur\u00eda con un 51% y las universidades privadas con un 50% en el tercer lugar. Sorprende ver que en este sexto estudio la Presidencia pas\u00f3 de un 17% de confianza en abril de 2022 a un 36% en la m\u00e1s reciente entrega de noviembre de 2022, pasando a la s\u00e9ptima posici\u00f3n de la tabla en confianza.<\/p>\n\n\n\n<p><strong>Salud mental de los j\u00f3venes<\/strong><\/p>\n\n\n\n<p>El 54% de los j\u00f3venes encuestados afirma que se siente totalmente satisfecho con su vida, el 39% ni satisfecho ni insatisfecho y el 6% totalmente insatisfecho. En el estudio de las emociones, la alegr\u00eda sigue siendo la principal emoci\u00f3n con un 60%, seguida de la esperanza con un 45%. Sin embargo, en el tercer y cuarto lugar se ocupan la rabia y la ira con un 27%.<\/p>\n\n\n\n<p>Cuando se les pregunt\u00f3 a los j\u00f3venes qu\u00e9 tan de acuerdo estaban con la afirmaci\u00f3n, \u201cCon frecuencia considero que necesito alg\u00fan tipo de acompa\u00f1amiento profesional de salud mental\u201d, el 22% afirm\u00f3 estar totalmente de acuerdo, el 24% no estar ni de acuerdo ni desacuerdo y el 53% totalmente en desacuerdo.<\/p>\n\n\n\n<p>Cuando los j\u00f3venes encuestados han necesitado apoyo emocional, el 85% lo ha encontrado en la familia, el 69% en los amigos, el 18% en la Iglesia o un consejero espiritual, el 12% en el trabajo, el 12% en profesionales de la salud y el 4% en instituciones educativas.<\/p>\n\n\n\n<p>Cabe resaltar que el 67% los j\u00f3venes se informan de los temas del pa\u00eds por las redes sociales. Le sigue televisi\u00f3n con el 49%, las p\u00e1ginas web con el 29%, la radio con el 20%, los medios impresos con el 14%, Whatsapp con el 9% y podcast con el 6%.<\/p>\n","protected":false},"excerpt":{"rendered":"<p>El presidente Gustavo Petro, al cierre de su cuarto mes frente al Gobierno, contin\u00faa despertando una imagen favorable en el 61% en los j\u00f3venes y solo es desfavorable para el 26%, indic\u00f3 Alejandro Cheyne, rector de la Universidad del Rosario, al entregar los resultados del Sexto Estudio de Percepci\u00f3n \u00bfQu\u00e9 piensan, sienten y quieren los [&hellip;]<\/p>\n","protected":false},"author":1,"featured_media":0,"comment_status":"open","ping_status":"open","sticky":false,"template":"","format":"standard","meta":{"footnotes":""},"categories":[28,36],"tags":[],"class_list":["post-41499","post","type-post","status-publish","format-standard","hentry","category-actualidad","category-destacado"],"yoast_head":"<!-- This site is optimized with the Yoast SEO plugin v26.6 - https:\/\/yoast.com\/wordpress\/plugins\/seo\/ -->\n<title>El 61% de los j\u00f3venes de Colombia tiene una imagen favorable del presidente Petro -<\/title>\n<meta name=\"robots\" content=\"index, follow, max-snippet:-1, max-image-preview:large, max-video-preview:-1\" \/>\n<link rel=\"canonical\" href=\"https:\/\/luchonoticias.com\/editor\/el-61-de-los-jovenes-de-colombia-tiene-una-imagen-favorable-del-presidente-petro\/\" \/>\n<meta property=\"og:locale\" content=\"es_ES\" \/>\n<meta property=\"og:type\" content=\"article\" \/>\n<meta property=\"og:title\" content=\"El 61% de los j\u00f3venes de Colombia tiene una imagen favorable del presidente Petro -\" \/>\n<meta property=\"og:url\" content=\"https:\/\/luchonoticias.com\/editor\/el-61-de-los-jovenes-de-colombia-tiene-una-imagen-favorable-del-presidente-petro\/\" \/>\n<meta property=\"article:publisher\" content=\"https:\/\/www.facebook.com\/luchonoticiasneiva\" \/>\n<meta property=\"article:author\" content=\"https:\/\/www.facebook.com\/luchonoticiasneiva\" \/>\n<meta property=\"article:published_time\" content=\"2022-12-07T12:10:19+00:00\" \/>\n<meta property=\"og:image\" content=\"https:\/\/luchonoticias.com\/wp-content\/uploads\/2022\/12\/WhatsApp-Image-2022-12-06-at-6.32.11-PM-1024x838.jpeg\" \/>\n<meta name=\"author\" content=\"admin\" \/>\n<meta name=\"twitter:card\" content=\"summary_large_image\" \/>\n<meta name=\"twitter:label1\" content=\"Escrito por\" \/>\n\t<meta name=\"twitter:data1\" content=\"admin\" \/>\n\t<meta name=\"twitter:label2\" content=\"Tiempo de lectura\" \/>\n\t<meta name=\"twitter:data2\" content=\"4 minutos\" \/>\n<script type=\"application\/ld+json\" class=\"yoast-schema-graph\">{\"@context\":\"https:\/\/schema.org\",\"@graph\":[{\"@type\":\"Article\",\"@id\":\"https:\/\/luchonoticias.com\/editor\/el-61-de-los-jovenes-de-colombia-tiene-una-imagen-favorable-del-presidente-petro\/#article\",\"isPartOf\":{\"@id\":\"https:\/\/luchonoticias.com\/editor\/el-61-de-los-jovenes-de-colombia-tiene-una-imagen-favorable-del-presidente-petro\/\"},\"author\":{\"name\":\"admin\",\"@id\":\"https:\/\/luchonoticias.com\/editor\/#\/schema\/person\/7a7fd911f58561fd056dbac7b55af9cd\"},\"headline\":\"El 61% de los j\u00f3venes de Colombia tiene una imagen favorable del presidente Petro\",\"datePublished\":\"2022-12-07T12:10:19+00:00\",\"mainEntityOfPage\":{\"@id\":\"https:\/\/luchonoticias.com\/editor\/el-61-de-los-jovenes-de-colombia-tiene-una-imagen-favorable-del-presidente-petro\/\"},\"wordCount\":833,\"commentCount\":0,\"publisher\":{\"@id\":\"https:\/\/luchonoticias.com\/editor\/#\/schema\/person\/7a7fd911f58561fd056dbac7b55af9cd\"},\"image\":{\"@id\":\"https:\/\/luchonoticias.com\/editor\/el-61-de-los-jovenes-de-colombia-tiene-una-imagen-favorable-del-presidente-petro\/#primaryimage\"},\"thumbnailUrl\":\"https:\/\/luchonoticias.com\/wp-content\/uploads\/2022\/12\/WhatsApp-Image-2022-12-06-at-6.32.11-PM-1024x838.jpeg\",\"articleSection\":[\"Actualidad\",\"Destacado\"],\"inLanguage\":\"es\",\"potentialAction\":[{\"@type\":\"CommentAction\",\"name\":\"Comment\",\"target\":[\"https:\/\/luchonoticias.com\/editor\/el-61-de-los-jovenes-de-colombia-tiene-una-imagen-favorable-del-presidente-petro\/#respond\"]}]},{\"@type\":\"WebPage\",\"@id\":\"https:\/\/luchonoticias.com\/editor\/el-61-de-los-jovenes-de-colombia-tiene-una-imagen-favorable-del-presidente-petro\/\",\"url\":\"https:\/\/luchonoticias.com\/editor\/el-61-de-los-jovenes-de-colombia-tiene-una-imagen-favorable-del-presidente-petro\/\",\"name\":\"El 61% de los j\u00f3venes de Colombia tiene una imagen favorable del presidente Petro -\",\"isPartOf\":{\"@id\":\"https:\/\/luchonoticias.com\/editor\/#website\"},\"primaryImageOfPage\":{\"@id\":\"https:\/\/luchonoticias.com\/editor\/el-61-de-los-jovenes-de-colombia-tiene-una-imagen-favorable-del-presidente-petro\/#primaryimage\"},\"image\":{\"@id\":\"https:\/\/luchonoticias.com\/editor\/el-61-de-los-jovenes-de-colombia-tiene-una-imagen-favorable-del-presidente-petro\/#primaryimage\"},\"thumbnailUrl\":\"https:\/\/luchonoticias.com\/wp-content\/uploads\/2022\/12\/WhatsApp-Image-2022-12-06-at-6.32.11-PM-1024x838.jpeg\",\"datePublished\":\"2022-12-07T12:10:19+00:00\",\"breadcrumb\":{\"@id\":\"https:\/\/luchonoticias.com\/editor\/el-61-de-los-jovenes-de-colombia-tiene-una-imagen-favorable-del-presidente-petro\/#breadcrumb\"},\"inLanguage\":\"es\",\"potentialAction\":[{\"@type\":\"ReadAction\",\"target\":[\"https:\/\/luchonoticias.com\/editor\/el-61-de-los-jovenes-de-colombia-tiene-una-imagen-favorable-del-presidente-petro\/\"]}]},{\"@type\":\"ImageObject\",\"inLanguage\":\"es\",\"@id\":\"https:\/\/luchonoticias.com\/editor\/el-61-de-los-jovenes-de-colombia-tiene-una-imagen-favorable-del-presidente-petro\/#primaryimage\",\"url\":\"https:\/\/luchonoticias.com\/wp-content\/uploads\/2022\/12\/WhatsApp-Image-2022-12-06-at-6.32.11-PM-1024x838.jpeg\",\"contentUrl\":\"https:\/\/luchonoticias.com\/wp-content\/uploads\/2022\/12\/WhatsApp-Image-2022-12-06-at-6.32.11-PM-1024x838.jpeg\"},{\"@type\":\"BreadcrumbList\",\"@id\":\"https:\/\/luchonoticias.com\/editor\/el-61-de-los-jovenes-de-colombia-tiene-una-imagen-favorable-del-presidente-petro\/#breadcrumb\",\"itemListElement\":[{\"@type\":\"ListItem\",\"position\":1,\"name\":\"Portada\",\"item\":\"https:\/\/luchonoticias.com\/editor\/\"},{\"@type\":\"ListItem\",\"position\":2,\"name\":\"El 61% de los j\u00f3venes de Colombia tiene una imagen favorable del presidente Petro\"}]},{\"@type\":\"WebSite\",\"@id\":\"https:\/\/luchonoticias.com\/editor\/#website\",\"url\":\"https:\/\/luchonoticias.com\/editor\/\",\"name\":\"\",\"description\":\"\",\"publisher\":{\"@id\":\"https:\/\/luchonoticias.com\/editor\/#\/schema\/person\/7a7fd911f58561fd056dbac7b55af9cd\"},\"potentialAction\":[{\"@type\":\"SearchAction\",\"target\":{\"@type\":\"EntryPoint\",\"urlTemplate\":\"https:\/\/luchonoticias.com\/editor\/?s={search_term_string}\"},\"query-input\":{\"@type\":\"PropertyValueSpecification\",\"valueRequired\":true,\"valueName\":\"search_term_string\"}}],\"inLanguage\":\"es\"},{\"@type\":[\"Person\",\"Organization\"],\"@id\":\"https:\/\/luchonoticias.com\/editor\/#\/schema\/person\/7a7fd911f58561fd056dbac7b55af9cd\",\"name\":\"admin\",\"image\":{\"@type\":\"ImageObject\",\"inLanguage\":\"es\",\"@id\":\"https:\/\/luchonoticias.com\/editor\/#\/schema\/person\/image\/\",\"url\":\"https:\/\/luchonoticias.com\/editor\/wp-content\/uploads\/2024\/02\/cropped-cropped-logolu.webp\",\"contentUrl\":\"https:\/\/luchonoticias.com\/editor\/wp-content\/uploads\/2024\/02\/cropped-cropped-logolu.webp\",\"width\":382,\"height\":170,\"caption\":\"admin\"},\"logo\":{\"@id\":\"https:\/\/luchonoticias.com\/editor\/#\/schema\/person\/image\/\"},\"sameAs\":[\"https:\/\/www.facebook.com\/luchonoticiasneiva\"],\"url\":\"https:\/\/luchonoticias.com\/editor\/author\/admin\/\"}]}<\/script>\n<!-- \/ Yoast SEO plugin. -->","yoast_head_json":{"title":"El 61% de los j\u00f3venes de Colombia tiene una imagen favorable del presidente Petro -","robots":{"index":"index","follow":"follow","max-snippet":"max-snippet:-1","max-image-preview":"max-image-preview:large","max-video-preview":"max-video-preview:-1"},"canonical":"https:\/\/luchonoticias.com\/editor\/el-61-de-los-jovenes-de-colombia-tiene-una-imagen-favorable-del-presidente-petro\/","og_locale":"es_ES","og_type":"article","og_title":"El 61% de los j\u00f3venes de Colombia tiene una imagen favorable del presidente Petro -","og_url":"https:\/\/luchonoticias.com\/editor\/el-61-de-los-jovenes-de-colombia-tiene-una-imagen-favorable-del-presidente-petro\/","article_publisher":"https:\/\/www.facebook.com\/luchonoticiasneiva","article_author":"https:\/\/www.facebook.com\/luchonoticiasneiva","article_published_time":"2022-12-07T12:10:19+00:00","og_image":[{"url":"https:\/\/luchonoticias.com\/wp-content\/uploads\/2022\/12\/WhatsApp-Image-2022-12-06-at-6.32.11-PM-1024x838.jpeg","type":"","width":"","height":""}],"author":"admin","twitter_card":"summary_large_image","twitter_misc":{"Escrito por":"admin","Tiempo de lectura":"4 minutos"},"schema":{"@context":"https:\/\/schema.org","@graph":[{"@type":"Article","@id":"https:\/\/luchonoticias.com\/editor\/el-61-de-los-jovenes-de-colombia-tiene-una-imagen-favorable-del-presidente-petro\/#article","isPartOf":{"@id":"https:\/\/luchonoticias.com\/editor\/el-61-de-los-jovenes-de-colombia-tiene-una-imagen-favorable-del-presidente-petro\/"},"author":{"name":"admin","@id":"https:\/\/luchonoticias.com\/editor\/#\/schema\/person\/7a7fd911f58561fd056dbac7b55af9cd"},"headline":"El 61% de los j\u00f3venes de Colombia tiene una imagen favorable del presidente Petro","datePublished":"2022-12-07T12:10:19+00:00","mainEntityOfPage":{"@id":"https:\/\/luchonoticias.com\/editor\/el-61-de-los-jovenes-de-colombia-tiene-una-imagen-favorable-del-presidente-petro\/"},"wordCount":833,"commentCount":0,"publisher":{"@id":"https:\/\/luchonoticias.com\/editor\/#\/schema\/person\/7a7fd911f58561fd056dbac7b55af9cd"},"image":{"@id":"https:\/\/luchonoticias.com\/editor\/el-61-de-los-jovenes-de-colombia-tiene-una-imagen-favorable-del-presidente-petro\/#primaryimage"},"thumbnailUrl":"https:\/\/luchonoticias.com\/wp-content\/uploads\/2022\/12\/WhatsApp-Image-2022-12-06-at-6.32.11-PM-1024x838.jpeg","articleSection":["Actualidad","Destacado"],"inLanguage":"es","potentialAction":[{"@type":"CommentAction","name":"Comment","target":["https:\/\/luchonoticias.com\/editor\/el-61-de-los-jovenes-de-colombia-tiene-una-imagen-favorable-del-presidente-petro\/#respond"]}]},{"@type":"WebPage","@id":"https:\/\/luchonoticias.com\/editor\/el-61-de-los-jovenes-de-colombia-tiene-una-imagen-favorable-del-presidente-petro\/","url":"https:\/\/luchonoticias.com\/editor\/el-61-de-los-jovenes-de-colombia-tiene-una-imagen-favorable-del-presidente-petro\/","name":"El 61% de los j\u00f3venes de Colombia tiene una imagen favorable del presidente Petro -","isPartOf":{"@id":"https:\/\/luchonoticias.com\/editor\/#website"},"primaryImageOfPage":{"@id":"https:\/\/luchonoticias.com\/editor\/el-61-de-los-jovenes-de-colombia-tiene-una-imagen-favorable-del-presidente-petro\/#primaryimage"},"image":{"@id":"https:\/\/luchonoticias.com\/editor\/el-61-de-los-jovenes-de-colombia-tiene-una-imagen-favorable-del-presidente-petro\/#primaryimage"},"thumbnailUrl":"https:\/\/luchonoticias.com\/wp-content\/uploads\/2022\/12\/WhatsApp-Image-2022-12-06-at-6.32.11-PM-1024x838.jpeg","datePublished":"2022-12-07T12:10:19+00:00","breadcrumb":{"@id":"https:\/\/luchonoticias.com\/editor\/el-61-de-los-jovenes-de-colombia-tiene-una-imagen-favorable-del-presidente-petro\/#breadcrumb"},"inLanguage":"es","potentialAction":[{"@type":"ReadAction","target":["https:\/\/luchonoticias.com\/editor\/el-61-de-los-jovenes-de-colombia-tiene-una-imagen-favorable-del-presidente-petro\/"]}]},{"@type":"ImageObject","inLanguage":"es","@id":"https:\/\/luchonoticias.com\/editor\/el-61-de-los-jovenes-de-colombia-tiene-una-imagen-favorable-del-presidente-petro\/#primaryimage","url":"https:\/\/luchonoticias.com\/wp-content\/uploads\/2022\/12\/WhatsApp-Image-2022-12-06-at-6.32.11-PM-1024x838.jpeg","contentUrl":"https:\/\/luchonoticias.com\/wp-content\/uploads\/2022\/12\/WhatsApp-Image-2022-12-06-at-6.32.11-PM-1024x838.jpeg"},{"@type":"BreadcrumbList","@id":"https:\/\/luchonoticias.com\/editor\/el-61-de-los-jovenes-de-colombia-tiene-una-imagen-favorable-del-presidente-petro\/#breadcrumb","itemListElement":[{"@type":"ListItem","position":1,"name":"Portada","item":"https:\/\/luchonoticias.com\/editor\/"},{"@type":"ListItem","position":2,"name":"El 61% de los j\u00f3venes de Colombia tiene una imagen favorable del presidente Petro"}]},{"@type":"WebSite","@id":"https:\/\/luchonoticias.com\/editor\/#website","url":"https:\/\/luchonoticias.com\/editor\/","name":"","description":"","publisher":{"@id":"https:\/\/luchonoticias.com\/editor\/#\/schema\/person\/7a7fd911f58561fd056dbac7b55af9cd"},"potentialAction":[{"@type":"SearchAction","target":{"@type":"EntryPoint","urlTemplate":"https:\/\/luchonoticias.com\/editor\/?s={search_term_string}"},"query-input":{"@type":"PropertyValueSpecification","valueRequired":true,"valueName":"search_term_string"}}],"inLanguage":"es"},{"@type":["Person","Organization"],"@id":"https:\/\/luchonoticias.com\/editor\/#\/schema\/person\/7a7fd911f58561fd056dbac7b55af9cd","name":"admin","image":{"@type":"ImageObject","inLanguage":"es","@id":"https:\/\/luchonoticias.com\/editor\/#\/schema\/person\/image\/","url":"https:\/\/luchonoticias.com\/editor\/wp-content\/uploads\/2024\/02\/cropped-cropped-logolu.webp","contentUrl":"https:\/\/luchonoticias.com\/editor\/wp-content\/uploads\/2024\/02\/cropped-cropped-logolu.webp","width":382,"height":170,"caption":"admin"},"logo":{"@id":"https:\/\/luchonoticias.com\/editor\/#\/schema\/person\/image\/"},"sameAs":["https:\/\/www.facebook.com\/luchonoticiasneiva"],"url":"https:\/\/luchonoticias.com\/editor\/author\/admin\/"}]}},"_links":{"self":[{"href":"https:\/\/luchonoticias.com\/editor\/wp-json\/wp\/v2\/posts\/41499","targetHints":{"allow":["GET"]}}],"collection":[{"href":"https:\/\/luchonoticias.com\/editor\/wp-json\/wp\/v2\/posts"}],"about":[{"href":"https:\/\/luchonoticias.com\/editor\/wp-json\/wp\/v2\/types\/post"}],"author":[{"embeddable":true,"href":"https:\/\/luchonoticias.com\/editor\/wp-json\/wp\/v2\/users\/1"}],"replies":[{"embeddable":true,"href":"https:\/\/luchonoticias.com\/editor\/wp-json\/wp\/v2\/comments?post=41499"}],"version-history":[{"count":0,"href":"https:\/\/luchonoticias.com\/editor\/wp-json\/wp\/v2\/posts\/41499\/revisions"}],"wp:attachment":[{"href":"https:\/\/luchonoticias.com\/editor\/wp-json\/wp\/v2\/media?parent=41499"}],"wp:term":[{"taxonomy":"category","embeddable":true,"href":"https:\/\/luchonoticias.com\/editor\/wp-json\/wp\/v2\/categories?post=41499"},{"taxonomy":"post_tag","embeddable":true,"href":"https:\/\/luchonoticias.com\/editor\/wp-json\/wp\/v2\/tags?post=41499"}],"curies":[{"name":"wp","href":"https:\/\/api.w.org\/{rel}","templated":true}]}}