{"id":41504,"date":"2022-12-07T07:12:17","date_gmt":"2022-12-07T12:12:17","guid":{"rendered":"https:\/\/luchonoticias.com\/?p=41504"},"modified":"2022-12-07T07:12:18","modified_gmt":"2022-12-07T12:12:18","slug":"burbuja-ambiental-se-consolida-en-el-huila","status":"publish","type":"post","link":"https:\/\/luchonoticias.com\/editor\/burbuja-ambiental-se-consolida-en-el-huila\/","title":{"rendered":"Burbuja Ambiental se consolida en el Huila"},"content":{"rendered":"\n<p>Desde el 2017, la Novena Brigada del Ej\u00e9rcito Nacional implement\u00f3 en el Huila, la estrategia denominada Burbuja Ambiental, que articula a diferentes entidades en torno al cuidado de la biodiversidad. Esa simbiosis se robustece a\u00f1o a a\u00f1o, permitiendo que en el 2022 las acciones fueran contundentes y se cumpliera con las tareas programadas para recuperar y proteger los ecosistemas del territorio Opita.<\/p>\n\n\n\n<p>Al cierre del Plan de Acci\u00f3n, con la participaci\u00f3n de la Oficina de Medio Ambiente de la Novena Brigada, Polic\u00eda del Huila, Polic\u00eda Metropolitana de Neiva, Fuerza A\u00e9rea Colombiana, Fiscal\u00eda General de la Naci\u00f3n, Cuerpo T\u00e9cnico de Investigaci\u00f3n y la Corporaci\u00f3n Aut\u00f3noma Regional del Alto Magdalena, se realiz\u00f3 un balance y se ratificaron compromisos en pro de continuar siendo guardianes del medio ambiente.<\/p>\n\n\n\n<figure class=\"wp-block-gallery has-nested-images columns-default is-cropped wp-block-gallery-1 is-layout-flex wp-block-gallery-is-layout-flex\">\n<figure class=\"wp-block-image size-large\"><img decoding=\"async\" data-id=\"41506\" src=\"https:\/\/luchonoticias.com\/wp-content\/uploads\/2022\/12\/WhatsApp-Image-2022-12-06-at-4.04.23-PM-1024x682.jpeg\" alt=\"\" class=\"wp-image-41506\"\/><\/figure>\n\n\n\n<figure class=\"wp-block-image size-large\"><img decoding=\"async\" data-id=\"41507\" src=\"https:\/\/luchonoticias.com\/wp-content\/uploads\/2022\/12\/WhatsApp-Image-2022-12-06-at-4.04.20-PM-1024x682.jpeg\" alt=\"\" class=\"wp-image-41507\"\/><\/figure>\n<\/figure>\n\n\n\n<p>La estrategia se divide en tres l\u00edneas de acci\u00f3n, siendo la primera, de prevenci\u00f3n. En este eje se desarrollaron 263 actividades educativas y formativas con el fin de crear conciencia en los huilenses, a la par se realizaron acciones de conmemoraci\u00f3n de las fechas institucionalizadas para hacer un llamado a continuar protegiendo el planeta.<\/p>\n\n\n\n<p>En la segunda l\u00ednea, la de intervenci\u00f3n, se logr\u00f3 la incautaci\u00f3n de 233,55 metros c\u00fabicos de madera, la recuperaci\u00f3n de 129 ejemplares de fauna silvestre y la inmovilizaci\u00f3n de 10 equipos y veh\u00edculos empleados en actividades de explotaci\u00f3n il\u00edcita de los recursos naturales.<\/p>\n\n\n\n<p>Cierra la estrategia, la l\u00ednea de mitigaci\u00f3n. En el 2022 se realizaron 96 actividades de recuperaci\u00f3n y descontaminaci\u00f3n de fuentes h\u00eddricas y la siembra de m\u00e1s de 130.000 pl\u00e1ntulas de especies nativas, acciones que sin duda alguna aportan a mejorar el paisaje, la calidad del aire y permiten reforestar al Departamento.<\/p>\n\n\n\n<figure class=\"wp-block-image size-large\"><img decoding=\"async\" src=\"https:\/\/luchonoticias.com\/wp-content\/uploads\/2022\/12\/WhatsApp-Image-2022-12-06-at-4.04.22-PM-1-1024x682.jpeg\" alt=\"\" class=\"wp-image-41508\"\/><\/figure>\n\n\n\n<p>Las acciones desarrolladas permitieron un cumplimiento del cien por ciento de los compromisos trazados en la mesa de articulaci\u00f3n interinstitucional de la Burbuja Ambiental y desde ya se trabaja en el planeamiento de las misiones 2023.<\/p>\n","protected":false},"excerpt":{"rendered":"<p>Desde el 2017, la Novena Brigada del Ej\u00e9rcito Nacional implement\u00f3 en el Huila, la estrategia denominada Burbuja Ambiental, que articula a diferentes entidades en torno al cuidado de la biodiversidad. Esa simbiosis se robustece a\u00f1o a a\u00f1o, permitiendo que en el 2022 las acciones fueran contundentes y se cumpliera con las tareas programadas para recuperar [&hellip;]<\/p>\n","protected":false},"author":1,"featured_media":0,"comment_status":"open","ping_status":"open","sticky":false,"template":"","format":"standard","meta":{"footnotes":""},"categories":[36,35],"tags":[],"class_list":["post-41504","post","type-post","status-publish","format-standard","hentry","category-destacado","category-regional"],"yoast_head":"<!-- This site is optimized with the Yoast SEO plugin v26.6 - https:\/\/yoast.com\/wordpress\/plugins\/seo\/ -->\n<title>Burbuja Ambiental se consolida en el Huila -<\/title>\n<meta name=\"robots\" content=\"index, follow, max-snippet:-1, max-image-preview:large, max-video-preview:-1\" \/>\n<link rel=\"canonical\" href=\"https:\/\/luchonoticias.com\/editor\/burbuja-ambiental-se-consolida-en-el-huila\/\" \/>\n<meta property=\"og:locale\" content=\"es_ES\" \/>\n<meta property=\"og:type\" content=\"article\" \/>\n<meta property=\"og:title\" content=\"Burbuja Ambiental se consolida en el Huila -\" \/>\n<meta property=\"og:url\" content=\"https:\/\/luchonoticias.com\/editor\/burbuja-ambiental-se-consolida-en-el-huila\/\" \/>\n<meta property=\"article:publisher\" content=\"https:\/\/www.facebook.com\/luchonoticiasneiva\" \/>\n<meta property=\"article:author\" content=\"https:\/\/www.facebook.com\/luchonoticiasneiva\" \/>\n<meta property=\"article:published_time\" content=\"2022-12-07T12:12:17+00:00\" \/>\n<meta property=\"article:modified_time\" content=\"2022-12-07T12:12:18+00:00\" \/>\n<meta property=\"og:image\" content=\"https:\/\/luchonoticias.com\/wp-content\/uploads\/2022\/12\/WhatsApp-Image-2022-12-06-at-4.04.23-PM-1024x682.jpeg\" \/>\n<meta name=\"author\" content=\"admin\" \/>\n<meta name=\"twitter:card\" content=\"summary_large_image\" \/>\n<meta name=\"twitter:label1\" content=\"Escrito por\" \/>\n\t<meta name=\"twitter:data1\" content=\"admin\" \/>\n\t<meta name=\"twitter:label2\" content=\"Tiempo de lectura\" \/>\n\t<meta name=\"twitter:data2\" content=\"2 minutos\" \/>\n<script type=\"application\/ld+json\" class=\"yoast-schema-graph\">{\"@context\":\"https:\/\/schema.org\",\"@graph\":[{\"@type\":\"Article\",\"@id\":\"https:\/\/luchonoticias.com\/editor\/burbuja-ambiental-se-consolida-en-el-huila\/#article\",\"isPartOf\":{\"@id\":\"https:\/\/luchonoticias.com\/editor\/burbuja-ambiental-se-consolida-en-el-huila\/\"},\"author\":{\"name\":\"admin\",\"@id\":\"https:\/\/luchonoticias.com\/editor\/#\/schema\/person\/7a7fd911f58561fd056dbac7b55af9cd\"},\"headline\":\"Burbuja Ambiental se consolida en el Huila\",\"datePublished\":\"2022-12-07T12:12:17+00:00\",\"dateModified\":\"2022-12-07T12:12:18+00:00\",\"mainEntityOfPage\":{\"@id\":\"https:\/\/luchonoticias.com\/editor\/burbuja-ambiental-se-consolida-en-el-huila\/\"},\"wordCount\":341,\"commentCount\":0,\"publisher\":{\"@id\":\"https:\/\/luchonoticias.com\/editor\/#\/schema\/person\/7a7fd911f58561fd056dbac7b55af9cd\"},\"image\":{\"@id\":\"https:\/\/luchonoticias.com\/editor\/burbuja-ambiental-se-consolida-en-el-huila\/#primaryimage\"},\"thumbnailUrl\":\"https:\/\/luchonoticias.com\/wp-content\/uploads\/2022\/12\/WhatsApp-Image-2022-12-06-at-4.04.23-PM-1024x682.jpeg\",\"articleSection\":[\"Destacado\",\"Regional\"],\"inLanguage\":\"es\",\"potentialAction\":[{\"@type\":\"CommentAction\",\"name\":\"Comment\",\"target\":[\"https:\/\/luchonoticias.com\/editor\/burbuja-ambiental-se-consolida-en-el-huila\/#respond\"]}]},{\"@type\":\"WebPage\",\"@id\":\"https:\/\/luchonoticias.com\/editor\/burbuja-ambiental-se-consolida-en-el-huila\/\",\"url\":\"https:\/\/luchonoticias.com\/editor\/burbuja-ambiental-se-consolida-en-el-huila\/\",\"name\":\"Burbuja Ambiental se consolida en el Huila -\",\"isPartOf\":{\"@id\":\"https:\/\/luchonoticias.com\/editor\/#website\"},\"primaryImageOfPage\":{\"@id\":\"https:\/\/luchonoticias.com\/editor\/burbuja-ambiental-se-consolida-en-el-huila\/#primaryimage\"},\"image\":{\"@id\":\"https:\/\/luchonoticias.com\/editor\/burbuja-ambiental-se-consolida-en-el-huila\/#primaryimage\"},\"thumbnailUrl\":\"https:\/\/luchonoticias.com\/wp-content\/uploads\/2022\/12\/WhatsApp-Image-2022-12-06-at-4.04.23-PM-1024x682.jpeg\",\"datePublished\":\"2022-12-07T12:12:17+00:00\",\"dateModified\":\"2022-12-07T12:12:18+00:00\",\"breadcrumb\":{\"@id\":\"https:\/\/luchonoticias.com\/editor\/burbuja-ambiental-se-consolida-en-el-huila\/#breadcrumb\"},\"inLanguage\":\"es\",\"potentialAction\":[{\"@type\":\"ReadAction\",\"target\":[\"https:\/\/luchonoticias.com\/editor\/burbuja-ambiental-se-consolida-en-el-huila\/\"]}]},{\"@type\":\"ImageObject\",\"inLanguage\":\"es\",\"@id\":\"https:\/\/luchonoticias.com\/editor\/burbuja-ambiental-se-consolida-en-el-huila\/#primaryimage\",\"url\":\"https:\/\/luchonoticias.com\/wp-content\/uploads\/2022\/12\/WhatsApp-Image-2022-12-06-at-4.04.23-PM-1024x682.jpeg\",\"contentUrl\":\"https:\/\/luchonoticias.com\/wp-content\/uploads\/2022\/12\/WhatsApp-Image-2022-12-06-at-4.04.23-PM-1024x682.jpeg\"},{\"@type\":\"BreadcrumbList\",\"@id\":\"https:\/\/luchonoticias.com\/editor\/burbuja-ambiental-se-consolida-en-el-huila\/#breadcrumb\",\"itemListElement\":[{\"@type\":\"ListItem\",\"position\":1,\"name\":\"Portada\",\"item\":\"https:\/\/luchonoticias.com\/editor\/\"},{\"@type\":\"ListItem\",\"position\":2,\"name\":\"Burbuja Ambiental se consolida en el Huila\"}]},{\"@type\":\"WebSite\",\"@id\":\"https:\/\/luchonoticias.com\/editor\/#website\",\"url\":\"https:\/\/luchonoticias.com\/editor\/\",\"name\":\"\",\"description\":\"\",\"publisher\":{\"@id\":\"https:\/\/luchonoticias.com\/editor\/#\/schema\/person\/7a7fd911f58561fd056dbac7b55af9cd\"},\"potentialAction\":[{\"@type\":\"SearchAction\",\"target\":{\"@type\":\"EntryPoint\",\"urlTemplate\":\"https:\/\/luchonoticias.com\/editor\/?s={search_term_string}\"},\"query-input\":{\"@type\":\"PropertyValueSpecification\",\"valueRequired\":true,\"valueName\":\"search_term_string\"}}],\"inLanguage\":\"es\"},{\"@type\":[\"Person\",\"Organization\"],\"@id\":\"https:\/\/luchonoticias.com\/editor\/#\/schema\/person\/7a7fd911f58561fd056dbac7b55af9cd\",\"name\":\"admin\",\"image\":{\"@type\":\"ImageObject\",\"inLanguage\":\"es\",\"@id\":\"https:\/\/luchonoticias.com\/editor\/#\/schema\/person\/image\/\",\"url\":\"https:\/\/luchonoticias.com\/editor\/wp-content\/uploads\/2024\/02\/cropped-cropped-logolu.webp\",\"contentUrl\":\"https:\/\/luchonoticias.com\/editor\/wp-content\/uploads\/2024\/02\/cropped-cropped-logolu.webp\",\"width\":382,\"height\":170,\"caption\":\"admin\"},\"logo\":{\"@id\":\"https:\/\/luchonoticias.com\/editor\/#\/schema\/person\/image\/\"},\"sameAs\":[\"https:\/\/www.facebook.com\/luchonoticiasneiva\"],\"url\":\"https:\/\/luchonoticias.com\/editor\/author\/admin\/\"}]}<\/script>\n<!-- \/ Yoast SEO plugin. -->","yoast_head_json":{"title":"Burbuja Ambiental se consolida en el Huila -","robots":{"index":"index","follow":"follow","max-snippet":"max-snippet:-1","max-image-preview":"max-image-preview:large","max-video-preview":"max-video-preview:-1"},"canonical":"https:\/\/luchonoticias.com\/editor\/burbuja-ambiental-se-consolida-en-el-huila\/","og_locale":"es_ES","og_type":"article","og_title":"Burbuja Ambiental se consolida en el Huila -","og_url":"https:\/\/luchonoticias.com\/editor\/burbuja-ambiental-se-consolida-en-el-huila\/","article_publisher":"https:\/\/www.facebook.com\/luchonoticiasneiva","article_author":"https:\/\/www.facebook.com\/luchonoticiasneiva","article_published_time":"2022-12-07T12:12:17+00:00","article_modified_time":"2022-12-07T12:12:18+00:00","og_image":[{"url":"https:\/\/luchonoticias.com\/wp-content\/uploads\/2022\/12\/WhatsApp-Image-2022-12-06-at-4.04.23-PM-1024x682.jpeg","type":"","width":"","height":""}],"author":"admin","twitter_card":"summary_large_image","twitter_misc":{"Escrito por":"admin","Tiempo de lectura":"2 minutos"},"schema":{"@context":"https:\/\/schema.org","@graph":[{"@type":"Article","@id":"https:\/\/luchonoticias.com\/editor\/burbuja-ambiental-se-consolida-en-el-huila\/#article","isPartOf":{"@id":"https:\/\/luchonoticias.com\/editor\/burbuja-ambiental-se-consolida-en-el-huila\/"},"author":{"name":"admin","@id":"https:\/\/luchonoticias.com\/editor\/#\/schema\/person\/7a7fd911f58561fd056dbac7b55af9cd"},"headline":"Burbuja Ambiental se consolida en el Huila","datePublished":"2022-12-07T12:12:17+00:00","dateModified":"2022-12-07T12:12:18+00:00","mainEntityOfPage":{"@id":"https:\/\/luchonoticias.com\/editor\/burbuja-ambiental-se-consolida-en-el-huila\/"},"wordCount":341,"commentCount":0,"publisher":{"@id":"https:\/\/luchonoticias.com\/editor\/#\/schema\/person\/7a7fd911f58561fd056dbac7b55af9cd"},"image":{"@id":"https:\/\/luchonoticias.com\/editor\/burbuja-ambiental-se-consolida-en-el-huila\/#primaryimage"},"thumbnailUrl":"https:\/\/luchonoticias.com\/wp-content\/uploads\/2022\/12\/WhatsApp-Image-2022-12-06-at-4.04.23-PM-1024x682.jpeg","articleSection":["Destacado","Regional"],"inLanguage":"es","potentialAction":[{"@type":"CommentAction","name":"Comment","target":["https:\/\/luchonoticias.com\/editor\/burbuja-ambiental-se-consolida-en-el-huila\/#respond"]}]},{"@type":"WebPage","@id":"https:\/\/luchonoticias.com\/editor\/burbuja-ambiental-se-consolida-en-el-huila\/","url":"https:\/\/luchonoticias.com\/editor\/burbuja-ambiental-se-consolida-en-el-huila\/","name":"Burbuja Ambiental se consolida en el Huila -","isPartOf":{"@id":"https:\/\/luchonoticias.com\/editor\/#website"},"primaryImageOfPage":{"@id":"https:\/\/luchonoticias.com\/editor\/burbuja-ambiental-se-consolida-en-el-huila\/#primaryimage"},"image":{"@id":"https:\/\/luchonoticias.com\/editor\/burbuja-ambiental-se-consolida-en-el-huila\/#primaryimage"},"thumbnailUrl":"https:\/\/luchonoticias.com\/wp-content\/uploads\/2022\/12\/WhatsApp-Image-2022-12-06-at-4.04.23-PM-1024x682.jpeg","datePublished":"2022-12-07T12:12:17+00:00","dateModified":"2022-12-07T12:12:18+00:00","breadcrumb":{"@id":"https:\/\/luchonoticias.com\/editor\/burbuja-ambiental-se-consolida-en-el-huila\/#breadcrumb"},"inLanguage":"es","potentialAction":[{"@type":"ReadAction","target":["https:\/\/luchonoticias.com\/editor\/burbuja-ambiental-se-consolida-en-el-huila\/"]}]},{"@type":"ImageObject","inLanguage":"es","@id":"https:\/\/luchonoticias.com\/editor\/burbuja-ambiental-se-consolida-en-el-huila\/#primaryimage","url":"https:\/\/luchonoticias.com\/wp-content\/uploads\/2022\/12\/WhatsApp-Image-2022-12-06-at-4.04.23-PM-1024x682.jpeg","contentUrl":"https:\/\/luchonoticias.com\/wp-content\/uploads\/2022\/12\/WhatsApp-Image-2022-12-06-at-4.04.23-PM-1024x682.jpeg"},{"@type":"BreadcrumbList","@id":"https:\/\/luchonoticias.com\/editor\/burbuja-ambiental-se-consolida-en-el-huila\/#breadcrumb","itemListElement":[{"@type":"ListItem","position":1,"name":"Portada","item":"https:\/\/luchonoticias.com\/editor\/"},{"@type":"ListItem","position":2,"name":"Burbuja Ambiental se consolida en el Huila"}]},{"@type":"WebSite","@id":"https:\/\/luchonoticias.com\/editor\/#website","url":"https:\/\/luchonoticias.com\/editor\/","name":"","description":"","publisher":{"@id":"https:\/\/luchonoticias.com\/editor\/#\/schema\/person\/7a7fd911f58561fd056dbac7b55af9cd"},"potentialAction":[{"@type":"SearchAction","target":{"@type":"EntryPoint","urlTemplate":"https:\/\/luchonoticias.com\/editor\/?s={search_term_string}"},"query-input":{"@type":"PropertyValueSpecification","valueRequired":true,"valueName":"search_term_string"}}],"inLanguage":"es"},{"@type":["Person","Organization"],"@id":"https:\/\/luchonoticias.com\/editor\/#\/schema\/person\/7a7fd911f58561fd056dbac7b55af9cd","name":"admin","image":{"@type":"ImageObject","inLanguage":"es","@id":"https:\/\/luchonoticias.com\/editor\/#\/schema\/person\/image\/","url":"https:\/\/luchonoticias.com\/editor\/wp-content\/uploads\/2024\/02\/cropped-cropped-logolu.webp","contentUrl":"https:\/\/luchonoticias.com\/editor\/wp-content\/uploads\/2024\/02\/cropped-cropped-logolu.webp","width":382,"height":170,"caption":"admin"},"logo":{"@id":"https:\/\/luchonoticias.com\/editor\/#\/schema\/person\/image\/"},"sameAs":["https:\/\/www.facebook.com\/luchonoticiasneiva"],"url":"https:\/\/luchonoticias.com\/editor\/author\/admin\/"}]}},"_links":{"self":[{"href":"https:\/\/luchonoticias.com\/editor\/wp-json\/wp\/v2\/posts\/41504","targetHints":{"allow":["GET"]}}],"collection":[{"href":"https:\/\/luchonoticias.com\/editor\/wp-json\/wp\/v2\/posts"}],"about":[{"href":"https:\/\/luchonoticias.com\/editor\/wp-json\/wp\/v2\/types\/post"}],"author":[{"embeddable":true,"href":"https:\/\/luchonoticias.com\/editor\/wp-json\/wp\/v2\/users\/1"}],"replies":[{"embeddable":true,"href":"https:\/\/luchonoticias.com\/editor\/wp-json\/wp\/v2\/comments?post=41504"}],"version-history":[{"count":0,"href":"https:\/\/luchonoticias.com\/editor\/wp-json\/wp\/v2\/posts\/41504\/revisions"}],"wp:attachment":[{"href":"https:\/\/luchonoticias.com\/editor\/wp-json\/wp\/v2\/media?parent=41504"}],"wp:term":[{"taxonomy":"category","embeddable":true,"href":"https:\/\/luchonoticias.com\/editor\/wp-json\/wp\/v2\/categories?post=41504"},{"taxonomy":"post_tag","embeddable":true,"href":"https:\/\/luchonoticias.com\/editor\/wp-json\/wp\/v2\/tags?post=41504"}],"curies":[{"name":"wp","href":"https:\/\/api.w.org\/{rel}","templated":true}]}}