{"id":41510,"date":"2022-12-07T07:14:43","date_gmt":"2022-12-07T12:14:43","guid":{"rendered":"https:\/\/luchonoticias.com\/?p=41510"},"modified":"2022-12-07T07:14:44","modified_gmt":"2022-12-07T12:14:44","slug":"no-estamos-dando-permiso-para-traquetear-estamos-dando-un-permiso-para-acabar-definitivamente-la-violencia-petro","status":"publish","type":"post","link":"https:\/\/luchonoticias.com\/editor\/no-estamos-dando-permiso-para-traquetear-estamos-dando-un-permiso-para-acabar-definitivamente-la-violencia-petro\/","title":{"rendered":"No estamos dando permiso para traquetear, estamos dando un permiso para acabar definitivamente la violencia: Petro"},"content":{"rendered":"\n<p>El Presidente Gustavo Petro advirti\u00f3 este martes que cuando el Gobierno del Cambio llama al di\u00e1logo, a la reconciliaci\u00f3n y a construir una Paz Total, \u201cnosotros no estamos dando permiso para traquetear. Estamos dando un permiso para acabar definitivamente la violencia\u201d.<\/p>\n\n\n\n<p>En la ceremonia de acenso de oficiales del Ej\u00e9rcito Nacional, el Jefe de Estado expres\u00f3 que \u201cnosotros, cuando estamos hablando de di\u00e1logo, no estamos dando permisos para lo ilegal. Estamos dando permisos para hablar. Pero tiene que haber una voluntad\u201d.<\/p>\n\n\n\n<p>En su intervenci\u00f3n, ante los 280 hombres y mujeres que ascendieron al grado de subtenientes del Ej\u00e9rcito, el Mandatario a\u00f1adi\u00f3 que \u201cno puede en la mente de las personas que hoy ejercen violencia haber un espacio creyendo que una opci\u00f3n de di\u00e1logo es una opci\u00f3n para aprovechar en el sentido de aumentar las condiciones de construcci\u00f3n de una econom\u00eda ilegal\u201d.<\/p>\n\n\n\n<p>En el campo de paradas de la Escuela de Cadetes Jos\u00e9 Mar\u00eda C\u00f3rdova, en el occidente de Bogot\u00e1, el Presidente Petro enfatiz\u00f3 que \u201cno vamos a dar permiso para desarrollar econom\u00edas ilegales que, finalmente, traer\u00e1n m\u00e1s muerte, m\u00e1s sangre. O se aprovecha el di\u00e1logo para salir de las armas, de la violencia, o no hay\u201d.<\/p>\n\n\n\n<p>Por el contrario, dijo: \u201cEstamos dando un permiso para acabar definitivamente la violencia y pasar a territorios que, como en el caso de Buenaventura, se puedan construir con una visi\u00f3n com\u00fan de prosperidad, de dejar la exclusi\u00f3n del territorio colombiano\u201d.<\/p>\n\n\n\n<p><strong>Rechazo a recientes actos de violencia<\/strong><\/p>\n\n\n\n<p>En su discurso, el Gobernante rechaz\u00f3 los recientes hechos de violencia ocurridos en los departamentos en Arauca y Putumayo.<\/p>\n\n\n\n<p>En ese sentido indic\u00f3 que \u201cestamos hablando de una planificaci\u00f3n que \u2013por las informaciones que he recibido\u2013 ten\u00eda como base el criterio de que all\u00ed ten\u00eda que abandonar el territorio la Fuerza P\u00fablica\u201d.<\/p>\n\n\n\n<p>Por esa raz\u00f3n, afirm\u00f3: \u201c\u00bfPor qu\u00e9 debe salir el Estado de esa zona? \u00bfPor qu\u00e9 un proceso de paz tendr\u00eda que implicar que saliera el Estado? Y peor a\u00fan, \u00bfpor qu\u00e9 se podr\u00eda pensar que el Estado tendr\u00eda que salir, cuando ni siquiera hay un proceso de paz, sino el uso del territorio para traquetear? Pues eso no se puede esperar de este Gobierno\u201d.<\/p>\n\n\n\n<p><strong>Eficacia para lograr la paz<\/strong><\/p>\n\n\n\n<p>Aunque reiter\u00f3 que \u201cla paz, por tanto, en medio de la violencia, en mi opini\u00f3n, sigue siendo importante, sigue siendo la ilusi\u00f3n de Colombia, sigue siendo la \u00fanica posibilidad real de construir una naci\u00f3n\u201d.<\/p>\n\n\n\n<p>El Presidente fue en\u00e9rgico en se\u00f1alar que la paz \u201cno puede ser ingenua\u201d y que, por lo tanto, \u201cel di\u00e1logo no es para matar j\u00f3venes. El di\u00e1logo es para hacer vivir a la juventud colombiana. No tiene otro prop\u00f3sito. Si lo que vamos a empezar implica la muerte en cadena de j\u00f3venes, no tiene sentido. Nuestra juventud no est\u00e1 para ser sacrificada\u201d.<\/p>\n\n\n\n<p>En ese orden de ideas, dijo, \u201clo que yo estoy pensando como Presidente de Colombia no es sacrificar una generaci\u00f3n de j\u00f3venes, como tantas, en medio de un conflicto y un desangre\u201d.<\/p>\n\n\n\n<p>A lo cual, concluy\u00f3: \u201cNo es un di\u00e1logo por di\u00e1logo. Es un di\u00e1logo para la eficacia. Y la eficacia consiste en dejar la econom\u00eda ilegal y en dejar la violencia. Lo dem\u00e1s es ret\u00f3rica, discursos. En la acci\u00f3n pol\u00edtica, adem\u00e1s de la ret\u00f3rica, lo que necesitamos esencialmente es eficacia y si se trata de paz, la eficacia consiste en dejar de matar, en dejar de traquetear, en dejar definitivamente la violencia\u201d.<\/p>\n","protected":false},"excerpt":{"rendered":"<p>El Presidente Gustavo Petro advirti\u00f3 este martes que cuando el Gobierno del Cambio llama al di\u00e1logo, a la reconciliaci\u00f3n y a construir una Paz Total, \u201cnosotros no estamos dando permiso para traquetear. Estamos dando un permiso para acabar definitivamente la violencia\u201d. En la ceremonia de acenso de oficiales del Ej\u00e9rcito Nacional, el Jefe de Estado [&hellip;]<\/p>\n","protected":false},"author":1,"featured_media":0,"comment_status":"open","ping_status":"open","sticky":false,"template":"","format":"standard","meta":{"footnotes":""},"categories":[36,32],"tags":[],"class_list":["post-41510","post","type-post","status-publish","format-standard","hentry","category-destacado","category-nacional"],"yoast_head":"<!-- This site is optimized with the Yoast SEO plugin v26.6 - https:\/\/yoast.com\/wordpress\/plugins\/seo\/ -->\n<title>No estamos dando permiso para traquetear, estamos dando un permiso para acabar definitivamente la violencia: Petro -<\/title>\n<meta name=\"robots\" content=\"index, follow, max-snippet:-1, max-image-preview:large, max-video-preview:-1\" \/>\n<link rel=\"canonical\" href=\"https:\/\/luchonoticias.com\/editor\/no-estamos-dando-permiso-para-traquetear-estamos-dando-un-permiso-para-acabar-definitivamente-la-violencia-petro\/\" \/>\n<meta property=\"og:locale\" content=\"es_ES\" \/>\n<meta property=\"og:type\" content=\"article\" \/>\n<meta property=\"og:title\" content=\"No estamos dando permiso para traquetear, estamos dando un permiso para acabar definitivamente la violencia: Petro -\" \/>\n<meta property=\"og:url\" content=\"https:\/\/luchonoticias.com\/editor\/no-estamos-dando-permiso-para-traquetear-estamos-dando-un-permiso-para-acabar-definitivamente-la-violencia-petro\/\" \/>\n<meta property=\"article:publisher\" content=\"https:\/\/www.facebook.com\/luchonoticiasneiva\" \/>\n<meta property=\"article:author\" content=\"https:\/\/www.facebook.com\/luchonoticiasneiva\" \/>\n<meta property=\"article:published_time\" content=\"2022-12-07T12:14:43+00:00\" \/>\n<meta property=\"article:modified_time\" content=\"2022-12-07T12:14:44+00:00\" \/>\n<meta name=\"author\" content=\"admin\" \/>\n<meta name=\"twitter:card\" content=\"summary_large_image\" \/>\n<meta name=\"twitter:label1\" content=\"Escrito por\" \/>\n\t<meta name=\"twitter:data1\" content=\"admin\" \/>\n\t<meta name=\"twitter:label2\" content=\"Tiempo de lectura\" \/>\n\t<meta name=\"twitter:data2\" content=\"3 minutos\" \/>\n<script type=\"application\/ld+json\" class=\"yoast-schema-graph\">{\"@context\":\"https:\/\/schema.org\",\"@graph\":[{\"@type\":\"Article\",\"@id\":\"https:\/\/luchonoticias.com\/editor\/no-estamos-dando-permiso-para-traquetear-estamos-dando-un-permiso-para-acabar-definitivamente-la-violencia-petro\/#article\",\"isPartOf\":{\"@id\":\"https:\/\/luchonoticias.com\/editor\/no-estamos-dando-permiso-para-traquetear-estamos-dando-un-permiso-para-acabar-definitivamente-la-violencia-petro\/\"},\"author\":{\"name\":\"admin\",\"@id\":\"https:\/\/luchonoticias.com\/editor\/#\/schema\/person\/7a7fd911f58561fd056dbac7b55af9cd\"},\"headline\":\"No estamos dando permiso para traquetear, estamos dando un permiso para acabar definitivamente la violencia: Petro\",\"datePublished\":\"2022-12-07T12:14:43+00:00\",\"dateModified\":\"2022-12-07T12:14:44+00:00\",\"mainEntityOfPage\":{\"@id\":\"https:\/\/luchonoticias.com\/editor\/no-estamos-dando-permiso-para-traquetear-estamos-dando-un-permiso-para-acabar-definitivamente-la-violencia-petro\/\"},\"wordCount\":630,\"commentCount\":0,\"publisher\":{\"@id\":\"https:\/\/luchonoticias.com\/editor\/#\/schema\/person\/7a7fd911f58561fd056dbac7b55af9cd\"},\"articleSection\":[\"Destacado\",\"Nacional\"],\"inLanguage\":\"es\",\"potentialAction\":[{\"@type\":\"CommentAction\",\"name\":\"Comment\",\"target\":[\"https:\/\/luchonoticias.com\/editor\/no-estamos-dando-permiso-para-traquetear-estamos-dando-un-permiso-para-acabar-definitivamente-la-violencia-petro\/#respond\"]}]},{\"@type\":\"WebPage\",\"@id\":\"https:\/\/luchonoticias.com\/editor\/no-estamos-dando-permiso-para-traquetear-estamos-dando-un-permiso-para-acabar-definitivamente-la-violencia-petro\/\",\"url\":\"https:\/\/luchonoticias.com\/editor\/no-estamos-dando-permiso-para-traquetear-estamos-dando-un-permiso-para-acabar-definitivamente-la-violencia-petro\/\",\"name\":\"No estamos dando permiso para traquetear, estamos dando un permiso para acabar definitivamente la violencia: Petro -\",\"isPartOf\":{\"@id\":\"https:\/\/luchonoticias.com\/editor\/#website\"},\"datePublished\":\"2022-12-07T12:14:43+00:00\",\"dateModified\":\"2022-12-07T12:14:44+00:00\",\"breadcrumb\":{\"@id\":\"https:\/\/luchonoticias.com\/editor\/no-estamos-dando-permiso-para-traquetear-estamos-dando-un-permiso-para-acabar-definitivamente-la-violencia-petro\/#breadcrumb\"},\"inLanguage\":\"es\",\"potentialAction\":[{\"@type\":\"ReadAction\",\"target\":[\"https:\/\/luchonoticias.com\/editor\/no-estamos-dando-permiso-para-traquetear-estamos-dando-un-permiso-para-acabar-definitivamente-la-violencia-petro\/\"]}]},{\"@type\":\"BreadcrumbList\",\"@id\":\"https:\/\/luchonoticias.com\/editor\/no-estamos-dando-permiso-para-traquetear-estamos-dando-un-permiso-para-acabar-definitivamente-la-violencia-petro\/#breadcrumb\",\"itemListElement\":[{\"@type\":\"ListItem\",\"position\":1,\"name\":\"Portada\",\"item\":\"https:\/\/luchonoticias.com\/editor\/\"},{\"@type\":\"ListItem\",\"position\":2,\"name\":\"No estamos dando permiso para traquetear, estamos dando un permiso para acabar definitivamente la violencia: Petro\"}]},{\"@type\":\"WebSite\",\"@id\":\"https:\/\/luchonoticias.com\/editor\/#website\",\"url\":\"https:\/\/luchonoticias.com\/editor\/\",\"name\":\"\",\"description\":\"\",\"publisher\":{\"@id\":\"https:\/\/luchonoticias.com\/editor\/#\/schema\/person\/7a7fd911f58561fd056dbac7b55af9cd\"},\"potentialAction\":[{\"@type\":\"SearchAction\",\"target\":{\"@type\":\"EntryPoint\",\"urlTemplate\":\"https:\/\/luchonoticias.com\/editor\/?s={search_term_string}\"},\"query-input\":{\"@type\":\"PropertyValueSpecification\",\"valueRequired\":true,\"valueName\":\"search_term_string\"}}],\"inLanguage\":\"es\"},{\"@type\":[\"Person\",\"Organization\"],\"@id\":\"https:\/\/luchonoticias.com\/editor\/#\/schema\/person\/7a7fd911f58561fd056dbac7b55af9cd\",\"name\":\"admin\",\"image\":{\"@type\":\"ImageObject\",\"inLanguage\":\"es\",\"@id\":\"https:\/\/luchonoticias.com\/editor\/#\/schema\/person\/image\/\",\"url\":\"https:\/\/luchonoticias.com\/editor\/wp-content\/uploads\/2024\/02\/cropped-cropped-logolu.webp\",\"contentUrl\":\"https:\/\/luchonoticias.com\/editor\/wp-content\/uploads\/2024\/02\/cropped-cropped-logolu.webp\",\"width\":382,\"height\":170,\"caption\":\"admin\"},\"logo\":{\"@id\":\"https:\/\/luchonoticias.com\/editor\/#\/schema\/person\/image\/\"},\"sameAs\":[\"https:\/\/www.facebook.com\/luchonoticiasneiva\"],\"url\":\"https:\/\/luchonoticias.com\/editor\/author\/admin\/\"}]}<\/script>\n<!-- \/ Yoast SEO plugin. -->","yoast_head_json":{"title":"No estamos dando permiso para traquetear, estamos dando un permiso para acabar definitivamente la violencia: Petro -","robots":{"index":"index","follow":"follow","max-snippet":"max-snippet:-1","max-image-preview":"max-image-preview:large","max-video-preview":"max-video-preview:-1"},"canonical":"https:\/\/luchonoticias.com\/editor\/no-estamos-dando-permiso-para-traquetear-estamos-dando-un-permiso-para-acabar-definitivamente-la-violencia-petro\/","og_locale":"es_ES","og_type":"article","og_title":"No estamos dando permiso para traquetear, estamos dando un permiso para acabar definitivamente la violencia: Petro -","og_url":"https:\/\/luchonoticias.com\/editor\/no-estamos-dando-permiso-para-traquetear-estamos-dando-un-permiso-para-acabar-definitivamente-la-violencia-petro\/","article_publisher":"https:\/\/www.facebook.com\/luchonoticiasneiva","article_author":"https:\/\/www.facebook.com\/luchonoticiasneiva","article_published_time":"2022-12-07T12:14:43+00:00","article_modified_time":"2022-12-07T12:14:44+00:00","author":"admin","twitter_card":"summary_large_image","twitter_misc":{"Escrito por":"admin","Tiempo de lectura":"3 minutos"},"schema":{"@context":"https:\/\/schema.org","@graph":[{"@type":"Article","@id":"https:\/\/luchonoticias.com\/editor\/no-estamos-dando-permiso-para-traquetear-estamos-dando-un-permiso-para-acabar-definitivamente-la-violencia-petro\/#article","isPartOf":{"@id":"https:\/\/luchonoticias.com\/editor\/no-estamos-dando-permiso-para-traquetear-estamos-dando-un-permiso-para-acabar-definitivamente-la-violencia-petro\/"},"author":{"name":"admin","@id":"https:\/\/luchonoticias.com\/editor\/#\/schema\/person\/7a7fd911f58561fd056dbac7b55af9cd"},"headline":"No estamos dando permiso para traquetear, estamos dando un permiso para acabar definitivamente la violencia: Petro","datePublished":"2022-12-07T12:14:43+00:00","dateModified":"2022-12-07T12:14:44+00:00","mainEntityOfPage":{"@id":"https:\/\/luchonoticias.com\/editor\/no-estamos-dando-permiso-para-traquetear-estamos-dando-un-permiso-para-acabar-definitivamente-la-violencia-petro\/"},"wordCount":630,"commentCount":0,"publisher":{"@id":"https:\/\/luchonoticias.com\/editor\/#\/schema\/person\/7a7fd911f58561fd056dbac7b55af9cd"},"articleSection":["Destacado","Nacional"],"inLanguage":"es","potentialAction":[{"@type":"CommentAction","name":"Comment","target":["https:\/\/luchonoticias.com\/editor\/no-estamos-dando-permiso-para-traquetear-estamos-dando-un-permiso-para-acabar-definitivamente-la-violencia-petro\/#respond"]}]},{"@type":"WebPage","@id":"https:\/\/luchonoticias.com\/editor\/no-estamos-dando-permiso-para-traquetear-estamos-dando-un-permiso-para-acabar-definitivamente-la-violencia-petro\/","url":"https:\/\/luchonoticias.com\/editor\/no-estamos-dando-permiso-para-traquetear-estamos-dando-un-permiso-para-acabar-definitivamente-la-violencia-petro\/","name":"No estamos dando permiso para traquetear, estamos dando un permiso para acabar definitivamente la violencia: Petro -","isPartOf":{"@id":"https:\/\/luchonoticias.com\/editor\/#website"},"datePublished":"2022-12-07T12:14:43+00:00","dateModified":"2022-12-07T12:14:44+00:00","breadcrumb":{"@id":"https:\/\/luchonoticias.com\/editor\/no-estamos-dando-permiso-para-traquetear-estamos-dando-un-permiso-para-acabar-definitivamente-la-violencia-petro\/#breadcrumb"},"inLanguage":"es","potentialAction":[{"@type":"ReadAction","target":["https:\/\/luchonoticias.com\/editor\/no-estamos-dando-permiso-para-traquetear-estamos-dando-un-permiso-para-acabar-definitivamente-la-violencia-petro\/"]}]},{"@type":"BreadcrumbList","@id":"https:\/\/luchonoticias.com\/editor\/no-estamos-dando-permiso-para-traquetear-estamos-dando-un-permiso-para-acabar-definitivamente-la-violencia-petro\/#breadcrumb","itemListElement":[{"@type":"ListItem","position":1,"name":"Portada","item":"https:\/\/luchonoticias.com\/editor\/"},{"@type":"ListItem","position":2,"name":"No estamos dando permiso para traquetear, estamos dando un permiso para acabar definitivamente la violencia: Petro"}]},{"@type":"WebSite","@id":"https:\/\/luchonoticias.com\/editor\/#website","url":"https:\/\/luchonoticias.com\/editor\/","name":"","description":"","publisher":{"@id":"https:\/\/luchonoticias.com\/editor\/#\/schema\/person\/7a7fd911f58561fd056dbac7b55af9cd"},"potentialAction":[{"@type":"SearchAction","target":{"@type":"EntryPoint","urlTemplate":"https:\/\/luchonoticias.com\/editor\/?s={search_term_string}"},"query-input":{"@type":"PropertyValueSpecification","valueRequired":true,"valueName":"search_term_string"}}],"inLanguage":"es"},{"@type":["Person","Organization"],"@id":"https:\/\/luchonoticias.com\/editor\/#\/schema\/person\/7a7fd911f58561fd056dbac7b55af9cd","name":"admin","image":{"@type":"ImageObject","inLanguage":"es","@id":"https:\/\/luchonoticias.com\/editor\/#\/schema\/person\/image\/","url":"https:\/\/luchonoticias.com\/editor\/wp-content\/uploads\/2024\/02\/cropped-cropped-logolu.webp","contentUrl":"https:\/\/luchonoticias.com\/editor\/wp-content\/uploads\/2024\/02\/cropped-cropped-logolu.webp","width":382,"height":170,"caption":"admin"},"logo":{"@id":"https:\/\/luchonoticias.com\/editor\/#\/schema\/person\/image\/"},"sameAs":["https:\/\/www.facebook.com\/luchonoticiasneiva"],"url":"https:\/\/luchonoticias.com\/editor\/author\/admin\/"}]}},"_links":{"self":[{"href":"https:\/\/luchonoticias.com\/editor\/wp-json\/wp\/v2\/posts\/41510","targetHints":{"allow":["GET"]}}],"collection":[{"href":"https:\/\/luchonoticias.com\/editor\/wp-json\/wp\/v2\/posts"}],"about":[{"href":"https:\/\/luchonoticias.com\/editor\/wp-json\/wp\/v2\/types\/post"}],"author":[{"embeddable":true,"href":"https:\/\/luchonoticias.com\/editor\/wp-json\/wp\/v2\/users\/1"}],"replies":[{"embeddable":true,"href":"https:\/\/luchonoticias.com\/editor\/wp-json\/wp\/v2\/comments?post=41510"}],"version-history":[{"count":0,"href":"https:\/\/luchonoticias.com\/editor\/wp-json\/wp\/v2\/posts\/41510\/revisions"}],"wp:attachment":[{"href":"https:\/\/luchonoticias.com\/editor\/wp-json\/wp\/v2\/media?parent=41510"}],"wp:term":[{"taxonomy":"category","embeddable":true,"href":"https:\/\/luchonoticias.com\/editor\/wp-json\/wp\/v2\/categories?post=41510"},{"taxonomy":"post_tag","embeddable":true,"href":"https:\/\/luchonoticias.com\/editor\/wp-json\/wp\/v2\/tags?post=41510"}],"curies":[{"name":"wp","href":"https:\/\/api.w.org\/{rel}","templated":true}]}}