{"id":41518,"date":"2022-12-07T11:13:52","date_gmt":"2022-12-07T16:13:52","guid":{"rendered":"https:\/\/luchonoticias.com\/?p=41518"},"modified":"2022-12-07T11:13:53","modified_gmt":"2022-12-07T16:13:53","slug":"disidencias-de-las-farc-liberan-a-soldado-secuestrado-en-noviembre","status":"publish","type":"post","link":"https:\/\/luchonoticias.com\/editor\/disidencias-de-las-farc-liberan-a-soldado-secuestrado-en-noviembre\/","title":{"rendered":"Disidencias de Las Farc, liberan a soldado secuestrado en noviembre"},"content":{"rendered":"\n<p>Luego de permanecer casi un mes en poder de las disidencias de las FARC, fue liberado el soldado Edward Enrique Delgado Cabrera.<\/p>\n\n\n\n<p>El uniformado hab\u00eda sido secuestrado el 19 de noviembre del presente a\u00f1o, por la disidencia &#8216;Carolina Ram\u00edrez&#8217;, mientras se encontraba de permiso y se dispon\u00eda a viajar desde el municipio de Puerto Legu\u00edzamo, Putumayo, hasta el caser\u00edo de Puerto Arango, zona rural del departamento de Caquet\u00e1.<\/p>\n\n\n\n<p>Voceros militares manifestaron que la liberaci\u00f3n del soldado se produjo tras la gesti\u00f3n de Organizaci\u00f3n de las Naciones Unidas (ONU) y la Defensor\u00eda del Pueblo.<\/p>\n\n\n\n<p>\u00abEn horas de la noche de ayer, martes 6 de diciembre, fue trasladado y recibido por el Comando de la D\u00e9cima Segunda Brigada en la ciudad de Florencia, Caquet\u00e1\u00bb, dijo el portavoz militar.<\/p>\n\n\n\n<p>Agreg\u00f3 que una vez liberado, el soldado fue remitido a un centro asistencial en donde recibe atenci\u00f3n m\u00e9dica y psicol\u00f3gica por parte de personal especializado.<\/p>\n\n\n\n<p>\u00abRechazamos el secuestro y condenamos este crimen atroz que atenta contra los Derechos Humanos, y genera angustia, tristeza y desolaci\u00f3n a las familias\u00bb.<\/p>\n","protected":false},"excerpt":{"rendered":"<p>Luego de permanecer casi un mes en poder de las disidencias de las FARC, fue liberado el soldado Edward Enrique Delgado Cabrera. El uniformado hab\u00eda sido secuestrado el 19 de noviembre del presente a\u00f1o, por la disidencia &#8216;Carolina Ram\u00edrez&#8217;, mientras se encontraba de permiso y se dispon\u00eda a viajar desde el municipio de Puerto Legu\u00edzamo, [&hellip;]<\/p>\n","protected":false},"author":1,"featured_media":0,"comment_status":"open","ping_status":"open","sticky":false,"template":"","format":"standard","meta":{"footnotes":""},"categories":[36,32],"tags":[],"class_list":["post-41518","post","type-post","status-publish","format-standard","hentry","category-destacado","category-nacional"],"yoast_head":"<!-- This site is optimized with the Yoast SEO plugin v26.6 - https:\/\/yoast.com\/wordpress\/plugins\/seo\/ -->\n<title>Disidencias de Las Farc, liberan a soldado secuestrado en noviembre -<\/title>\n<meta name=\"robots\" content=\"index, follow, max-snippet:-1, max-image-preview:large, max-video-preview:-1\" \/>\n<link rel=\"canonical\" href=\"https:\/\/luchonoticias.com\/editor\/disidencias-de-las-farc-liberan-a-soldado-secuestrado-en-noviembre\/\" \/>\n<meta property=\"og:locale\" content=\"es_ES\" \/>\n<meta property=\"og:type\" content=\"article\" \/>\n<meta property=\"og:title\" content=\"Disidencias de Las Farc, liberan a soldado secuestrado en noviembre -\" \/>\n<meta property=\"og:url\" content=\"https:\/\/luchonoticias.com\/editor\/disidencias-de-las-farc-liberan-a-soldado-secuestrado-en-noviembre\/\" \/>\n<meta property=\"article:publisher\" content=\"https:\/\/www.facebook.com\/luchonoticiasneiva\" \/>\n<meta property=\"article:author\" content=\"https:\/\/www.facebook.com\/luchonoticiasneiva\" \/>\n<meta property=\"article:published_time\" content=\"2022-12-07T16:13:52+00:00\" \/>\n<meta property=\"article:modified_time\" content=\"2022-12-07T16:13:53+00:00\" \/>\n<meta name=\"author\" content=\"admin\" \/>\n<meta name=\"twitter:card\" content=\"summary_large_image\" \/>\n<meta name=\"twitter:label1\" content=\"Escrito por\" \/>\n\t<meta name=\"twitter:data1\" content=\"admin\" \/>\n\t<meta name=\"twitter:label2\" content=\"Tiempo de lectura\" \/>\n\t<meta name=\"twitter:data2\" content=\"1 minuto\" \/>\n<script type=\"application\/ld+json\" class=\"yoast-schema-graph\">{\"@context\":\"https:\/\/schema.org\",\"@graph\":[{\"@type\":\"Article\",\"@id\":\"https:\/\/luchonoticias.com\/editor\/disidencias-de-las-farc-liberan-a-soldado-secuestrado-en-noviembre\/#article\",\"isPartOf\":{\"@id\":\"https:\/\/luchonoticias.com\/editor\/disidencias-de-las-farc-liberan-a-soldado-secuestrado-en-noviembre\/\"},\"author\":{\"name\":\"admin\",\"@id\":\"https:\/\/luchonoticias.com\/editor\/#\/schema\/person\/7a7fd911f58561fd056dbac7b55af9cd\"},\"headline\":\"Disidencias de Las Farc, liberan a soldado secuestrado en noviembre\",\"datePublished\":\"2022-12-07T16:13:52+00:00\",\"dateModified\":\"2022-12-07T16:13:53+00:00\",\"mainEntityOfPage\":{\"@id\":\"https:\/\/luchonoticias.com\/editor\/disidencias-de-las-farc-liberan-a-soldado-secuestrado-en-noviembre\/\"},\"wordCount\":197,\"commentCount\":0,\"publisher\":{\"@id\":\"https:\/\/luchonoticias.com\/editor\/#\/schema\/person\/7a7fd911f58561fd056dbac7b55af9cd\"},\"articleSection\":[\"Destacado\",\"Nacional\"],\"inLanguage\":\"es\",\"potentialAction\":[{\"@type\":\"CommentAction\",\"name\":\"Comment\",\"target\":[\"https:\/\/luchonoticias.com\/editor\/disidencias-de-las-farc-liberan-a-soldado-secuestrado-en-noviembre\/#respond\"]}]},{\"@type\":\"WebPage\",\"@id\":\"https:\/\/luchonoticias.com\/editor\/disidencias-de-las-farc-liberan-a-soldado-secuestrado-en-noviembre\/\",\"url\":\"https:\/\/luchonoticias.com\/editor\/disidencias-de-las-farc-liberan-a-soldado-secuestrado-en-noviembre\/\",\"name\":\"Disidencias de Las Farc, liberan a soldado secuestrado en noviembre -\",\"isPartOf\":{\"@id\":\"https:\/\/luchonoticias.com\/editor\/#website\"},\"datePublished\":\"2022-12-07T16:13:52+00:00\",\"dateModified\":\"2022-12-07T16:13:53+00:00\",\"breadcrumb\":{\"@id\":\"https:\/\/luchonoticias.com\/editor\/disidencias-de-las-farc-liberan-a-soldado-secuestrado-en-noviembre\/#breadcrumb\"},\"inLanguage\":\"es\",\"potentialAction\":[{\"@type\":\"ReadAction\",\"target\":[\"https:\/\/luchonoticias.com\/editor\/disidencias-de-las-farc-liberan-a-soldado-secuestrado-en-noviembre\/\"]}]},{\"@type\":\"BreadcrumbList\",\"@id\":\"https:\/\/luchonoticias.com\/editor\/disidencias-de-las-farc-liberan-a-soldado-secuestrado-en-noviembre\/#breadcrumb\",\"itemListElement\":[{\"@type\":\"ListItem\",\"position\":1,\"name\":\"Portada\",\"item\":\"https:\/\/luchonoticias.com\/editor\/\"},{\"@type\":\"ListItem\",\"position\":2,\"name\":\"Disidencias de Las Farc, liberan a soldado secuestrado en noviembre\"}]},{\"@type\":\"WebSite\",\"@id\":\"https:\/\/luchonoticias.com\/editor\/#website\",\"url\":\"https:\/\/luchonoticias.com\/editor\/\",\"name\":\"\",\"description\":\"\",\"publisher\":{\"@id\":\"https:\/\/luchonoticias.com\/editor\/#\/schema\/person\/7a7fd911f58561fd056dbac7b55af9cd\"},\"potentialAction\":[{\"@type\":\"SearchAction\",\"target\":{\"@type\":\"EntryPoint\",\"urlTemplate\":\"https:\/\/luchonoticias.com\/editor\/?s={search_term_string}\"},\"query-input\":{\"@type\":\"PropertyValueSpecification\",\"valueRequired\":true,\"valueName\":\"search_term_string\"}}],\"inLanguage\":\"es\"},{\"@type\":[\"Person\",\"Organization\"],\"@id\":\"https:\/\/luchonoticias.com\/editor\/#\/schema\/person\/7a7fd911f58561fd056dbac7b55af9cd\",\"name\":\"admin\",\"image\":{\"@type\":\"ImageObject\",\"inLanguage\":\"es\",\"@id\":\"https:\/\/luchonoticias.com\/editor\/#\/schema\/person\/image\/\",\"url\":\"https:\/\/luchonoticias.com\/editor\/wp-content\/uploads\/2024\/02\/cropped-cropped-logolu.webp\",\"contentUrl\":\"https:\/\/luchonoticias.com\/editor\/wp-content\/uploads\/2024\/02\/cropped-cropped-logolu.webp\",\"width\":382,\"height\":170,\"caption\":\"admin\"},\"logo\":{\"@id\":\"https:\/\/luchonoticias.com\/editor\/#\/schema\/person\/image\/\"},\"sameAs\":[\"https:\/\/www.facebook.com\/luchonoticiasneiva\"],\"url\":\"https:\/\/luchonoticias.com\/editor\/author\/admin\/\"}]}<\/script>\n<!-- \/ Yoast SEO plugin. -->","yoast_head_json":{"title":"Disidencias de Las Farc, liberan a soldado secuestrado en noviembre -","robots":{"index":"index","follow":"follow","max-snippet":"max-snippet:-1","max-image-preview":"max-image-preview:large","max-video-preview":"max-video-preview:-1"},"canonical":"https:\/\/luchonoticias.com\/editor\/disidencias-de-las-farc-liberan-a-soldado-secuestrado-en-noviembre\/","og_locale":"es_ES","og_type":"article","og_title":"Disidencias de Las Farc, liberan a soldado secuestrado en noviembre -","og_url":"https:\/\/luchonoticias.com\/editor\/disidencias-de-las-farc-liberan-a-soldado-secuestrado-en-noviembre\/","article_publisher":"https:\/\/www.facebook.com\/luchonoticiasneiva","article_author":"https:\/\/www.facebook.com\/luchonoticiasneiva","article_published_time":"2022-12-07T16:13:52+00:00","article_modified_time":"2022-12-07T16:13:53+00:00","author":"admin","twitter_card":"summary_large_image","twitter_misc":{"Escrito por":"admin","Tiempo de lectura":"1 minuto"},"schema":{"@context":"https:\/\/schema.org","@graph":[{"@type":"Article","@id":"https:\/\/luchonoticias.com\/editor\/disidencias-de-las-farc-liberan-a-soldado-secuestrado-en-noviembre\/#article","isPartOf":{"@id":"https:\/\/luchonoticias.com\/editor\/disidencias-de-las-farc-liberan-a-soldado-secuestrado-en-noviembre\/"},"author":{"name":"admin","@id":"https:\/\/luchonoticias.com\/editor\/#\/schema\/person\/7a7fd911f58561fd056dbac7b55af9cd"},"headline":"Disidencias de Las Farc, liberan a soldado secuestrado en noviembre","datePublished":"2022-12-07T16:13:52+00:00","dateModified":"2022-12-07T16:13:53+00:00","mainEntityOfPage":{"@id":"https:\/\/luchonoticias.com\/editor\/disidencias-de-las-farc-liberan-a-soldado-secuestrado-en-noviembre\/"},"wordCount":197,"commentCount":0,"publisher":{"@id":"https:\/\/luchonoticias.com\/editor\/#\/schema\/person\/7a7fd911f58561fd056dbac7b55af9cd"},"articleSection":["Destacado","Nacional"],"inLanguage":"es","potentialAction":[{"@type":"CommentAction","name":"Comment","target":["https:\/\/luchonoticias.com\/editor\/disidencias-de-las-farc-liberan-a-soldado-secuestrado-en-noviembre\/#respond"]}]},{"@type":"WebPage","@id":"https:\/\/luchonoticias.com\/editor\/disidencias-de-las-farc-liberan-a-soldado-secuestrado-en-noviembre\/","url":"https:\/\/luchonoticias.com\/editor\/disidencias-de-las-farc-liberan-a-soldado-secuestrado-en-noviembre\/","name":"Disidencias de Las Farc, liberan a soldado secuestrado en noviembre -","isPartOf":{"@id":"https:\/\/luchonoticias.com\/editor\/#website"},"datePublished":"2022-12-07T16:13:52+00:00","dateModified":"2022-12-07T16:13:53+00:00","breadcrumb":{"@id":"https:\/\/luchonoticias.com\/editor\/disidencias-de-las-farc-liberan-a-soldado-secuestrado-en-noviembre\/#breadcrumb"},"inLanguage":"es","potentialAction":[{"@type":"ReadAction","target":["https:\/\/luchonoticias.com\/editor\/disidencias-de-las-farc-liberan-a-soldado-secuestrado-en-noviembre\/"]}]},{"@type":"BreadcrumbList","@id":"https:\/\/luchonoticias.com\/editor\/disidencias-de-las-farc-liberan-a-soldado-secuestrado-en-noviembre\/#breadcrumb","itemListElement":[{"@type":"ListItem","position":1,"name":"Portada","item":"https:\/\/luchonoticias.com\/editor\/"},{"@type":"ListItem","position":2,"name":"Disidencias de Las Farc, liberan a soldado secuestrado en noviembre"}]},{"@type":"WebSite","@id":"https:\/\/luchonoticias.com\/editor\/#website","url":"https:\/\/luchonoticias.com\/editor\/","name":"","description":"","publisher":{"@id":"https:\/\/luchonoticias.com\/editor\/#\/schema\/person\/7a7fd911f58561fd056dbac7b55af9cd"},"potentialAction":[{"@type":"SearchAction","target":{"@type":"EntryPoint","urlTemplate":"https:\/\/luchonoticias.com\/editor\/?s={search_term_string}"},"query-input":{"@type":"PropertyValueSpecification","valueRequired":true,"valueName":"search_term_string"}}],"inLanguage":"es"},{"@type":["Person","Organization"],"@id":"https:\/\/luchonoticias.com\/editor\/#\/schema\/person\/7a7fd911f58561fd056dbac7b55af9cd","name":"admin","image":{"@type":"ImageObject","inLanguage":"es","@id":"https:\/\/luchonoticias.com\/editor\/#\/schema\/person\/image\/","url":"https:\/\/luchonoticias.com\/editor\/wp-content\/uploads\/2024\/02\/cropped-cropped-logolu.webp","contentUrl":"https:\/\/luchonoticias.com\/editor\/wp-content\/uploads\/2024\/02\/cropped-cropped-logolu.webp","width":382,"height":170,"caption":"admin"},"logo":{"@id":"https:\/\/luchonoticias.com\/editor\/#\/schema\/person\/image\/"},"sameAs":["https:\/\/www.facebook.com\/luchonoticiasneiva"],"url":"https:\/\/luchonoticias.com\/editor\/author\/admin\/"}]}},"_links":{"self":[{"href":"https:\/\/luchonoticias.com\/editor\/wp-json\/wp\/v2\/posts\/41518","targetHints":{"allow":["GET"]}}],"collection":[{"href":"https:\/\/luchonoticias.com\/editor\/wp-json\/wp\/v2\/posts"}],"about":[{"href":"https:\/\/luchonoticias.com\/editor\/wp-json\/wp\/v2\/types\/post"}],"author":[{"embeddable":true,"href":"https:\/\/luchonoticias.com\/editor\/wp-json\/wp\/v2\/users\/1"}],"replies":[{"embeddable":true,"href":"https:\/\/luchonoticias.com\/editor\/wp-json\/wp\/v2\/comments?post=41518"}],"version-history":[{"count":0,"href":"https:\/\/luchonoticias.com\/editor\/wp-json\/wp\/v2\/posts\/41518\/revisions"}],"wp:attachment":[{"href":"https:\/\/luchonoticias.com\/editor\/wp-json\/wp\/v2\/media?parent=41518"}],"wp:term":[{"taxonomy":"category","embeddable":true,"href":"https:\/\/luchonoticias.com\/editor\/wp-json\/wp\/v2\/categories?post=41518"},{"taxonomy":"post_tag","embeddable":true,"href":"https:\/\/luchonoticias.com\/editor\/wp-json\/wp\/v2\/tags?post=41518"}],"curies":[{"name":"wp","href":"https:\/\/api.w.org\/{rel}","templated":true}]}}