{"id":41521,"date":"2022-12-07T14:29:56","date_gmt":"2022-12-07T19:29:56","guid":{"rendered":"https:\/\/luchonoticias.com\/?p=41521"},"modified":"2022-12-07T14:29:57","modified_gmt":"2022-12-07T19:29:57","slug":"adjudicacion-de-importante-via-para-el-occidente-del-huila","status":"publish","type":"post","link":"https:\/\/luchonoticias.com\/editor\/adjudicacion-de-importante-via-para-el-occidente-del-huila\/","title":{"rendered":"Adjudicaci\u00f3n de importante v\u00eda para el occidente del Huila"},"content":{"rendered":"\n<p>La&nbsp;<strong>obra de infraestructura vial m\u00e1s esperada en el occidente del Huila<\/strong>, ser\u00e1 una realidad en el gobierno del ingeniero, Luis Enrique Duss\u00e1n, al adjudicar mediante proceso licitatorio la&nbsp;<strong>inversi\u00f3n de m\u00e1s de $38.000 millones<\/strong>&nbsp;para la construcci\u00f3n y mantenimiento de este tramo vial que permitir\u00e1 la&nbsp;<strong>conexi\u00f3n entre el municipio de La Plata \u2013 Popay\u00e1n y el Pac\u00edfico<\/strong>.<\/p>\n\n\n\n<p>La resoluci\u00f3n de adjudicaci\u00f3n del contrato de ejecuci\u00f3n 630 emitida por el gobierno \u201cHuila Crece\u201d, por $38.139.811.851 permitir\u00e1 que esta obra sea una realidad para los huilenses, as\u00ed lo expres\u00f3 la secretaria de V\u00edas e Infraestructura del Huila, Eliana Paola Conde.<\/p>\n\n\n\n<p>\u201cMediante la resoluci\u00f3n 630 del 6 de diciembre de 2022 se adjudica el&nbsp;<strong>proceso de licitaci\u00f3n p\u00fablica de la construcci\u00f3n y el mantenimiento de 10.5 kil\u00f3metros&nbsp;<\/strong>de la v\u00eda Candelaria \u2013 Laberinto, sector Candelaria \u2013 la Plata, al proponente Explanan S.A.S. por la suma de $38.139.000.000, de esta manera el Huila sigue creciendo en infraestructura vial\u201d, expres\u00f3 la funcionaria.<\/p>\n\n\n\n<p>De acuerdo a la resoluci\u00f3n,&nbsp;<strong>en el proceso licitatorio participaron varios consorcios<\/strong>, quienes luego del proceso de selecci\u00f3n en el cumplimiento de requisitos exigidos por la ley, el consorcio CHM v\u00edas Huila, consorcio Huila Candelaria y Explanan S.A.S. conformaron la terna final que cumpli\u00f3 con los requisitos, siendo explanan S.A.S. quien present\u00f3 la mejor oferta.<\/p>\n\n\n\n<p>La obra de mejoramiento y mantenimiento de la carretera Candelaria \u2013 Laberinto, ruta 2402, sector Candelaria \u2013 La Plata del PRB 28+000 al PRB38 + 500, ser\u00e1&nbsp;<strong>construida con recursos del orden nacional del Invias y de la regi\u00f3n centro sur de la amazonia<\/strong>, gestionados por parte del Gobierno Departamental, con lo cuales beneficiar\u00e1n al occidente del departamento en un tramo de alta movilidad vehicular de pasajeros y transporte de carga.<\/p>\n\n\n\n<p>En la pavimentaci\u00f3n y mejoramiento de la v\u00eda&nbsp;<strong>se incluyen obras complementarias<\/strong>&nbsp;como hidr\u00e1ulicas, de protecci\u00f3n y estabilizaci\u00f3n de taludes, movimientos de tierras, drenajes superficiales y la se\u00f1alizaci\u00f3n respectiva, entre otros detalles.<\/p>\n","protected":false},"excerpt":{"rendered":"<p>La&nbsp;obra de infraestructura vial m\u00e1s esperada en el occidente del Huila, ser\u00e1 una realidad en el gobierno del ingeniero, Luis Enrique Duss\u00e1n, al adjudicar mediante proceso licitatorio la&nbsp;inversi\u00f3n de m\u00e1s de $38.000 millones&nbsp;para la construcci\u00f3n y mantenimiento de este tramo vial que permitir\u00e1 la&nbsp;conexi\u00f3n entre el municipio de La Plata \u2013 Popay\u00e1n y el Pac\u00edfico. [&hellip;]<\/p>\n","protected":false},"author":1,"featured_media":0,"comment_status":"open","ping_status":"open","sticky":false,"template":"","format":"standard","meta":{"footnotes":""},"categories":[33],"tags":[],"class_list":["post-41521","post","type-post","status-publish","format-standard","hentry","category-huila"],"yoast_head":"<!-- This site is optimized with the Yoast SEO plugin v26.6 - https:\/\/yoast.com\/wordpress\/plugins\/seo\/ -->\n<title>Adjudicaci\u00f3n de importante v\u00eda para el occidente del Huila -<\/title>\n<meta name=\"robots\" content=\"index, follow, max-snippet:-1, max-image-preview:large, max-video-preview:-1\" \/>\n<link rel=\"canonical\" href=\"https:\/\/luchonoticias.com\/editor\/adjudicacion-de-importante-via-para-el-occidente-del-huila\/\" \/>\n<meta property=\"og:locale\" content=\"es_ES\" \/>\n<meta property=\"og:type\" content=\"article\" \/>\n<meta property=\"og:title\" content=\"Adjudicaci\u00f3n de importante v\u00eda para el occidente del Huila -\" \/>\n<meta property=\"og:url\" content=\"https:\/\/luchonoticias.com\/editor\/adjudicacion-de-importante-via-para-el-occidente-del-huila\/\" \/>\n<meta property=\"article:publisher\" content=\"https:\/\/www.facebook.com\/luchonoticiasneiva\" \/>\n<meta property=\"article:author\" content=\"https:\/\/www.facebook.com\/luchonoticiasneiva\" \/>\n<meta property=\"article:published_time\" content=\"2022-12-07T19:29:56+00:00\" \/>\n<meta property=\"article:modified_time\" content=\"2022-12-07T19:29:57+00:00\" \/>\n<meta name=\"author\" content=\"admin\" \/>\n<meta name=\"twitter:card\" content=\"summary_large_image\" \/>\n<meta name=\"twitter:label1\" content=\"Escrito por\" \/>\n\t<meta name=\"twitter:data1\" content=\"admin\" \/>\n\t<meta name=\"twitter:label2\" content=\"Tiempo de lectura\" \/>\n\t<meta name=\"twitter:data2\" content=\"2 minutos\" \/>\n<script type=\"application\/ld+json\" class=\"yoast-schema-graph\">{\"@context\":\"https:\/\/schema.org\",\"@graph\":[{\"@type\":\"Article\",\"@id\":\"https:\/\/luchonoticias.com\/editor\/adjudicacion-de-importante-via-para-el-occidente-del-huila\/#article\",\"isPartOf\":{\"@id\":\"https:\/\/luchonoticias.com\/editor\/adjudicacion-de-importante-via-para-el-occidente-del-huila\/\"},\"author\":{\"name\":\"admin\",\"@id\":\"https:\/\/luchonoticias.com\/editor\/#\/schema\/person\/7a7fd911f58561fd056dbac7b55af9cd\"},\"headline\":\"Adjudicaci\u00f3n de importante v\u00eda para el occidente del Huila\",\"datePublished\":\"2022-12-07T19:29:56+00:00\",\"dateModified\":\"2022-12-07T19:29:57+00:00\",\"mainEntityOfPage\":{\"@id\":\"https:\/\/luchonoticias.com\/editor\/adjudicacion-de-importante-via-para-el-occidente-del-huila\/\"},\"wordCount\":357,\"commentCount\":0,\"publisher\":{\"@id\":\"https:\/\/luchonoticias.com\/editor\/#\/schema\/person\/7a7fd911f58561fd056dbac7b55af9cd\"},\"articleSection\":[\"Huila\"],\"inLanguage\":\"es\",\"potentialAction\":[{\"@type\":\"CommentAction\",\"name\":\"Comment\",\"target\":[\"https:\/\/luchonoticias.com\/editor\/adjudicacion-de-importante-via-para-el-occidente-del-huila\/#respond\"]}]},{\"@type\":\"WebPage\",\"@id\":\"https:\/\/luchonoticias.com\/editor\/adjudicacion-de-importante-via-para-el-occidente-del-huila\/\",\"url\":\"https:\/\/luchonoticias.com\/editor\/adjudicacion-de-importante-via-para-el-occidente-del-huila\/\",\"name\":\"Adjudicaci\u00f3n de importante v\u00eda para el occidente del Huila -\",\"isPartOf\":{\"@id\":\"https:\/\/luchonoticias.com\/editor\/#website\"},\"datePublished\":\"2022-12-07T19:29:56+00:00\",\"dateModified\":\"2022-12-07T19:29:57+00:00\",\"breadcrumb\":{\"@id\":\"https:\/\/luchonoticias.com\/editor\/adjudicacion-de-importante-via-para-el-occidente-del-huila\/#breadcrumb\"},\"inLanguage\":\"es\",\"potentialAction\":[{\"@type\":\"ReadAction\",\"target\":[\"https:\/\/luchonoticias.com\/editor\/adjudicacion-de-importante-via-para-el-occidente-del-huila\/\"]}]},{\"@type\":\"BreadcrumbList\",\"@id\":\"https:\/\/luchonoticias.com\/editor\/adjudicacion-de-importante-via-para-el-occidente-del-huila\/#breadcrumb\",\"itemListElement\":[{\"@type\":\"ListItem\",\"position\":1,\"name\":\"Portada\",\"item\":\"https:\/\/luchonoticias.com\/editor\/\"},{\"@type\":\"ListItem\",\"position\":2,\"name\":\"Adjudicaci\u00f3n de importante v\u00eda para el occidente del Huila\"}]},{\"@type\":\"WebSite\",\"@id\":\"https:\/\/luchonoticias.com\/editor\/#website\",\"url\":\"https:\/\/luchonoticias.com\/editor\/\",\"name\":\"\",\"description\":\"\",\"publisher\":{\"@id\":\"https:\/\/luchonoticias.com\/editor\/#\/schema\/person\/7a7fd911f58561fd056dbac7b55af9cd\"},\"potentialAction\":[{\"@type\":\"SearchAction\",\"target\":{\"@type\":\"EntryPoint\",\"urlTemplate\":\"https:\/\/luchonoticias.com\/editor\/?s={search_term_string}\"},\"query-input\":{\"@type\":\"PropertyValueSpecification\",\"valueRequired\":true,\"valueName\":\"search_term_string\"}}],\"inLanguage\":\"es\"},{\"@type\":[\"Person\",\"Organization\"],\"@id\":\"https:\/\/luchonoticias.com\/editor\/#\/schema\/person\/7a7fd911f58561fd056dbac7b55af9cd\",\"name\":\"admin\",\"image\":{\"@type\":\"ImageObject\",\"inLanguage\":\"es\",\"@id\":\"https:\/\/luchonoticias.com\/editor\/#\/schema\/person\/image\/\",\"url\":\"https:\/\/luchonoticias.com\/editor\/wp-content\/uploads\/2024\/02\/cropped-cropped-logolu.webp\",\"contentUrl\":\"https:\/\/luchonoticias.com\/editor\/wp-content\/uploads\/2024\/02\/cropped-cropped-logolu.webp\",\"width\":382,\"height\":170,\"caption\":\"admin\"},\"logo\":{\"@id\":\"https:\/\/luchonoticias.com\/editor\/#\/schema\/person\/image\/\"},\"sameAs\":[\"https:\/\/www.facebook.com\/luchonoticiasneiva\"],\"url\":\"https:\/\/luchonoticias.com\/editor\/author\/admin\/\"}]}<\/script>\n<!-- \/ Yoast SEO plugin. -->","yoast_head_json":{"title":"Adjudicaci\u00f3n de importante v\u00eda para el occidente del Huila -","robots":{"index":"index","follow":"follow","max-snippet":"max-snippet:-1","max-image-preview":"max-image-preview:large","max-video-preview":"max-video-preview:-1"},"canonical":"https:\/\/luchonoticias.com\/editor\/adjudicacion-de-importante-via-para-el-occidente-del-huila\/","og_locale":"es_ES","og_type":"article","og_title":"Adjudicaci\u00f3n de importante v\u00eda para el occidente del Huila -","og_url":"https:\/\/luchonoticias.com\/editor\/adjudicacion-de-importante-via-para-el-occidente-del-huila\/","article_publisher":"https:\/\/www.facebook.com\/luchonoticiasneiva","article_author":"https:\/\/www.facebook.com\/luchonoticiasneiva","article_published_time":"2022-12-07T19:29:56+00:00","article_modified_time":"2022-12-07T19:29:57+00:00","author":"admin","twitter_card":"summary_large_image","twitter_misc":{"Escrito por":"admin","Tiempo de lectura":"2 minutos"},"schema":{"@context":"https:\/\/schema.org","@graph":[{"@type":"Article","@id":"https:\/\/luchonoticias.com\/editor\/adjudicacion-de-importante-via-para-el-occidente-del-huila\/#article","isPartOf":{"@id":"https:\/\/luchonoticias.com\/editor\/adjudicacion-de-importante-via-para-el-occidente-del-huila\/"},"author":{"name":"admin","@id":"https:\/\/luchonoticias.com\/editor\/#\/schema\/person\/7a7fd911f58561fd056dbac7b55af9cd"},"headline":"Adjudicaci\u00f3n de importante v\u00eda para el occidente del Huila","datePublished":"2022-12-07T19:29:56+00:00","dateModified":"2022-12-07T19:29:57+00:00","mainEntityOfPage":{"@id":"https:\/\/luchonoticias.com\/editor\/adjudicacion-de-importante-via-para-el-occidente-del-huila\/"},"wordCount":357,"commentCount":0,"publisher":{"@id":"https:\/\/luchonoticias.com\/editor\/#\/schema\/person\/7a7fd911f58561fd056dbac7b55af9cd"},"articleSection":["Huila"],"inLanguage":"es","potentialAction":[{"@type":"CommentAction","name":"Comment","target":["https:\/\/luchonoticias.com\/editor\/adjudicacion-de-importante-via-para-el-occidente-del-huila\/#respond"]}]},{"@type":"WebPage","@id":"https:\/\/luchonoticias.com\/editor\/adjudicacion-de-importante-via-para-el-occidente-del-huila\/","url":"https:\/\/luchonoticias.com\/editor\/adjudicacion-de-importante-via-para-el-occidente-del-huila\/","name":"Adjudicaci\u00f3n de importante v\u00eda para el occidente del Huila -","isPartOf":{"@id":"https:\/\/luchonoticias.com\/editor\/#website"},"datePublished":"2022-12-07T19:29:56+00:00","dateModified":"2022-12-07T19:29:57+00:00","breadcrumb":{"@id":"https:\/\/luchonoticias.com\/editor\/adjudicacion-de-importante-via-para-el-occidente-del-huila\/#breadcrumb"},"inLanguage":"es","potentialAction":[{"@type":"ReadAction","target":["https:\/\/luchonoticias.com\/editor\/adjudicacion-de-importante-via-para-el-occidente-del-huila\/"]}]},{"@type":"BreadcrumbList","@id":"https:\/\/luchonoticias.com\/editor\/adjudicacion-de-importante-via-para-el-occidente-del-huila\/#breadcrumb","itemListElement":[{"@type":"ListItem","position":1,"name":"Portada","item":"https:\/\/luchonoticias.com\/editor\/"},{"@type":"ListItem","position":2,"name":"Adjudicaci\u00f3n de importante v\u00eda para el occidente del Huila"}]},{"@type":"WebSite","@id":"https:\/\/luchonoticias.com\/editor\/#website","url":"https:\/\/luchonoticias.com\/editor\/","name":"","description":"","publisher":{"@id":"https:\/\/luchonoticias.com\/editor\/#\/schema\/person\/7a7fd911f58561fd056dbac7b55af9cd"},"potentialAction":[{"@type":"SearchAction","target":{"@type":"EntryPoint","urlTemplate":"https:\/\/luchonoticias.com\/editor\/?s={search_term_string}"},"query-input":{"@type":"PropertyValueSpecification","valueRequired":true,"valueName":"search_term_string"}}],"inLanguage":"es"},{"@type":["Person","Organization"],"@id":"https:\/\/luchonoticias.com\/editor\/#\/schema\/person\/7a7fd911f58561fd056dbac7b55af9cd","name":"admin","image":{"@type":"ImageObject","inLanguage":"es","@id":"https:\/\/luchonoticias.com\/editor\/#\/schema\/person\/image\/","url":"https:\/\/luchonoticias.com\/editor\/wp-content\/uploads\/2024\/02\/cropped-cropped-logolu.webp","contentUrl":"https:\/\/luchonoticias.com\/editor\/wp-content\/uploads\/2024\/02\/cropped-cropped-logolu.webp","width":382,"height":170,"caption":"admin"},"logo":{"@id":"https:\/\/luchonoticias.com\/editor\/#\/schema\/person\/image\/"},"sameAs":["https:\/\/www.facebook.com\/luchonoticiasneiva"],"url":"https:\/\/luchonoticias.com\/editor\/author\/admin\/"}]}},"_links":{"self":[{"href":"https:\/\/luchonoticias.com\/editor\/wp-json\/wp\/v2\/posts\/41521","targetHints":{"allow":["GET"]}}],"collection":[{"href":"https:\/\/luchonoticias.com\/editor\/wp-json\/wp\/v2\/posts"}],"about":[{"href":"https:\/\/luchonoticias.com\/editor\/wp-json\/wp\/v2\/types\/post"}],"author":[{"embeddable":true,"href":"https:\/\/luchonoticias.com\/editor\/wp-json\/wp\/v2\/users\/1"}],"replies":[{"embeddable":true,"href":"https:\/\/luchonoticias.com\/editor\/wp-json\/wp\/v2\/comments?post=41521"}],"version-history":[{"count":0,"href":"https:\/\/luchonoticias.com\/editor\/wp-json\/wp\/v2\/posts\/41521\/revisions"}],"wp:attachment":[{"href":"https:\/\/luchonoticias.com\/editor\/wp-json\/wp\/v2\/media?parent=41521"}],"wp:term":[{"taxonomy":"category","embeddable":true,"href":"https:\/\/luchonoticias.com\/editor\/wp-json\/wp\/v2\/categories?post=41521"},{"taxonomy":"post_tag","embeddable":true,"href":"https:\/\/luchonoticias.com\/editor\/wp-json\/wp\/v2\/tags?post=41521"}],"curies":[{"name":"wp","href":"https:\/\/api.w.org\/{rel}","templated":true}]}}