{"id":41535,"date":"2022-12-08T04:59:13","date_gmt":"2022-12-08T09:59:13","guid":{"rendered":"https:\/\/luchonoticias.com\/?p=41535"},"modified":"2022-12-08T04:59:15","modified_gmt":"2022-12-08T09:59:15","slug":"procuraduria-requirio-informacion-al-alcalde-de-neiva-por-danos-en-red-de-semaforos","status":"publish","type":"post","link":"https:\/\/luchonoticias.com\/editor\/procuraduria-requirio-informacion-al-alcalde-de-neiva-por-danos-en-red-de-semaforos\/","title":{"rendered":"Procuradur\u00eda requiri\u00f3 informaci\u00f3n al alcalde de Neiva por da\u00f1os en red de semaforos"},"content":{"rendered":"\n<p>La Procuradur\u00eda General de la Naci\u00f3n requiri\u00f3 al alcalde de Neiva, Gorky Mu\u00f1oz Calder\u00f3n, un informe detallado del plan de acci\u00f3n implementado por la administraci\u00f3n para solucionar los inconvenientes que presenta la red de semaforizaci\u00f3n de la ciudad.<\/p>\n\n\n\n<p>En desarrollo de una acci\u00f3n preventiva, la Procuradur\u00eda Provincial de Instrucci\u00f3n de Neiva solicit\u00f3 al mandatario indicar las razones precisas que han ocasionado los da\u00f1os a la red, as\u00ed como informar si actualmente se adelanta un proceso contractual con el prop\u00f3sito de lograr la normalizaci\u00f3n de ese servicio en la ciudad.<\/p>\n\n\n\n<p>Con el requerimiento de informaci\u00f3n el \u00f3rgano de control busca hacer seguimiento y vigilancia sobre las acciones ejecutadas por la administraci\u00f3n para solucionar los inconvenientes que actualmente se presentan.<\/p>\n","protected":false},"excerpt":{"rendered":"<p>La Procuradur\u00eda General de la Naci\u00f3n requiri\u00f3 al alcalde de Neiva, Gorky Mu\u00f1oz Calder\u00f3n, un informe detallado del plan de acci\u00f3n implementado por la administraci\u00f3n para solucionar los inconvenientes que presenta la red de semaforizaci\u00f3n de la ciudad. En desarrollo de una acci\u00f3n preventiva, la Procuradur\u00eda Provincial de Instrucci\u00f3n de Neiva solicit\u00f3 al mandatario indicar [&hellip;]<\/p>\n","protected":false},"author":1,"featured_media":0,"comment_status":"open","ping_status":"open","sticky":false,"template":"","format":"standard","meta":{"footnotes":""},"categories":[36,29],"tags":[],"class_list":["post-41535","post","type-post","status-publish","format-standard","hentry","category-destacado","category-judicial"],"yoast_head":"<!-- This site is optimized with the Yoast SEO plugin v26.6 - https:\/\/yoast.com\/wordpress\/plugins\/seo\/ -->\n<title>Procuradur\u00eda requiri\u00f3 informaci\u00f3n al alcalde de Neiva por da\u00f1os en red de semaforos -<\/title>\n<meta name=\"robots\" content=\"index, follow, max-snippet:-1, max-image-preview:large, max-video-preview:-1\" \/>\n<link rel=\"canonical\" href=\"https:\/\/luchonoticias.com\/editor\/procuraduria-requirio-informacion-al-alcalde-de-neiva-por-danos-en-red-de-semaforos\/\" \/>\n<meta property=\"og:locale\" content=\"es_ES\" \/>\n<meta property=\"og:type\" content=\"article\" \/>\n<meta property=\"og:title\" content=\"Procuradur\u00eda requiri\u00f3 informaci\u00f3n al alcalde de Neiva por da\u00f1os en red de semaforos -\" \/>\n<meta property=\"og:url\" content=\"https:\/\/luchonoticias.com\/editor\/procuraduria-requirio-informacion-al-alcalde-de-neiva-por-danos-en-red-de-semaforos\/\" \/>\n<meta property=\"article:publisher\" content=\"https:\/\/www.facebook.com\/luchonoticiasneiva\" \/>\n<meta property=\"article:author\" content=\"https:\/\/www.facebook.com\/luchonoticiasneiva\" \/>\n<meta property=\"article:published_time\" content=\"2022-12-08T09:59:13+00:00\" \/>\n<meta property=\"article:modified_time\" content=\"2022-12-08T09:59:15+00:00\" \/>\n<meta name=\"author\" content=\"admin\" \/>\n<meta name=\"twitter:card\" content=\"summary_large_image\" \/>\n<meta name=\"twitter:label1\" content=\"Escrito por\" \/>\n\t<meta name=\"twitter:data1\" content=\"admin\" \/>\n\t<meta name=\"twitter:label2\" content=\"Tiempo de lectura\" \/>\n\t<meta name=\"twitter:data2\" content=\"1 minuto\" \/>\n<script type=\"application\/ld+json\" class=\"yoast-schema-graph\">{\"@context\":\"https:\/\/schema.org\",\"@graph\":[{\"@type\":\"Article\",\"@id\":\"https:\/\/luchonoticias.com\/editor\/procuraduria-requirio-informacion-al-alcalde-de-neiva-por-danos-en-red-de-semaforos\/#article\",\"isPartOf\":{\"@id\":\"https:\/\/luchonoticias.com\/editor\/procuraduria-requirio-informacion-al-alcalde-de-neiva-por-danos-en-red-de-semaforos\/\"},\"author\":{\"name\":\"admin\",\"@id\":\"https:\/\/luchonoticias.com\/editor\/#\/schema\/person\/7a7fd911f58561fd056dbac7b55af9cd\"},\"headline\":\"Procuradur\u00eda requiri\u00f3 informaci\u00f3n al alcalde de Neiva por da\u00f1os en red de semaforos\",\"datePublished\":\"2022-12-08T09:59:13+00:00\",\"dateModified\":\"2022-12-08T09:59:15+00:00\",\"mainEntityOfPage\":{\"@id\":\"https:\/\/luchonoticias.com\/editor\/procuraduria-requirio-informacion-al-alcalde-de-neiva-por-danos-en-red-de-semaforos\/\"},\"wordCount\":149,\"commentCount\":0,\"publisher\":{\"@id\":\"https:\/\/luchonoticias.com\/editor\/#\/schema\/person\/7a7fd911f58561fd056dbac7b55af9cd\"},\"articleSection\":[\"Destacado\",\"Judicial\"],\"inLanguage\":\"es\",\"potentialAction\":[{\"@type\":\"CommentAction\",\"name\":\"Comment\",\"target\":[\"https:\/\/luchonoticias.com\/editor\/procuraduria-requirio-informacion-al-alcalde-de-neiva-por-danos-en-red-de-semaforos\/#respond\"]}]},{\"@type\":\"WebPage\",\"@id\":\"https:\/\/luchonoticias.com\/editor\/procuraduria-requirio-informacion-al-alcalde-de-neiva-por-danos-en-red-de-semaforos\/\",\"url\":\"https:\/\/luchonoticias.com\/editor\/procuraduria-requirio-informacion-al-alcalde-de-neiva-por-danos-en-red-de-semaforos\/\",\"name\":\"Procuradur\u00eda requiri\u00f3 informaci\u00f3n al alcalde de Neiva por da\u00f1os en red de semaforos -\",\"isPartOf\":{\"@id\":\"https:\/\/luchonoticias.com\/editor\/#website\"},\"datePublished\":\"2022-12-08T09:59:13+00:00\",\"dateModified\":\"2022-12-08T09:59:15+00:00\",\"breadcrumb\":{\"@id\":\"https:\/\/luchonoticias.com\/editor\/procuraduria-requirio-informacion-al-alcalde-de-neiva-por-danos-en-red-de-semaforos\/#breadcrumb\"},\"inLanguage\":\"es\",\"potentialAction\":[{\"@type\":\"ReadAction\",\"target\":[\"https:\/\/luchonoticias.com\/editor\/procuraduria-requirio-informacion-al-alcalde-de-neiva-por-danos-en-red-de-semaforos\/\"]}]},{\"@type\":\"BreadcrumbList\",\"@id\":\"https:\/\/luchonoticias.com\/editor\/procuraduria-requirio-informacion-al-alcalde-de-neiva-por-danos-en-red-de-semaforos\/#breadcrumb\",\"itemListElement\":[{\"@type\":\"ListItem\",\"position\":1,\"name\":\"Portada\",\"item\":\"https:\/\/luchonoticias.com\/editor\/\"},{\"@type\":\"ListItem\",\"position\":2,\"name\":\"Procuradur\u00eda requiri\u00f3 informaci\u00f3n al alcalde de Neiva por da\u00f1os en red de semaforos\"}]},{\"@type\":\"WebSite\",\"@id\":\"https:\/\/luchonoticias.com\/editor\/#website\",\"url\":\"https:\/\/luchonoticias.com\/editor\/\",\"name\":\"\",\"description\":\"\",\"publisher\":{\"@id\":\"https:\/\/luchonoticias.com\/editor\/#\/schema\/person\/7a7fd911f58561fd056dbac7b55af9cd\"},\"potentialAction\":[{\"@type\":\"SearchAction\",\"target\":{\"@type\":\"EntryPoint\",\"urlTemplate\":\"https:\/\/luchonoticias.com\/editor\/?s={search_term_string}\"},\"query-input\":{\"@type\":\"PropertyValueSpecification\",\"valueRequired\":true,\"valueName\":\"search_term_string\"}}],\"inLanguage\":\"es\"},{\"@type\":[\"Person\",\"Organization\"],\"@id\":\"https:\/\/luchonoticias.com\/editor\/#\/schema\/person\/7a7fd911f58561fd056dbac7b55af9cd\",\"name\":\"admin\",\"image\":{\"@type\":\"ImageObject\",\"inLanguage\":\"es\",\"@id\":\"https:\/\/luchonoticias.com\/editor\/#\/schema\/person\/image\/\",\"url\":\"https:\/\/luchonoticias.com\/editor\/wp-content\/uploads\/2024\/02\/cropped-cropped-logolu.webp\",\"contentUrl\":\"https:\/\/luchonoticias.com\/editor\/wp-content\/uploads\/2024\/02\/cropped-cropped-logolu.webp\",\"width\":382,\"height\":170,\"caption\":\"admin\"},\"logo\":{\"@id\":\"https:\/\/luchonoticias.com\/editor\/#\/schema\/person\/image\/\"},\"sameAs\":[\"https:\/\/www.facebook.com\/luchonoticiasneiva\"],\"url\":\"https:\/\/luchonoticias.com\/editor\/author\/admin\/\"}]}<\/script>\n<!-- \/ Yoast SEO plugin. -->","yoast_head_json":{"title":"Procuradur\u00eda requiri\u00f3 informaci\u00f3n al alcalde de Neiva por da\u00f1os en red de semaforos -","robots":{"index":"index","follow":"follow","max-snippet":"max-snippet:-1","max-image-preview":"max-image-preview:large","max-video-preview":"max-video-preview:-1"},"canonical":"https:\/\/luchonoticias.com\/editor\/procuraduria-requirio-informacion-al-alcalde-de-neiva-por-danos-en-red-de-semaforos\/","og_locale":"es_ES","og_type":"article","og_title":"Procuradur\u00eda requiri\u00f3 informaci\u00f3n al alcalde de Neiva por da\u00f1os en red de semaforos -","og_url":"https:\/\/luchonoticias.com\/editor\/procuraduria-requirio-informacion-al-alcalde-de-neiva-por-danos-en-red-de-semaforos\/","article_publisher":"https:\/\/www.facebook.com\/luchonoticiasneiva","article_author":"https:\/\/www.facebook.com\/luchonoticiasneiva","article_published_time":"2022-12-08T09:59:13+00:00","article_modified_time":"2022-12-08T09:59:15+00:00","author":"admin","twitter_card":"summary_large_image","twitter_misc":{"Escrito por":"admin","Tiempo de lectura":"1 minuto"},"schema":{"@context":"https:\/\/schema.org","@graph":[{"@type":"Article","@id":"https:\/\/luchonoticias.com\/editor\/procuraduria-requirio-informacion-al-alcalde-de-neiva-por-danos-en-red-de-semaforos\/#article","isPartOf":{"@id":"https:\/\/luchonoticias.com\/editor\/procuraduria-requirio-informacion-al-alcalde-de-neiva-por-danos-en-red-de-semaforos\/"},"author":{"name":"admin","@id":"https:\/\/luchonoticias.com\/editor\/#\/schema\/person\/7a7fd911f58561fd056dbac7b55af9cd"},"headline":"Procuradur\u00eda requiri\u00f3 informaci\u00f3n al alcalde de Neiva por da\u00f1os en red de semaforos","datePublished":"2022-12-08T09:59:13+00:00","dateModified":"2022-12-08T09:59:15+00:00","mainEntityOfPage":{"@id":"https:\/\/luchonoticias.com\/editor\/procuraduria-requirio-informacion-al-alcalde-de-neiva-por-danos-en-red-de-semaforos\/"},"wordCount":149,"commentCount":0,"publisher":{"@id":"https:\/\/luchonoticias.com\/editor\/#\/schema\/person\/7a7fd911f58561fd056dbac7b55af9cd"},"articleSection":["Destacado","Judicial"],"inLanguage":"es","potentialAction":[{"@type":"CommentAction","name":"Comment","target":["https:\/\/luchonoticias.com\/editor\/procuraduria-requirio-informacion-al-alcalde-de-neiva-por-danos-en-red-de-semaforos\/#respond"]}]},{"@type":"WebPage","@id":"https:\/\/luchonoticias.com\/editor\/procuraduria-requirio-informacion-al-alcalde-de-neiva-por-danos-en-red-de-semaforos\/","url":"https:\/\/luchonoticias.com\/editor\/procuraduria-requirio-informacion-al-alcalde-de-neiva-por-danos-en-red-de-semaforos\/","name":"Procuradur\u00eda requiri\u00f3 informaci\u00f3n al alcalde de Neiva por da\u00f1os en red de semaforos -","isPartOf":{"@id":"https:\/\/luchonoticias.com\/editor\/#website"},"datePublished":"2022-12-08T09:59:13+00:00","dateModified":"2022-12-08T09:59:15+00:00","breadcrumb":{"@id":"https:\/\/luchonoticias.com\/editor\/procuraduria-requirio-informacion-al-alcalde-de-neiva-por-danos-en-red-de-semaforos\/#breadcrumb"},"inLanguage":"es","potentialAction":[{"@type":"ReadAction","target":["https:\/\/luchonoticias.com\/editor\/procuraduria-requirio-informacion-al-alcalde-de-neiva-por-danos-en-red-de-semaforos\/"]}]},{"@type":"BreadcrumbList","@id":"https:\/\/luchonoticias.com\/editor\/procuraduria-requirio-informacion-al-alcalde-de-neiva-por-danos-en-red-de-semaforos\/#breadcrumb","itemListElement":[{"@type":"ListItem","position":1,"name":"Portada","item":"https:\/\/luchonoticias.com\/editor\/"},{"@type":"ListItem","position":2,"name":"Procuradur\u00eda requiri\u00f3 informaci\u00f3n al alcalde de Neiva por da\u00f1os en red de semaforos"}]},{"@type":"WebSite","@id":"https:\/\/luchonoticias.com\/editor\/#website","url":"https:\/\/luchonoticias.com\/editor\/","name":"","description":"","publisher":{"@id":"https:\/\/luchonoticias.com\/editor\/#\/schema\/person\/7a7fd911f58561fd056dbac7b55af9cd"},"potentialAction":[{"@type":"SearchAction","target":{"@type":"EntryPoint","urlTemplate":"https:\/\/luchonoticias.com\/editor\/?s={search_term_string}"},"query-input":{"@type":"PropertyValueSpecification","valueRequired":true,"valueName":"search_term_string"}}],"inLanguage":"es"},{"@type":["Person","Organization"],"@id":"https:\/\/luchonoticias.com\/editor\/#\/schema\/person\/7a7fd911f58561fd056dbac7b55af9cd","name":"admin","image":{"@type":"ImageObject","inLanguage":"es","@id":"https:\/\/luchonoticias.com\/editor\/#\/schema\/person\/image\/","url":"https:\/\/luchonoticias.com\/editor\/wp-content\/uploads\/2024\/02\/cropped-cropped-logolu.webp","contentUrl":"https:\/\/luchonoticias.com\/editor\/wp-content\/uploads\/2024\/02\/cropped-cropped-logolu.webp","width":382,"height":170,"caption":"admin"},"logo":{"@id":"https:\/\/luchonoticias.com\/editor\/#\/schema\/person\/image\/"},"sameAs":["https:\/\/www.facebook.com\/luchonoticiasneiva"],"url":"https:\/\/luchonoticias.com\/editor\/author\/admin\/"}]}},"_links":{"self":[{"href":"https:\/\/luchonoticias.com\/editor\/wp-json\/wp\/v2\/posts\/41535","targetHints":{"allow":["GET"]}}],"collection":[{"href":"https:\/\/luchonoticias.com\/editor\/wp-json\/wp\/v2\/posts"}],"about":[{"href":"https:\/\/luchonoticias.com\/editor\/wp-json\/wp\/v2\/types\/post"}],"author":[{"embeddable":true,"href":"https:\/\/luchonoticias.com\/editor\/wp-json\/wp\/v2\/users\/1"}],"replies":[{"embeddable":true,"href":"https:\/\/luchonoticias.com\/editor\/wp-json\/wp\/v2\/comments?post=41535"}],"version-history":[{"count":0,"href":"https:\/\/luchonoticias.com\/editor\/wp-json\/wp\/v2\/posts\/41535\/revisions"}],"wp:attachment":[{"href":"https:\/\/luchonoticias.com\/editor\/wp-json\/wp\/v2\/media?parent=41535"}],"wp:term":[{"taxonomy":"category","embeddable":true,"href":"https:\/\/luchonoticias.com\/editor\/wp-json\/wp\/v2\/categories?post=41535"},{"taxonomy":"post_tag","embeddable":true,"href":"https:\/\/luchonoticias.com\/editor\/wp-json\/wp\/v2\/tags?post=41535"}],"curies":[{"name":"wp","href":"https:\/\/api.w.org\/{rel}","templated":true}]}}