{"id":41538,"date":"2022-12-08T04:59:32","date_gmt":"2022-12-08T09:59:32","guid":{"rendered":"https:\/\/luchonoticias.com\/?p=41538"},"modified":"2022-12-08T04:59:33","modified_gmt":"2022-12-08T09:59:33","slug":"definidos-finalistas-de-la-copa-departamental-libre","status":"publish","type":"post","link":"https:\/\/luchonoticias.com\/editor\/definidos-finalistas-de-la-copa-departamental-libre\/","title":{"rendered":"Definidos finalistas de la Copa Departamental libre"},"content":{"rendered":"\n<p>La\u00a0<strong>Copa Departamental de f\u00fatbol categor\u00eda libre<\/strong>\u00a0ya tiene sus\u00a0<strong>finalistas<\/strong>, eso luego de que el pasado fin de semana se desarrollar\u00e1n los juegos de vuelta de las semifinales.\u00a0<\/p>\n\n\n\n<p><strong>Aston Huila\u00a0<\/strong>(en la foto)<strong>\u00a0y Atl\u00e9tico Huila<\/strong>\u00a0estar\u00e1n\u00a0<strong>disputando el t\u00edtulo<\/strong>\u00a0del campeonato, el primero le remont\u00f3 a Ney Sport Pitalito como local mientras que el Huila super\u00f3 a Yaguar\u00e1.<\/p>\n\n\n\n<p>Se espera que&nbsp;<strong>para la pr\u00f3xima semana se juegue el partido<\/strong>&nbsp;que ser\u00e1 una repetici\u00f3n de lo ocurrido en la categor\u00eda sub \u2013 19.<\/p>\n","protected":false},"excerpt":{"rendered":"<p>La\u00a0Copa Departamental de f\u00fatbol categor\u00eda libre\u00a0ya tiene sus\u00a0finalistas, eso luego de que el pasado fin de semana se desarrollar\u00e1n los juegos de vuelta de las semifinales.\u00a0 Aston Huila\u00a0(en la foto)\u00a0y Atl\u00e9tico Huila\u00a0estar\u00e1n\u00a0disputando el t\u00edtulo\u00a0del campeonato, el primero le remont\u00f3 a Ney Sport Pitalito como local mientras que el Huila super\u00f3 a Yaguar\u00e1. Se espera que&nbsp;para [&hellip;]<\/p>\n","protected":false},"author":1,"featured_media":0,"comment_status":"open","ping_status":"open","sticky":false,"template":"","format":"standard","meta":{"footnotes":""},"categories":[34],"tags":[],"class_list":["post-41538","post","type-post","status-publish","format-standard","hentry","category-deportes"],"yoast_head":"<!-- This site is optimized with the Yoast SEO plugin v26.6 - https:\/\/yoast.com\/wordpress\/plugins\/seo\/ -->\n<title>Definidos finalistas de la Copa Departamental libre -<\/title>\n<meta name=\"robots\" content=\"index, follow, max-snippet:-1, max-image-preview:large, max-video-preview:-1\" \/>\n<link rel=\"canonical\" href=\"https:\/\/luchonoticias.com\/editor\/definidos-finalistas-de-la-copa-departamental-libre\/\" \/>\n<meta property=\"og:locale\" content=\"es_ES\" \/>\n<meta property=\"og:type\" content=\"article\" \/>\n<meta property=\"og:title\" content=\"Definidos finalistas de la Copa Departamental libre -\" \/>\n<meta property=\"og:url\" content=\"https:\/\/luchonoticias.com\/editor\/definidos-finalistas-de-la-copa-departamental-libre\/\" \/>\n<meta property=\"article:publisher\" content=\"https:\/\/www.facebook.com\/luchonoticiasneiva\" \/>\n<meta property=\"article:author\" content=\"https:\/\/www.facebook.com\/luchonoticiasneiva\" \/>\n<meta property=\"article:published_time\" content=\"2022-12-08T09:59:32+00:00\" \/>\n<meta property=\"article:modified_time\" content=\"2022-12-08T09:59:33+00:00\" \/>\n<meta name=\"author\" content=\"admin\" \/>\n<meta name=\"twitter:card\" content=\"summary_large_image\" \/>\n<meta name=\"twitter:label1\" content=\"Escrito por\" \/>\n\t<meta name=\"twitter:data1\" content=\"admin\" \/>\n<script type=\"application\/ld+json\" class=\"yoast-schema-graph\">{\"@context\":\"https:\/\/schema.org\",\"@graph\":[{\"@type\":\"Article\",\"@id\":\"https:\/\/luchonoticias.com\/editor\/definidos-finalistas-de-la-copa-departamental-libre\/#article\",\"isPartOf\":{\"@id\":\"https:\/\/luchonoticias.com\/editor\/definidos-finalistas-de-la-copa-departamental-libre\/\"},\"author\":{\"name\":\"admin\",\"@id\":\"https:\/\/luchonoticias.com\/editor\/#\/schema\/person\/7a7fd911f58561fd056dbac7b55af9cd\"},\"headline\":\"Definidos finalistas de la Copa Departamental libre\",\"datePublished\":\"2022-12-08T09:59:32+00:00\",\"dateModified\":\"2022-12-08T09:59:33+00:00\",\"mainEntityOfPage\":{\"@id\":\"https:\/\/luchonoticias.com\/editor\/definidos-finalistas-de-la-copa-departamental-libre\/\"},\"wordCount\":100,\"commentCount\":0,\"publisher\":{\"@id\":\"https:\/\/luchonoticias.com\/editor\/#\/schema\/person\/7a7fd911f58561fd056dbac7b55af9cd\"},\"articleSection\":[\"Deportes\"],\"inLanguage\":\"es\",\"potentialAction\":[{\"@type\":\"CommentAction\",\"name\":\"Comment\",\"target\":[\"https:\/\/luchonoticias.com\/editor\/definidos-finalistas-de-la-copa-departamental-libre\/#respond\"]}]},{\"@type\":\"WebPage\",\"@id\":\"https:\/\/luchonoticias.com\/editor\/definidos-finalistas-de-la-copa-departamental-libre\/\",\"url\":\"https:\/\/luchonoticias.com\/editor\/definidos-finalistas-de-la-copa-departamental-libre\/\",\"name\":\"Definidos finalistas de la Copa Departamental libre -\",\"isPartOf\":{\"@id\":\"https:\/\/luchonoticias.com\/editor\/#website\"},\"datePublished\":\"2022-12-08T09:59:32+00:00\",\"dateModified\":\"2022-12-08T09:59:33+00:00\",\"breadcrumb\":{\"@id\":\"https:\/\/luchonoticias.com\/editor\/definidos-finalistas-de-la-copa-departamental-libre\/#breadcrumb\"},\"inLanguage\":\"es\",\"potentialAction\":[{\"@type\":\"ReadAction\",\"target\":[\"https:\/\/luchonoticias.com\/editor\/definidos-finalistas-de-la-copa-departamental-libre\/\"]}]},{\"@type\":\"BreadcrumbList\",\"@id\":\"https:\/\/luchonoticias.com\/editor\/definidos-finalistas-de-la-copa-departamental-libre\/#breadcrumb\",\"itemListElement\":[{\"@type\":\"ListItem\",\"position\":1,\"name\":\"Portada\",\"item\":\"https:\/\/luchonoticias.com\/editor\/\"},{\"@type\":\"ListItem\",\"position\":2,\"name\":\"Definidos finalistas de la Copa Departamental libre\"}]},{\"@type\":\"WebSite\",\"@id\":\"https:\/\/luchonoticias.com\/editor\/#website\",\"url\":\"https:\/\/luchonoticias.com\/editor\/\",\"name\":\"\",\"description\":\"\",\"publisher\":{\"@id\":\"https:\/\/luchonoticias.com\/editor\/#\/schema\/person\/7a7fd911f58561fd056dbac7b55af9cd\"},\"potentialAction\":[{\"@type\":\"SearchAction\",\"target\":{\"@type\":\"EntryPoint\",\"urlTemplate\":\"https:\/\/luchonoticias.com\/editor\/?s={search_term_string}\"},\"query-input\":{\"@type\":\"PropertyValueSpecification\",\"valueRequired\":true,\"valueName\":\"search_term_string\"}}],\"inLanguage\":\"es\"},{\"@type\":[\"Person\",\"Organization\"],\"@id\":\"https:\/\/luchonoticias.com\/editor\/#\/schema\/person\/7a7fd911f58561fd056dbac7b55af9cd\",\"name\":\"admin\",\"image\":{\"@type\":\"ImageObject\",\"inLanguage\":\"es\",\"@id\":\"https:\/\/luchonoticias.com\/editor\/#\/schema\/person\/image\/\",\"url\":\"https:\/\/luchonoticias.com\/editor\/wp-content\/uploads\/2024\/02\/cropped-cropped-logolu.webp\",\"contentUrl\":\"https:\/\/luchonoticias.com\/editor\/wp-content\/uploads\/2024\/02\/cropped-cropped-logolu.webp\",\"width\":382,\"height\":170,\"caption\":\"admin\"},\"logo\":{\"@id\":\"https:\/\/luchonoticias.com\/editor\/#\/schema\/person\/image\/\"},\"sameAs\":[\"https:\/\/www.facebook.com\/luchonoticiasneiva\"],\"url\":\"https:\/\/luchonoticias.com\/editor\/author\/admin\/\"}]}<\/script>\n<!-- \/ Yoast SEO plugin. -->","yoast_head_json":{"title":"Definidos finalistas de la Copa Departamental libre -","robots":{"index":"index","follow":"follow","max-snippet":"max-snippet:-1","max-image-preview":"max-image-preview:large","max-video-preview":"max-video-preview:-1"},"canonical":"https:\/\/luchonoticias.com\/editor\/definidos-finalistas-de-la-copa-departamental-libre\/","og_locale":"es_ES","og_type":"article","og_title":"Definidos finalistas de la Copa Departamental libre -","og_url":"https:\/\/luchonoticias.com\/editor\/definidos-finalistas-de-la-copa-departamental-libre\/","article_publisher":"https:\/\/www.facebook.com\/luchonoticiasneiva","article_author":"https:\/\/www.facebook.com\/luchonoticiasneiva","article_published_time":"2022-12-08T09:59:32+00:00","article_modified_time":"2022-12-08T09:59:33+00:00","author":"admin","twitter_card":"summary_large_image","twitter_misc":{"Escrito por":"admin"},"schema":{"@context":"https:\/\/schema.org","@graph":[{"@type":"Article","@id":"https:\/\/luchonoticias.com\/editor\/definidos-finalistas-de-la-copa-departamental-libre\/#article","isPartOf":{"@id":"https:\/\/luchonoticias.com\/editor\/definidos-finalistas-de-la-copa-departamental-libre\/"},"author":{"name":"admin","@id":"https:\/\/luchonoticias.com\/editor\/#\/schema\/person\/7a7fd911f58561fd056dbac7b55af9cd"},"headline":"Definidos finalistas de la Copa Departamental libre","datePublished":"2022-12-08T09:59:32+00:00","dateModified":"2022-12-08T09:59:33+00:00","mainEntityOfPage":{"@id":"https:\/\/luchonoticias.com\/editor\/definidos-finalistas-de-la-copa-departamental-libre\/"},"wordCount":100,"commentCount":0,"publisher":{"@id":"https:\/\/luchonoticias.com\/editor\/#\/schema\/person\/7a7fd911f58561fd056dbac7b55af9cd"},"articleSection":["Deportes"],"inLanguage":"es","potentialAction":[{"@type":"CommentAction","name":"Comment","target":["https:\/\/luchonoticias.com\/editor\/definidos-finalistas-de-la-copa-departamental-libre\/#respond"]}]},{"@type":"WebPage","@id":"https:\/\/luchonoticias.com\/editor\/definidos-finalistas-de-la-copa-departamental-libre\/","url":"https:\/\/luchonoticias.com\/editor\/definidos-finalistas-de-la-copa-departamental-libre\/","name":"Definidos finalistas de la Copa Departamental libre -","isPartOf":{"@id":"https:\/\/luchonoticias.com\/editor\/#website"},"datePublished":"2022-12-08T09:59:32+00:00","dateModified":"2022-12-08T09:59:33+00:00","breadcrumb":{"@id":"https:\/\/luchonoticias.com\/editor\/definidos-finalistas-de-la-copa-departamental-libre\/#breadcrumb"},"inLanguage":"es","potentialAction":[{"@type":"ReadAction","target":["https:\/\/luchonoticias.com\/editor\/definidos-finalistas-de-la-copa-departamental-libre\/"]}]},{"@type":"BreadcrumbList","@id":"https:\/\/luchonoticias.com\/editor\/definidos-finalistas-de-la-copa-departamental-libre\/#breadcrumb","itemListElement":[{"@type":"ListItem","position":1,"name":"Portada","item":"https:\/\/luchonoticias.com\/editor\/"},{"@type":"ListItem","position":2,"name":"Definidos finalistas de la Copa Departamental libre"}]},{"@type":"WebSite","@id":"https:\/\/luchonoticias.com\/editor\/#website","url":"https:\/\/luchonoticias.com\/editor\/","name":"","description":"","publisher":{"@id":"https:\/\/luchonoticias.com\/editor\/#\/schema\/person\/7a7fd911f58561fd056dbac7b55af9cd"},"potentialAction":[{"@type":"SearchAction","target":{"@type":"EntryPoint","urlTemplate":"https:\/\/luchonoticias.com\/editor\/?s={search_term_string}"},"query-input":{"@type":"PropertyValueSpecification","valueRequired":true,"valueName":"search_term_string"}}],"inLanguage":"es"},{"@type":["Person","Organization"],"@id":"https:\/\/luchonoticias.com\/editor\/#\/schema\/person\/7a7fd911f58561fd056dbac7b55af9cd","name":"admin","image":{"@type":"ImageObject","inLanguage":"es","@id":"https:\/\/luchonoticias.com\/editor\/#\/schema\/person\/image\/","url":"https:\/\/luchonoticias.com\/editor\/wp-content\/uploads\/2024\/02\/cropped-cropped-logolu.webp","contentUrl":"https:\/\/luchonoticias.com\/editor\/wp-content\/uploads\/2024\/02\/cropped-cropped-logolu.webp","width":382,"height":170,"caption":"admin"},"logo":{"@id":"https:\/\/luchonoticias.com\/editor\/#\/schema\/person\/image\/"},"sameAs":["https:\/\/www.facebook.com\/luchonoticiasneiva"],"url":"https:\/\/luchonoticias.com\/editor\/author\/admin\/"}]}},"_links":{"self":[{"href":"https:\/\/luchonoticias.com\/editor\/wp-json\/wp\/v2\/posts\/41538","targetHints":{"allow":["GET"]}}],"collection":[{"href":"https:\/\/luchonoticias.com\/editor\/wp-json\/wp\/v2\/posts"}],"about":[{"href":"https:\/\/luchonoticias.com\/editor\/wp-json\/wp\/v2\/types\/post"}],"author":[{"embeddable":true,"href":"https:\/\/luchonoticias.com\/editor\/wp-json\/wp\/v2\/users\/1"}],"replies":[{"embeddable":true,"href":"https:\/\/luchonoticias.com\/editor\/wp-json\/wp\/v2\/comments?post=41538"}],"version-history":[{"count":0,"href":"https:\/\/luchonoticias.com\/editor\/wp-json\/wp\/v2\/posts\/41538\/revisions"}],"wp:attachment":[{"href":"https:\/\/luchonoticias.com\/editor\/wp-json\/wp\/v2\/media?parent=41538"}],"wp:term":[{"taxonomy":"category","embeddable":true,"href":"https:\/\/luchonoticias.com\/editor\/wp-json\/wp\/v2\/categories?post=41538"},{"taxonomy":"post_tag","embeddable":true,"href":"https:\/\/luchonoticias.com\/editor\/wp-json\/wp\/v2\/tags?post=41538"}],"curies":[{"name":"wp","href":"https:\/\/api.w.org\/{rel}","templated":true}]}}