{"id":41543,"date":"2022-12-08T05:02:24","date_gmt":"2022-12-08T10:02:24","guid":{"rendered":"https:\/\/luchonoticias.com\/?p=41543"},"modified":"2022-12-08T05:02:25","modified_gmt":"2022-12-08T10:02:25","slug":"via-libre-para-proyecto-vial-yaguara-iquira","status":"publish","type":"post","link":"https:\/\/luchonoticias.com\/editor\/via-libre-para-proyecto-vial-yaguara-iquira\/","title":{"rendered":"V\u00eda libre para proyecto vial Yaguar\u00e1 &#8211; \u00cdquira"},"content":{"rendered":"\n<p>Luego de una ardua reuni\u00f3n t\u00e9cnica del OCAD (\u00d3rgano Colegiado de Administraci\u00f3n y Decisi\u00f3n)\u00a0<strong>se aprobaron los dineros para la rehabilitaci\u00f3n de la v\u00eda \u00cdquira- Yaguar\u00e1<\/strong>\u00a0que por m\u00e1s de 20 a\u00f1os hab\u00eda estado en el olvido. La Gobernaci\u00f3n del Huila a trav\u00e9s de su Oficina de Regal\u00edas present\u00f3 este proyecto y busc\u00f3 su aprobaci\u00f3n.<\/p>\n\n\n\n<p>\u201cQueremos comunicarle a todos los huilenses, la hist\u00f3rica noticia de la aprobaci\u00f3n del proyecto v\u00eda \u00cdquira-Yaguar\u00e1. Esta\u00a0<strong>importante inversi\u00f3n para el noroccidente del Huila por un valor de $11.400 millones<\/strong>\u00a0tendr\u00e1 una\u00a0<strong>intervenci\u00f3n de cerca de 6 kil\u00f3metros.<\/strong>\u00a0Una obra que muchos no cre\u00edan, pero que este gobierno \u201cHuila Crece\u201d en cabeza del gobernador, Luis Enrique Duss\u00e1n L\u00f3pez, est\u00e1 cumpliendo a una necesidad sentida durante tantos a\u00f1os\u201d indic\u00f3 el coordinador de Regal\u00edas del Gobierno \u201cHuila Crece\u201d, Sergio Trujillo.<\/p>\n\n\n\n<p><strong>Las obras se dividen en dos tramos<\/strong>, un tramo que pertenece al municipio de Yaguar\u00e1, que es de 1.9 kil\u00f3metros y otro tramo que pertenece al municipio de \u00cdquira y tiene aproximadamente 4 kil\u00f3metros.<\/p>\n\n\n\n<p>Una rehabilitaci\u00f3n desde su estructura base, va a tener 25 cent\u00edmetros de subbase, 20 cent\u00edmetros de base y 7 cent\u00edmetros de carpeta asf\u00e1ltica compactada, tambi\u00e9n se va a hacer cuneta por un lado de la v\u00eda y se van a hacer unos filtros y unos gaviones para manejar las aguas que est\u00e1n viniendo de las correntias de la monta\u00f1a. Se espera que el proceso contractual de la obra inicie en el 2023.<\/p>\n","protected":false},"excerpt":{"rendered":"<p>Luego de una ardua reuni\u00f3n t\u00e9cnica del OCAD (\u00d3rgano Colegiado de Administraci\u00f3n y Decisi\u00f3n)\u00a0se aprobaron los dineros para la rehabilitaci\u00f3n de la v\u00eda \u00cdquira- Yaguar\u00e1\u00a0que por m\u00e1s de 20 a\u00f1os hab\u00eda estado en el olvido. La Gobernaci\u00f3n del Huila a trav\u00e9s de su Oficina de Regal\u00edas present\u00f3 este proyecto y busc\u00f3 su aprobaci\u00f3n. \u201cQueremos comunicarle [&hellip;]<\/p>\n","protected":false},"author":1,"featured_media":0,"comment_status":"open","ping_status":"open","sticky":false,"template":"","format":"standard","meta":{"footnotes":""},"categories":[33],"tags":[],"class_list":["post-41543","post","type-post","status-publish","format-standard","hentry","category-huila"],"yoast_head":"<!-- This site is optimized with the Yoast SEO plugin v26.6 - https:\/\/yoast.com\/wordpress\/plugins\/seo\/ -->\n<title>V\u00eda libre para proyecto vial Yaguar\u00e1 - \u00cdquira -<\/title>\n<meta name=\"robots\" content=\"index, follow, max-snippet:-1, max-image-preview:large, max-video-preview:-1\" \/>\n<link rel=\"canonical\" href=\"https:\/\/luchonoticias.com\/editor\/via-libre-para-proyecto-vial-yaguara-iquira\/\" \/>\n<meta property=\"og:locale\" content=\"es_ES\" \/>\n<meta property=\"og:type\" content=\"article\" \/>\n<meta property=\"og:title\" content=\"V\u00eda libre para proyecto vial Yaguar\u00e1 - \u00cdquira -\" \/>\n<meta property=\"og:url\" content=\"https:\/\/luchonoticias.com\/editor\/via-libre-para-proyecto-vial-yaguara-iquira\/\" \/>\n<meta property=\"article:publisher\" content=\"https:\/\/www.facebook.com\/luchonoticiasneiva\" \/>\n<meta property=\"article:author\" content=\"https:\/\/www.facebook.com\/luchonoticiasneiva\" \/>\n<meta property=\"article:published_time\" content=\"2022-12-08T10:02:24+00:00\" \/>\n<meta property=\"article:modified_time\" content=\"2022-12-08T10:02:25+00:00\" \/>\n<meta name=\"author\" content=\"admin\" \/>\n<meta name=\"twitter:card\" content=\"summary_large_image\" \/>\n<meta name=\"twitter:label1\" content=\"Escrito por\" \/>\n\t<meta name=\"twitter:data1\" content=\"admin\" \/>\n\t<meta name=\"twitter:label2\" content=\"Tiempo de lectura\" \/>\n\t<meta name=\"twitter:data2\" content=\"1 minuto\" \/>\n<script type=\"application\/ld+json\" class=\"yoast-schema-graph\">{\"@context\":\"https:\/\/schema.org\",\"@graph\":[{\"@type\":\"Article\",\"@id\":\"https:\/\/luchonoticias.com\/editor\/via-libre-para-proyecto-vial-yaguara-iquira\/#article\",\"isPartOf\":{\"@id\":\"https:\/\/luchonoticias.com\/editor\/via-libre-para-proyecto-vial-yaguara-iquira\/\"},\"author\":{\"name\":\"admin\",\"@id\":\"https:\/\/luchonoticias.com\/editor\/#\/schema\/person\/7a7fd911f58561fd056dbac7b55af9cd\"},\"headline\":\"V\u00eda libre para proyecto vial Yaguar\u00e1 &#8211; \u00cdquira\",\"datePublished\":\"2022-12-08T10:02:24+00:00\",\"dateModified\":\"2022-12-08T10:02:25+00:00\",\"mainEntityOfPage\":{\"@id\":\"https:\/\/luchonoticias.com\/editor\/via-libre-para-proyecto-vial-yaguara-iquira\/\"},\"wordCount\":274,\"commentCount\":0,\"publisher\":{\"@id\":\"https:\/\/luchonoticias.com\/editor\/#\/schema\/person\/7a7fd911f58561fd056dbac7b55af9cd\"},\"articleSection\":[\"Huila\"],\"inLanguage\":\"es\",\"potentialAction\":[{\"@type\":\"CommentAction\",\"name\":\"Comment\",\"target\":[\"https:\/\/luchonoticias.com\/editor\/via-libre-para-proyecto-vial-yaguara-iquira\/#respond\"]}]},{\"@type\":\"WebPage\",\"@id\":\"https:\/\/luchonoticias.com\/editor\/via-libre-para-proyecto-vial-yaguara-iquira\/\",\"url\":\"https:\/\/luchonoticias.com\/editor\/via-libre-para-proyecto-vial-yaguara-iquira\/\",\"name\":\"V\u00eda libre para proyecto vial Yaguar\u00e1 - \u00cdquira -\",\"isPartOf\":{\"@id\":\"https:\/\/luchonoticias.com\/editor\/#website\"},\"datePublished\":\"2022-12-08T10:02:24+00:00\",\"dateModified\":\"2022-12-08T10:02:25+00:00\",\"breadcrumb\":{\"@id\":\"https:\/\/luchonoticias.com\/editor\/via-libre-para-proyecto-vial-yaguara-iquira\/#breadcrumb\"},\"inLanguage\":\"es\",\"potentialAction\":[{\"@type\":\"ReadAction\",\"target\":[\"https:\/\/luchonoticias.com\/editor\/via-libre-para-proyecto-vial-yaguara-iquira\/\"]}]},{\"@type\":\"BreadcrumbList\",\"@id\":\"https:\/\/luchonoticias.com\/editor\/via-libre-para-proyecto-vial-yaguara-iquira\/#breadcrumb\",\"itemListElement\":[{\"@type\":\"ListItem\",\"position\":1,\"name\":\"Portada\",\"item\":\"https:\/\/luchonoticias.com\/editor\/\"},{\"@type\":\"ListItem\",\"position\":2,\"name\":\"V\u00eda libre para proyecto vial Yaguar\u00e1 &#8211; \u00cdquira\"}]},{\"@type\":\"WebSite\",\"@id\":\"https:\/\/luchonoticias.com\/editor\/#website\",\"url\":\"https:\/\/luchonoticias.com\/editor\/\",\"name\":\"\",\"description\":\"\",\"publisher\":{\"@id\":\"https:\/\/luchonoticias.com\/editor\/#\/schema\/person\/7a7fd911f58561fd056dbac7b55af9cd\"},\"potentialAction\":[{\"@type\":\"SearchAction\",\"target\":{\"@type\":\"EntryPoint\",\"urlTemplate\":\"https:\/\/luchonoticias.com\/editor\/?s={search_term_string}\"},\"query-input\":{\"@type\":\"PropertyValueSpecification\",\"valueRequired\":true,\"valueName\":\"search_term_string\"}}],\"inLanguage\":\"es\"},{\"@type\":[\"Person\",\"Organization\"],\"@id\":\"https:\/\/luchonoticias.com\/editor\/#\/schema\/person\/7a7fd911f58561fd056dbac7b55af9cd\",\"name\":\"admin\",\"image\":{\"@type\":\"ImageObject\",\"inLanguage\":\"es\",\"@id\":\"https:\/\/luchonoticias.com\/editor\/#\/schema\/person\/image\/\",\"url\":\"https:\/\/luchonoticias.com\/editor\/wp-content\/uploads\/2024\/02\/cropped-cropped-logolu.webp\",\"contentUrl\":\"https:\/\/luchonoticias.com\/editor\/wp-content\/uploads\/2024\/02\/cropped-cropped-logolu.webp\",\"width\":382,\"height\":170,\"caption\":\"admin\"},\"logo\":{\"@id\":\"https:\/\/luchonoticias.com\/editor\/#\/schema\/person\/image\/\"},\"sameAs\":[\"https:\/\/www.facebook.com\/luchonoticiasneiva\"],\"url\":\"https:\/\/luchonoticias.com\/editor\/author\/admin\/\"}]}<\/script>\n<!-- \/ Yoast SEO plugin. -->","yoast_head_json":{"title":"V\u00eda libre para proyecto vial Yaguar\u00e1 - \u00cdquira -","robots":{"index":"index","follow":"follow","max-snippet":"max-snippet:-1","max-image-preview":"max-image-preview:large","max-video-preview":"max-video-preview:-1"},"canonical":"https:\/\/luchonoticias.com\/editor\/via-libre-para-proyecto-vial-yaguara-iquira\/","og_locale":"es_ES","og_type":"article","og_title":"V\u00eda libre para proyecto vial Yaguar\u00e1 - \u00cdquira -","og_url":"https:\/\/luchonoticias.com\/editor\/via-libre-para-proyecto-vial-yaguara-iquira\/","article_publisher":"https:\/\/www.facebook.com\/luchonoticiasneiva","article_author":"https:\/\/www.facebook.com\/luchonoticiasneiva","article_published_time":"2022-12-08T10:02:24+00:00","article_modified_time":"2022-12-08T10:02:25+00:00","author":"admin","twitter_card":"summary_large_image","twitter_misc":{"Escrito por":"admin","Tiempo de lectura":"1 minuto"},"schema":{"@context":"https:\/\/schema.org","@graph":[{"@type":"Article","@id":"https:\/\/luchonoticias.com\/editor\/via-libre-para-proyecto-vial-yaguara-iquira\/#article","isPartOf":{"@id":"https:\/\/luchonoticias.com\/editor\/via-libre-para-proyecto-vial-yaguara-iquira\/"},"author":{"name":"admin","@id":"https:\/\/luchonoticias.com\/editor\/#\/schema\/person\/7a7fd911f58561fd056dbac7b55af9cd"},"headline":"V\u00eda libre para proyecto vial Yaguar\u00e1 &#8211; \u00cdquira","datePublished":"2022-12-08T10:02:24+00:00","dateModified":"2022-12-08T10:02:25+00:00","mainEntityOfPage":{"@id":"https:\/\/luchonoticias.com\/editor\/via-libre-para-proyecto-vial-yaguara-iquira\/"},"wordCount":274,"commentCount":0,"publisher":{"@id":"https:\/\/luchonoticias.com\/editor\/#\/schema\/person\/7a7fd911f58561fd056dbac7b55af9cd"},"articleSection":["Huila"],"inLanguage":"es","potentialAction":[{"@type":"CommentAction","name":"Comment","target":["https:\/\/luchonoticias.com\/editor\/via-libre-para-proyecto-vial-yaguara-iquira\/#respond"]}]},{"@type":"WebPage","@id":"https:\/\/luchonoticias.com\/editor\/via-libre-para-proyecto-vial-yaguara-iquira\/","url":"https:\/\/luchonoticias.com\/editor\/via-libre-para-proyecto-vial-yaguara-iquira\/","name":"V\u00eda libre para proyecto vial Yaguar\u00e1 - \u00cdquira -","isPartOf":{"@id":"https:\/\/luchonoticias.com\/editor\/#website"},"datePublished":"2022-12-08T10:02:24+00:00","dateModified":"2022-12-08T10:02:25+00:00","breadcrumb":{"@id":"https:\/\/luchonoticias.com\/editor\/via-libre-para-proyecto-vial-yaguara-iquira\/#breadcrumb"},"inLanguage":"es","potentialAction":[{"@type":"ReadAction","target":["https:\/\/luchonoticias.com\/editor\/via-libre-para-proyecto-vial-yaguara-iquira\/"]}]},{"@type":"BreadcrumbList","@id":"https:\/\/luchonoticias.com\/editor\/via-libre-para-proyecto-vial-yaguara-iquira\/#breadcrumb","itemListElement":[{"@type":"ListItem","position":1,"name":"Portada","item":"https:\/\/luchonoticias.com\/editor\/"},{"@type":"ListItem","position":2,"name":"V\u00eda libre para proyecto vial Yaguar\u00e1 &#8211; \u00cdquira"}]},{"@type":"WebSite","@id":"https:\/\/luchonoticias.com\/editor\/#website","url":"https:\/\/luchonoticias.com\/editor\/","name":"","description":"","publisher":{"@id":"https:\/\/luchonoticias.com\/editor\/#\/schema\/person\/7a7fd911f58561fd056dbac7b55af9cd"},"potentialAction":[{"@type":"SearchAction","target":{"@type":"EntryPoint","urlTemplate":"https:\/\/luchonoticias.com\/editor\/?s={search_term_string}"},"query-input":{"@type":"PropertyValueSpecification","valueRequired":true,"valueName":"search_term_string"}}],"inLanguage":"es"},{"@type":["Person","Organization"],"@id":"https:\/\/luchonoticias.com\/editor\/#\/schema\/person\/7a7fd911f58561fd056dbac7b55af9cd","name":"admin","image":{"@type":"ImageObject","inLanguage":"es","@id":"https:\/\/luchonoticias.com\/editor\/#\/schema\/person\/image\/","url":"https:\/\/luchonoticias.com\/editor\/wp-content\/uploads\/2024\/02\/cropped-cropped-logolu.webp","contentUrl":"https:\/\/luchonoticias.com\/editor\/wp-content\/uploads\/2024\/02\/cropped-cropped-logolu.webp","width":382,"height":170,"caption":"admin"},"logo":{"@id":"https:\/\/luchonoticias.com\/editor\/#\/schema\/person\/image\/"},"sameAs":["https:\/\/www.facebook.com\/luchonoticiasneiva"],"url":"https:\/\/luchonoticias.com\/editor\/author\/admin\/"}]}},"_links":{"self":[{"href":"https:\/\/luchonoticias.com\/editor\/wp-json\/wp\/v2\/posts\/41543","targetHints":{"allow":["GET"]}}],"collection":[{"href":"https:\/\/luchonoticias.com\/editor\/wp-json\/wp\/v2\/posts"}],"about":[{"href":"https:\/\/luchonoticias.com\/editor\/wp-json\/wp\/v2\/types\/post"}],"author":[{"embeddable":true,"href":"https:\/\/luchonoticias.com\/editor\/wp-json\/wp\/v2\/users\/1"}],"replies":[{"embeddable":true,"href":"https:\/\/luchonoticias.com\/editor\/wp-json\/wp\/v2\/comments?post=41543"}],"version-history":[{"count":0,"href":"https:\/\/luchonoticias.com\/editor\/wp-json\/wp\/v2\/posts\/41543\/revisions"}],"wp:attachment":[{"href":"https:\/\/luchonoticias.com\/editor\/wp-json\/wp\/v2\/media?parent=41543"}],"wp:term":[{"taxonomy":"category","embeddable":true,"href":"https:\/\/luchonoticias.com\/editor\/wp-json\/wp\/v2\/categories?post=41543"},{"taxonomy":"post_tag","embeddable":true,"href":"https:\/\/luchonoticias.com\/editor\/wp-json\/wp\/v2\/tags?post=41543"}],"curies":[{"name":"wp","href":"https:\/\/api.w.org\/{rel}","templated":true}]}}