{"id":41556,"date":"2022-12-08T05:06:03","date_gmt":"2022-12-08T10:06:03","guid":{"rendered":"https:\/\/luchonoticias.com\/?p=41556"},"modified":"2022-12-08T05:06:03","modified_gmt":"2022-12-08T10:06:03","slug":"fuentes-hidricas-de-guadalupe-ya-tienen-sus-guardianes","status":"publish","type":"post","link":"https:\/\/luchonoticias.com\/editor\/fuentes-hidricas-de-guadalupe-ya-tienen-sus-guardianes\/","title":{"rendered":"Fuentes h\u00eddricas de Guadalupe ya tienen sus guardianes"},"content":{"rendered":"\n<p>Los estudiantes de la Instituci\u00f3n Educativa Nuestra Se\u00f1ora del Carmen, zona rural del municipio de Guadalupe, asumieron el reto de convertirse en guardianes de la quebrada La Pescada, a trav\u00e9s del desarrollo de un proyecto investigativo enfocado en&nbsp; proteger el agua que all\u00ed consumen&nbsp; y darle soluci\u00f3n al problema de la inadecuada disposici\u00f3n de los residuos org\u00e1nicos e inorg\u00e1nicos de la poblaci\u00f3n.<\/p>\n\n\n\n<p>Los peque\u00f1os se dieron a la tarea de investigar qu\u00e9 era lo que estaba sucediendo con las \u00b4basuras\u00b4 y por qu\u00e9 son arrojadas a las vertientes, as\u00ed como de qu\u00e9 manera pod\u00edan ayudar a solucionar esta situaci\u00f3n que estaba afectando los recursos naturales del municipio.&nbsp;<\/p>\n\n\n\n<p>\u201cEl proyecto\u00a0 que relaciona las cargas contaminantes de los vertimientos generados por la actividad sociecon\u00f3mica del centro poblado Miraflores, fue iniciado por tres profesores con 33 estudiantes de diferentes talentos, que busc\u00e1bamos formular algunas alternativas que contribuyeran a controlar y mitigar el problema, as\u00ed como a generar unas posibles soluciones\u201d, explic\u00f3 Walter Plazas, docente de Ciencias Naturales y Educaci\u00f3n Ambiental.<\/p>\n\n\n\n<figure class=\"wp-block-gallery has-nested-images columns-default is-cropped wp-block-gallery-1 is-layout-flex wp-block-gallery-is-layout-flex\">\n<figure class=\"wp-block-image size-large\"><img decoding=\"async\" data-id=\"41558\" src=\"https:\/\/luchonoticias.com\/wp-content\/uploads\/2022\/12\/WhatsApp-Image-2022-12-07-at-2.34.05-PM-1-1024x682.jpeg\" alt=\"\" class=\"wp-image-41558\"\/><\/figure>\n\n\n\n<figure class=\"wp-block-image size-large\"><img decoding=\"async\" data-id=\"41559\" src=\"https:\/\/luchonoticias.com\/wp-content\/uploads\/2022\/12\/WhatsApp-Image-2022-12-07-at-2.34.05-PM-1024x682.jpeg\" alt=\"\" class=\"wp-image-41559\"\/><\/figure>\n<\/figure>\n\n\n\n<p>Seg\u00fan el profesor, la tarea con los estudiantes que integran el Grupo Bioguadalupitos, se enfoc\u00f3 inicialmente en hacer monitoreo fisicoqu\u00edmico y microbiol\u00f3gico sobre el agua residual y sobre las fuentes h\u00eddricas, permitiendo descubrir los niveles de calidad y contaminaci\u00f3n que ten\u00eda la quebrada.<\/p>\n\n\n\n<p>Las conclusiones que fueron socializadas en diferentes escenarios, como el Concejo Municipal de Guadalupe, la Junta Administradora de&nbsp; Acueducto y Alcantarillado local, la Junta Administradora de la Junta de Acci\u00f3n Comunal as\u00ed como toda la comunidad educativa incluidos padres de familia, permiti\u00f3 a su vez&nbsp; formular diferentes tipos de medidas entre las que se encuentran la instalaci\u00f3n de composteras y centros de acopio temporales para el manejo adecuado de los residuos s\u00f3lidos.<\/p>\n\n\n\n<p>\u201cTambi\u00e9n a trav\u00e9s de saneamiento b\u00e1sico planteamos un mejoramiento de los sistemas de tratamiento de alcantarillado o aguas residuales dom\u00e9sticas y una ampliaci\u00f3n de ellos,&nbsp; de tal manera que permita el constante monitoreo o la ejecuci\u00f3n de esta red de monitoreo que formulamos\u201d, plante\u00f3 el docente Plazas.<\/p>\n\n\n\n<p>&nbsp;<strong>Educaci\u00f3n Ambiental<\/strong><\/p>\n\n\n\n<p>Adem\u00e1s de los resultados f\u00edsicos, los integrantes de Bioguadalupitos ya tienen una conciencia ambiental y esto lo recalca Jos\u00e9 Cabrera Motta, un joven de 15 a\u00f1os de edad, residente en la vereda&nbsp; Rancherias, quien asegur\u00f3 que su trabajo en el grupo va m\u00e1s all\u00e1 que el realizado en el laboratorio.<\/p>\n\n\n\n<p>\u201cS\u00e9 que mi rol es en el campo y en el laboratorio, tomando las muestras y analizando, pero voy m\u00e1s all\u00e1 porque a nivel personal, al llegar a casa sensibilizo a mi familia y vecinos para que cuidemos el recurso h\u00eddrico y que todos aprendamos m\u00e1s sobre las bondades de cuidar la naturaleza\u201d, indic\u00f3 el adolescente quien es el encargado, por medio de la m\u00fasica, de socializar los resultados de sus investigaciones.<\/p>\n\n\n\n<p>M\u00f3nica Figueroa y quien tambi\u00e9n hace parte de Bioguadalupitos habl\u00f3 de lo que ha hecho este proyecto para ella y su comunidad.<\/p>\n\n\n\n<p>\u201cEste proyecto adem\u00e1s de haberme incentivado y ayudado a conocer mejor algunos aspectos de materias como matem\u00e1ticas, f\u00edsica, qu\u00edmica y biolog\u00eda, tambi\u00e9n me ha sumergido en un mundo que desconoc\u00eda y fomentado habilidades cient\u00edficas extraordinarias, as\u00ed como a estudiar todo sobre las fuentes h\u00eddricas y su conservaci\u00f3n\u201d, destac\u00f3 la estudiante del grado noveno.<\/p>\n\n\n\n<figure class=\"wp-block-gallery has-nested-images columns-default is-cropped wp-block-gallery-2 is-layout-flex wp-block-gallery-is-layout-flex\">\n<figure class=\"wp-block-image size-large\"><img decoding=\"async\" data-id=\"41560\" src=\"https:\/\/luchonoticias.com\/wp-content\/uploads\/2022\/12\/WhatsApp-Image-2022-12-07-at-2.34.04-PM-1-1024x682.jpeg\" alt=\"\" class=\"wp-image-41560\"\/><\/figure>\n\n\n\n<figure class=\"wp-block-image size-large\"><img decoding=\"async\" data-id=\"41561\" src=\"https:\/\/luchonoticias.com\/wp-content\/uploads\/2022\/12\/WhatsApp-Image-2022-12-07-at-2.34.04-PM-1024x682.jpeg\" alt=\"\" class=\"wp-image-41561\"\/><\/figure>\n<\/figure>\n\n\n\n<p>Es as\u00ed como este proyecto, que ha tenido apoyo de la Corporaci\u00f3n Aut\u00f3noma Regional del Alto Magdalena CAM, en el \u00e1rea t\u00e9cnica y de educaci\u00f3n ambiental,&nbsp; se convirti\u00f3 para la comunidad educativa en lo que ellos han llamado una \u00b4bola de nieve\u2019 de soluciones, articulando todas las \u00e1reas del conocimiento.<\/p>\n\n\n\n<p>\u201cCon los estudiantes hemos ganado varios concursos de Ondas y hemos sido invitados y escogidos dentro de los mejores 12 proyectos a nivel nacional por el Ministerio de las TIC&nbsp; porque una idea tra\u00edda de la casa de los estudiantes, ahora articula las ciencias naturales, las matem\u00e1ticas, la tecnolog\u00eda y el arte, todo esto aplicable al contexto de los ni\u00f1os y ni\u00f1as\u201d, explic\u00f3 Julio C\u00e9sar Arenas Rojas, docente de matem\u00e1ticas.<\/p>\n\n\n\n<p><strong>Huertas y reciclaje<\/strong><\/p>\n\n\n\n<p>El proyecto de investigaci\u00f3n de la quebrada La Pescada que rodea la vereda Miraflores y en la que ahora participan todos los ni\u00f1os y ni\u00f1as de la localidad y zonas aleda\u00f1as, ha implementado el rescate de las semillas nativas en v\u00eda de extinci\u00f3n, entre ellas el chachafruto, un producto alimenticio que los estudiantes lo ve\u00edan como maleza y lo usaban para jugar o para alimentar el ganado.<\/p>\n\n\n\n<p>Ahora y luego de realizar un estudio con padres y abuelos, descubriendo sus propiedades, los peque\u00f1os han realizado diversos productos como arequipes, dulces, compotas y jugos de alto contenido proteico, que seg\u00fan la comunidad educativa tiene muchas propiedades curativas.<\/p>\n\n\n\n<p>\u201cLa motivaci\u00f3n en clase despu\u00e9s de la pandemia fue nuestro reto, pero a trav\u00e9s de este proyecto hemos encontrado el equilibrio entre las ciencias duras, la tecnolog\u00eda y el arte y ellos lo est\u00e1n entendiendo e investigan de manera natural, compenetrando estas \u00e1reas para su crecimiento personal y familiar, dici\u00e9ndoles a sus familiares que hiervan el agua, que los residuos deben clasificarlos, que no se deben talar los \u00e1rboles y se deben cuidar las riberas de las quebradas\u201d, asegur\u00f3 el docente Arenas.<\/p>\n\n\n\n<p>Adem\u00e1s la experiencia pedag\u00f3gica significativa ha escalado al embellecimiento de la instituci\u00f3n, al reciclaje y la conservaci\u00f3n de la flora y fauna, labor en la que todos est\u00e1n involucrados.<\/p>\n\n\n\n<p>\u201cNos hemos organizado y entre todos los salones estamos recogiendo botellas y papel, el cual es reciclado. Por su parte las botellas son lavadas y aplastadas, tambi\u00e9n se utilizan para realizar canecas, adem\u00e1s con las tapas vamos a elaborar un mural\u201d, explic\u00f3 Andrea Morales D\u00edaz, docente de F\u00edsica y encargada de la separaci\u00f3n en la fuente y el reciclaje de la instituci\u00f3n educativa.<\/p>\n","protected":false},"excerpt":{"rendered":"<p>Los estudiantes de la Instituci\u00f3n Educativa Nuestra Se\u00f1ora del Carmen, zona rural del municipio de Guadalupe, asumieron el reto de convertirse en guardianes de la quebrada La Pescada, a trav\u00e9s del desarrollo de un proyecto investigativo enfocado en&nbsp; proteger el agua que all\u00ed consumen&nbsp; y darle soluci\u00f3n al problema de la inadecuada disposici\u00f3n de los [&hellip;]<\/p>\n","protected":false},"author":1,"featured_media":0,"comment_status":"open","ping_status":"open","sticky":false,"template":"","format":"standard","meta":{"footnotes":""},"categories":[3961,36],"tags":[],"class_list":["post-41556","post","type-post","status-publish","format-standard","hentry","category-comunidad","category-destacado"],"yoast_head":"<!-- This site is optimized with the Yoast SEO plugin v26.6 - https:\/\/yoast.com\/wordpress\/plugins\/seo\/ -->\n<title>Fuentes h\u00eddricas de Guadalupe ya tienen sus guardianes -<\/title>\n<meta name=\"robots\" content=\"index, follow, max-snippet:-1, max-image-preview:large, max-video-preview:-1\" \/>\n<link rel=\"canonical\" href=\"https:\/\/luchonoticias.com\/editor\/fuentes-hidricas-de-guadalupe-ya-tienen-sus-guardianes\/\" \/>\n<meta property=\"og:locale\" content=\"es_ES\" \/>\n<meta property=\"og:type\" content=\"article\" \/>\n<meta property=\"og:title\" content=\"Fuentes h\u00eddricas de Guadalupe ya tienen sus guardianes -\" \/>\n<meta property=\"og:url\" content=\"https:\/\/luchonoticias.com\/editor\/fuentes-hidricas-de-guadalupe-ya-tienen-sus-guardianes\/\" \/>\n<meta property=\"article:publisher\" content=\"https:\/\/www.facebook.com\/luchonoticiasneiva\" \/>\n<meta property=\"article:author\" content=\"https:\/\/www.facebook.com\/luchonoticiasneiva\" \/>\n<meta property=\"article:published_time\" content=\"2022-12-08T10:06:03+00:00\" \/>\n<meta property=\"og:image\" content=\"https:\/\/luchonoticias.com\/wp-content\/uploads\/2022\/12\/WhatsApp-Image-2022-12-07-at-2.34.05-PM-1-1024x682.jpeg\" \/>\n<meta name=\"author\" content=\"admin\" \/>\n<meta name=\"twitter:card\" content=\"summary_large_image\" \/>\n<meta name=\"twitter:label1\" content=\"Escrito por\" \/>\n\t<meta name=\"twitter:data1\" content=\"admin\" \/>\n\t<meta name=\"twitter:label2\" content=\"Tiempo de lectura\" \/>\n\t<meta name=\"twitter:data2\" content=\"5 minutos\" \/>\n<script type=\"application\/ld+json\" class=\"yoast-schema-graph\">{\"@context\":\"https:\/\/schema.org\",\"@graph\":[{\"@type\":\"Article\",\"@id\":\"https:\/\/luchonoticias.com\/editor\/fuentes-hidricas-de-guadalupe-ya-tienen-sus-guardianes\/#article\",\"isPartOf\":{\"@id\":\"https:\/\/luchonoticias.com\/editor\/fuentes-hidricas-de-guadalupe-ya-tienen-sus-guardianes\/\"},\"author\":{\"name\":\"admin\",\"@id\":\"https:\/\/luchonoticias.com\/editor\/#\/schema\/person\/7a7fd911f58561fd056dbac7b55af9cd\"},\"headline\":\"Fuentes h\u00eddricas de Guadalupe ya tienen sus guardianes\",\"datePublished\":\"2022-12-08T10:06:03+00:00\",\"mainEntityOfPage\":{\"@id\":\"https:\/\/luchonoticias.com\/editor\/fuentes-hidricas-de-guadalupe-ya-tienen-sus-guardianes\/\"},\"wordCount\":1034,\"commentCount\":0,\"publisher\":{\"@id\":\"https:\/\/luchonoticias.com\/editor\/#\/schema\/person\/7a7fd911f58561fd056dbac7b55af9cd\"},\"image\":{\"@id\":\"https:\/\/luchonoticias.com\/editor\/fuentes-hidricas-de-guadalupe-ya-tienen-sus-guardianes\/#primaryimage\"},\"thumbnailUrl\":\"https:\/\/luchonoticias.com\/wp-content\/uploads\/2022\/12\/WhatsApp-Image-2022-12-07-at-2.34.05-PM-1-1024x682.jpeg\",\"articleSection\":[\"Comunidad\",\"Destacado\"],\"inLanguage\":\"es\",\"potentialAction\":[{\"@type\":\"CommentAction\",\"name\":\"Comment\",\"target\":[\"https:\/\/luchonoticias.com\/editor\/fuentes-hidricas-de-guadalupe-ya-tienen-sus-guardianes\/#respond\"]}]},{\"@type\":\"WebPage\",\"@id\":\"https:\/\/luchonoticias.com\/editor\/fuentes-hidricas-de-guadalupe-ya-tienen-sus-guardianes\/\",\"url\":\"https:\/\/luchonoticias.com\/editor\/fuentes-hidricas-de-guadalupe-ya-tienen-sus-guardianes\/\",\"name\":\"Fuentes h\u00eddricas de Guadalupe ya tienen sus guardianes -\",\"isPartOf\":{\"@id\":\"https:\/\/luchonoticias.com\/editor\/#website\"},\"primaryImageOfPage\":{\"@id\":\"https:\/\/luchonoticias.com\/editor\/fuentes-hidricas-de-guadalupe-ya-tienen-sus-guardianes\/#primaryimage\"},\"image\":{\"@id\":\"https:\/\/luchonoticias.com\/editor\/fuentes-hidricas-de-guadalupe-ya-tienen-sus-guardianes\/#primaryimage\"},\"thumbnailUrl\":\"https:\/\/luchonoticias.com\/wp-content\/uploads\/2022\/12\/WhatsApp-Image-2022-12-07-at-2.34.05-PM-1-1024x682.jpeg\",\"datePublished\":\"2022-12-08T10:06:03+00:00\",\"breadcrumb\":{\"@id\":\"https:\/\/luchonoticias.com\/editor\/fuentes-hidricas-de-guadalupe-ya-tienen-sus-guardianes\/#breadcrumb\"},\"inLanguage\":\"es\",\"potentialAction\":[{\"@type\":\"ReadAction\",\"target\":[\"https:\/\/luchonoticias.com\/editor\/fuentes-hidricas-de-guadalupe-ya-tienen-sus-guardianes\/\"]}]},{\"@type\":\"ImageObject\",\"inLanguage\":\"es\",\"@id\":\"https:\/\/luchonoticias.com\/editor\/fuentes-hidricas-de-guadalupe-ya-tienen-sus-guardianes\/#primaryimage\",\"url\":\"https:\/\/luchonoticias.com\/wp-content\/uploads\/2022\/12\/WhatsApp-Image-2022-12-07-at-2.34.05-PM-1-1024x682.jpeg\",\"contentUrl\":\"https:\/\/luchonoticias.com\/wp-content\/uploads\/2022\/12\/WhatsApp-Image-2022-12-07-at-2.34.05-PM-1-1024x682.jpeg\"},{\"@type\":\"BreadcrumbList\",\"@id\":\"https:\/\/luchonoticias.com\/editor\/fuentes-hidricas-de-guadalupe-ya-tienen-sus-guardianes\/#breadcrumb\",\"itemListElement\":[{\"@type\":\"ListItem\",\"position\":1,\"name\":\"Portada\",\"item\":\"https:\/\/luchonoticias.com\/editor\/\"},{\"@type\":\"ListItem\",\"position\":2,\"name\":\"Fuentes h\u00eddricas de Guadalupe ya tienen sus guardianes\"}]},{\"@type\":\"WebSite\",\"@id\":\"https:\/\/luchonoticias.com\/editor\/#website\",\"url\":\"https:\/\/luchonoticias.com\/editor\/\",\"name\":\"\",\"description\":\"\",\"publisher\":{\"@id\":\"https:\/\/luchonoticias.com\/editor\/#\/schema\/person\/7a7fd911f58561fd056dbac7b55af9cd\"},\"potentialAction\":[{\"@type\":\"SearchAction\",\"target\":{\"@type\":\"EntryPoint\",\"urlTemplate\":\"https:\/\/luchonoticias.com\/editor\/?s={search_term_string}\"},\"query-input\":{\"@type\":\"PropertyValueSpecification\",\"valueRequired\":true,\"valueName\":\"search_term_string\"}}],\"inLanguage\":\"es\"},{\"@type\":[\"Person\",\"Organization\"],\"@id\":\"https:\/\/luchonoticias.com\/editor\/#\/schema\/person\/7a7fd911f58561fd056dbac7b55af9cd\",\"name\":\"admin\",\"image\":{\"@type\":\"ImageObject\",\"inLanguage\":\"es\",\"@id\":\"https:\/\/luchonoticias.com\/editor\/#\/schema\/person\/image\/\",\"url\":\"https:\/\/luchonoticias.com\/editor\/wp-content\/uploads\/2024\/02\/cropped-cropped-logolu.webp\",\"contentUrl\":\"https:\/\/luchonoticias.com\/editor\/wp-content\/uploads\/2024\/02\/cropped-cropped-logolu.webp\",\"width\":382,\"height\":170,\"caption\":\"admin\"},\"logo\":{\"@id\":\"https:\/\/luchonoticias.com\/editor\/#\/schema\/person\/image\/\"},\"sameAs\":[\"https:\/\/www.facebook.com\/luchonoticiasneiva\"],\"url\":\"https:\/\/luchonoticias.com\/editor\/author\/admin\/\"}]}<\/script>\n<!-- \/ Yoast SEO plugin. -->","yoast_head_json":{"title":"Fuentes h\u00eddricas de Guadalupe ya tienen sus guardianes -","robots":{"index":"index","follow":"follow","max-snippet":"max-snippet:-1","max-image-preview":"max-image-preview:large","max-video-preview":"max-video-preview:-1"},"canonical":"https:\/\/luchonoticias.com\/editor\/fuentes-hidricas-de-guadalupe-ya-tienen-sus-guardianes\/","og_locale":"es_ES","og_type":"article","og_title":"Fuentes h\u00eddricas de Guadalupe ya tienen sus guardianes -","og_url":"https:\/\/luchonoticias.com\/editor\/fuentes-hidricas-de-guadalupe-ya-tienen-sus-guardianes\/","article_publisher":"https:\/\/www.facebook.com\/luchonoticiasneiva","article_author":"https:\/\/www.facebook.com\/luchonoticiasneiva","article_published_time":"2022-12-08T10:06:03+00:00","og_image":[{"url":"https:\/\/luchonoticias.com\/wp-content\/uploads\/2022\/12\/WhatsApp-Image-2022-12-07-at-2.34.05-PM-1-1024x682.jpeg","type":"","width":"","height":""}],"author":"admin","twitter_card":"summary_large_image","twitter_misc":{"Escrito por":"admin","Tiempo de lectura":"5 minutos"},"schema":{"@context":"https:\/\/schema.org","@graph":[{"@type":"Article","@id":"https:\/\/luchonoticias.com\/editor\/fuentes-hidricas-de-guadalupe-ya-tienen-sus-guardianes\/#article","isPartOf":{"@id":"https:\/\/luchonoticias.com\/editor\/fuentes-hidricas-de-guadalupe-ya-tienen-sus-guardianes\/"},"author":{"name":"admin","@id":"https:\/\/luchonoticias.com\/editor\/#\/schema\/person\/7a7fd911f58561fd056dbac7b55af9cd"},"headline":"Fuentes h\u00eddricas de Guadalupe ya tienen sus guardianes","datePublished":"2022-12-08T10:06:03+00:00","mainEntityOfPage":{"@id":"https:\/\/luchonoticias.com\/editor\/fuentes-hidricas-de-guadalupe-ya-tienen-sus-guardianes\/"},"wordCount":1034,"commentCount":0,"publisher":{"@id":"https:\/\/luchonoticias.com\/editor\/#\/schema\/person\/7a7fd911f58561fd056dbac7b55af9cd"},"image":{"@id":"https:\/\/luchonoticias.com\/editor\/fuentes-hidricas-de-guadalupe-ya-tienen-sus-guardianes\/#primaryimage"},"thumbnailUrl":"https:\/\/luchonoticias.com\/wp-content\/uploads\/2022\/12\/WhatsApp-Image-2022-12-07-at-2.34.05-PM-1-1024x682.jpeg","articleSection":["Comunidad","Destacado"],"inLanguage":"es","potentialAction":[{"@type":"CommentAction","name":"Comment","target":["https:\/\/luchonoticias.com\/editor\/fuentes-hidricas-de-guadalupe-ya-tienen-sus-guardianes\/#respond"]}]},{"@type":"WebPage","@id":"https:\/\/luchonoticias.com\/editor\/fuentes-hidricas-de-guadalupe-ya-tienen-sus-guardianes\/","url":"https:\/\/luchonoticias.com\/editor\/fuentes-hidricas-de-guadalupe-ya-tienen-sus-guardianes\/","name":"Fuentes h\u00eddricas de Guadalupe ya tienen sus guardianes -","isPartOf":{"@id":"https:\/\/luchonoticias.com\/editor\/#website"},"primaryImageOfPage":{"@id":"https:\/\/luchonoticias.com\/editor\/fuentes-hidricas-de-guadalupe-ya-tienen-sus-guardianes\/#primaryimage"},"image":{"@id":"https:\/\/luchonoticias.com\/editor\/fuentes-hidricas-de-guadalupe-ya-tienen-sus-guardianes\/#primaryimage"},"thumbnailUrl":"https:\/\/luchonoticias.com\/wp-content\/uploads\/2022\/12\/WhatsApp-Image-2022-12-07-at-2.34.05-PM-1-1024x682.jpeg","datePublished":"2022-12-08T10:06:03+00:00","breadcrumb":{"@id":"https:\/\/luchonoticias.com\/editor\/fuentes-hidricas-de-guadalupe-ya-tienen-sus-guardianes\/#breadcrumb"},"inLanguage":"es","potentialAction":[{"@type":"ReadAction","target":["https:\/\/luchonoticias.com\/editor\/fuentes-hidricas-de-guadalupe-ya-tienen-sus-guardianes\/"]}]},{"@type":"ImageObject","inLanguage":"es","@id":"https:\/\/luchonoticias.com\/editor\/fuentes-hidricas-de-guadalupe-ya-tienen-sus-guardianes\/#primaryimage","url":"https:\/\/luchonoticias.com\/wp-content\/uploads\/2022\/12\/WhatsApp-Image-2022-12-07-at-2.34.05-PM-1-1024x682.jpeg","contentUrl":"https:\/\/luchonoticias.com\/wp-content\/uploads\/2022\/12\/WhatsApp-Image-2022-12-07-at-2.34.05-PM-1-1024x682.jpeg"},{"@type":"BreadcrumbList","@id":"https:\/\/luchonoticias.com\/editor\/fuentes-hidricas-de-guadalupe-ya-tienen-sus-guardianes\/#breadcrumb","itemListElement":[{"@type":"ListItem","position":1,"name":"Portada","item":"https:\/\/luchonoticias.com\/editor\/"},{"@type":"ListItem","position":2,"name":"Fuentes h\u00eddricas de Guadalupe ya tienen sus guardianes"}]},{"@type":"WebSite","@id":"https:\/\/luchonoticias.com\/editor\/#website","url":"https:\/\/luchonoticias.com\/editor\/","name":"","description":"","publisher":{"@id":"https:\/\/luchonoticias.com\/editor\/#\/schema\/person\/7a7fd911f58561fd056dbac7b55af9cd"},"potentialAction":[{"@type":"SearchAction","target":{"@type":"EntryPoint","urlTemplate":"https:\/\/luchonoticias.com\/editor\/?s={search_term_string}"},"query-input":{"@type":"PropertyValueSpecification","valueRequired":true,"valueName":"search_term_string"}}],"inLanguage":"es"},{"@type":["Person","Organization"],"@id":"https:\/\/luchonoticias.com\/editor\/#\/schema\/person\/7a7fd911f58561fd056dbac7b55af9cd","name":"admin","image":{"@type":"ImageObject","inLanguage":"es","@id":"https:\/\/luchonoticias.com\/editor\/#\/schema\/person\/image\/","url":"https:\/\/luchonoticias.com\/editor\/wp-content\/uploads\/2024\/02\/cropped-cropped-logolu.webp","contentUrl":"https:\/\/luchonoticias.com\/editor\/wp-content\/uploads\/2024\/02\/cropped-cropped-logolu.webp","width":382,"height":170,"caption":"admin"},"logo":{"@id":"https:\/\/luchonoticias.com\/editor\/#\/schema\/person\/image\/"},"sameAs":["https:\/\/www.facebook.com\/luchonoticiasneiva"],"url":"https:\/\/luchonoticias.com\/editor\/author\/admin\/"}]}},"_links":{"self":[{"href":"https:\/\/luchonoticias.com\/editor\/wp-json\/wp\/v2\/posts\/41556","targetHints":{"allow":["GET"]}}],"collection":[{"href":"https:\/\/luchonoticias.com\/editor\/wp-json\/wp\/v2\/posts"}],"about":[{"href":"https:\/\/luchonoticias.com\/editor\/wp-json\/wp\/v2\/types\/post"}],"author":[{"embeddable":true,"href":"https:\/\/luchonoticias.com\/editor\/wp-json\/wp\/v2\/users\/1"}],"replies":[{"embeddable":true,"href":"https:\/\/luchonoticias.com\/editor\/wp-json\/wp\/v2\/comments?post=41556"}],"version-history":[{"count":0,"href":"https:\/\/luchonoticias.com\/editor\/wp-json\/wp\/v2\/posts\/41556\/revisions"}],"wp:attachment":[{"href":"https:\/\/luchonoticias.com\/editor\/wp-json\/wp\/v2\/media?parent=41556"}],"wp:term":[{"taxonomy":"category","embeddable":true,"href":"https:\/\/luchonoticias.com\/editor\/wp-json\/wp\/v2\/categories?post=41556"},{"taxonomy":"post_tag","embeddable":true,"href":"https:\/\/luchonoticias.com\/editor\/wp-json\/wp\/v2\/tags?post=41556"}],"curies":[{"name":"wp","href":"https:\/\/api.w.org\/{rel}","templated":true}]}}