{"id":41563,"date":"2022-12-08T05:09:47","date_gmt":"2022-12-08T10:09:47","guid":{"rendered":"https:\/\/luchonoticias.com\/?p=41563"},"modified":"2022-12-08T05:09:48","modified_gmt":"2022-12-08T10:09:48","slug":"presidente-petro-plantea-que-proceso-de-paz-urbano-en-buenaventura-podria-extenderse-a-otras-regiones-del-pais","status":"publish","type":"post","link":"https:\/\/luchonoticias.com\/editor\/presidente-petro-plantea-que-proceso-de-paz-urbano-en-buenaventura-podria-extenderse-a-otras-regiones-del-pais\/","title":{"rendered":"Presidente Petro plantea que \u201cproceso de paz urbano\u201d en Buenaventura podr\u00eda extenderse a otras regiones del pa\u00eds"},"content":{"rendered":"\n<p>El Presidente Gustavo Petro afirm\u00f3 este mi\u00e9rcoles que el Gobierno del Cambio apoyar\u00e1 la estrategia de convivencia \u2018Buenaventura, potencia de la vida en Paz Total\u2019, y plante\u00f3 que este proceso de paz urbana, que ha derivado en una reducci\u00f3n considerable de homicidios en este puerto del Pac\u00edfico, se extienda a otras regiones del pa\u00eds con problem\u00e1ticas de violencia.<\/p>\n\n\n\n<p>\u201cVamos a meternos, por tanto, en este proceso in\u00e9dito y a hacer las transformaciones que el mismo Gobierno necesita en su interior para cumplir con lo que se acuerde. Si aqu\u00ed se cumple, esto se extender\u00e1 a Barranquilla, a Cartagena, a Monter\u00eda, se extender\u00e1 a Tumaco, se extender\u00e1 a las barriadas populares de Medell\u00edn, de Cali, de Bogot\u00e1. Aqu\u00ed nace un faro para alumbrar las posibilidades de Colombia\u201d, resalt\u00f3 el Jefe de Estado.<\/p>\n\n\n\n<p>En el acto, que tuvo lugar en la plazoleta Bulevar de Buenaventura, el Mandatario destac\u00f3 el hecho de que la ciudad complete 85 d\u00edas sin homicidios ni enfrentamientos entre los \u2018Shottas\u2019 y los \u2018Espartanos\u2019, dos grupos que han estado en conflicto desde hace meses por el control del narcotr\u00e1fico y otras actividades ilegales como la extorsi\u00f3n o secuestro.<\/p>\n\n\n\n<figure class=\"wp-block-gallery has-nested-images columns-default is-cropped wp-block-gallery-1 is-layout-flex wp-block-gallery-is-layout-flex\">\n<figure class=\"wp-block-image size-large\"><img decoding=\"async\" data-id=\"41565\" src=\"https:\/\/luchonoticias.com\/wp-content\/uploads\/2022\/12\/WhatsApp-Image-2022-12-07-at-6.00.22-PM.jpeg\" alt=\"\" class=\"wp-image-41565\"\/><\/figure>\n\n\n\n<figure class=\"wp-block-image size-large\"><img decoding=\"async\" data-id=\"41566\" src=\"https:\/\/luchonoticias.com\/wp-content\/uploads\/2022\/12\/WhatsApp-Image-2022-12-07-at-6.00.21-PM.jpeg\" alt=\"\" class=\"wp-image-41566\"\/><\/figure>\n<\/figure>\n\n\n\n<p>De hecho, les envi\u00f3 un mensaje de paz a los j\u00f3venes que hacen parte de estos grupos ilegales: \u201cEstaremos atentos al desarrollo de este proceso. Son 1.760 j\u00f3venes a los que hoy les damos un abrazo, el gran abrazo de la paz\u201d.<\/p>\n\n\n\n<p>En el mismo sentido, subray\u00f3 que el Gobierno cobija este proceso en Buenaventura, el cual no tiene un origen de tipo pol\u00edtico como ha ocurrido en el pa\u00eds con las organizaciones subversivas.<\/p>\n\n\n\n<p>\u201cEl proceso in\u00e9dito es que el Estado avala, cobija, protege un proceso de negociaciones entre dos agrupaciones que poco tienen de pol\u00edtica en el sentido cl\u00e1sico de palabra, pero mucho de organizaci\u00f3n juvenil armada, excluida y violenta. Organizaciones que se han matado entre s\u00ed, que llevaron a Buenaventura a ser una de las ciudades m\u00e1s violentas del mundo, y que hoy apuestan e inician un proceso de confianza en un Gobierno que ha hablado de Paz Total\u201d, manifest\u00f3 el Mandatario.<\/p>\n\n\n\n<p><strong>Priorizaci\u00f3n de recursos<\/strong><\/p>\n\n\n\n<p>Asimismo, el Jefe de Estado se refiri\u00f3 a la importancia de priorizar la inversi\u00f3n de los recursos del Estado para favorecer a los m\u00e1s vulnerables en los territorios.<\/p>\n\n\n\n<p>\u201cLograr un proceso de emancipaci\u00f3n de la regi\u00f3n, yo creo que es la base de la pacificaci\u00f3n real del Pac\u00edfico. Los j\u00f3venes de los \u2018Shottas\u2019 y los \u2018Espartanos\u2019, lo que van a terminar demand\u00e1ndonos son oportunidades\u201d de educaci\u00f3n, de ingresos y de h\u00e1bitat digno, indic\u00f3 el Presidente, quien agreg\u00f3 que eso implica priorizar los recursos para que lleguen \u201cprimero a la poblaci\u00f3n m\u00e1s excluida de Colombia\u201d.<\/p>\n\n\n\n<figure class=\"wp-block-gallery has-nested-images columns-default is-cropped wp-block-gallery-2 is-layout-flex wp-block-gallery-is-layout-flex\">\n<figure class=\"wp-block-image size-large\"><img decoding=\"async\" data-id=\"41568\" src=\"https:\/\/luchonoticias.com\/wp-content\/uploads\/2022\/12\/WhatsApp-Image-2022-12-07-at-6.00.16-PM.jpeg\" alt=\"\" class=\"wp-image-41568\"\/><\/figure>\n\n\n\n<figure class=\"wp-block-image size-large\"><img decoding=\"async\" data-id=\"41567\" src=\"https:\/\/luchonoticias.com\/wp-content\/uploads\/2022\/12\/WhatsApp-Image-2022-12-07-at-6.00.17-PM.jpeg\" alt=\"\" class=\"wp-image-41567\"\/><\/figure>\n\n\n\n<figure class=\"wp-block-image size-large\"><img decoding=\"async\" data-id=\"41569\" src=\"https:\/\/luchonoticias.com\/wp-content\/uploads\/2022\/12\/WhatsApp-Image-2022-12-07-at-6.00.19-PM-1.jpeg\" alt=\"\" class=\"wp-image-41569\"\/><\/figure>\n<\/figure>\n\n\n\n<p>El Presidente Petro estuvo en los actos de cierre del evento acompa\u00f1ado por la Vicepresidenta de la Rep\u00fablica, Francia M\u00e1rquez Mina; el Alto Comisionado para la Paz, Danilo Rueda; representantes de la comunidad internacional y miembros del Gobierno Nacional y regional.<\/p>\n","protected":false},"excerpt":{"rendered":"<p>El Presidente Gustavo Petro afirm\u00f3 este mi\u00e9rcoles que el Gobierno del Cambio apoyar\u00e1 la estrategia de convivencia \u2018Buenaventura, potencia de la vida en Paz Total\u2019, y plante\u00f3 que este proceso de paz urbana, que ha derivado en una reducci\u00f3n considerable de homicidios en este puerto del Pac\u00edfico, se extienda a otras regiones del pa\u00eds con [&hellip;]<\/p>\n","protected":false},"author":1,"featured_media":0,"comment_status":"open","ping_status":"open","sticky":false,"template":"","format":"standard","meta":{"footnotes":""},"categories":[36,32],"tags":[],"class_list":["post-41563","post","type-post","status-publish","format-standard","hentry","category-destacado","category-nacional"],"yoast_head":"<!-- This site is optimized with the Yoast SEO plugin v26.6 - https:\/\/yoast.com\/wordpress\/plugins\/seo\/ -->\n<title>Presidente Petro plantea que \u201cproceso de paz urbano\u201d en Buenaventura podr\u00eda extenderse a otras regiones del pa\u00eds -<\/title>\n<meta name=\"robots\" content=\"index, follow, max-snippet:-1, max-image-preview:large, max-video-preview:-1\" \/>\n<link rel=\"canonical\" href=\"https:\/\/luchonoticias.com\/editor\/presidente-petro-plantea-que-proceso-de-paz-urbano-en-buenaventura-podria-extenderse-a-otras-regiones-del-pais\/\" \/>\n<meta property=\"og:locale\" content=\"es_ES\" \/>\n<meta property=\"og:type\" content=\"article\" \/>\n<meta property=\"og:title\" content=\"Presidente Petro plantea que \u201cproceso de paz urbano\u201d en Buenaventura podr\u00eda extenderse a otras regiones del pa\u00eds -\" \/>\n<meta property=\"og:url\" content=\"https:\/\/luchonoticias.com\/editor\/presidente-petro-plantea-que-proceso-de-paz-urbano-en-buenaventura-podria-extenderse-a-otras-regiones-del-pais\/\" \/>\n<meta property=\"article:publisher\" content=\"https:\/\/www.facebook.com\/luchonoticiasneiva\" \/>\n<meta property=\"article:author\" content=\"https:\/\/www.facebook.com\/luchonoticiasneiva\" \/>\n<meta property=\"article:published_time\" content=\"2022-12-08T10:09:47+00:00\" \/>\n<meta property=\"article:modified_time\" content=\"2022-12-08T10:09:48+00:00\" \/>\n<meta property=\"og:image\" content=\"https:\/\/luchonoticias.com\/wp-content\/uploads\/2022\/12\/WhatsApp-Image-2022-12-07-at-6.00.22-PM.jpeg\" \/>\n<meta name=\"author\" content=\"admin\" \/>\n<meta name=\"twitter:card\" content=\"summary_large_image\" \/>\n<meta name=\"twitter:label1\" content=\"Escrito por\" \/>\n\t<meta name=\"twitter:data1\" content=\"admin\" \/>\n\t<meta name=\"twitter:label2\" content=\"Tiempo de lectura\" \/>\n\t<meta name=\"twitter:data2\" content=\"3 minutos\" \/>\n<script type=\"application\/ld+json\" class=\"yoast-schema-graph\">{\"@context\":\"https:\/\/schema.org\",\"@graph\":[{\"@type\":\"Article\",\"@id\":\"https:\/\/luchonoticias.com\/editor\/presidente-petro-plantea-que-proceso-de-paz-urbano-en-buenaventura-podria-extenderse-a-otras-regiones-del-pais\/#article\",\"isPartOf\":{\"@id\":\"https:\/\/luchonoticias.com\/editor\/presidente-petro-plantea-que-proceso-de-paz-urbano-en-buenaventura-podria-extenderse-a-otras-regiones-del-pais\/\"},\"author\":{\"name\":\"admin\",\"@id\":\"https:\/\/luchonoticias.com\/editor\/#\/schema\/person\/7a7fd911f58561fd056dbac7b55af9cd\"},\"headline\":\"Presidente Petro plantea que \u201cproceso de paz urbano\u201d en Buenaventura podr\u00eda extenderse a otras regiones del pa\u00eds\",\"datePublished\":\"2022-12-08T10:09:47+00:00\",\"dateModified\":\"2022-12-08T10:09:48+00:00\",\"mainEntityOfPage\":{\"@id\":\"https:\/\/luchonoticias.com\/editor\/presidente-petro-plantea-que-proceso-de-paz-urbano-en-buenaventura-podria-extenderse-a-otras-regiones-del-pais\/\"},\"wordCount\":534,\"commentCount\":0,\"publisher\":{\"@id\":\"https:\/\/luchonoticias.com\/editor\/#\/schema\/person\/7a7fd911f58561fd056dbac7b55af9cd\"},\"image\":{\"@id\":\"https:\/\/luchonoticias.com\/editor\/presidente-petro-plantea-que-proceso-de-paz-urbano-en-buenaventura-podria-extenderse-a-otras-regiones-del-pais\/#primaryimage\"},\"thumbnailUrl\":\"https:\/\/luchonoticias.com\/wp-content\/uploads\/2022\/12\/WhatsApp-Image-2022-12-07-at-6.00.22-PM.jpeg\",\"articleSection\":[\"Destacado\",\"Nacional\"],\"inLanguage\":\"es\",\"potentialAction\":[{\"@type\":\"CommentAction\",\"name\":\"Comment\",\"target\":[\"https:\/\/luchonoticias.com\/editor\/presidente-petro-plantea-que-proceso-de-paz-urbano-en-buenaventura-podria-extenderse-a-otras-regiones-del-pais\/#respond\"]}]},{\"@type\":\"WebPage\",\"@id\":\"https:\/\/luchonoticias.com\/editor\/presidente-petro-plantea-que-proceso-de-paz-urbano-en-buenaventura-podria-extenderse-a-otras-regiones-del-pais\/\",\"url\":\"https:\/\/luchonoticias.com\/editor\/presidente-petro-plantea-que-proceso-de-paz-urbano-en-buenaventura-podria-extenderse-a-otras-regiones-del-pais\/\",\"name\":\"Presidente Petro plantea que \u201cproceso de paz urbano\u201d en Buenaventura podr\u00eda extenderse a otras regiones del pa\u00eds -\",\"isPartOf\":{\"@id\":\"https:\/\/luchonoticias.com\/editor\/#website\"},\"primaryImageOfPage\":{\"@id\":\"https:\/\/luchonoticias.com\/editor\/presidente-petro-plantea-que-proceso-de-paz-urbano-en-buenaventura-podria-extenderse-a-otras-regiones-del-pais\/#primaryimage\"},\"image\":{\"@id\":\"https:\/\/luchonoticias.com\/editor\/presidente-petro-plantea-que-proceso-de-paz-urbano-en-buenaventura-podria-extenderse-a-otras-regiones-del-pais\/#primaryimage\"},\"thumbnailUrl\":\"https:\/\/luchonoticias.com\/wp-content\/uploads\/2022\/12\/WhatsApp-Image-2022-12-07-at-6.00.22-PM.jpeg\",\"datePublished\":\"2022-12-08T10:09:47+00:00\",\"dateModified\":\"2022-12-08T10:09:48+00:00\",\"breadcrumb\":{\"@id\":\"https:\/\/luchonoticias.com\/editor\/presidente-petro-plantea-que-proceso-de-paz-urbano-en-buenaventura-podria-extenderse-a-otras-regiones-del-pais\/#breadcrumb\"},\"inLanguage\":\"es\",\"potentialAction\":[{\"@type\":\"ReadAction\",\"target\":[\"https:\/\/luchonoticias.com\/editor\/presidente-petro-plantea-que-proceso-de-paz-urbano-en-buenaventura-podria-extenderse-a-otras-regiones-del-pais\/\"]}]},{\"@type\":\"ImageObject\",\"inLanguage\":\"es\",\"@id\":\"https:\/\/luchonoticias.com\/editor\/presidente-petro-plantea-que-proceso-de-paz-urbano-en-buenaventura-podria-extenderse-a-otras-regiones-del-pais\/#primaryimage\",\"url\":\"https:\/\/luchonoticias.com\/wp-content\/uploads\/2022\/12\/WhatsApp-Image-2022-12-07-at-6.00.22-PM.jpeg\",\"contentUrl\":\"https:\/\/luchonoticias.com\/wp-content\/uploads\/2022\/12\/WhatsApp-Image-2022-12-07-at-6.00.22-PM.jpeg\"},{\"@type\":\"BreadcrumbList\",\"@id\":\"https:\/\/luchonoticias.com\/editor\/presidente-petro-plantea-que-proceso-de-paz-urbano-en-buenaventura-podria-extenderse-a-otras-regiones-del-pais\/#breadcrumb\",\"itemListElement\":[{\"@type\":\"ListItem\",\"position\":1,\"name\":\"Portada\",\"item\":\"https:\/\/luchonoticias.com\/editor\/\"},{\"@type\":\"ListItem\",\"position\":2,\"name\":\"Presidente Petro plantea que \u201cproceso de paz urbano\u201d en Buenaventura podr\u00eda extenderse a otras regiones del pa\u00eds\"}]},{\"@type\":\"WebSite\",\"@id\":\"https:\/\/luchonoticias.com\/editor\/#website\",\"url\":\"https:\/\/luchonoticias.com\/editor\/\",\"name\":\"\",\"description\":\"\",\"publisher\":{\"@id\":\"https:\/\/luchonoticias.com\/editor\/#\/schema\/person\/7a7fd911f58561fd056dbac7b55af9cd\"},\"potentialAction\":[{\"@type\":\"SearchAction\",\"target\":{\"@type\":\"EntryPoint\",\"urlTemplate\":\"https:\/\/luchonoticias.com\/editor\/?s={search_term_string}\"},\"query-input\":{\"@type\":\"PropertyValueSpecification\",\"valueRequired\":true,\"valueName\":\"search_term_string\"}}],\"inLanguage\":\"es\"},{\"@type\":[\"Person\",\"Organization\"],\"@id\":\"https:\/\/luchonoticias.com\/editor\/#\/schema\/person\/7a7fd911f58561fd056dbac7b55af9cd\",\"name\":\"admin\",\"image\":{\"@type\":\"ImageObject\",\"inLanguage\":\"es\",\"@id\":\"https:\/\/luchonoticias.com\/editor\/#\/schema\/person\/image\/\",\"url\":\"https:\/\/luchonoticias.com\/editor\/wp-content\/uploads\/2024\/02\/cropped-cropped-logolu.webp\",\"contentUrl\":\"https:\/\/luchonoticias.com\/editor\/wp-content\/uploads\/2024\/02\/cropped-cropped-logolu.webp\",\"width\":382,\"height\":170,\"caption\":\"admin\"},\"logo\":{\"@id\":\"https:\/\/luchonoticias.com\/editor\/#\/schema\/person\/image\/\"},\"sameAs\":[\"https:\/\/www.facebook.com\/luchonoticiasneiva\"],\"url\":\"https:\/\/luchonoticias.com\/editor\/author\/admin\/\"}]}<\/script>\n<!-- \/ Yoast SEO plugin. -->","yoast_head_json":{"title":"Presidente Petro plantea que \u201cproceso de paz urbano\u201d en Buenaventura podr\u00eda extenderse a otras regiones del pa\u00eds -","robots":{"index":"index","follow":"follow","max-snippet":"max-snippet:-1","max-image-preview":"max-image-preview:large","max-video-preview":"max-video-preview:-1"},"canonical":"https:\/\/luchonoticias.com\/editor\/presidente-petro-plantea-que-proceso-de-paz-urbano-en-buenaventura-podria-extenderse-a-otras-regiones-del-pais\/","og_locale":"es_ES","og_type":"article","og_title":"Presidente Petro plantea que \u201cproceso de paz urbano\u201d en Buenaventura podr\u00eda extenderse a otras regiones del pa\u00eds -","og_url":"https:\/\/luchonoticias.com\/editor\/presidente-petro-plantea-que-proceso-de-paz-urbano-en-buenaventura-podria-extenderse-a-otras-regiones-del-pais\/","article_publisher":"https:\/\/www.facebook.com\/luchonoticiasneiva","article_author":"https:\/\/www.facebook.com\/luchonoticiasneiva","article_published_time":"2022-12-08T10:09:47+00:00","article_modified_time":"2022-12-08T10:09:48+00:00","og_image":[{"url":"https:\/\/luchonoticias.com\/wp-content\/uploads\/2022\/12\/WhatsApp-Image-2022-12-07-at-6.00.22-PM.jpeg","type":"","width":"","height":""}],"author":"admin","twitter_card":"summary_large_image","twitter_misc":{"Escrito por":"admin","Tiempo de lectura":"3 minutos"},"schema":{"@context":"https:\/\/schema.org","@graph":[{"@type":"Article","@id":"https:\/\/luchonoticias.com\/editor\/presidente-petro-plantea-que-proceso-de-paz-urbano-en-buenaventura-podria-extenderse-a-otras-regiones-del-pais\/#article","isPartOf":{"@id":"https:\/\/luchonoticias.com\/editor\/presidente-petro-plantea-que-proceso-de-paz-urbano-en-buenaventura-podria-extenderse-a-otras-regiones-del-pais\/"},"author":{"name":"admin","@id":"https:\/\/luchonoticias.com\/editor\/#\/schema\/person\/7a7fd911f58561fd056dbac7b55af9cd"},"headline":"Presidente Petro plantea que \u201cproceso de paz urbano\u201d en Buenaventura podr\u00eda extenderse a otras regiones del pa\u00eds","datePublished":"2022-12-08T10:09:47+00:00","dateModified":"2022-12-08T10:09:48+00:00","mainEntityOfPage":{"@id":"https:\/\/luchonoticias.com\/editor\/presidente-petro-plantea-que-proceso-de-paz-urbano-en-buenaventura-podria-extenderse-a-otras-regiones-del-pais\/"},"wordCount":534,"commentCount":0,"publisher":{"@id":"https:\/\/luchonoticias.com\/editor\/#\/schema\/person\/7a7fd911f58561fd056dbac7b55af9cd"},"image":{"@id":"https:\/\/luchonoticias.com\/editor\/presidente-petro-plantea-que-proceso-de-paz-urbano-en-buenaventura-podria-extenderse-a-otras-regiones-del-pais\/#primaryimage"},"thumbnailUrl":"https:\/\/luchonoticias.com\/wp-content\/uploads\/2022\/12\/WhatsApp-Image-2022-12-07-at-6.00.22-PM.jpeg","articleSection":["Destacado","Nacional"],"inLanguage":"es","potentialAction":[{"@type":"CommentAction","name":"Comment","target":["https:\/\/luchonoticias.com\/editor\/presidente-petro-plantea-que-proceso-de-paz-urbano-en-buenaventura-podria-extenderse-a-otras-regiones-del-pais\/#respond"]}]},{"@type":"WebPage","@id":"https:\/\/luchonoticias.com\/editor\/presidente-petro-plantea-que-proceso-de-paz-urbano-en-buenaventura-podria-extenderse-a-otras-regiones-del-pais\/","url":"https:\/\/luchonoticias.com\/editor\/presidente-petro-plantea-que-proceso-de-paz-urbano-en-buenaventura-podria-extenderse-a-otras-regiones-del-pais\/","name":"Presidente Petro plantea que \u201cproceso de paz urbano\u201d en Buenaventura podr\u00eda extenderse a otras regiones del pa\u00eds -","isPartOf":{"@id":"https:\/\/luchonoticias.com\/editor\/#website"},"primaryImageOfPage":{"@id":"https:\/\/luchonoticias.com\/editor\/presidente-petro-plantea-que-proceso-de-paz-urbano-en-buenaventura-podria-extenderse-a-otras-regiones-del-pais\/#primaryimage"},"image":{"@id":"https:\/\/luchonoticias.com\/editor\/presidente-petro-plantea-que-proceso-de-paz-urbano-en-buenaventura-podria-extenderse-a-otras-regiones-del-pais\/#primaryimage"},"thumbnailUrl":"https:\/\/luchonoticias.com\/wp-content\/uploads\/2022\/12\/WhatsApp-Image-2022-12-07-at-6.00.22-PM.jpeg","datePublished":"2022-12-08T10:09:47+00:00","dateModified":"2022-12-08T10:09:48+00:00","breadcrumb":{"@id":"https:\/\/luchonoticias.com\/editor\/presidente-petro-plantea-que-proceso-de-paz-urbano-en-buenaventura-podria-extenderse-a-otras-regiones-del-pais\/#breadcrumb"},"inLanguage":"es","potentialAction":[{"@type":"ReadAction","target":["https:\/\/luchonoticias.com\/editor\/presidente-petro-plantea-que-proceso-de-paz-urbano-en-buenaventura-podria-extenderse-a-otras-regiones-del-pais\/"]}]},{"@type":"ImageObject","inLanguage":"es","@id":"https:\/\/luchonoticias.com\/editor\/presidente-petro-plantea-que-proceso-de-paz-urbano-en-buenaventura-podria-extenderse-a-otras-regiones-del-pais\/#primaryimage","url":"https:\/\/luchonoticias.com\/wp-content\/uploads\/2022\/12\/WhatsApp-Image-2022-12-07-at-6.00.22-PM.jpeg","contentUrl":"https:\/\/luchonoticias.com\/wp-content\/uploads\/2022\/12\/WhatsApp-Image-2022-12-07-at-6.00.22-PM.jpeg"},{"@type":"BreadcrumbList","@id":"https:\/\/luchonoticias.com\/editor\/presidente-petro-plantea-que-proceso-de-paz-urbano-en-buenaventura-podria-extenderse-a-otras-regiones-del-pais\/#breadcrumb","itemListElement":[{"@type":"ListItem","position":1,"name":"Portada","item":"https:\/\/luchonoticias.com\/editor\/"},{"@type":"ListItem","position":2,"name":"Presidente Petro plantea que \u201cproceso de paz urbano\u201d en Buenaventura podr\u00eda extenderse a otras regiones del pa\u00eds"}]},{"@type":"WebSite","@id":"https:\/\/luchonoticias.com\/editor\/#website","url":"https:\/\/luchonoticias.com\/editor\/","name":"","description":"","publisher":{"@id":"https:\/\/luchonoticias.com\/editor\/#\/schema\/person\/7a7fd911f58561fd056dbac7b55af9cd"},"potentialAction":[{"@type":"SearchAction","target":{"@type":"EntryPoint","urlTemplate":"https:\/\/luchonoticias.com\/editor\/?s={search_term_string}"},"query-input":{"@type":"PropertyValueSpecification","valueRequired":true,"valueName":"search_term_string"}}],"inLanguage":"es"},{"@type":["Person","Organization"],"@id":"https:\/\/luchonoticias.com\/editor\/#\/schema\/person\/7a7fd911f58561fd056dbac7b55af9cd","name":"admin","image":{"@type":"ImageObject","inLanguage":"es","@id":"https:\/\/luchonoticias.com\/editor\/#\/schema\/person\/image\/","url":"https:\/\/luchonoticias.com\/editor\/wp-content\/uploads\/2024\/02\/cropped-cropped-logolu.webp","contentUrl":"https:\/\/luchonoticias.com\/editor\/wp-content\/uploads\/2024\/02\/cropped-cropped-logolu.webp","width":382,"height":170,"caption":"admin"},"logo":{"@id":"https:\/\/luchonoticias.com\/editor\/#\/schema\/person\/image\/"},"sameAs":["https:\/\/www.facebook.com\/luchonoticiasneiva"],"url":"https:\/\/luchonoticias.com\/editor\/author\/admin\/"}]}},"_links":{"self":[{"href":"https:\/\/luchonoticias.com\/editor\/wp-json\/wp\/v2\/posts\/41563","targetHints":{"allow":["GET"]}}],"collection":[{"href":"https:\/\/luchonoticias.com\/editor\/wp-json\/wp\/v2\/posts"}],"about":[{"href":"https:\/\/luchonoticias.com\/editor\/wp-json\/wp\/v2\/types\/post"}],"author":[{"embeddable":true,"href":"https:\/\/luchonoticias.com\/editor\/wp-json\/wp\/v2\/users\/1"}],"replies":[{"embeddable":true,"href":"https:\/\/luchonoticias.com\/editor\/wp-json\/wp\/v2\/comments?post=41563"}],"version-history":[{"count":0,"href":"https:\/\/luchonoticias.com\/editor\/wp-json\/wp\/v2\/posts\/41563\/revisions"}],"wp:attachment":[{"href":"https:\/\/luchonoticias.com\/editor\/wp-json\/wp\/v2\/media?parent=41563"}],"wp:term":[{"taxonomy":"category","embeddable":true,"href":"https:\/\/luchonoticias.com\/editor\/wp-json\/wp\/v2\/categories?post=41563"},{"taxonomy":"post_tag","embeddable":true,"href":"https:\/\/luchonoticias.com\/editor\/wp-json\/wp\/v2\/tags?post=41563"}],"curies":[{"name":"wp","href":"https:\/\/api.w.org\/{rel}","templated":true}]}}