{"id":41571,"date":"2022-12-08T05:14:16","date_gmt":"2022-12-08T10:14:16","guid":{"rendered":"https:\/\/luchonoticias.com\/?p=41571"},"modified":"2022-12-08T05:14:17","modified_gmt":"2022-12-08T10:14:17","slug":"inderhuila-ha-cumplido-los-acuerdos-en-la-minga-indigena-gobierno-departamental","status":"publish","type":"post","link":"https:\/\/luchonoticias.com\/editor\/inderhuila-ha-cumplido-los-acuerdos-en-la-minga-indigena-gobierno-departamental\/","title":{"rendered":"\u201cInderhuila ha cumplido los acuerdos en la minga ind\u00edgena\u201d: Gobierno Departamental"},"content":{"rendered":"\n<p>En el marco de los acuerdos de&nbsp; Minga entre el gobierno \u201cHuila Crece\u201d y las comunidades ind\u00edgenas del departamento del Huila, el Inderhuila, siguiendo las directrices del se\u00f1or gobernador, Luis Enrique Duss\u00e1n L\u00f3pez, ha avanzado con pasos importantes en el cumplimiento de los temas acordados con el Consejo Regional Ind\u00edgena del Huila-CRIHU.<\/p>\n\n\n\n<p>\u201cA trav\u00e9s del deporte nos hemos venido encontrando con nuestros hermanos ind\u00edgenas y hemos logrado avanzar en los acuerdos pactados en la conformaci\u00f3n de Escuelas Deportivas con dotaciones, la construcci\u00f3n de escenarios deportivos en las comunidades Fiw del Municipio de San Agust\u00edn y Nuevo Amanecer de La Plata y la realizaci\u00f3n de los Juegos Deportivos Ancestrales en el 2021 y 2022\u201d, anunci\u00f3 Mauro Sa\u00fal S\u00e1nchez Zambrano, director de Inderhuila.<\/p>\n\n\n\n<figure class=\"wp-block-gallery has-nested-images columns-default is-cropped wp-block-gallery-1 is-layout-flex wp-block-gallery-is-layout-flex\">\n<figure class=\"wp-block-image size-large\"><img decoding=\"async\" data-id=\"41574\" src=\"https:\/\/luchonoticias.com\/wp-content\/uploads\/2022\/12\/WhatsApp-Image-2022-12-07-at-10.32.05-AM-1.jpeg\" alt=\"\" class=\"wp-image-41574\"\/><\/figure>\n\n\n\n<figure class=\"wp-block-image size-large\"><img decoding=\"async\" data-id=\"41573\" src=\"https:\/\/luchonoticias.com\/wp-content\/uploads\/2022\/12\/WhatsApp-Image-2022-12-07-at-10.32.05-AM-2.jpeg\" alt=\"\" class=\"wp-image-41573\"\/><\/figure>\n\n\n\n<figure class=\"wp-block-image size-large\"><img decoding=\"async\" data-id=\"41575\" src=\"https:\/\/luchonoticias.com\/wp-content\/uploads\/2022\/12\/WhatsApp-Image-2022-12-07-at-10.32.04-AM-1.jpeg\" alt=\"\" class=\"wp-image-41575\"\/><\/figure>\n<\/figure>\n\n\n\n<p>De acuerdo a las tareas adelantadas por el Inderhuila, hay un cumplimiento del 65% con los temas acordados en la minga.<\/p>\n\n\n\n<p>\u201cHasta el momento como ya lo hemos dicho, el INDERHUILA, es una de las dependencias del gobierno \u201cHuila Crece\u201d que ha venido cumpliendo cabalmente con los acuerdos en la minga Ind\u00edgena.\u201d, anunci\u00f3, Floresmiro Toconas Musse, cuidandero ind\u00edgena y delegado por el CRIHU ante el Inderhuila.<\/p>\n\n\n\n<figure class=\"wp-block-gallery has-nested-images columns-default is-cropped wp-block-gallery-2 is-layout-flex wp-block-gallery-is-layout-flex\">\n<figure class=\"wp-block-image size-large\"><img decoding=\"async\" data-id=\"41576\" src=\"https:\/\/luchonoticias.com\/wp-content\/uploads\/2022\/12\/WhatsApp-Image-2022-12-07-at-10.32.04-AM.jpeg\" alt=\"\" class=\"wp-image-41576\"\/><\/figure>\n\n\n\n<figure class=\"wp-block-image size-large\"><img decoding=\"async\" data-id=\"41577\" src=\"https:\/\/luchonoticias.com\/wp-content\/uploads\/2022\/12\/WhatsApp-Image-2022-12-07-at-10.32.03-AM.jpeg\" alt=\"\" class=\"wp-image-41577\"\/><\/figure>\n<\/figure>\n\n\n\n<p>\u201cHay unos temas todav\u00eda por cumplir, que son de placas y parques infantiles; hicimos una ruta de trabajo entre las autoridades ind\u00edgenas y el INDERHUILA, en donde esperamos que el pr\u00f3ximo a\u00f1o se pueda ejecutar,\u00a0 para cumplir con el 100% de los acuerdos.\u201d, agreg\u00f3 Floresmiro Toconas Musse.<\/p>\n\n\n\n<figure class=\"wp-block-video\"><video controls src=\"https:\/\/luchonoticias.com\/wp-content\/uploads\/2022\/12\/WhatsApp-Video-2022-12-07-at-10.mp4\"><\/video><\/figure>\n","protected":false},"excerpt":{"rendered":"<p>En el marco de los acuerdos de&nbsp; Minga entre el gobierno \u201cHuila Crece\u201d y las comunidades ind\u00edgenas del departamento del Huila, el Inderhuila, siguiendo las directrices del se\u00f1or gobernador, Luis Enrique Duss\u00e1n L\u00f3pez, ha avanzado con pasos importantes en el cumplimiento de los temas acordados con el Consejo Regional Ind\u00edgena del Huila-CRIHU. \u201cA trav\u00e9s del [&hellip;]<\/p>\n","protected":false},"author":1,"featured_media":0,"comment_status":"open","ping_status":"open","sticky":false,"template":"","format":"standard","meta":{"footnotes":""},"categories":[36,33],"tags":[],"class_list":["post-41571","post","type-post","status-publish","format-standard","hentry","category-destacado","category-huila"],"yoast_head":"<!-- This site is optimized with the Yoast SEO plugin v26.6 - https:\/\/yoast.com\/wordpress\/plugins\/seo\/ -->\n<title>\u201cInderhuila ha cumplido los acuerdos en la minga ind\u00edgena\u201d: Gobierno Departamental -<\/title>\n<meta name=\"robots\" content=\"index, follow, max-snippet:-1, max-image-preview:large, max-video-preview:-1\" \/>\n<link rel=\"canonical\" href=\"https:\/\/luchonoticias.com\/editor\/inderhuila-ha-cumplido-los-acuerdos-en-la-minga-indigena-gobierno-departamental\/\" \/>\n<meta property=\"og:locale\" content=\"es_ES\" \/>\n<meta property=\"og:type\" content=\"article\" \/>\n<meta property=\"og:title\" content=\"\u201cInderhuila ha cumplido los acuerdos en la minga ind\u00edgena\u201d: Gobierno Departamental -\" \/>\n<meta property=\"og:url\" content=\"https:\/\/luchonoticias.com\/editor\/inderhuila-ha-cumplido-los-acuerdos-en-la-minga-indigena-gobierno-departamental\/\" \/>\n<meta property=\"article:publisher\" content=\"https:\/\/www.facebook.com\/luchonoticiasneiva\" \/>\n<meta property=\"article:author\" content=\"https:\/\/www.facebook.com\/luchonoticiasneiva\" \/>\n<meta property=\"article:published_time\" content=\"2022-12-08T10:14:16+00:00\" \/>\n<meta property=\"article:modified_time\" content=\"2022-12-08T10:14:17+00:00\" \/>\n<meta property=\"og:image\" content=\"https:\/\/luchonoticias.com\/wp-content\/uploads\/2022\/12\/WhatsApp-Image-2022-12-07-at-10.32.05-AM-1.jpeg\" \/>\n<meta name=\"author\" content=\"admin\" \/>\n<meta name=\"twitter:card\" content=\"summary_large_image\" \/>\n<meta name=\"twitter:label1\" content=\"Escrito por\" \/>\n\t<meta name=\"twitter:data1\" content=\"admin\" \/>\n\t<meta name=\"twitter:label2\" content=\"Tiempo de lectura\" \/>\n\t<meta name=\"twitter:data2\" content=\"1 minuto\" \/>\n<script type=\"application\/ld+json\" class=\"yoast-schema-graph\">{\"@context\":\"https:\/\/schema.org\",\"@graph\":[{\"@type\":\"Article\",\"@id\":\"https:\/\/luchonoticias.com\/editor\/inderhuila-ha-cumplido-los-acuerdos-en-la-minga-indigena-gobierno-departamental\/#article\",\"isPartOf\":{\"@id\":\"https:\/\/luchonoticias.com\/editor\/inderhuila-ha-cumplido-los-acuerdos-en-la-minga-indigena-gobierno-departamental\/\"},\"author\":{\"name\":\"admin\",\"@id\":\"https:\/\/luchonoticias.com\/editor\/#\/schema\/person\/7a7fd911f58561fd056dbac7b55af9cd\"},\"headline\":\"\u201cInderhuila ha cumplido los acuerdos en la minga ind\u00edgena\u201d: Gobierno Departamental\",\"datePublished\":\"2022-12-08T10:14:16+00:00\",\"dateModified\":\"2022-12-08T10:14:17+00:00\",\"mainEntityOfPage\":{\"@id\":\"https:\/\/luchonoticias.com\/editor\/inderhuila-ha-cumplido-los-acuerdos-en-la-minga-indigena-gobierno-departamental\/\"},\"wordCount\":262,\"commentCount\":0,\"publisher\":{\"@id\":\"https:\/\/luchonoticias.com\/editor\/#\/schema\/person\/7a7fd911f58561fd056dbac7b55af9cd\"},\"image\":{\"@id\":\"https:\/\/luchonoticias.com\/editor\/inderhuila-ha-cumplido-los-acuerdos-en-la-minga-indigena-gobierno-departamental\/#primaryimage\"},\"thumbnailUrl\":\"https:\/\/luchonoticias.com\/wp-content\/uploads\/2022\/12\/WhatsApp-Image-2022-12-07-at-10.32.05-AM-1.jpeg\",\"articleSection\":[\"Destacado\",\"Huila\"],\"inLanguage\":\"es\",\"potentialAction\":[{\"@type\":\"CommentAction\",\"name\":\"Comment\",\"target\":[\"https:\/\/luchonoticias.com\/editor\/inderhuila-ha-cumplido-los-acuerdos-en-la-minga-indigena-gobierno-departamental\/#respond\"]}]},{\"@type\":\"WebPage\",\"@id\":\"https:\/\/luchonoticias.com\/editor\/inderhuila-ha-cumplido-los-acuerdos-en-la-minga-indigena-gobierno-departamental\/\",\"url\":\"https:\/\/luchonoticias.com\/editor\/inderhuila-ha-cumplido-los-acuerdos-en-la-minga-indigena-gobierno-departamental\/\",\"name\":\"\u201cInderhuila ha cumplido los acuerdos en la minga ind\u00edgena\u201d: Gobierno Departamental -\",\"isPartOf\":{\"@id\":\"https:\/\/luchonoticias.com\/editor\/#website\"},\"primaryImageOfPage\":{\"@id\":\"https:\/\/luchonoticias.com\/editor\/inderhuila-ha-cumplido-los-acuerdos-en-la-minga-indigena-gobierno-departamental\/#primaryimage\"},\"image\":{\"@id\":\"https:\/\/luchonoticias.com\/editor\/inderhuila-ha-cumplido-los-acuerdos-en-la-minga-indigena-gobierno-departamental\/#primaryimage\"},\"thumbnailUrl\":\"https:\/\/luchonoticias.com\/wp-content\/uploads\/2022\/12\/WhatsApp-Image-2022-12-07-at-10.32.05-AM-1.jpeg\",\"datePublished\":\"2022-12-08T10:14:16+00:00\",\"dateModified\":\"2022-12-08T10:14:17+00:00\",\"breadcrumb\":{\"@id\":\"https:\/\/luchonoticias.com\/editor\/inderhuila-ha-cumplido-los-acuerdos-en-la-minga-indigena-gobierno-departamental\/#breadcrumb\"},\"inLanguage\":\"es\",\"potentialAction\":[{\"@type\":\"ReadAction\",\"target\":[\"https:\/\/luchonoticias.com\/editor\/inderhuila-ha-cumplido-los-acuerdos-en-la-minga-indigena-gobierno-departamental\/\"]}]},{\"@type\":\"ImageObject\",\"inLanguage\":\"es\",\"@id\":\"https:\/\/luchonoticias.com\/editor\/inderhuila-ha-cumplido-los-acuerdos-en-la-minga-indigena-gobierno-departamental\/#primaryimage\",\"url\":\"https:\/\/luchonoticias.com\/wp-content\/uploads\/2022\/12\/WhatsApp-Image-2022-12-07-at-10.32.05-AM-1.jpeg\",\"contentUrl\":\"https:\/\/luchonoticias.com\/wp-content\/uploads\/2022\/12\/WhatsApp-Image-2022-12-07-at-10.32.05-AM-1.jpeg\"},{\"@type\":\"BreadcrumbList\",\"@id\":\"https:\/\/luchonoticias.com\/editor\/inderhuila-ha-cumplido-los-acuerdos-en-la-minga-indigena-gobierno-departamental\/#breadcrumb\",\"itemListElement\":[{\"@type\":\"ListItem\",\"position\":1,\"name\":\"Portada\",\"item\":\"https:\/\/luchonoticias.com\/editor\/\"},{\"@type\":\"ListItem\",\"position\":2,\"name\":\"\u201cInderhuila ha cumplido los acuerdos en la minga ind\u00edgena\u201d: Gobierno Departamental\"}]},{\"@type\":\"WebSite\",\"@id\":\"https:\/\/luchonoticias.com\/editor\/#website\",\"url\":\"https:\/\/luchonoticias.com\/editor\/\",\"name\":\"\",\"description\":\"\",\"publisher\":{\"@id\":\"https:\/\/luchonoticias.com\/editor\/#\/schema\/person\/7a7fd911f58561fd056dbac7b55af9cd\"},\"potentialAction\":[{\"@type\":\"SearchAction\",\"target\":{\"@type\":\"EntryPoint\",\"urlTemplate\":\"https:\/\/luchonoticias.com\/editor\/?s={search_term_string}\"},\"query-input\":{\"@type\":\"PropertyValueSpecification\",\"valueRequired\":true,\"valueName\":\"search_term_string\"}}],\"inLanguage\":\"es\"},{\"@type\":[\"Person\",\"Organization\"],\"@id\":\"https:\/\/luchonoticias.com\/editor\/#\/schema\/person\/7a7fd911f58561fd056dbac7b55af9cd\",\"name\":\"admin\",\"image\":{\"@type\":\"ImageObject\",\"inLanguage\":\"es\",\"@id\":\"https:\/\/luchonoticias.com\/editor\/#\/schema\/person\/image\/\",\"url\":\"https:\/\/luchonoticias.com\/editor\/wp-content\/uploads\/2024\/02\/cropped-cropped-logolu.webp\",\"contentUrl\":\"https:\/\/luchonoticias.com\/editor\/wp-content\/uploads\/2024\/02\/cropped-cropped-logolu.webp\",\"width\":382,\"height\":170,\"caption\":\"admin\"},\"logo\":{\"@id\":\"https:\/\/luchonoticias.com\/editor\/#\/schema\/person\/image\/\"},\"sameAs\":[\"https:\/\/www.facebook.com\/luchonoticiasneiva\"],\"url\":\"https:\/\/luchonoticias.com\/editor\/author\/admin\/\"}]}<\/script>\n<!-- \/ Yoast SEO plugin. -->","yoast_head_json":{"title":"\u201cInderhuila ha cumplido los acuerdos en la minga ind\u00edgena\u201d: Gobierno Departamental -","robots":{"index":"index","follow":"follow","max-snippet":"max-snippet:-1","max-image-preview":"max-image-preview:large","max-video-preview":"max-video-preview:-1"},"canonical":"https:\/\/luchonoticias.com\/editor\/inderhuila-ha-cumplido-los-acuerdos-en-la-minga-indigena-gobierno-departamental\/","og_locale":"es_ES","og_type":"article","og_title":"\u201cInderhuila ha cumplido los acuerdos en la minga ind\u00edgena\u201d: Gobierno Departamental -","og_url":"https:\/\/luchonoticias.com\/editor\/inderhuila-ha-cumplido-los-acuerdos-en-la-minga-indigena-gobierno-departamental\/","article_publisher":"https:\/\/www.facebook.com\/luchonoticiasneiva","article_author":"https:\/\/www.facebook.com\/luchonoticiasneiva","article_published_time":"2022-12-08T10:14:16+00:00","article_modified_time":"2022-12-08T10:14:17+00:00","og_image":[{"url":"https:\/\/luchonoticias.com\/wp-content\/uploads\/2022\/12\/WhatsApp-Image-2022-12-07-at-10.32.05-AM-1.jpeg","type":"","width":"","height":""}],"author":"admin","twitter_card":"summary_large_image","twitter_misc":{"Escrito por":"admin","Tiempo de lectura":"1 minuto"},"schema":{"@context":"https:\/\/schema.org","@graph":[{"@type":"Article","@id":"https:\/\/luchonoticias.com\/editor\/inderhuila-ha-cumplido-los-acuerdos-en-la-minga-indigena-gobierno-departamental\/#article","isPartOf":{"@id":"https:\/\/luchonoticias.com\/editor\/inderhuila-ha-cumplido-los-acuerdos-en-la-minga-indigena-gobierno-departamental\/"},"author":{"name":"admin","@id":"https:\/\/luchonoticias.com\/editor\/#\/schema\/person\/7a7fd911f58561fd056dbac7b55af9cd"},"headline":"\u201cInderhuila ha cumplido los acuerdos en la minga ind\u00edgena\u201d: Gobierno Departamental","datePublished":"2022-12-08T10:14:16+00:00","dateModified":"2022-12-08T10:14:17+00:00","mainEntityOfPage":{"@id":"https:\/\/luchonoticias.com\/editor\/inderhuila-ha-cumplido-los-acuerdos-en-la-minga-indigena-gobierno-departamental\/"},"wordCount":262,"commentCount":0,"publisher":{"@id":"https:\/\/luchonoticias.com\/editor\/#\/schema\/person\/7a7fd911f58561fd056dbac7b55af9cd"},"image":{"@id":"https:\/\/luchonoticias.com\/editor\/inderhuila-ha-cumplido-los-acuerdos-en-la-minga-indigena-gobierno-departamental\/#primaryimage"},"thumbnailUrl":"https:\/\/luchonoticias.com\/wp-content\/uploads\/2022\/12\/WhatsApp-Image-2022-12-07-at-10.32.05-AM-1.jpeg","articleSection":["Destacado","Huila"],"inLanguage":"es","potentialAction":[{"@type":"CommentAction","name":"Comment","target":["https:\/\/luchonoticias.com\/editor\/inderhuila-ha-cumplido-los-acuerdos-en-la-minga-indigena-gobierno-departamental\/#respond"]}]},{"@type":"WebPage","@id":"https:\/\/luchonoticias.com\/editor\/inderhuila-ha-cumplido-los-acuerdos-en-la-minga-indigena-gobierno-departamental\/","url":"https:\/\/luchonoticias.com\/editor\/inderhuila-ha-cumplido-los-acuerdos-en-la-minga-indigena-gobierno-departamental\/","name":"\u201cInderhuila ha cumplido los acuerdos en la minga ind\u00edgena\u201d: Gobierno Departamental -","isPartOf":{"@id":"https:\/\/luchonoticias.com\/editor\/#website"},"primaryImageOfPage":{"@id":"https:\/\/luchonoticias.com\/editor\/inderhuila-ha-cumplido-los-acuerdos-en-la-minga-indigena-gobierno-departamental\/#primaryimage"},"image":{"@id":"https:\/\/luchonoticias.com\/editor\/inderhuila-ha-cumplido-los-acuerdos-en-la-minga-indigena-gobierno-departamental\/#primaryimage"},"thumbnailUrl":"https:\/\/luchonoticias.com\/wp-content\/uploads\/2022\/12\/WhatsApp-Image-2022-12-07-at-10.32.05-AM-1.jpeg","datePublished":"2022-12-08T10:14:16+00:00","dateModified":"2022-12-08T10:14:17+00:00","breadcrumb":{"@id":"https:\/\/luchonoticias.com\/editor\/inderhuila-ha-cumplido-los-acuerdos-en-la-minga-indigena-gobierno-departamental\/#breadcrumb"},"inLanguage":"es","potentialAction":[{"@type":"ReadAction","target":["https:\/\/luchonoticias.com\/editor\/inderhuila-ha-cumplido-los-acuerdos-en-la-minga-indigena-gobierno-departamental\/"]}]},{"@type":"ImageObject","inLanguage":"es","@id":"https:\/\/luchonoticias.com\/editor\/inderhuila-ha-cumplido-los-acuerdos-en-la-minga-indigena-gobierno-departamental\/#primaryimage","url":"https:\/\/luchonoticias.com\/wp-content\/uploads\/2022\/12\/WhatsApp-Image-2022-12-07-at-10.32.05-AM-1.jpeg","contentUrl":"https:\/\/luchonoticias.com\/wp-content\/uploads\/2022\/12\/WhatsApp-Image-2022-12-07-at-10.32.05-AM-1.jpeg"},{"@type":"BreadcrumbList","@id":"https:\/\/luchonoticias.com\/editor\/inderhuila-ha-cumplido-los-acuerdos-en-la-minga-indigena-gobierno-departamental\/#breadcrumb","itemListElement":[{"@type":"ListItem","position":1,"name":"Portada","item":"https:\/\/luchonoticias.com\/editor\/"},{"@type":"ListItem","position":2,"name":"\u201cInderhuila ha cumplido los acuerdos en la minga ind\u00edgena\u201d: Gobierno Departamental"}]},{"@type":"WebSite","@id":"https:\/\/luchonoticias.com\/editor\/#website","url":"https:\/\/luchonoticias.com\/editor\/","name":"","description":"","publisher":{"@id":"https:\/\/luchonoticias.com\/editor\/#\/schema\/person\/7a7fd911f58561fd056dbac7b55af9cd"},"potentialAction":[{"@type":"SearchAction","target":{"@type":"EntryPoint","urlTemplate":"https:\/\/luchonoticias.com\/editor\/?s={search_term_string}"},"query-input":{"@type":"PropertyValueSpecification","valueRequired":true,"valueName":"search_term_string"}}],"inLanguage":"es"},{"@type":["Person","Organization"],"@id":"https:\/\/luchonoticias.com\/editor\/#\/schema\/person\/7a7fd911f58561fd056dbac7b55af9cd","name":"admin","image":{"@type":"ImageObject","inLanguage":"es","@id":"https:\/\/luchonoticias.com\/editor\/#\/schema\/person\/image\/","url":"https:\/\/luchonoticias.com\/editor\/wp-content\/uploads\/2024\/02\/cropped-cropped-logolu.webp","contentUrl":"https:\/\/luchonoticias.com\/editor\/wp-content\/uploads\/2024\/02\/cropped-cropped-logolu.webp","width":382,"height":170,"caption":"admin"},"logo":{"@id":"https:\/\/luchonoticias.com\/editor\/#\/schema\/person\/image\/"},"sameAs":["https:\/\/www.facebook.com\/luchonoticiasneiva"],"url":"https:\/\/luchonoticias.com\/editor\/author\/admin\/"}]}},"_links":{"self":[{"href":"https:\/\/luchonoticias.com\/editor\/wp-json\/wp\/v2\/posts\/41571","targetHints":{"allow":["GET"]}}],"collection":[{"href":"https:\/\/luchonoticias.com\/editor\/wp-json\/wp\/v2\/posts"}],"about":[{"href":"https:\/\/luchonoticias.com\/editor\/wp-json\/wp\/v2\/types\/post"}],"author":[{"embeddable":true,"href":"https:\/\/luchonoticias.com\/editor\/wp-json\/wp\/v2\/users\/1"}],"replies":[{"embeddable":true,"href":"https:\/\/luchonoticias.com\/editor\/wp-json\/wp\/v2\/comments?post=41571"}],"version-history":[{"count":0,"href":"https:\/\/luchonoticias.com\/editor\/wp-json\/wp\/v2\/posts\/41571\/revisions"}],"wp:attachment":[{"href":"https:\/\/luchonoticias.com\/editor\/wp-json\/wp\/v2\/media?parent=41571"}],"wp:term":[{"taxonomy":"category","embeddable":true,"href":"https:\/\/luchonoticias.com\/editor\/wp-json\/wp\/v2\/categories?post=41571"},{"taxonomy":"post_tag","embeddable":true,"href":"https:\/\/luchonoticias.com\/editor\/wp-json\/wp\/v2\/tags?post=41571"}],"curies":[{"name":"wp","href":"https:\/\/api.w.org\/{rel}","templated":true}]}}