{"id":41586,"date":"2022-12-08T06:10:12","date_gmt":"2022-12-08T11:10:12","guid":{"rendered":"https:\/\/luchonoticias.com\/?p=41586"},"modified":"2022-12-08T06:10:13","modified_gmt":"2022-12-08T11:10:13","slug":"capturados-presuntos-integrantes-del-grupo-armado-residual-segunda-marquetalia-comision-sonia-la-pilosa","status":"publish","type":"post","link":"https:\/\/luchonoticias.com\/editor\/capturados-presuntos-integrantes-del-grupo-armado-residual-segunda-marquetalia-comision-sonia-la-pilosa\/","title":{"rendered":"Capturados presuntos integrantes del grupo armado residual Segunda Marquetal\u00eda comisi\u00f3n Sonia La Pilosa."},"content":{"rendered":"\n<p>La Polic\u00eda Nacional en cabeza del Grupo GAULA y dando continuidad a la Ley 2197 de Fortalecimiento a la Seguridad Ciudadana, en las \u00faltimas horas, logr\u00f3 afectar de manera considerable al Grupo Armado Organizado Residual Estructura De La Segunda Marquetal\u00eda.<\/p>\n\n\n\n<p>De esta forma, uniformados del Grupo Antisecuestro y Antiextorsi\u00f3n GAULA con el apoyo de la Fiscal\u00eda General de la Naci\u00f3n en las \u00faltimas horas, lograron materializar cinco (05) capturas por orden judicial a integrantes de las red de apoyo a la estructura residual, por los delitos de Concierto para delinquir y Extorsi\u00f3n as\u00ed:<\/p>\n\n\n\n<p>\u00a0Maximino Espinosa Murcia conocido como \u201cM\u00e1ximo\u201d este sujeto es el cabecilla de la red de apoyo del\u00a0 Grupo Armado Residual Segunda Marquetalia,\u00a0 por el delito de extorsi\u00f3n; quien bajo su rol como presidente de junta de acci\u00f3n comunal de la vereda Las Morras del municipio de San Vicente del Cagu\u00e1n Caquet\u00e1, alias M\u00e1ximo, era el encargado de perfilar y citar presidentes de junta de acci\u00f3n comunal, agricultores y comunidad en general de Vegalarga Huila, a zonas de injerencia del mencionado grupo armado, donde les realizaban exigencias que oscilaban entre 3 y 50 millones de pesos.<\/p>\n\n\n\n<figure class=\"wp-block-gallery has-nested-images columns-default is-cropped wp-block-gallery-1 is-layout-flex wp-block-gallery-is-layout-flex\">\n<figure class=\"wp-block-image size-large\"><img decoding=\"async\" data-id=\"41588\" src=\"https:\/\/luchonoticias.com\/wp-content\/uploads\/2022\/12\/WhatsApp-Image-2022-12-07-at-2.50.45-PM-1024x547.jpeg\" alt=\"\" class=\"wp-image-41588\"\/><\/figure>\n<\/figure>\n\n\n\n<p>\u00a0Para la fecha de los hechos denunciados, el capturado obedec\u00eda \u00f3rdenes de alias \u00abBrandon\u00bb; \u00e9ste \u00faltimo, abatido por la fuerza p\u00fablica en zona rural del municipio de Puerto Rico Caquet\u00e1 en el mes de septiembre del 2021.<\/p>\n\n\n\n<p>Alias M\u00e1ximo es padre de Edilson Espinosa Soto integrante del brazo armado de la Segunda Marquetalia tambi\u00e9n capturado por el GAULA Huila en el mes de junio de 2022.<\/p>\n\n\n\n<p>Dentro del proceso investigativo se lograron establecer 10 v\u00edctimas, y la conexidad de 04 noticias criminales.<\/p>\n\n\n\n<p>&nbsp;Derbi Sandy Diaz Gaona- Alias \u201cMonochesero\u201d Integrante Del GAOR Segunda Marquetalia, mediante orden de capturada por el delito de extorsi\u00f3n; obteniendo con esto una importante afectaci\u00f3n a este GAOR.<\/p>\n\n\n\n<p>Alias el monochesero era el encargado de recolectar informaci\u00f3n del perfil de las v\u00edctimas y posteriormente entregarla al jefe de finanzas de la estructura delincuencial segunda Marquetalia de las FARC. El perfil de las v\u00edctimas eran comerciantes de los municipios de Neiva, Campoalegre, Hobo y Gigante.&nbsp;<\/p>\n\n\n\n<p>Bajo la fachada de ser comerciante de quesos en los departamentos de Caquet\u00e1 y Huila, alias Monochesero era el encargado de perfilar y citar potenciales v\u00edctimas de extorsi\u00f3n.<\/p>\n\n\n\n<p>El capturado obedec\u00eda \u00f3rdenes de alias \u00abWillington\u00bb cabecilla de finanzas de la comisi\u00f3n Sonia la pilosa. Este \u00faltimo, quien se encuentra privado de la libertad recib\u00eda a las v\u00edctimas en zona rural de los municipios de Vegalarga y Tello en el departamento del Huila donde les exig\u00edan sumas de hasta 50 millones de pesos.<\/p>\n\n\n\n<figure class=\"wp-block-gallery has-nested-images columns-default is-cropped wp-block-gallery-2 is-layout-flex wp-block-gallery-is-layout-flex\">\n<figure class=\"wp-block-image size-large\"><img decoding=\"async\" data-id=\"41589\" src=\"https:\/\/luchonoticias.com\/wp-content\/uploads\/2022\/12\/WhatsApp-Image-2022-12-07-at-2.51.57-PM.jpeg\" alt=\"\" class=\"wp-image-41589\"\/><\/figure>\n\n\n\n<figure class=\"wp-block-image size-large\"><img decoding=\"async\" data-id=\"41590\" src=\"https:\/\/luchonoticias.com\/wp-content\/uploads\/2022\/12\/WhatsApp-Image-2022-12-07-at-2.52.09-PM-1024x661.jpeg\" alt=\"\" class=\"wp-image-41590\"\/><\/figure>\n<\/figure>\n\n\n\n<p>En zona rural de Tibacuy Cundinamarca, se logr\u00f3 la captura de Maricela&nbsp; Santos&nbsp; Perdomo conocida como \u00abClaudia \u201d, de 35 a\u00f1os&nbsp; edad, compa\u00f1era sentimental del jefe de finanzas de la Segunda Marquetal\u00eda.<\/p>\n\n\n\n<p>Esta ciudadana era la encargada de georreferenciar victimas de extorsi\u00f3n en el sector de Vegalarga Huila, coadyuvando al fortalecimiento financiero y log\u00edstico del Grupo Armado Organizado.&nbsp;<\/p>\n\n\n\n<p>En zona urbana de la ciudad de Neiva, se logr\u00f3 la captura de Joan Nicolas Sandoval Mosquera o Albeiro\u201d, de 18 a\u00f1os de edad, particular encargado de facilitar los medios log\u00edsticos para la recolecci\u00f3n de los dineros producto de extorsi\u00f3n&nbsp; a diferentes gremios de estas jurisdicciones, en especial personas representativas de las zonas veredales.<\/p>\n\n\n\n<p>Este ciudadano contaba con detenci\u00f3n privativa de la libertad en su domicilio, por el delito de receptaci\u00f3n.&nbsp;<\/p>\n\n\n\n<p>Adem\u00e1s cuenta diferentes registros y anotaciones por los delitos de Hurto y Da\u00f1o en bien ajeno.&nbsp;<\/p>\n\n\n\n<p>En zona urbana de la ciudad de Neiva, se logr\u00f3 la captura de Liliana Patricia Mosquera Tapias conocida como \u201cLiliana o la Mona\u201d, de 38 a\u00f1os de edad, ciudadana encargada de recolectar el dinero producto de la extorsi\u00f3n en la ciudad de Neiva, para lo cual se articulaba con su hijo Joan Nicol\u00e1s Sandoval Mosquera.<\/p>\n\n\n\n<p>Esta ciudadana presenta antecedentes, por los delitos de Homicidio, hurto calificado y agravado y Extorsi\u00f3n.&nbsp;&nbsp;<\/p>\n\n\n\n<p>Como consecuencia tras 8 meses de investigaci\u00f3n, para recolecci\u00f3n de&nbsp; elementos materiales probatorios, se realizaron diferentes actos de investigaci\u00f3n, tales como;&nbsp; interceptaci\u00f3n de l\u00edneas telef\u00f3nicas, reconocimientos en \u00e1lbum fotogr\u00e1ficos, entrevista a v\u00edctimas y testigos, vigilancias y seguimientos.&nbsp;&nbsp;&nbsp;&nbsp;&nbsp;&nbsp;&nbsp;&nbsp;<\/p>\n\n\n\n<p>Dentro del proceso investigativo fue posible determinar que estas personas, afectaron m\u00e1s de diez (10) v\u00edctimas de extorsi\u00f3n, logrando la consecuci\u00f3n de m\u00e1s de $80.000.000 Mcte en el departamento del Huila&nbsp;&nbsp;&nbsp;&nbsp;<\/p>\n\n\n\n<p>As\u00ed las cosas, \u00abMaximino\u00bb, \u00abClaudia\u00bb, \u00abLiliana la Mona\u00bb \u00abNicolas o Albeiro y \u201c Monochesero \u00ab, fueron&nbsp; dejados a disposici\u00f3n de un juez de control de garant\u00edas, quien analizados los elementos materiales probatorios y evidencia f\u00edsica, decidi\u00f3 proferir medida de aseguramiento en establecimiento carcelario y penitenciario a los capturados.<\/p>\n\n\n\n<p>La Polic\u00eda Nacional, recomienda a los gremios de caficultores, ganaderos y comerciantes, que ante cualquier pretensi\u00f3n econ\u00f3mica por parte de estos grupos armados organizados, se comunican con las l\u00edneas de atenci\u00f3n de la Polic\u00eda Nacional, con el fin de contrarrestar el fen\u00f3meno y los eslabones de estos grupos delictivos.&nbsp;&nbsp;&nbsp;&nbsp;&nbsp;<\/p>\n","protected":false},"excerpt":{"rendered":"<p>La Polic\u00eda Nacional en cabeza del Grupo GAULA y dando continuidad a la Ley 2197 de Fortalecimiento a la Seguridad Ciudadana, en las \u00faltimas horas, logr\u00f3 afectar de manera considerable al Grupo Armado Organizado Residual Estructura De La Segunda Marquetal\u00eda. De esta forma, uniformados del Grupo Antisecuestro y Antiextorsi\u00f3n GAULA con el apoyo de la [&hellip;]<\/p>\n","protected":false},"author":1,"featured_media":0,"comment_status":"open","ping_status":"open","sticky":false,"template":"","format":"standard","meta":{"footnotes":""},"categories":[36,29],"tags":[],"class_list":["post-41586","post","type-post","status-publish","format-standard","hentry","category-destacado","category-judicial"],"yoast_head":"<!-- This site is optimized with the Yoast SEO plugin v26.6 - https:\/\/yoast.com\/wordpress\/plugins\/seo\/ -->\n<title>Capturados presuntos integrantes del grupo armado residual Segunda Marquetal\u00eda comisi\u00f3n Sonia La Pilosa. -<\/title>\n<meta name=\"robots\" content=\"index, follow, max-snippet:-1, max-image-preview:large, max-video-preview:-1\" \/>\n<link rel=\"canonical\" href=\"https:\/\/luchonoticias.com\/editor\/capturados-presuntos-integrantes-del-grupo-armado-residual-segunda-marquetalia-comision-sonia-la-pilosa\/\" \/>\n<meta property=\"og:locale\" content=\"es_ES\" \/>\n<meta property=\"og:type\" content=\"article\" \/>\n<meta property=\"og:title\" content=\"Capturados presuntos integrantes del grupo armado residual Segunda Marquetal\u00eda comisi\u00f3n Sonia La Pilosa. -\" \/>\n<meta property=\"og:url\" content=\"https:\/\/luchonoticias.com\/editor\/capturados-presuntos-integrantes-del-grupo-armado-residual-segunda-marquetalia-comision-sonia-la-pilosa\/\" \/>\n<meta property=\"article:publisher\" content=\"https:\/\/www.facebook.com\/luchonoticiasneiva\" \/>\n<meta property=\"article:author\" content=\"https:\/\/www.facebook.com\/luchonoticiasneiva\" \/>\n<meta property=\"article:published_time\" content=\"2022-12-08T11:10:12+00:00\" \/>\n<meta property=\"article:modified_time\" content=\"2022-12-08T11:10:13+00:00\" \/>\n<meta property=\"og:image\" content=\"https:\/\/luchonoticias.com\/wp-content\/uploads\/2022\/12\/WhatsApp-Image-2022-12-07-at-2.50.45-PM-1024x547.jpeg\" \/>\n<meta name=\"author\" content=\"admin\" \/>\n<meta name=\"twitter:card\" content=\"summary_large_image\" \/>\n<meta name=\"twitter:label1\" content=\"Escrito por\" \/>\n\t<meta name=\"twitter:data1\" content=\"admin\" \/>\n\t<meta name=\"twitter:label2\" content=\"Tiempo de lectura\" \/>\n\t<meta name=\"twitter:data2\" content=\"4 minutos\" \/>\n<script type=\"application\/ld+json\" class=\"yoast-schema-graph\">{\"@context\":\"https:\/\/schema.org\",\"@graph\":[{\"@type\":\"Article\",\"@id\":\"https:\/\/luchonoticias.com\/editor\/capturados-presuntos-integrantes-del-grupo-armado-residual-segunda-marquetalia-comision-sonia-la-pilosa\/#article\",\"isPartOf\":{\"@id\":\"https:\/\/luchonoticias.com\/editor\/capturados-presuntos-integrantes-del-grupo-armado-residual-segunda-marquetalia-comision-sonia-la-pilosa\/\"},\"author\":{\"name\":\"admin\",\"@id\":\"https:\/\/luchonoticias.com\/editor\/#\/schema\/person\/7a7fd911f58561fd056dbac7b55af9cd\"},\"headline\":\"Capturados presuntos integrantes del grupo armado residual Segunda Marquetal\u00eda comisi\u00f3n Sonia La Pilosa.\",\"datePublished\":\"2022-12-08T11:10:12+00:00\",\"dateModified\":\"2022-12-08T11:10:13+00:00\",\"mainEntityOfPage\":{\"@id\":\"https:\/\/luchonoticias.com\/editor\/capturados-presuntos-integrantes-del-grupo-armado-residual-segunda-marquetalia-comision-sonia-la-pilosa\/\"},\"wordCount\":904,\"commentCount\":0,\"publisher\":{\"@id\":\"https:\/\/luchonoticias.com\/editor\/#\/schema\/person\/7a7fd911f58561fd056dbac7b55af9cd\"},\"image\":{\"@id\":\"https:\/\/luchonoticias.com\/editor\/capturados-presuntos-integrantes-del-grupo-armado-residual-segunda-marquetalia-comision-sonia-la-pilosa\/#primaryimage\"},\"thumbnailUrl\":\"https:\/\/luchonoticias.com\/wp-content\/uploads\/2022\/12\/WhatsApp-Image-2022-12-07-at-2.50.45-PM-1024x547.jpeg\",\"articleSection\":[\"Destacado\",\"Judicial\"],\"inLanguage\":\"es\",\"potentialAction\":[{\"@type\":\"CommentAction\",\"name\":\"Comment\",\"target\":[\"https:\/\/luchonoticias.com\/editor\/capturados-presuntos-integrantes-del-grupo-armado-residual-segunda-marquetalia-comision-sonia-la-pilosa\/#respond\"]}]},{\"@type\":\"WebPage\",\"@id\":\"https:\/\/luchonoticias.com\/editor\/capturados-presuntos-integrantes-del-grupo-armado-residual-segunda-marquetalia-comision-sonia-la-pilosa\/\",\"url\":\"https:\/\/luchonoticias.com\/editor\/capturados-presuntos-integrantes-del-grupo-armado-residual-segunda-marquetalia-comision-sonia-la-pilosa\/\",\"name\":\"Capturados presuntos integrantes del grupo armado residual Segunda Marquetal\u00eda comisi\u00f3n Sonia La Pilosa. -\",\"isPartOf\":{\"@id\":\"https:\/\/luchonoticias.com\/editor\/#website\"},\"primaryImageOfPage\":{\"@id\":\"https:\/\/luchonoticias.com\/editor\/capturados-presuntos-integrantes-del-grupo-armado-residual-segunda-marquetalia-comision-sonia-la-pilosa\/#primaryimage\"},\"image\":{\"@id\":\"https:\/\/luchonoticias.com\/editor\/capturados-presuntos-integrantes-del-grupo-armado-residual-segunda-marquetalia-comision-sonia-la-pilosa\/#primaryimage\"},\"thumbnailUrl\":\"https:\/\/luchonoticias.com\/wp-content\/uploads\/2022\/12\/WhatsApp-Image-2022-12-07-at-2.50.45-PM-1024x547.jpeg\",\"datePublished\":\"2022-12-08T11:10:12+00:00\",\"dateModified\":\"2022-12-08T11:10:13+00:00\",\"breadcrumb\":{\"@id\":\"https:\/\/luchonoticias.com\/editor\/capturados-presuntos-integrantes-del-grupo-armado-residual-segunda-marquetalia-comision-sonia-la-pilosa\/#breadcrumb\"},\"inLanguage\":\"es\",\"potentialAction\":[{\"@type\":\"ReadAction\",\"target\":[\"https:\/\/luchonoticias.com\/editor\/capturados-presuntos-integrantes-del-grupo-armado-residual-segunda-marquetalia-comision-sonia-la-pilosa\/\"]}]},{\"@type\":\"ImageObject\",\"inLanguage\":\"es\",\"@id\":\"https:\/\/luchonoticias.com\/editor\/capturados-presuntos-integrantes-del-grupo-armado-residual-segunda-marquetalia-comision-sonia-la-pilosa\/#primaryimage\",\"url\":\"https:\/\/luchonoticias.com\/wp-content\/uploads\/2022\/12\/WhatsApp-Image-2022-12-07-at-2.50.45-PM-1024x547.jpeg\",\"contentUrl\":\"https:\/\/luchonoticias.com\/wp-content\/uploads\/2022\/12\/WhatsApp-Image-2022-12-07-at-2.50.45-PM-1024x547.jpeg\"},{\"@type\":\"BreadcrumbList\",\"@id\":\"https:\/\/luchonoticias.com\/editor\/capturados-presuntos-integrantes-del-grupo-armado-residual-segunda-marquetalia-comision-sonia-la-pilosa\/#breadcrumb\",\"itemListElement\":[{\"@type\":\"ListItem\",\"position\":1,\"name\":\"Portada\",\"item\":\"https:\/\/luchonoticias.com\/editor\/\"},{\"@type\":\"ListItem\",\"position\":2,\"name\":\"Capturados presuntos integrantes del grupo armado residual Segunda Marquetal\u00eda comisi\u00f3n Sonia La Pilosa.\"}]},{\"@type\":\"WebSite\",\"@id\":\"https:\/\/luchonoticias.com\/editor\/#website\",\"url\":\"https:\/\/luchonoticias.com\/editor\/\",\"name\":\"\",\"description\":\"\",\"publisher\":{\"@id\":\"https:\/\/luchonoticias.com\/editor\/#\/schema\/person\/7a7fd911f58561fd056dbac7b55af9cd\"},\"potentialAction\":[{\"@type\":\"SearchAction\",\"target\":{\"@type\":\"EntryPoint\",\"urlTemplate\":\"https:\/\/luchonoticias.com\/editor\/?s={search_term_string}\"},\"query-input\":{\"@type\":\"PropertyValueSpecification\",\"valueRequired\":true,\"valueName\":\"search_term_string\"}}],\"inLanguage\":\"es\"},{\"@type\":[\"Person\",\"Organization\"],\"@id\":\"https:\/\/luchonoticias.com\/editor\/#\/schema\/person\/7a7fd911f58561fd056dbac7b55af9cd\",\"name\":\"admin\",\"image\":{\"@type\":\"ImageObject\",\"inLanguage\":\"es\",\"@id\":\"https:\/\/luchonoticias.com\/editor\/#\/schema\/person\/image\/\",\"url\":\"https:\/\/luchonoticias.com\/editor\/wp-content\/uploads\/2024\/02\/cropped-cropped-logolu.webp\",\"contentUrl\":\"https:\/\/luchonoticias.com\/editor\/wp-content\/uploads\/2024\/02\/cropped-cropped-logolu.webp\",\"width\":382,\"height\":170,\"caption\":\"admin\"},\"logo\":{\"@id\":\"https:\/\/luchonoticias.com\/editor\/#\/schema\/person\/image\/\"},\"sameAs\":[\"https:\/\/www.facebook.com\/luchonoticiasneiva\"],\"url\":\"https:\/\/luchonoticias.com\/editor\/author\/admin\/\"}]}<\/script>\n<!-- \/ Yoast SEO plugin. -->","yoast_head_json":{"title":"Capturados presuntos integrantes del grupo armado residual Segunda Marquetal\u00eda comisi\u00f3n Sonia La Pilosa. -","robots":{"index":"index","follow":"follow","max-snippet":"max-snippet:-1","max-image-preview":"max-image-preview:large","max-video-preview":"max-video-preview:-1"},"canonical":"https:\/\/luchonoticias.com\/editor\/capturados-presuntos-integrantes-del-grupo-armado-residual-segunda-marquetalia-comision-sonia-la-pilosa\/","og_locale":"es_ES","og_type":"article","og_title":"Capturados presuntos integrantes del grupo armado residual Segunda Marquetal\u00eda comisi\u00f3n Sonia La Pilosa. -","og_url":"https:\/\/luchonoticias.com\/editor\/capturados-presuntos-integrantes-del-grupo-armado-residual-segunda-marquetalia-comision-sonia-la-pilosa\/","article_publisher":"https:\/\/www.facebook.com\/luchonoticiasneiva","article_author":"https:\/\/www.facebook.com\/luchonoticiasneiva","article_published_time":"2022-12-08T11:10:12+00:00","article_modified_time":"2022-12-08T11:10:13+00:00","og_image":[{"url":"https:\/\/luchonoticias.com\/wp-content\/uploads\/2022\/12\/WhatsApp-Image-2022-12-07-at-2.50.45-PM-1024x547.jpeg","type":"","width":"","height":""}],"author":"admin","twitter_card":"summary_large_image","twitter_misc":{"Escrito por":"admin","Tiempo de lectura":"4 minutos"},"schema":{"@context":"https:\/\/schema.org","@graph":[{"@type":"Article","@id":"https:\/\/luchonoticias.com\/editor\/capturados-presuntos-integrantes-del-grupo-armado-residual-segunda-marquetalia-comision-sonia-la-pilosa\/#article","isPartOf":{"@id":"https:\/\/luchonoticias.com\/editor\/capturados-presuntos-integrantes-del-grupo-armado-residual-segunda-marquetalia-comision-sonia-la-pilosa\/"},"author":{"name":"admin","@id":"https:\/\/luchonoticias.com\/editor\/#\/schema\/person\/7a7fd911f58561fd056dbac7b55af9cd"},"headline":"Capturados presuntos integrantes del grupo armado residual Segunda Marquetal\u00eda comisi\u00f3n Sonia La Pilosa.","datePublished":"2022-12-08T11:10:12+00:00","dateModified":"2022-12-08T11:10:13+00:00","mainEntityOfPage":{"@id":"https:\/\/luchonoticias.com\/editor\/capturados-presuntos-integrantes-del-grupo-armado-residual-segunda-marquetalia-comision-sonia-la-pilosa\/"},"wordCount":904,"commentCount":0,"publisher":{"@id":"https:\/\/luchonoticias.com\/editor\/#\/schema\/person\/7a7fd911f58561fd056dbac7b55af9cd"},"image":{"@id":"https:\/\/luchonoticias.com\/editor\/capturados-presuntos-integrantes-del-grupo-armado-residual-segunda-marquetalia-comision-sonia-la-pilosa\/#primaryimage"},"thumbnailUrl":"https:\/\/luchonoticias.com\/wp-content\/uploads\/2022\/12\/WhatsApp-Image-2022-12-07-at-2.50.45-PM-1024x547.jpeg","articleSection":["Destacado","Judicial"],"inLanguage":"es","potentialAction":[{"@type":"CommentAction","name":"Comment","target":["https:\/\/luchonoticias.com\/editor\/capturados-presuntos-integrantes-del-grupo-armado-residual-segunda-marquetalia-comision-sonia-la-pilosa\/#respond"]}]},{"@type":"WebPage","@id":"https:\/\/luchonoticias.com\/editor\/capturados-presuntos-integrantes-del-grupo-armado-residual-segunda-marquetalia-comision-sonia-la-pilosa\/","url":"https:\/\/luchonoticias.com\/editor\/capturados-presuntos-integrantes-del-grupo-armado-residual-segunda-marquetalia-comision-sonia-la-pilosa\/","name":"Capturados presuntos integrantes del grupo armado residual Segunda Marquetal\u00eda comisi\u00f3n Sonia La Pilosa. -","isPartOf":{"@id":"https:\/\/luchonoticias.com\/editor\/#website"},"primaryImageOfPage":{"@id":"https:\/\/luchonoticias.com\/editor\/capturados-presuntos-integrantes-del-grupo-armado-residual-segunda-marquetalia-comision-sonia-la-pilosa\/#primaryimage"},"image":{"@id":"https:\/\/luchonoticias.com\/editor\/capturados-presuntos-integrantes-del-grupo-armado-residual-segunda-marquetalia-comision-sonia-la-pilosa\/#primaryimage"},"thumbnailUrl":"https:\/\/luchonoticias.com\/wp-content\/uploads\/2022\/12\/WhatsApp-Image-2022-12-07-at-2.50.45-PM-1024x547.jpeg","datePublished":"2022-12-08T11:10:12+00:00","dateModified":"2022-12-08T11:10:13+00:00","breadcrumb":{"@id":"https:\/\/luchonoticias.com\/editor\/capturados-presuntos-integrantes-del-grupo-armado-residual-segunda-marquetalia-comision-sonia-la-pilosa\/#breadcrumb"},"inLanguage":"es","potentialAction":[{"@type":"ReadAction","target":["https:\/\/luchonoticias.com\/editor\/capturados-presuntos-integrantes-del-grupo-armado-residual-segunda-marquetalia-comision-sonia-la-pilosa\/"]}]},{"@type":"ImageObject","inLanguage":"es","@id":"https:\/\/luchonoticias.com\/editor\/capturados-presuntos-integrantes-del-grupo-armado-residual-segunda-marquetalia-comision-sonia-la-pilosa\/#primaryimage","url":"https:\/\/luchonoticias.com\/wp-content\/uploads\/2022\/12\/WhatsApp-Image-2022-12-07-at-2.50.45-PM-1024x547.jpeg","contentUrl":"https:\/\/luchonoticias.com\/wp-content\/uploads\/2022\/12\/WhatsApp-Image-2022-12-07-at-2.50.45-PM-1024x547.jpeg"},{"@type":"BreadcrumbList","@id":"https:\/\/luchonoticias.com\/editor\/capturados-presuntos-integrantes-del-grupo-armado-residual-segunda-marquetalia-comision-sonia-la-pilosa\/#breadcrumb","itemListElement":[{"@type":"ListItem","position":1,"name":"Portada","item":"https:\/\/luchonoticias.com\/editor\/"},{"@type":"ListItem","position":2,"name":"Capturados presuntos integrantes del grupo armado residual Segunda Marquetal\u00eda comisi\u00f3n Sonia La Pilosa."}]},{"@type":"WebSite","@id":"https:\/\/luchonoticias.com\/editor\/#website","url":"https:\/\/luchonoticias.com\/editor\/","name":"","description":"","publisher":{"@id":"https:\/\/luchonoticias.com\/editor\/#\/schema\/person\/7a7fd911f58561fd056dbac7b55af9cd"},"potentialAction":[{"@type":"SearchAction","target":{"@type":"EntryPoint","urlTemplate":"https:\/\/luchonoticias.com\/editor\/?s={search_term_string}"},"query-input":{"@type":"PropertyValueSpecification","valueRequired":true,"valueName":"search_term_string"}}],"inLanguage":"es"},{"@type":["Person","Organization"],"@id":"https:\/\/luchonoticias.com\/editor\/#\/schema\/person\/7a7fd911f58561fd056dbac7b55af9cd","name":"admin","image":{"@type":"ImageObject","inLanguage":"es","@id":"https:\/\/luchonoticias.com\/editor\/#\/schema\/person\/image\/","url":"https:\/\/luchonoticias.com\/editor\/wp-content\/uploads\/2024\/02\/cropped-cropped-logolu.webp","contentUrl":"https:\/\/luchonoticias.com\/editor\/wp-content\/uploads\/2024\/02\/cropped-cropped-logolu.webp","width":382,"height":170,"caption":"admin"},"logo":{"@id":"https:\/\/luchonoticias.com\/editor\/#\/schema\/person\/image\/"},"sameAs":["https:\/\/www.facebook.com\/luchonoticiasneiva"],"url":"https:\/\/luchonoticias.com\/editor\/author\/admin\/"}]}},"_links":{"self":[{"href":"https:\/\/luchonoticias.com\/editor\/wp-json\/wp\/v2\/posts\/41586","targetHints":{"allow":["GET"]}}],"collection":[{"href":"https:\/\/luchonoticias.com\/editor\/wp-json\/wp\/v2\/posts"}],"about":[{"href":"https:\/\/luchonoticias.com\/editor\/wp-json\/wp\/v2\/types\/post"}],"author":[{"embeddable":true,"href":"https:\/\/luchonoticias.com\/editor\/wp-json\/wp\/v2\/users\/1"}],"replies":[{"embeddable":true,"href":"https:\/\/luchonoticias.com\/editor\/wp-json\/wp\/v2\/comments?post=41586"}],"version-history":[{"count":0,"href":"https:\/\/luchonoticias.com\/editor\/wp-json\/wp\/v2\/posts\/41586\/revisions"}],"wp:attachment":[{"href":"https:\/\/luchonoticias.com\/editor\/wp-json\/wp\/v2\/media?parent=41586"}],"wp:term":[{"taxonomy":"category","embeddable":true,"href":"https:\/\/luchonoticias.com\/editor\/wp-json\/wp\/v2\/categories?post=41586"},{"taxonomy":"post_tag","embeddable":true,"href":"https:\/\/luchonoticias.com\/editor\/wp-json\/wp\/v2\/tags?post=41586"}],"curies":[{"name":"wp","href":"https:\/\/api.w.org\/{rel}","templated":true}]}}