{"id":41592,"date":"2022-12-08T06:15:49","date_gmt":"2022-12-08T11:15:49","guid":{"rendered":"https:\/\/luchonoticias.com\/?p=41592"},"modified":"2022-12-08T06:15:49","modified_gmt":"2022-12-08T11:15:49","slug":"todos-los-colombianos-van-a-tener-pensiones-jaime-dussan-nuevo-presidente-de-colpensiones","status":"publish","type":"post","link":"https:\/\/luchonoticias.com\/editor\/todos-los-colombianos-van-a-tener-pensiones-jaime-dussan-nuevo-presidente-de-colpensiones\/","title":{"rendered":"Todos los colombianos van a tener pensiones: Jaime Duss\u00e1n, nuevo presidente de Colpensiones"},"content":{"rendered":"\n<p>Ya se comenz\u00f3 a conocerse las decisiones que Jaime Dussan, nuevo presidente de la Administradora Colombiana de Pensiones (Colpensiones).<\/p>\n\n\n\n<p>El proyecto que tiene Dussan, que es uno de los l\u00edderes sindicales m\u00e1s conocidos del pa\u00eds y lider\u00f3 por algunos a\u00f1os a la Federaci\u00f3n Colombiana de Educadores (Fecode), es el de velar para que todos los colombianos accedan a una pensi\u00f3n.<\/p>\n\n\n\n<p>\u201cTenemos un mandato, el que nos dieron m\u00e1s de 11 millones de colombianos, que nos dijeron con claridad que, a partir del Gobierno del Cambio, no solo ninguna persona que tenga derecho a pensi\u00f3n podr\u00e1 perderla. Todos los colombianos van a tener pensiones porque vamos a modificar las normas que lo han impedido\u201d, anunci\u00f3 el dirigente de Colpensiones.<\/p>\n\n\n\n<p>Esto, en el marco de la reforma pensional que ya est\u00e1 evaluando y tramitando el Gobierno, en cabeza del Ministerio de Trabajo.<\/p>\n\n\n\n<p>\u201cQuien no tenga la edad ni los recursos, el Estado colombiano se har\u00e1 responsable de ellos\u201d, anunci\u00f3 el coequipero del primer mandatario y quien ahora tiene sobre sus hombres el r\u00e9gimen pensional p\u00fablico de la naci\u00f3n.<\/p>\n","protected":false},"excerpt":{"rendered":"<p>Ya se comenz\u00f3 a conocerse las decisiones que Jaime Dussan, nuevo presidente de la Administradora Colombiana de Pensiones (Colpensiones). El proyecto que tiene Dussan, que es uno de los l\u00edderes sindicales m\u00e1s conocidos del pa\u00eds y lider\u00f3 por algunos a\u00f1os a la Federaci\u00f3n Colombiana de Educadores (Fecode), es el de velar para que todos los [&hellip;]<\/p>\n","protected":false},"author":1,"featured_media":0,"comment_status":"open","ping_status":"open","sticky":false,"template":"","format":"standard","meta":{"footnotes":""},"categories":[36,32],"tags":[],"class_list":["post-41592","post","type-post","status-publish","format-standard","hentry","category-destacado","category-nacional"],"yoast_head":"<!-- This site is optimized with the Yoast SEO plugin v26.6 - https:\/\/yoast.com\/wordpress\/plugins\/seo\/ -->\n<title>Todos los colombianos van a tener pensiones: Jaime Duss\u00e1n, nuevo presidente de Colpensiones -<\/title>\n<meta name=\"robots\" content=\"index, follow, max-snippet:-1, max-image-preview:large, max-video-preview:-1\" \/>\n<link rel=\"canonical\" href=\"https:\/\/luchonoticias.com\/editor\/todos-los-colombianos-van-a-tener-pensiones-jaime-dussan-nuevo-presidente-de-colpensiones\/\" \/>\n<meta property=\"og:locale\" content=\"es_ES\" \/>\n<meta property=\"og:type\" content=\"article\" \/>\n<meta property=\"og:title\" content=\"Todos los colombianos van a tener pensiones: Jaime Duss\u00e1n, nuevo presidente de Colpensiones -\" \/>\n<meta property=\"og:url\" content=\"https:\/\/luchonoticias.com\/editor\/todos-los-colombianos-van-a-tener-pensiones-jaime-dussan-nuevo-presidente-de-colpensiones\/\" \/>\n<meta property=\"article:publisher\" content=\"https:\/\/www.facebook.com\/luchonoticiasneiva\" \/>\n<meta property=\"article:author\" content=\"https:\/\/www.facebook.com\/luchonoticiasneiva\" \/>\n<meta property=\"article:published_time\" content=\"2022-12-08T11:15:49+00:00\" \/>\n<meta name=\"author\" content=\"admin\" \/>\n<meta name=\"twitter:card\" content=\"summary_large_image\" \/>\n<meta name=\"twitter:label1\" content=\"Escrito por\" \/>\n\t<meta name=\"twitter:data1\" content=\"admin\" \/>\n\t<meta name=\"twitter:label2\" content=\"Tiempo de lectura\" \/>\n\t<meta name=\"twitter:data2\" content=\"1 minuto\" \/>\n<script type=\"application\/ld+json\" class=\"yoast-schema-graph\">{\"@context\":\"https:\/\/schema.org\",\"@graph\":[{\"@type\":\"Article\",\"@id\":\"https:\/\/luchonoticias.com\/editor\/todos-los-colombianos-van-a-tener-pensiones-jaime-dussan-nuevo-presidente-de-colpensiones\/#article\",\"isPartOf\":{\"@id\":\"https:\/\/luchonoticias.com\/editor\/todos-los-colombianos-van-a-tener-pensiones-jaime-dussan-nuevo-presidente-de-colpensiones\/\"},\"author\":{\"name\":\"admin\",\"@id\":\"https:\/\/luchonoticias.com\/editor\/#\/schema\/person\/7a7fd911f58561fd056dbac7b55af9cd\"},\"headline\":\"Todos los colombianos van a tener pensiones: Jaime Duss\u00e1n, nuevo presidente de Colpensiones\",\"datePublished\":\"2022-12-08T11:15:49+00:00\",\"mainEntityOfPage\":{\"@id\":\"https:\/\/luchonoticias.com\/editor\/todos-los-colombianos-van-a-tener-pensiones-jaime-dussan-nuevo-presidente-de-colpensiones\/\"},\"wordCount\":200,\"commentCount\":0,\"publisher\":{\"@id\":\"https:\/\/luchonoticias.com\/editor\/#\/schema\/person\/7a7fd911f58561fd056dbac7b55af9cd\"},\"articleSection\":[\"Destacado\",\"Nacional\"],\"inLanguage\":\"es\",\"potentialAction\":[{\"@type\":\"CommentAction\",\"name\":\"Comment\",\"target\":[\"https:\/\/luchonoticias.com\/editor\/todos-los-colombianos-van-a-tener-pensiones-jaime-dussan-nuevo-presidente-de-colpensiones\/#respond\"]}]},{\"@type\":\"WebPage\",\"@id\":\"https:\/\/luchonoticias.com\/editor\/todos-los-colombianos-van-a-tener-pensiones-jaime-dussan-nuevo-presidente-de-colpensiones\/\",\"url\":\"https:\/\/luchonoticias.com\/editor\/todos-los-colombianos-van-a-tener-pensiones-jaime-dussan-nuevo-presidente-de-colpensiones\/\",\"name\":\"Todos los colombianos van a tener pensiones: Jaime Duss\u00e1n, nuevo presidente de Colpensiones -\",\"isPartOf\":{\"@id\":\"https:\/\/luchonoticias.com\/editor\/#website\"},\"datePublished\":\"2022-12-08T11:15:49+00:00\",\"breadcrumb\":{\"@id\":\"https:\/\/luchonoticias.com\/editor\/todos-los-colombianos-van-a-tener-pensiones-jaime-dussan-nuevo-presidente-de-colpensiones\/#breadcrumb\"},\"inLanguage\":\"es\",\"potentialAction\":[{\"@type\":\"ReadAction\",\"target\":[\"https:\/\/luchonoticias.com\/editor\/todos-los-colombianos-van-a-tener-pensiones-jaime-dussan-nuevo-presidente-de-colpensiones\/\"]}]},{\"@type\":\"BreadcrumbList\",\"@id\":\"https:\/\/luchonoticias.com\/editor\/todos-los-colombianos-van-a-tener-pensiones-jaime-dussan-nuevo-presidente-de-colpensiones\/#breadcrumb\",\"itemListElement\":[{\"@type\":\"ListItem\",\"position\":1,\"name\":\"Portada\",\"item\":\"https:\/\/luchonoticias.com\/editor\/\"},{\"@type\":\"ListItem\",\"position\":2,\"name\":\"Todos los colombianos van a tener pensiones: Jaime Duss\u00e1n, nuevo presidente de Colpensiones\"}]},{\"@type\":\"WebSite\",\"@id\":\"https:\/\/luchonoticias.com\/editor\/#website\",\"url\":\"https:\/\/luchonoticias.com\/editor\/\",\"name\":\"\",\"description\":\"\",\"publisher\":{\"@id\":\"https:\/\/luchonoticias.com\/editor\/#\/schema\/person\/7a7fd911f58561fd056dbac7b55af9cd\"},\"potentialAction\":[{\"@type\":\"SearchAction\",\"target\":{\"@type\":\"EntryPoint\",\"urlTemplate\":\"https:\/\/luchonoticias.com\/editor\/?s={search_term_string}\"},\"query-input\":{\"@type\":\"PropertyValueSpecification\",\"valueRequired\":true,\"valueName\":\"search_term_string\"}}],\"inLanguage\":\"es\"},{\"@type\":[\"Person\",\"Organization\"],\"@id\":\"https:\/\/luchonoticias.com\/editor\/#\/schema\/person\/7a7fd911f58561fd056dbac7b55af9cd\",\"name\":\"admin\",\"image\":{\"@type\":\"ImageObject\",\"inLanguage\":\"es\",\"@id\":\"https:\/\/luchonoticias.com\/editor\/#\/schema\/person\/image\/\",\"url\":\"https:\/\/luchonoticias.com\/editor\/wp-content\/uploads\/2024\/02\/cropped-cropped-logolu.webp\",\"contentUrl\":\"https:\/\/luchonoticias.com\/editor\/wp-content\/uploads\/2024\/02\/cropped-cropped-logolu.webp\",\"width\":382,\"height\":170,\"caption\":\"admin\"},\"logo\":{\"@id\":\"https:\/\/luchonoticias.com\/editor\/#\/schema\/person\/image\/\"},\"sameAs\":[\"https:\/\/www.facebook.com\/luchonoticiasneiva\"],\"url\":\"https:\/\/luchonoticias.com\/editor\/author\/admin\/\"}]}<\/script>\n<!-- \/ Yoast SEO plugin. -->","yoast_head_json":{"title":"Todos los colombianos van a tener pensiones: Jaime Duss\u00e1n, nuevo presidente de Colpensiones -","robots":{"index":"index","follow":"follow","max-snippet":"max-snippet:-1","max-image-preview":"max-image-preview:large","max-video-preview":"max-video-preview:-1"},"canonical":"https:\/\/luchonoticias.com\/editor\/todos-los-colombianos-van-a-tener-pensiones-jaime-dussan-nuevo-presidente-de-colpensiones\/","og_locale":"es_ES","og_type":"article","og_title":"Todos los colombianos van a tener pensiones: Jaime Duss\u00e1n, nuevo presidente de Colpensiones -","og_url":"https:\/\/luchonoticias.com\/editor\/todos-los-colombianos-van-a-tener-pensiones-jaime-dussan-nuevo-presidente-de-colpensiones\/","article_publisher":"https:\/\/www.facebook.com\/luchonoticiasneiva","article_author":"https:\/\/www.facebook.com\/luchonoticiasneiva","article_published_time":"2022-12-08T11:15:49+00:00","author":"admin","twitter_card":"summary_large_image","twitter_misc":{"Escrito por":"admin","Tiempo de lectura":"1 minuto"},"schema":{"@context":"https:\/\/schema.org","@graph":[{"@type":"Article","@id":"https:\/\/luchonoticias.com\/editor\/todos-los-colombianos-van-a-tener-pensiones-jaime-dussan-nuevo-presidente-de-colpensiones\/#article","isPartOf":{"@id":"https:\/\/luchonoticias.com\/editor\/todos-los-colombianos-van-a-tener-pensiones-jaime-dussan-nuevo-presidente-de-colpensiones\/"},"author":{"name":"admin","@id":"https:\/\/luchonoticias.com\/editor\/#\/schema\/person\/7a7fd911f58561fd056dbac7b55af9cd"},"headline":"Todos los colombianos van a tener pensiones: Jaime Duss\u00e1n, nuevo presidente de Colpensiones","datePublished":"2022-12-08T11:15:49+00:00","mainEntityOfPage":{"@id":"https:\/\/luchonoticias.com\/editor\/todos-los-colombianos-van-a-tener-pensiones-jaime-dussan-nuevo-presidente-de-colpensiones\/"},"wordCount":200,"commentCount":0,"publisher":{"@id":"https:\/\/luchonoticias.com\/editor\/#\/schema\/person\/7a7fd911f58561fd056dbac7b55af9cd"},"articleSection":["Destacado","Nacional"],"inLanguage":"es","potentialAction":[{"@type":"CommentAction","name":"Comment","target":["https:\/\/luchonoticias.com\/editor\/todos-los-colombianos-van-a-tener-pensiones-jaime-dussan-nuevo-presidente-de-colpensiones\/#respond"]}]},{"@type":"WebPage","@id":"https:\/\/luchonoticias.com\/editor\/todos-los-colombianos-van-a-tener-pensiones-jaime-dussan-nuevo-presidente-de-colpensiones\/","url":"https:\/\/luchonoticias.com\/editor\/todos-los-colombianos-van-a-tener-pensiones-jaime-dussan-nuevo-presidente-de-colpensiones\/","name":"Todos los colombianos van a tener pensiones: Jaime Duss\u00e1n, nuevo presidente de Colpensiones -","isPartOf":{"@id":"https:\/\/luchonoticias.com\/editor\/#website"},"datePublished":"2022-12-08T11:15:49+00:00","breadcrumb":{"@id":"https:\/\/luchonoticias.com\/editor\/todos-los-colombianos-van-a-tener-pensiones-jaime-dussan-nuevo-presidente-de-colpensiones\/#breadcrumb"},"inLanguage":"es","potentialAction":[{"@type":"ReadAction","target":["https:\/\/luchonoticias.com\/editor\/todos-los-colombianos-van-a-tener-pensiones-jaime-dussan-nuevo-presidente-de-colpensiones\/"]}]},{"@type":"BreadcrumbList","@id":"https:\/\/luchonoticias.com\/editor\/todos-los-colombianos-van-a-tener-pensiones-jaime-dussan-nuevo-presidente-de-colpensiones\/#breadcrumb","itemListElement":[{"@type":"ListItem","position":1,"name":"Portada","item":"https:\/\/luchonoticias.com\/editor\/"},{"@type":"ListItem","position":2,"name":"Todos los colombianos van a tener pensiones: Jaime Duss\u00e1n, nuevo presidente de Colpensiones"}]},{"@type":"WebSite","@id":"https:\/\/luchonoticias.com\/editor\/#website","url":"https:\/\/luchonoticias.com\/editor\/","name":"","description":"","publisher":{"@id":"https:\/\/luchonoticias.com\/editor\/#\/schema\/person\/7a7fd911f58561fd056dbac7b55af9cd"},"potentialAction":[{"@type":"SearchAction","target":{"@type":"EntryPoint","urlTemplate":"https:\/\/luchonoticias.com\/editor\/?s={search_term_string}"},"query-input":{"@type":"PropertyValueSpecification","valueRequired":true,"valueName":"search_term_string"}}],"inLanguage":"es"},{"@type":["Person","Organization"],"@id":"https:\/\/luchonoticias.com\/editor\/#\/schema\/person\/7a7fd911f58561fd056dbac7b55af9cd","name":"admin","image":{"@type":"ImageObject","inLanguage":"es","@id":"https:\/\/luchonoticias.com\/editor\/#\/schema\/person\/image\/","url":"https:\/\/luchonoticias.com\/editor\/wp-content\/uploads\/2024\/02\/cropped-cropped-logolu.webp","contentUrl":"https:\/\/luchonoticias.com\/editor\/wp-content\/uploads\/2024\/02\/cropped-cropped-logolu.webp","width":382,"height":170,"caption":"admin"},"logo":{"@id":"https:\/\/luchonoticias.com\/editor\/#\/schema\/person\/image\/"},"sameAs":["https:\/\/www.facebook.com\/luchonoticiasneiva"],"url":"https:\/\/luchonoticias.com\/editor\/author\/admin\/"}]}},"_links":{"self":[{"href":"https:\/\/luchonoticias.com\/editor\/wp-json\/wp\/v2\/posts\/41592","targetHints":{"allow":["GET"]}}],"collection":[{"href":"https:\/\/luchonoticias.com\/editor\/wp-json\/wp\/v2\/posts"}],"about":[{"href":"https:\/\/luchonoticias.com\/editor\/wp-json\/wp\/v2\/types\/post"}],"author":[{"embeddable":true,"href":"https:\/\/luchonoticias.com\/editor\/wp-json\/wp\/v2\/users\/1"}],"replies":[{"embeddable":true,"href":"https:\/\/luchonoticias.com\/editor\/wp-json\/wp\/v2\/comments?post=41592"}],"version-history":[{"count":0,"href":"https:\/\/luchonoticias.com\/editor\/wp-json\/wp\/v2\/posts\/41592\/revisions"}],"wp:attachment":[{"href":"https:\/\/luchonoticias.com\/editor\/wp-json\/wp\/v2\/media?parent=41592"}],"wp:term":[{"taxonomy":"category","embeddable":true,"href":"https:\/\/luchonoticias.com\/editor\/wp-json\/wp\/v2\/categories?post=41592"},{"taxonomy":"post_tag","embeddable":true,"href":"https:\/\/luchonoticias.com\/editor\/wp-json\/wp\/v2\/tags?post=41592"}],"curies":[{"name":"wp","href":"https:\/\/api.w.org\/{rel}","templated":true}]}}