{"id":41668,"date":"2022-12-09T06:27:28","date_gmt":"2022-12-09T11:27:28","guid":{"rendered":"https:\/\/luchonoticias.com\/?p=41668"},"modified":"2022-12-09T06:27:29","modified_gmt":"2022-12-09T11:27:29","slug":"este-ano-ademas-del-alumbrado-navideno-los-neivanos-podran-gozarse-de-la-feria-de-emprendimiento","status":"publish","type":"post","link":"https:\/\/luchonoticias.com\/editor\/este-ano-ademas-del-alumbrado-navideno-los-neivanos-podran-gozarse-de-la-feria-de-emprendimiento\/","title":{"rendered":"Este a\u00f1o adem\u00e1s del alumbrado navide\u00f1o, los neivanos podr\u00e1n gozarse de la Feria de Emprendimiento"},"content":{"rendered":"\n<p>En el marco del alumbrado navide\u00f1o se desarrolla una feria donde 30 emprendedores se encuentran exhibiendo sus productos por toda la avenida La Toma, donde propios y visitantes que recorran el alumbrado podr\u00e1n apoyar el producto local, en una gesti\u00f3n realizada por el Centro de Emprendimiento y Generaci\u00f3n de Oportunidades, CEGO, de la Alcald\u00eda de Neiva.<\/p>\n\n\n\n<p>El alcalde de los neivanos, Gorky Mu\u00f1oz Calder\u00f3n, hizo un recorrido por los emprendimientos, deleit\u00e1ndose con cada una de los productos que all\u00ed tienen, el mandatario siempre ha querido dignificar la vida de los neivanos y en esta ocasi\u00f3n, en v\u00edsperas de la Navidad quiso continuar apoyando a los emprendedores.<\/p>\n\n\n\n<figure class=\"wp-block-gallery has-nested-images columns-default is-cropped wp-block-gallery-1 is-layout-flex wp-block-gallery-is-layout-flex\">\n<figure class=\"wp-block-image size-large\"><img decoding=\"async\" data-id=\"41671\" src=\"https:\/\/luchonoticias.com\/wp-content\/uploads\/2022\/12\/WhatsApp-Image-2022-12-08-at-4.43.08-PM-2-1024x768.jpeg\" alt=\"\" class=\"wp-image-41671\"\/><\/figure>\n\n\n\n<figure class=\"wp-block-image size-large\"><img decoding=\"async\" data-id=\"41670\" src=\"https:\/\/luchonoticias.com\/wp-content\/uploads\/2022\/12\/WhatsApp-Image-2022-12-08-at-4.43.08-PM-1-1024x768.jpeg\" alt=\"\" class=\"wp-image-41670\"\/><\/figure>\n\n\n\n<figure class=\"wp-block-image size-large\"><img decoding=\"async\" data-id=\"41672\" src=\"https:\/\/luchonoticias.com\/wp-content\/uploads\/2022\/12\/WhatsApp-Image-2022-12-08-at-4.43.08-PM-1024x768.jpeg\" alt=\"\" class=\"wp-image-41672\"\/><\/figure>\n<\/figure>\n\n\n\n<p>\u201cEsto ser\u00e1 un recorrido con una agenda importante para que las familias salgan unidas y tengan la oportunidad de degustar durante ese recorrido diferentes emprendimientos. Hay 30 emprendimientos durante el recorrido de La Toma, que va desde la 16 hasta la 5\u00aa, todo eso genera una condici\u00f3n de reactivaci\u00f3n econ\u00f3mica, quise venir a preguntarles c\u00f3mo les hab\u00eda ido y est\u00e1n felices y eso me pone m\u00e1s feliz a m\u00ed porque ellos tienen la oportunidad de poder reactivarse, y tenemos la oportunidad de atender a toda la gente\u201d, indic\u00f3 el alcalde de Neiva, Gorky Mu\u00f1oz Calder\u00f3n.<\/p>\n\n\n\n<p>Estos emprendedores estar\u00e1n hasta el pr\u00f3ximo 16 de diciembre desde las 5:00 p.m. hasta las 11:00 p.m. para quienes salgan a disfrutar de las luces navide\u00f1as puedan tambi\u00e9n apoyarlos comprando producto local.<\/p>\n\n\n\n<figure class=\"wp-block-gallery has-nested-images columns-default is-cropped wp-block-gallery-2 is-layout-flex wp-block-gallery-is-layout-flex\">\n<figure class=\"wp-block-image size-large\"><img decoding=\"async\" data-id=\"41673\" src=\"https:\/\/luchonoticias.com\/wp-content\/uploads\/2022\/12\/WhatsApp-Image-2022-12-08-at-4.43.07-PM-2-1024x768.jpeg\" alt=\"\" class=\"wp-image-41673\"\/><\/figure>\n\n\n\n<figure class=\"wp-block-image size-large\"><img decoding=\"async\" data-id=\"41675\" src=\"https:\/\/luchonoticias.com\/wp-content\/uploads\/2022\/12\/WhatsApp-Image-2022-12-08-at-4.43.07-PM-1-1024x768.jpeg\" alt=\"\" class=\"wp-image-41675\"\/><\/figure>\n\n\n\n<figure class=\"wp-block-image size-large\"><img decoding=\"async\" data-id=\"41674\" src=\"https:\/\/luchonoticias.com\/wp-content\/uploads\/2022\/12\/WhatsApp-Image-2022-12-08-at-4.43.07-PM-1024x768.jpeg\" alt=\"\" class=\"wp-image-41674\"\/><\/figure>\n<\/figure>\n\n\n\n<p>\u201cEn esta Navidad tambi\u00e9n la Administraci\u00f3n decide apoyar a todos los emprendedores del municipio de Neiva, es por eso que realizamos la feria navide\u00f1a con 30 productores locales, invitamos a la gente a que venga y consuma producto local, que se programe con su familia, que hagan el recorrido navide\u00f1o y que compren producto local para regalar en esta navidad\u201d, sostuvo Natalia Alejandra Ortiz Valderrama, l\u00edder del CEGO.<\/p>\n\n\n\n<p>Finalmente, Yens Arias, emprendedor de Leche y Miel agradeci\u00f3 por la oportunidad que le brindan de dar a conocer su producto en esta Navidad.<\/p>\n\n\n\n<figure class=\"wp-block-gallery has-nested-images columns-default is-cropped wp-block-gallery-3 is-layout-flex wp-block-gallery-is-layout-flex\">\n<figure class=\"wp-block-image size-large\"><img decoding=\"async\" data-id=\"41677\" src=\"https:\/\/luchonoticias.com\/wp-content\/uploads\/2022\/12\/WhatsApp-Image-2022-12-08-at-4.43.06-PM-1-1024x768.jpeg\" alt=\"\" class=\"wp-image-41677\"\/><\/figure>\n\n\n\n<figure class=\"wp-block-image size-large\"><img decoding=\"async\" data-id=\"41678\" src=\"https:\/\/luchonoticias.com\/wp-content\/uploads\/2022\/12\/WhatsApp-Image-2022-12-08-at-4.43.06-PM-1024x768.jpeg\" alt=\"\" class=\"wp-image-41678\"\/><\/figure>\n\n\n\n<figure class=\"wp-block-image size-large\"><img decoding=\"async\" data-id=\"41676\" src=\"https:\/\/luchonoticias.com\/wp-content\/uploads\/2022\/12\/WhatsApp-Image-2022-12-08-at-4.43.05-PM-1-1024x768.jpeg\" alt=\"\" class=\"wp-image-41676\"\/><\/figure>\n<\/figure>\n\n\n\n<p>\u201cNuestro emprendimiento es un yogur 100% org\u00e1nico, no tiene nada de qu\u00edmicos, ni conservantes, se maneja botella de vidrio para que preserve el yogur por 20 d\u00edas m\u00e1s o menos; esta actividad nos parece muy buena porque uno como emprendedor necesita dar a conocer su producto, nosotros vamos a estar aqu\u00ed hasta el 16 con el mejor yogur para que nos visiten\u201d, dijo el emprendedor.<\/p>\n","protected":false},"excerpt":{"rendered":"<p>En el marco del alumbrado navide\u00f1o se desarrolla una feria donde 30 emprendedores se encuentran exhibiendo sus productos por toda la avenida La Toma, donde propios y visitantes que recorran el alumbrado podr\u00e1n apoyar el producto local, en una gesti\u00f3n realizada por el Centro de Emprendimiento y Generaci\u00f3n de Oportunidades, CEGO, de la Alcald\u00eda de [&hellip;]<\/p>\n","protected":false},"author":1,"featured_media":0,"comment_status":"open","ping_status":"open","sticky":false,"template":"","format":"standard","meta":{"footnotes":""},"categories":[3961,36],"tags":[],"class_list":["post-41668","post","type-post","status-publish","format-standard","hentry","category-comunidad","category-destacado"],"yoast_head":"<!-- This site is optimized with the Yoast SEO plugin v26.6 - https:\/\/yoast.com\/wordpress\/plugins\/seo\/ -->\n<title>Este a\u00f1o adem\u00e1s del alumbrado navide\u00f1o, los neivanos podr\u00e1n gozarse de la Feria de Emprendimiento -<\/title>\n<meta name=\"robots\" content=\"index, follow, max-snippet:-1, max-image-preview:large, max-video-preview:-1\" \/>\n<link rel=\"canonical\" href=\"https:\/\/luchonoticias.com\/editor\/este-ano-ademas-del-alumbrado-navideno-los-neivanos-podran-gozarse-de-la-feria-de-emprendimiento\/\" \/>\n<meta property=\"og:locale\" content=\"es_ES\" \/>\n<meta property=\"og:type\" content=\"article\" \/>\n<meta property=\"og:title\" content=\"Este a\u00f1o adem\u00e1s del alumbrado navide\u00f1o, los neivanos podr\u00e1n gozarse de la Feria de Emprendimiento -\" \/>\n<meta property=\"og:url\" content=\"https:\/\/luchonoticias.com\/editor\/este-ano-ademas-del-alumbrado-navideno-los-neivanos-podran-gozarse-de-la-feria-de-emprendimiento\/\" \/>\n<meta property=\"article:publisher\" content=\"https:\/\/www.facebook.com\/luchonoticiasneiva\" \/>\n<meta property=\"article:author\" content=\"https:\/\/www.facebook.com\/luchonoticiasneiva\" \/>\n<meta property=\"article:published_time\" content=\"2022-12-09T11:27:28+00:00\" \/>\n<meta property=\"article:modified_time\" content=\"2022-12-09T11:27:29+00:00\" \/>\n<meta property=\"og:image\" content=\"https:\/\/luchonoticias.com\/wp-content\/uploads\/2022\/12\/WhatsApp-Image-2022-12-08-at-4.43.08-PM-2-1024x768.jpeg\" \/>\n<meta name=\"author\" content=\"admin\" \/>\n<meta name=\"twitter:card\" content=\"summary_large_image\" \/>\n<meta name=\"twitter:label1\" content=\"Escrito por\" \/>\n\t<meta name=\"twitter:data1\" content=\"admin\" \/>\n\t<meta name=\"twitter:label2\" content=\"Tiempo de lectura\" \/>\n\t<meta name=\"twitter:data2\" content=\"2 minutos\" \/>\n<script type=\"application\/ld+json\" class=\"yoast-schema-graph\">{\"@context\":\"https:\/\/schema.org\",\"@graph\":[{\"@type\":\"Article\",\"@id\":\"https:\/\/luchonoticias.com\/editor\/este-ano-ademas-del-alumbrado-navideno-los-neivanos-podran-gozarse-de-la-feria-de-emprendimiento\/#article\",\"isPartOf\":{\"@id\":\"https:\/\/luchonoticias.com\/editor\/este-ano-ademas-del-alumbrado-navideno-los-neivanos-podran-gozarse-de-la-feria-de-emprendimiento\/\"},\"author\":{\"name\":\"admin\",\"@id\":\"https:\/\/luchonoticias.com\/editor\/#\/schema\/person\/7a7fd911f58561fd056dbac7b55af9cd\"},\"headline\":\"Este a\u00f1o adem\u00e1s del alumbrado navide\u00f1o, los neivanos podr\u00e1n gozarse de la Feria de Emprendimiento\",\"datePublished\":\"2022-12-09T11:27:28+00:00\",\"dateModified\":\"2022-12-09T11:27:29+00:00\",\"mainEntityOfPage\":{\"@id\":\"https:\/\/luchonoticias.com\/editor\/este-ano-ademas-del-alumbrado-navideno-los-neivanos-podran-gozarse-de-la-feria-de-emprendimiento\/\"},\"wordCount\":432,\"commentCount\":0,\"publisher\":{\"@id\":\"https:\/\/luchonoticias.com\/editor\/#\/schema\/person\/7a7fd911f58561fd056dbac7b55af9cd\"},\"image\":{\"@id\":\"https:\/\/luchonoticias.com\/editor\/este-ano-ademas-del-alumbrado-navideno-los-neivanos-podran-gozarse-de-la-feria-de-emprendimiento\/#primaryimage\"},\"thumbnailUrl\":\"https:\/\/luchonoticias.com\/wp-content\/uploads\/2022\/12\/WhatsApp-Image-2022-12-08-at-4.43.08-PM-2-1024x768.jpeg\",\"articleSection\":[\"Comunidad\",\"Destacado\"],\"inLanguage\":\"es\",\"potentialAction\":[{\"@type\":\"CommentAction\",\"name\":\"Comment\",\"target\":[\"https:\/\/luchonoticias.com\/editor\/este-ano-ademas-del-alumbrado-navideno-los-neivanos-podran-gozarse-de-la-feria-de-emprendimiento\/#respond\"]}]},{\"@type\":\"WebPage\",\"@id\":\"https:\/\/luchonoticias.com\/editor\/este-ano-ademas-del-alumbrado-navideno-los-neivanos-podran-gozarse-de-la-feria-de-emprendimiento\/\",\"url\":\"https:\/\/luchonoticias.com\/editor\/este-ano-ademas-del-alumbrado-navideno-los-neivanos-podran-gozarse-de-la-feria-de-emprendimiento\/\",\"name\":\"Este a\u00f1o adem\u00e1s del alumbrado navide\u00f1o, los neivanos podr\u00e1n gozarse de la Feria de Emprendimiento -\",\"isPartOf\":{\"@id\":\"https:\/\/luchonoticias.com\/editor\/#website\"},\"primaryImageOfPage\":{\"@id\":\"https:\/\/luchonoticias.com\/editor\/este-ano-ademas-del-alumbrado-navideno-los-neivanos-podran-gozarse-de-la-feria-de-emprendimiento\/#primaryimage\"},\"image\":{\"@id\":\"https:\/\/luchonoticias.com\/editor\/este-ano-ademas-del-alumbrado-navideno-los-neivanos-podran-gozarse-de-la-feria-de-emprendimiento\/#primaryimage\"},\"thumbnailUrl\":\"https:\/\/luchonoticias.com\/wp-content\/uploads\/2022\/12\/WhatsApp-Image-2022-12-08-at-4.43.08-PM-2-1024x768.jpeg\",\"datePublished\":\"2022-12-09T11:27:28+00:00\",\"dateModified\":\"2022-12-09T11:27:29+00:00\",\"breadcrumb\":{\"@id\":\"https:\/\/luchonoticias.com\/editor\/este-ano-ademas-del-alumbrado-navideno-los-neivanos-podran-gozarse-de-la-feria-de-emprendimiento\/#breadcrumb\"},\"inLanguage\":\"es\",\"potentialAction\":[{\"@type\":\"ReadAction\",\"target\":[\"https:\/\/luchonoticias.com\/editor\/este-ano-ademas-del-alumbrado-navideno-los-neivanos-podran-gozarse-de-la-feria-de-emprendimiento\/\"]}]},{\"@type\":\"ImageObject\",\"inLanguage\":\"es\",\"@id\":\"https:\/\/luchonoticias.com\/editor\/este-ano-ademas-del-alumbrado-navideno-los-neivanos-podran-gozarse-de-la-feria-de-emprendimiento\/#primaryimage\",\"url\":\"https:\/\/luchonoticias.com\/wp-content\/uploads\/2022\/12\/WhatsApp-Image-2022-12-08-at-4.43.08-PM-2-1024x768.jpeg\",\"contentUrl\":\"https:\/\/luchonoticias.com\/wp-content\/uploads\/2022\/12\/WhatsApp-Image-2022-12-08-at-4.43.08-PM-2-1024x768.jpeg\"},{\"@type\":\"BreadcrumbList\",\"@id\":\"https:\/\/luchonoticias.com\/editor\/este-ano-ademas-del-alumbrado-navideno-los-neivanos-podran-gozarse-de-la-feria-de-emprendimiento\/#breadcrumb\",\"itemListElement\":[{\"@type\":\"ListItem\",\"position\":1,\"name\":\"Portada\",\"item\":\"https:\/\/luchonoticias.com\/editor\/\"},{\"@type\":\"ListItem\",\"position\":2,\"name\":\"Este a\u00f1o adem\u00e1s del alumbrado navide\u00f1o, los neivanos podr\u00e1n gozarse de la Feria de Emprendimiento\"}]},{\"@type\":\"WebSite\",\"@id\":\"https:\/\/luchonoticias.com\/editor\/#website\",\"url\":\"https:\/\/luchonoticias.com\/editor\/\",\"name\":\"\",\"description\":\"\",\"publisher\":{\"@id\":\"https:\/\/luchonoticias.com\/editor\/#\/schema\/person\/7a7fd911f58561fd056dbac7b55af9cd\"},\"potentialAction\":[{\"@type\":\"SearchAction\",\"target\":{\"@type\":\"EntryPoint\",\"urlTemplate\":\"https:\/\/luchonoticias.com\/editor\/?s={search_term_string}\"},\"query-input\":{\"@type\":\"PropertyValueSpecification\",\"valueRequired\":true,\"valueName\":\"search_term_string\"}}],\"inLanguage\":\"es\"},{\"@type\":[\"Person\",\"Organization\"],\"@id\":\"https:\/\/luchonoticias.com\/editor\/#\/schema\/person\/7a7fd911f58561fd056dbac7b55af9cd\",\"name\":\"admin\",\"image\":{\"@type\":\"ImageObject\",\"inLanguage\":\"es\",\"@id\":\"https:\/\/luchonoticias.com\/editor\/#\/schema\/person\/image\/\",\"url\":\"https:\/\/luchonoticias.com\/editor\/wp-content\/uploads\/2024\/02\/cropped-cropped-logolu.webp\",\"contentUrl\":\"https:\/\/luchonoticias.com\/editor\/wp-content\/uploads\/2024\/02\/cropped-cropped-logolu.webp\",\"width\":382,\"height\":170,\"caption\":\"admin\"},\"logo\":{\"@id\":\"https:\/\/luchonoticias.com\/editor\/#\/schema\/person\/image\/\"},\"sameAs\":[\"https:\/\/www.facebook.com\/luchonoticiasneiva\"],\"url\":\"https:\/\/luchonoticias.com\/editor\/author\/admin\/\"}]}<\/script>\n<!-- \/ Yoast SEO plugin. -->","yoast_head_json":{"title":"Este a\u00f1o adem\u00e1s del alumbrado navide\u00f1o, los neivanos podr\u00e1n gozarse de la Feria de Emprendimiento -","robots":{"index":"index","follow":"follow","max-snippet":"max-snippet:-1","max-image-preview":"max-image-preview:large","max-video-preview":"max-video-preview:-1"},"canonical":"https:\/\/luchonoticias.com\/editor\/este-ano-ademas-del-alumbrado-navideno-los-neivanos-podran-gozarse-de-la-feria-de-emprendimiento\/","og_locale":"es_ES","og_type":"article","og_title":"Este a\u00f1o adem\u00e1s del alumbrado navide\u00f1o, los neivanos podr\u00e1n gozarse de la Feria de Emprendimiento -","og_url":"https:\/\/luchonoticias.com\/editor\/este-ano-ademas-del-alumbrado-navideno-los-neivanos-podran-gozarse-de-la-feria-de-emprendimiento\/","article_publisher":"https:\/\/www.facebook.com\/luchonoticiasneiva","article_author":"https:\/\/www.facebook.com\/luchonoticiasneiva","article_published_time":"2022-12-09T11:27:28+00:00","article_modified_time":"2022-12-09T11:27:29+00:00","og_image":[{"url":"https:\/\/luchonoticias.com\/wp-content\/uploads\/2022\/12\/WhatsApp-Image-2022-12-08-at-4.43.08-PM-2-1024x768.jpeg","type":"","width":"","height":""}],"author":"admin","twitter_card":"summary_large_image","twitter_misc":{"Escrito por":"admin","Tiempo de lectura":"2 minutos"},"schema":{"@context":"https:\/\/schema.org","@graph":[{"@type":"Article","@id":"https:\/\/luchonoticias.com\/editor\/este-ano-ademas-del-alumbrado-navideno-los-neivanos-podran-gozarse-de-la-feria-de-emprendimiento\/#article","isPartOf":{"@id":"https:\/\/luchonoticias.com\/editor\/este-ano-ademas-del-alumbrado-navideno-los-neivanos-podran-gozarse-de-la-feria-de-emprendimiento\/"},"author":{"name":"admin","@id":"https:\/\/luchonoticias.com\/editor\/#\/schema\/person\/7a7fd911f58561fd056dbac7b55af9cd"},"headline":"Este a\u00f1o adem\u00e1s del alumbrado navide\u00f1o, los neivanos podr\u00e1n gozarse de la Feria de Emprendimiento","datePublished":"2022-12-09T11:27:28+00:00","dateModified":"2022-12-09T11:27:29+00:00","mainEntityOfPage":{"@id":"https:\/\/luchonoticias.com\/editor\/este-ano-ademas-del-alumbrado-navideno-los-neivanos-podran-gozarse-de-la-feria-de-emprendimiento\/"},"wordCount":432,"commentCount":0,"publisher":{"@id":"https:\/\/luchonoticias.com\/editor\/#\/schema\/person\/7a7fd911f58561fd056dbac7b55af9cd"},"image":{"@id":"https:\/\/luchonoticias.com\/editor\/este-ano-ademas-del-alumbrado-navideno-los-neivanos-podran-gozarse-de-la-feria-de-emprendimiento\/#primaryimage"},"thumbnailUrl":"https:\/\/luchonoticias.com\/wp-content\/uploads\/2022\/12\/WhatsApp-Image-2022-12-08-at-4.43.08-PM-2-1024x768.jpeg","articleSection":["Comunidad","Destacado"],"inLanguage":"es","potentialAction":[{"@type":"CommentAction","name":"Comment","target":["https:\/\/luchonoticias.com\/editor\/este-ano-ademas-del-alumbrado-navideno-los-neivanos-podran-gozarse-de-la-feria-de-emprendimiento\/#respond"]}]},{"@type":"WebPage","@id":"https:\/\/luchonoticias.com\/editor\/este-ano-ademas-del-alumbrado-navideno-los-neivanos-podran-gozarse-de-la-feria-de-emprendimiento\/","url":"https:\/\/luchonoticias.com\/editor\/este-ano-ademas-del-alumbrado-navideno-los-neivanos-podran-gozarse-de-la-feria-de-emprendimiento\/","name":"Este a\u00f1o adem\u00e1s del alumbrado navide\u00f1o, los neivanos podr\u00e1n gozarse de la Feria de Emprendimiento -","isPartOf":{"@id":"https:\/\/luchonoticias.com\/editor\/#website"},"primaryImageOfPage":{"@id":"https:\/\/luchonoticias.com\/editor\/este-ano-ademas-del-alumbrado-navideno-los-neivanos-podran-gozarse-de-la-feria-de-emprendimiento\/#primaryimage"},"image":{"@id":"https:\/\/luchonoticias.com\/editor\/este-ano-ademas-del-alumbrado-navideno-los-neivanos-podran-gozarse-de-la-feria-de-emprendimiento\/#primaryimage"},"thumbnailUrl":"https:\/\/luchonoticias.com\/wp-content\/uploads\/2022\/12\/WhatsApp-Image-2022-12-08-at-4.43.08-PM-2-1024x768.jpeg","datePublished":"2022-12-09T11:27:28+00:00","dateModified":"2022-12-09T11:27:29+00:00","breadcrumb":{"@id":"https:\/\/luchonoticias.com\/editor\/este-ano-ademas-del-alumbrado-navideno-los-neivanos-podran-gozarse-de-la-feria-de-emprendimiento\/#breadcrumb"},"inLanguage":"es","potentialAction":[{"@type":"ReadAction","target":["https:\/\/luchonoticias.com\/editor\/este-ano-ademas-del-alumbrado-navideno-los-neivanos-podran-gozarse-de-la-feria-de-emprendimiento\/"]}]},{"@type":"ImageObject","inLanguage":"es","@id":"https:\/\/luchonoticias.com\/editor\/este-ano-ademas-del-alumbrado-navideno-los-neivanos-podran-gozarse-de-la-feria-de-emprendimiento\/#primaryimage","url":"https:\/\/luchonoticias.com\/wp-content\/uploads\/2022\/12\/WhatsApp-Image-2022-12-08-at-4.43.08-PM-2-1024x768.jpeg","contentUrl":"https:\/\/luchonoticias.com\/wp-content\/uploads\/2022\/12\/WhatsApp-Image-2022-12-08-at-4.43.08-PM-2-1024x768.jpeg"},{"@type":"BreadcrumbList","@id":"https:\/\/luchonoticias.com\/editor\/este-ano-ademas-del-alumbrado-navideno-los-neivanos-podran-gozarse-de-la-feria-de-emprendimiento\/#breadcrumb","itemListElement":[{"@type":"ListItem","position":1,"name":"Portada","item":"https:\/\/luchonoticias.com\/editor\/"},{"@type":"ListItem","position":2,"name":"Este a\u00f1o adem\u00e1s del alumbrado navide\u00f1o, los neivanos podr\u00e1n gozarse de la Feria de Emprendimiento"}]},{"@type":"WebSite","@id":"https:\/\/luchonoticias.com\/editor\/#website","url":"https:\/\/luchonoticias.com\/editor\/","name":"","description":"","publisher":{"@id":"https:\/\/luchonoticias.com\/editor\/#\/schema\/person\/7a7fd911f58561fd056dbac7b55af9cd"},"potentialAction":[{"@type":"SearchAction","target":{"@type":"EntryPoint","urlTemplate":"https:\/\/luchonoticias.com\/editor\/?s={search_term_string}"},"query-input":{"@type":"PropertyValueSpecification","valueRequired":true,"valueName":"search_term_string"}}],"inLanguage":"es"},{"@type":["Person","Organization"],"@id":"https:\/\/luchonoticias.com\/editor\/#\/schema\/person\/7a7fd911f58561fd056dbac7b55af9cd","name":"admin","image":{"@type":"ImageObject","inLanguage":"es","@id":"https:\/\/luchonoticias.com\/editor\/#\/schema\/person\/image\/","url":"https:\/\/luchonoticias.com\/editor\/wp-content\/uploads\/2024\/02\/cropped-cropped-logolu.webp","contentUrl":"https:\/\/luchonoticias.com\/editor\/wp-content\/uploads\/2024\/02\/cropped-cropped-logolu.webp","width":382,"height":170,"caption":"admin"},"logo":{"@id":"https:\/\/luchonoticias.com\/editor\/#\/schema\/person\/image\/"},"sameAs":["https:\/\/www.facebook.com\/luchonoticiasneiva"],"url":"https:\/\/luchonoticias.com\/editor\/author\/admin\/"}]}},"_links":{"self":[{"href":"https:\/\/luchonoticias.com\/editor\/wp-json\/wp\/v2\/posts\/41668","targetHints":{"allow":["GET"]}}],"collection":[{"href":"https:\/\/luchonoticias.com\/editor\/wp-json\/wp\/v2\/posts"}],"about":[{"href":"https:\/\/luchonoticias.com\/editor\/wp-json\/wp\/v2\/types\/post"}],"author":[{"embeddable":true,"href":"https:\/\/luchonoticias.com\/editor\/wp-json\/wp\/v2\/users\/1"}],"replies":[{"embeddable":true,"href":"https:\/\/luchonoticias.com\/editor\/wp-json\/wp\/v2\/comments?post=41668"}],"version-history":[{"count":0,"href":"https:\/\/luchonoticias.com\/editor\/wp-json\/wp\/v2\/posts\/41668\/revisions"}],"wp:attachment":[{"href":"https:\/\/luchonoticias.com\/editor\/wp-json\/wp\/v2\/media?parent=41668"}],"wp:term":[{"taxonomy":"category","embeddable":true,"href":"https:\/\/luchonoticias.com\/editor\/wp-json\/wp\/v2\/categories?post=41668"},{"taxonomy":"post_tag","embeddable":true,"href":"https:\/\/luchonoticias.com\/editor\/wp-json\/wp\/v2\/tags?post=41668"}],"curies":[{"name":"wp","href":"https:\/\/api.w.org\/{rel}","templated":true}]}}