{"id":41686,"date":"2022-12-09T06:36:16","date_gmt":"2022-12-09T11:36:16","guid":{"rendered":"https:\/\/luchonoticias.com\/?p=41686"},"modified":"2022-12-09T06:36:17","modified_gmt":"2022-12-09T11:36:17","slug":"al-interior-de-una-vivienda-fue-capturado-este-sujeto-en-isnos-por-hurto","status":"publish","type":"post","link":"https:\/\/luchonoticias.com\/editor\/al-interior-de-una-vivienda-fue-capturado-este-sujeto-en-isnos-por-hurto\/","title":{"rendered":"Al interior de una vivienda fue capturado este sujeto en Isnos por hurto"},"content":{"rendered":"\n<p>El oportuno aviso de un ciudadano que sorprendi\u00f3 a un sujeto al interior de su vivienda con dinero y otros elementos personales listos para hurtarse, permiti\u00f3 la captura de un hombre de 21 a\u00f1os de edad, el cual, deber\u00e1 responder ante las autoridades competentes por el delito de hurto calificado.<\/p>\n\n\n\n<p>Seg\u00fan la v\u00edctima, cuando ingres\u00f3 a su vivienda se vio sorprendi\u00f3 por este sujeto que lo intimid\u00f3 con arma blanca, pero que gracias a su agilidad logr\u00f3 escapar dej\u00e1ndolo encerrado en su casa. Inmediatamente da aviso a la patrulla del cuadrante, los cuales le hallaron mas de 5 millones de pesos en efectivo que la v\u00edctima tenia en una alcanc\u00eda, y otros elementos personales (relojes y auriculares para radio port\u00e1til).<\/p>\n\n\n\n<p>Este sujeto fue dejado a disposici\u00f3n de la autoridad competente, como presunto responsable del delito de hurto calificado.<\/p>\n","protected":false},"excerpt":{"rendered":"<p>El oportuno aviso de un ciudadano que sorprendi\u00f3 a un sujeto al interior de su vivienda con dinero y otros elementos personales listos para hurtarse, permiti\u00f3 la captura de un hombre de 21 a\u00f1os de edad, el cual, deber\u00e1 responder ante las autoridades competentes por el delito de hurto calificado. Seg\u00fan la v\u00edctima, cuando ingres\u00f3 [&hellip;]<\/p>\n","protected":false},"author":1,"featured_media":0,"comment_status":"open","ping_status":"open","sticky":false,"template":"","format":"standard","meta":{"footnotes":""},"categories":[36,29],"tags":[],"class_list":["post-41686","post","type-post","status-publish","format-standard","hentry","category-destacado","category-judicial"],"yoast_head":"<!-- This site is optimized with the Yoast SEO plugin v26.6 - https:\/\/yoast.com\/wordpress\/plugins\/seo\/ -->\n<title>Al interior de una vivienda fue capturado este sujeto en Isnos por hurto -<\/title>\n<meta name=\"robots\" content=\"index, follow, max-snippet:-1, max-image-preview:large, max-video-preview:-1\" \/>\n<link rel=\"canonical\" href=\"https:\/\/luchonoticias.com\/editor\/al-interior-de-una-vivienda-fue-capturado-este-sujeto-en-isnos-por-hurto\/\" \/>\n<meta property=\"og:locale\" content=\"es_ES\" \/>\n<meta property=\"og:type\" content=\"article\" \/>\n<meta property=\"og:title\" content=\"Al interior de una vivienda fue capturado este sujeto en Isnos por hurto -\" \/>\n<meta property=\"og:url\" content=\"https:\/\/luchonoticias.com\/editor\/al-interior-de-una-vivienda-fue-capturado-este-sujeto-en-isnos-por-hurto\/\" \/>\n<meta property=\"article:publisher\" content=\"https:\/\/www.facebook.com\/luchonoticiasneiva\" \/>\n<meta property=\"article:author\" content=\"https:\/\/www.facebook.com\/luchonoticiasneiva\" \/>\n<meta property=\"article:published_time\" content=\"2022-12-09T11:36:16+00:00\" \/>\n<meta property=\"article:modified_time\" content=\"2022-12-09T11:36:17+00:00\" \/>\n<meta name=\"author\" content=\"admin\" \/>\n<meta name=\"twitter:card\" content=\"summary_large_image\" \/>\n<meta name=\"twitter:label1\" content=\"Escrito por\" \/>\n\t<meta name=\"twitter:data1\" content=\"admin\" \/>\n\t<meta name=\"twitter:label2\" content=\"Tiempo de lectura\" \/>\n\t<meta name=\"twitter:data2\" content=\"1 minuto\" \/>\n<script type=\"application\/ld+json\" class=\"yoast-schema-graph\">{\"@context\":\"https:\/\/schema.org\",\"@graph\":[{\"@type\":\"Article\",\"@id\":\"https:\/\/luchonoticias.com\/editor\/al-interior-de-una-vivienda-fue-capturado-este-sujeto-en-isnos-por-hurto\/#article\",\"isPartOf\":{\"@id\":\"https:\/\/luchonoticias.com\/editor\/al-interior-de-una-vivienda-fue-capturado-este-sujeto-en-isnos-por-hurto\/\"},\"author\":{\"name\":\"admin\",\"@id\":\"https:\/\/luchonoticias.com\/editor\/#\/schema\/person\/7a7fd911f58561fd056dbac7b55af9cd\"},\"headline\":\"Al interior de una vivienda fue capturado este sujeto en Isnos por hurto\",\"datePublished\":\"2022-12-09T11:36:16+00:00\",\"dateModified\":\"2022-12-09T11:36:17+00:00\",\"mainEntityOfPage\":{\"@id\":\"https:\/\/luchonoticias.com\/editor\/al-interior-de-una-vivienda-fue-capturado-este-sujeto-en-isnos-por-hurto\/\"},\"wordCount\":157,\"commentCount\":0,\"publisher\":{\"@id\":\"https:\/\/luchonoticias.com\/editor\/#\/schema\/person\/7a7fd911f58561fd056dbac7b55af9cd\"},\"articleSection\":[\"Destacado\",\"Judicial\"],\"inLanguage\":\"es\",\"potentialAction\":[{\"@type\":\"CommentAction\",\"name\":\"Comment\",\"target\":[\"https:\/\/luchonoticias.com\/editor\/al-interior-de-una-vivienda-fue-capturado-este-sujeto-en-isnos-por-hurto\/#respond\"]}]},{\"@type\":\"WebPage\",\"@id\":\"https:\/\/luchonoticias.com\/editor\/al-interior-de-una-vivienda-fue-capturado-este-sujeto-en-isnos-por-hurto\/\",\"url\":\"https:\/\/luchonoticias.com\/editor\/al-interior-de-una-vivienda-fue-capturado-este-sujeto-en-isnos-por-hurto\/\",\"name\":\"Al interior de una vivienda fue capturado este sujeto en Isnos por hurto -\",\"isPartOf\":{\"@id\":\"https:\/\/luchonoticias.com\/editor\/#website\"},\"datePublished\":\"2022-12-09T11:36:16+00:00\",\"dateModified\":\"2022-12-09T11:36:17+00:00\",\"breadcrumb\":{\"@id\":\"https:\/\/luchonoticias.com\/editor\/al-interior-de-una-vivienda-fue-capturado-este-sujeto-en-isnos-por-hurto\/#breadcrumb\"},\"inLanguage\":\"es\",\"potentialAction\":[{\"@type\":\"ReadAction\",\"target\":[\"https:\/\/luchonoticias.com\/editor\/al-interior-de-una-vivienda-fue-capturado-este-sujeto-en-isnos-por-hurto\/\"]}]},{\"@type\":\"BreadcrumbList\",\"@id\":\"https:\/\/luchonoticias.com\/editor\/al-interior-de-una-vivienda-fue-capturado-este-sujeto-en-isnos-por-hurto\/#breadcrumb\",\"itemListElement\":[{\"@type\":\"ListItem\",\"position\":1,\"name\":\"Portada\",\"item\":\"https:\/\/luchonoticias.com\/editor\/\"},{\"@type\":\"ListItem\",\"position\":2,\"name\":\"Al interior de una vivienda fue capturado este sujeto en Isnos por hurto\"}]},{\"@type\":\"WebSite\",\"@id\":\"https:\/\/luchonoticias.com\/editor\/#website\",\"url\":\"https:\/\/luchonoticias.com\/editor\/\",\"name\":\"\",\"description\":\"\",\"publisher\":{\"@id\":\"https:\/\/luchonoticias.com\/editor\/#\/schema\/person\/7a7fd911f58561fd056dbac7b55af9cd\"},\"potentialAction\":[{\"@type\":\"SearchAction\",\"target\":{\"@type\":\"EntryPoint\",\"urlTemplate\":\"https:\/\/luchonoticias.com\/editor\/?s={search_term_string}\"},\"query-input\":{\"@type\":\"PropertyValueSpecification\",\"valueRequired\":true,\"valueName\":\"search_term_string\"}}],\"inLanguage\":\"es\"},{\"@type\":[\"Person\",\"Organization\"],\"@id\":\"https:\/\/luchonoticias.com\/editor\/#\/schema\/person\/7a7fd911f58561fd056dbac7b55af9cd\",\"name\":\"admin\",\"image\":{\"@type\":\"ImageObject\",\"inLanguage\":\"es\",\"@id\":\"https:\/\/luchonoticias.com\/editor\/#\/schema\/person\/image\/\",\"url\":\"https:\/\/luchonoticias.com\/editor\/wp-content\/uploads\/2024\/02\/cropped-cropped-logolu.webp\",\"contentUrl\":\"https:\/\/luchonoticias.com\/editor\/wp-content\/uploads\/2024\/02\/cropped-cropped-logolu.webp\",\"width\":382,\"height\":170,\"caption\":\"admin\"},\"logo\":{\"@id\":\"https:\/\/luchonoticias.com\/editor\/#\/schema\/person\/image\/\"},\"sameAs\":[\"https:\/\/www.facebook.com\/luchonoticiasneiva\"],\"url\":\"https:\/\/luchonoticias.com\/editor\/author\/admin\/\"}]}<\/script>\n<!-- \/ Yoast SEO plugin. -->","yoast_head_json":{"title":"Al interior de una vivienda fue capturado este sujeto en Isnos por hurto -","robots":{"index":"index","follow":"follow","max-snippet":"max-snippet:-1","max-image-preview":"max-image-preview:large","max-video-preview":"max-video-preview:-1"},"canonical":"https:\/\/luchonoticias.com\/editor\/al-interior-de-una-vivienda-fue-capturado-este-sujeto-en-isnos-por-hurto\/","og_locale":"es_ES","og_type":"article","og_title":"Al interior de una vivienda fue capturado este sujeto en Isnos por hurto -","og_url":"https:\/\/luchonoticias.com\/editor\/al-interior-de-una-vivienda-fue-capturado-este-sujeto-en-isnos-por-hurto\/","article_publisher":"https:\/\/www.facebook.com\/luchonoticiasneiva","article_author":"https:\/\/www.facebook.com\/luchonoticiasneiva","article_published_time":"2022-12-09T11:36:16+00:00","article_modified_time":"2022-12-09T11:36:17+00:00","author":"admin","twitter_card":"summary_large_image","twitter_misc":{"Escrito por":"admin","Tiempo de lectura":"1 minuto"},"schema":{"@context":"https:\/\/schema.org","@graph":[{"@type":"Article","@id":"https:\/\/luchonoticias.com\/editor\/al-interior-de-una-vivienda-fue-capturado-este-sujeto-en-isnos-por-hurto\/#article","isPartOf":{"@id":"https:\/\/luchonoticias.com\/editor\/al-interior-de-una-vivienda-fue-capturado-este-sujeto-en-isnos-por-hurto\/"},"author":{"name":"admin","@id":"https:\/\/luchonoticias.com\/editor\/#\/schema\/person\/7a7fd911f58561fd056dbac7b55af9cd"},"headline":"Al interior de una vivienda fue capturado este sujeto en Isnos por hurto","datePublished":"2022-12-09T11:36:16+00:00","dateModified":"2022-12-09T11:36:17+00:00","mainEntityOfPage":{"@id":"https:\/\/luchonoticias.com\/editor\/al-interior-de-una-vivienda-fue-capturado-este-sujeto-en-isnos-por-hurto\/"},"wordCount":157,"commentCount":0,"publisher":{"@id":"https:\/\/luchonoticias.com\/editor\/#\/schema\/person\/7a7fd911f58561fd056dbac7b55af9cd"},"articleSection":["Destacado","Judicial"],"inLanguage":"es","potentialAction":[{"@type":"CommentAction","name":"Comment","target":["https:\/\/luchonoticias.com\/editor\/al-interior-de-una-vivienda-fue-capturado-este-sujeto-en-isnos-por-hurto\/#respond"]}]},{"@type":"WebPage","@id":"https:\/\/luchonoticias.com\/editor\/al-interior-de-una-vivienda-fue-capturado-este-sujeto-en-isnos-por-hurto\/","url":"https:\/\/luchonoticias.com\/editor\/al-interior-de-una-vivienda-fue-capturado-este-sujeto-en-isnos-por-hurto\/","name":"Al interior de una vivienda fue capturado este sujeto en Isnos por hurto -","isPartOf":{"@id":"https:\/\/luchonoticias.com\/editor\/#website"},"datePublished":"2022-12-09T11:36:16+00:00","dateModified":"2022-12-09T11:36:17+00:00","breadcrumb":{"@id":"https:\/\/luchonoticias.com\/editor\/al-interior-de-una-vivienda-fue-capturado-este-sujeto-en-isnos-por-hurto\/#breadcrumb"},"inLanguage":"es","potentialAction":[{"@type":"ReadAction","target":["https:\/\/luchonoticias.com\/editor\/al-interior-de-una-vivienda-fue-capturado-este-sujeto-en-isnos-por-hurto\/"]}]},{"@type":"BreadcrumbList","@id":"https:\/\/luchonoticias.com\/editor\/al-interior-de-una-vivienda-fue-capturado-este-sujeto-en-isnos-por-hurto\/#breadcrumb","itemListElement":[{"@type":"ListItem","position":1,"name":"Portada","item":"https:\/\/luchonoticias.com\/editor\/"},{"@type":"ListItem","position":2,"name":"Al interior de una vivienda fue capturado este sujeto en Isnos por hurto"}]},{"@type":"WebSite","@id":"https:\/\/luchonoticias.com\/editor\/#website","url":"https:\/\/luchonoticias.com\/editor\/","name":"","description":"","publisher":{"@id":"https:\/\/luchonoticias.com\/editor\/#\/schema\/person\/7a7fd911f58561fd056dbac7b55af9cd"},"potentialAction":[{"@type":"SearchAction","target":{"@type":"EntryPoint","urlTemplate":"https:\/\/luchonoticias.com\/editor\/?s={search_term_string}"},"query-input":{"@type":"PropertyValueSpecification","valueRequired":true,"valueName":"search_term_string"}}],"inLanguage":"es"},{"@type":["Person","Organization"],"@id":"https:\/\/luchonoticias.com\/editor\/#\/schema\/person\/7a7fd911f58561fd056dbac7b55af9cd","name":"admin","image":{"@type":"ImageObject","inLanguage":"es","@id":"https:\/\/luchonoticias.com\/editor\/#\/schema\/person\/image\/","url":"https:\/\/luchonoticias.com\/editor\/wp-content\/uploads\/2024\/02\/cropped-cropped-logolu.webp","contentUrl":"https:\/\/luchonoticias.com\/editor\/wp-content\/uploads\/2024\/02\/cropped-cropped-logolu.webp","width":382,"height":170,"caption":"admin"},"logo":{"@id":"https:\/\/luchonoticias.com\/editor\/#\/schema\/person\/image\/"},"sameAs":["https:\/\/www.facebook.com\/luchonoticiasneiva"],"url":"https:\/\/luchonoticias.com\/editor\/author\/admin\/"}]}},"_links":{"self":[{"href":"https:\/\/luchonoticias.com\/editor\/wp-json\/wp\/v2\/posts\/41686","targetHints":{"allow":["GET"]}}],"collection":[{"href":"https:\/\/luchonoticias.com\/editor\/wp-json\/wp\/v2\/posts"}],"about":[{"href":"https:\/\/luchonoticias.com\/editor\/wp-json\/wp\/v2\/types\/post"}],"author":[{"embeddable":true,"href":"https:\/\/luchonoticias.com\/editor\/wp-json\/wp\/v2\/users\/1"}],"replies":[{"embeddable":true,"href":"https:\/\/luchonoticias.com\/editor\/wp-json\/wp\/v2\/comments?post=41686"}],"version-history":[{"count":0,"href":"https:\/\/luchonoticias.com\/editor\/wp-json\/wp\/v2\/posts\/41686\/revisions"}],"wp:attachment":[{"href":"https:\/\/luchonoticias.com\/editor\/wp-json\/wp\/v2\/media?parent=41686"}],"wp:term":[{"taxonomy":"category","embeddable":true,"href":"https:\/\/luchonoticias.com\/editor\/wp-json\/wp\/v2\/categories?post=41686"},{"taxonomy":"post_tag","embeddable":true,"href":"https:\/\/luchonoticias.com\/editor\/wp-json\/wp\/v2\/tags?post=41686"}],"curies":[{"name":"wp","href":"https:\/\/api.w.org\/{rel}","templated":true}]}}