{"id":41689,"date":"2022-12-09T06:40:58","date_gmt":"2022-12-09T11:40:58","guid":{"rendered":"https:\/\/luchonoticias.com\/?p=41689"},"modified":"2022-12-09T06:40:59","modified_gmt":"2022-12-09T11:40:59","slug":"abatido-uno-de-los-presuntos-asesinos-de-dos-policias-en-el-sur-de-bogota","status":"publish","type":"post","link":"https:\/\/luchonoticias.com\/editor\/abatido-uno-de-los-presuntos-asesinos-de-dos-policias-en-el-sur-de-bogota\/","title":{"rendered":"Abatido uno de los presuntos asesinos de dos polic\u00edas en el sur de Bogot\u00e1"},"content":{"rendered":"\n<p>La alcaldesa de Bogot\u00e1, Claudia L\u00f3pez, inform\u00f3 que en una persecuci\u00f3n realizada entre Soacha y Bosa, fue abatido el presunto asesino que mat\u00f3 a los uniformados de la Polic\u00eda Nacional el pasado fin de semana en la localidad de Bosa, en Bogot\u00e1.<\/p>\n\n\n\n<p>Tras los hechos sucedidos el pasado domingo 4 de diciembre en la localidad de Bosa, donde el subintendente Jos\u00e9 Alirio S\u00e1nchez de 35 a\u00f1os y el patrullero Gustavo David Boh\u00f3rquez de 22 a\u00f1os fueron asesinados por dos delincuentes dedicados al hurto de motocicletas, las autoridades dedicaron varios d\u00edas a dar con el paradero de los responsables.<\/p>\n\n\n\n<p>La Polic\u00eda de Bogot\u00e1 confirm\u00f3 hace pocos minutos que uno de los delincuentes fue abatido entre la localidad de Bosa y Soacha en medio de una persecuci\u00f3n por un nuevo caso de robo de motocicletas. El criminal fue interceptado cuando intentaba huir. El otro delincuente implicado fue capturado por las autoridades.<\/p>\n\n\n\n<p>\u201cEl comandante Polic\u00eda Bogot\u00e1 me informa que en una persecuci\u00f3n desde Soacha hasta Bosa, se abati\u00f3 al delincuente que presuntamente asesin\u00f3 a nuestros dos polic\u00edas el pasado domingo. El criminal ya ten\u00eda orden de captura y lo interceptaron cuando hab\u00eda hurtado otra moto y hu\u00eda\u201d, expres\u00f3 L\u00f3pez en su cuenta de Twitter.<\/p>\n\n\n\n<p>En el momento de la requisa, se les incautaron dos armas de fuego. Una de ellas fue con la que presuntamente asesinaron a los dos oficiales y la otra era el arma de dotaci\u00f3n de uno de ellos. Cabe recordar que las autoridades creen que estas dos personas hac\u00edan parte de una red dedicada al hurto de veh\u00edculo en el sur de la ciudad.<\/p>\n","protected":false},"excerpt":{"rendered":"<p>La alcaldesa de Bogot\u00e1, Claudia L\u00f3pez, inform\u00f3 que en una persecuci\u00f3n realizada entre Soacha y Bosa, fue abatido el presunto asesino que mat\u00f3 a los uniformados de la Polic\u00eda Nacional el pasado fin de semana en la localidad de Bosa, en Bogot\u00e1. Tras los hechos sucedidos el pasado domingo 4 de diciembre en la localidad [&hellip;]<\/p>\n","protected":false},"author":1,"featured_media":0,"comment_status":"open","ping_status":"open","sticky":false,"template":"","format":"standard","meta":{"footnotes":""},"categories":[36,29],"tags":[],"class_list":["post-41689","post","type-post","status-publish","format-standard","hentry","category-destacado","category-judicial"],"yoast_head":"<!-- This site is optimized with the Yoast SEO plugin v26.6 - https:\/\/yoast.com\/wordpress\/plugins\/seo\/ -->\n<title>Abatido uno de los presuntos asesinos de dos polic\u00edas en el sur de Bogot\u00e1 -<\/title>\n<meta name=\"robots\" content=\"index, follow, max-snippet:-1, max-image-preview:large, max-video-preview:-1\" \/>\n<link rel=\"canonical\" href=\"https:\/\/luchonoticias.com\/editor\/abatido-uno-de-los-presuntos-asesinos-de-dos-policias-en-el-sur-de-bogota\/\" \/>\n<meta property=\"og:locale\" content=\"es_ES\" \/>\n<meta property=\"og:type\" content=\"article\" \/>\n<meta property=\"og:title\" content=\"Abatido uno de los presuntos asesinos de dos polic\u00edas en el sur de Bogot\u00e1 -\" \/>\n<meta property=\"og:url\" content=\"https:\/\/luchonoticias.com\/editor\/abatido-uno-de-los-presuntos-asesinos-de-dos-policias-en-el-sur-de-bogota\/\" \/>\n<meta property=\"article:publisher\" content=\"https:\/\/www.facebook.com\/luchonoticiasneiva\" \/>\n<meta property=\"article:author\" content=\"https:\/\/www.facebook.com\/luchonoticiasneiva\" \/>\n<meta property=\"article:published_time\" content=\"2022-12-09T11:40:58+00:00\" \/>\n<meta property=\"article:modified_time\" content=\"2022-12-09T11:40:59+00:00\" \/>\n<meta name=\"author\" content=\"admin\" \/>\n<meta name=\"twitter:card\" content=\"summary_large_image\" \/>\n<meta name=\"twitter:label1\" content=\"Escrito por\" \/>\n\t<meta name=\"twitter:data1\" content=\"admin\" \/>\n\t<meta name=\"twitter:label2\" content=\"Tiempo de lectura\" \/>\n\t<meta name=\"twitter:data2\" content=\"1 minuto\" \/>\n<script type=\"application\/ld+json\" class=\"yoast-schema-graph\">{\"@context\":\"https:\/\/schema.org\",\"@graph\":[{\"@type\":\"Article\",\"@id\":\"https:\/\/luchonoticias.com\/editor\/abatido-uno-de-los-presuntos-asesinos-de-dos-policias-en-el-sur-de-bogota\/#article\",\"isPartOf\":{\"@id\":\"https:\/\/luchonoticias.com\/editor\/abatido-uno-de-los-presuntos-asesinos-de-dos-policias-en-el-sur-de-bogota\/\"},\"author\":{\"name\":\"admin\",\"@id\":\"https:\/\/luchonoticias.com\/editor\/#\/schema\/person\/7a7fd911f58561fd056dbac7b55af9cd\"},\"headline\":\"Abatido uno de los presuntos asesinos de dos polic\u00edas en el sur de Bogot\u00e1\",\"datePublished\":\"2022-12-09T11:40:58+00:00\",\"dateModified\":\"2022-12-09T11:40:59+00:00\",\"mainEntityOfPage\":{\"@id\":\"https:\/\/luchonoticias.com\/editor\/abatido-uno-de-los-presuntos-asesinos-de-dos-policias-en-el-sur-de-bogota\/\"},\"wordCount\":297,\"commentCount\":0,\"publisher\":{\"@id\":\"https:\/\/luchonoticias.com\/editor\/#\/schema\/person\/7a7fd911f58561fd056dbac7b55af9cd\"},\"articleSection\":[\"Destacado\",\"Judicial\"],\"inLanguage\":\"es\",\"potentialAction\":[{\"@type\":\"CommentAction\",\"name\":\"Comment\",\"target\":[\"https:\/\/luchonoticias.com\/editor\/abatido-uno-de-los-presuntos-asesinos-de-dos-policias-en-el-sur-de-bogota\/#respond\"]}]},{\"@type\":\"WebPage\",\"@id\":\"https:\/\/luchonoticias.com\/editor\/abatido-uno-de-los-presuntos-asesinos-de-dos-policias-en-el-sur-de-bogota\/\",\"url\":\"https:\/\/luchonoticias.com\/editor\/abatido-uno-de-los-presuntos-asesinos-de-dos-policias-en-el-sur-de-bogota\/\",\"name\":\"Abatido uno de los presuntos asesinos de dos polic\u00edas en el sur de Bogot\u00e1 -\",\"isPartOf\":{\"@id\":\"https:\/\/luchonoticias.com\/editor\/#website\"},\"datePublished\":\"2022-12-09T11:40:58+00:00\",\"dateModified\":\"2022-12-09T11:40:59+00:00\",\"breadcrumb\":{\"@id\":\"https:\/\/luchonoticias.com\/editor\/abatido-uno-de-los-presuntos-asesinos-de-dos-policias-en-el-sur-de-bogota\/#breadcrumb\"},\"inLanguage\":\"es\",\"potentialAction\":[{\"@type\":\"ReadAction\",\"target\":[\"https:\/\/luchonoticias.com\/editor\/abatido-uno-de-los-presuntos-asesinos-de-dos-policias-en-el-sur-de-bogota\/\"]}]},{\"@type\":\"BreadcrumbList\",\"@id\":\"https:\/\/luchonoticias.com\/editor\/abatido-uno-de-los-presuntos-asesinos-de-dos-policias-en-el-sur-de-bogota\/#breadcrumb\",\"itemListElement\":[{\"@type\":\"ListItem\",\"position\":1,\"name\":\"Portada\",\"item\":\"https:\/\/luchonoticias.com\/editor\/\"},{\"@type\":\"ListItem\",\"position\":2,\"name\":\"Abatido uno de los presuntos asesinos de dos polic\u00edas en el sur de Bogot\u00e1\"}]},{\"@type\":\"WebSite\",\"@id\":\"https:\/\/luchonoticias.com\/editor\/#website\",\"url\":\"https:\/\/luchonoticias.com\/editor\/\",\"name\":\"\",\"description\":\"\",\"publisher\":{\"@id\":\"https:\/\/luchonoticias.com\/editor\/#\/schema\/person\/7a7fd911f58561fd056dbac7b55af9cd\"},\"potentialAction\":[{\"@type\":\"SearchAction\",\"target\":{\"@type\":\"EntryPoint\",\"urlTemplate\":\"https:\/\/luchonoticias.com\/editor\/?s={search_term_string}\"},\"query-input\":{\"@type\":\"PropertyValueSpecification\",\"valueRequired\":true,\"valueName\":\"search_term_string\"}}],\"inLanguage\":\"es\"},{\"@type\":[\"Person\",\"Organization\"],\"@id\":\"https:\/\/luchonoticias.com\/editor\/#\/schema\/person\/7a7fd911f58561fd056dbac7b55af9cd\",\"name\":\"admin\",\"image\":{\"@type\":\"ImageObject\",\"inLanguage\":\"es\",\"@id\":\"https:\/\/luchonoticias.com\/editor\/#\/schema\/person\/image\/\",\"url\":\"https:\/\/luchonoticias.com\/editor\/wp-content\/uploads\/2024\/02\/cropped-cropped-logolu.webp\",\"contentUrl\":\"https:\/\/luchonoticias.com\/editor\/wp-content\/uploads\/2024\/02\/cropped-cropped-logolu.webp\",\"width\":382,\"height\":170,\"caption\":\"admin\"},\"logo\":{\"@id\":\"https:\/\/luchonoticias.com\/editor\/#\/schema\/person\/image\/\"},\"sameAs\":[\"https:\/\/www.facebook.com\/luchonoticiasneiva\"],\"url\":\"https:\/\/luchonoticias.com\/editor\/author\/admin\/\"}]}<\/script>\n<!-- \/ Yoast SEO plugin. -->","yoast_head_json":{"title":"Abatido uno de los presuntos asesinos de dos polic\u00edas en el sur de Bogot\u00e1 -","robots":{"index":"index","follow":"follow","max-snippet":"max-snippet:-1","max-image-preview":"max-image-preview:large","max-video-preview":"max-video-preview:-1"},"canonical":"https:\/\/luchonoticias.com\/editor\/abatido-uno-de-los-presuntos-asesinos-de-dos-policias-en-el-sur-de-bogota\/","og_locale":"es_ES","og_type":"article","og_title":"Abatido uno de los presuntos asesinos de dos polic\u00edas en el sur de Bogot\u00e1 -","og_url":"https:\/\/luchonoticias.com\/editor\/abatido-uno-de-los-presuntos-asesinos-de-dos-policias-en-el-sur-de-bogota\/","article_publisher":"https:\/\/www.facebook.com\/luchonoticiasneiva","article_author":"https:\/\/www.facebook.com\/luchonoticiasneiva","article_published_time":"2022-12-09T11:40:58+00:00","article_modified_time":"2022-12-09T11:40:59+00:00","author":"admin","twitter_card":"summary_large_image","twitter_misc":{"Escrito por":"admin","Tiempo de lectura":"1 minuto"},"schema":{"@context":"https:\/\/schema.org","@graph":[{"@type":"Article","@id":"https:\/\/luchonoticias.com\/editor\/abatido-uno-de-los-presuntos-asesinos-de-dos-policias-en-el-sur-de-bogota\/#article","isPartOf":{"@id":"https:\/\/luchonoticias.com\/editor\/abatido-uno-de-los-presuntos-asesinos-de-dos-policias-en-el-sur-de-bogota\/"},"author":{"name":"admin","@id":"https:\/\/luchonoticias.com\/editor\/#\/schema\/person\/7a7fd911f58561fd056dbac7b55af9cd"},"headline":"Abatido uno de los presuntos asesinos de dos polic\u00edas en el sur de Bogot\u00e1","datePublished":"2022-12-09T11:40:58+00:00","dateModified":"2022-12-09T11:40:59+00:00","mainEntityOfPage":{"@id":"https:\/\/luchonoticias.com\/editor\/abatido-uno-de-los-presuntos-asesinos-de-dos-policias-en-el-sur-de-bogota\/"},"wordCount":297,"commentCount":0,"publisher":{"@id":"https:\/\/luchonoticias.com\/editor\/#\/schema\/person\/7a7fd911f58561fd056dbac7b55af9cd"},"articleSection":["Destacado","Judicial"],"inLanguage":"es","potentialAction":[{"@type":"CommentAction","name":"Comment","target":["https:\/\/luchonoticias.com\/editor\/abatido-uno-de-los-presuntos-asesinos-de-dos-policias-en-el-sur-de-bogota\/#respond"]}]},{"@type":"WebPage","@id":"https:\/\/luchonoticias.com\/editor\/abatido-uno-de-los-presuntos-asesinos-de-dos-policias-en-el-sur-de-bogota\/","url":"https:\/\/luchonoticias.com\/editor\/abatido-uno-de-los-presuntos-asesinos-de-dos-policias-en-el-sur-de-bogota\/","name":"Abatido uno de los presuntos asesinos de dos polic\u00edas en el sur de Bogot\u00e1 -","isPartOf":{"@id":"https:\/\/luchonoticias.com\/editor\/#website"},"datePublished":"2022-12-09T11:40:58+00:00","dateModified":"2022-12-09T11:40:59+00:00","breadcrumb":{"@id":"https:\/\/luchonoticias.com\/editor\/abatido-uno-de-los-presuntos-asesinos-de-dos-policias-en-el-sur-de-bogota\/#breadcrumb"},"inLanguage":"es","potentialAction":[{"@type":"ReadAction","target":["https:\/\/luchonoticias.com\/editor\/abatido-uno-de-los-presuntos-asesinos-de-dos-policias-en-el-sur-de-bogota\/"]}]},{"@type":"BreadcrumbList","@id":"https:\/\/luchonoticias.com\/editor\/abatido-uno-de-los-presuntos-asesinos-de-dos-policias-en-el-sur-de-bogota\/#breadcrumb","itemListElement":[{"@type":"ListItem","position":1,"name":"Portada","item":"https:\/\/luchonoticias.com\/editor\/"},{"@type":"ListItem","position":2,"name":"Abatido uno de los presuntos asesinos de dos polic\u00edas en el sur de Bogot\u00e1"}]},{"@type":"WebSite","@id":"https:\/\/luchonoticias.com\/editor\/#website","url":"https:\/\/luchonoticias.com\/editor\/","name":"","description":"","publisher":{"@id":"https:\/\/luchonoticias.com\/editor\/#\/schema\/person\/7a7fd911f58561fd056dbac7b55af9cd"},"potentialAction":[{"@type":"SearchAction","target":{"@type":"EntryPoint","urlTemplate":"https:\/\/luchonoticias.com\/editor\/?s={search_term_string}"},"query-input":{"@type":"PropertyValueSpecification","valueRequired":true,"valueName":"search_term_string"}}],"inLanguage":"es"},{"@type":["Person","Organization"],"@id":"https:\/\/luchonoticias.com\/editor\/#\/schema\/person\/7a7fd911f58561fd056dbac7b55af9cd","name":"admin","image":{"@type":"ImageObject","inLanguage":"es","@id":"https:\/\/luchonoticias.com\/editor\/#\/schema\/person\/image\/","url":"https:\/\/luchonoticias.com\/editor\/wp-content\/uploads\/2024\/02\/cropped-cropped-logolu.webp","contentUrl":"https:\/\/luchonoticias.com\/editor\/wp-content\/uploads\/2024\/02\/cropped-cropped-logolu.webp","width":382,"height":170,"caption":"admin"},"logo":{"@id":"https:\/\/luchonoticias.com\/editor\/#\/schema\/person\/image\/"},"sameAs":["https:\/\/www.facebook.com\/luchonoticiasneiva"],"url":"https:\/\/luchonoticias.com\/editor\/author\/admin\/"}]}},"_links":{"self":[{"href":"https:\/\/luchonoticias.com\/editor\/wp-json\/wp\/v2\/posts\/41689","targetHints":{"allow":["GET"]}}],"collection":[{"href":"https:\/\/luchonoticias.com\/editor\/wp-json\/wp\/v2\/posts"}],"about":[{"href":"https:\/\/luchonoticias.com\/editor\/wp-json\/wp\/v2\/types\/post"}],"author":[{"embeddable":true,"href":"https:\/\/luchonoticias.com\/editor\/wp-json\/wp\/v2\/users\/1"}],"replies":[{"embeddable":true,"href":"https:\/\/luchonoticias.com\/editor\/wp-json\/wp\/v2\/comments?post=41689"}],"version-history":[{"count":0,"href":"https:\/\/luchonoticias.com\/editor\/wp-json\/wp\/v2\/posts\/41689\/revisions"}],"wp:attachment":[{"href":"https:\/\/luchonoticias.com\/editor\/wp-json\/wp\/v2\/media?parent=41689"}],"wp:term":[{"taxonomy":"category","embeddable":true,"href":"https:\/\/luchonoticias.com\/editor\/wp-json\/wp\/v2\/categories?post=41689"},{"taxonomy":"post_tag","embeddable":true,"href":"https:\/\/luchonoticias.com\/editor\/wp-json\/wp\/v2\/tags?post=41689"}],"curies":[{"name":"wp","href":"https:\/\/api.w.org\/{rel}","templated":true}]}}