{"id":41722,"date":"2022-12-10T06:44:23","date_gmt":"2022-12-10T11:44:23","guid":{"rendered":"https:\/\/luchonoticias.com\/?p=41722"},"modified":"2022-12-10T06:44:24","modified_gmt":"2022-12-10T11:44:24","slug":"shows-de-djs-y-gastronomia-se-podran-vivir-hoy-en-la-media-maraton-internacional","status":"publish","type":"post","link":"https:\/\/luchonoticias.com\/editor\/shows-de-djs-y-gastronomia-se-podran-vivir-hoy-en-la-media-maraton-internacional\/","title":{"rendered":"Shows de DJS y gastronom\u00eda se podr\u00e1n vivir hoy en la media marat\u00f3n internacional"},"content":{"rendered":"\n<p>Toda una fiesta vive Neiva en la antesala de la Media Marat\u00f3n Internacional que organiza la Alcald\u00eda y diferentes patrocinadores, y que se desarrollar\u00e1 ma\u00f1ana desde las 5:30 p.m. por las principales calles de la ciudad. Los kits ya se est\u00e1n entregando y hasta el s\u00e1bado al mediod\u00eda lo pueden reclamar las personas que se inscribieron.<\/p>\n\n\n\n<p>\u201cLos kits se entregan hasta ma\u00f1ana al mediod\u00eda, a las 12 cerramos la entrega de kits, si usted se inscribi\u00f3 y no lleg\u00f3 puede reclamar el kit despu\u00e9s y correr sin kit pero sin n\u00famero no va a poder tener sus tiempos registrados, por eso les pedimos que antes del mediod\u00eda asistan a reclamarlo\u201d, expres\u00f3 Rafael S\u00e1nchez D\u00edaz, jefe de la Oficina de Internacionalizaci\u00f3n y Proyectos.<\/p>\n\n\n\n<figure class=\"wp-block-gallery has-nested-images columns-default is-cropped wp-block-gallery-1 is-layout-flex wp-block-gallery-is-layout-flex\">\n<figure class=\"wp-block-image size-large\"><img decoding=\"async\" data-id=\"41724\" src=\"https:\/\/luchonoticias.com\/wp-content\/uploads\/2022\/12\/WhatsApp-Image-2022-12-09-at-5.50.33-PM-1024x682.jpeg\" alt=\"\" class=\"wp-image-41724\"\/><\/figure>\n\n\n\n<figure class=\"wp-block-image size-large\"><img decoding=\"async\" data-id=\"41726\" src=\"https:\/\/luchonoticias.com\/wp-content\/uploads\/2022\/12\/WhatsApp-Image-2022-12-09-at-5.50.34-PM-1-1024x682.jpeg\" alt=\"\" class=\"wp-image-41726\"\/><\/figure>\n\n\n\n<figure class=\"wp-block-image size-large\"><img decoding=\"async\" data-id=\"41725\" src=\"https:\/\/luchonoticias.com\/wp-content\/uploads\/2022\/12\/WhatsApp-Image-2022-12-09-at-5.50.34-PM-2-1024x682.jpeg\" alt=\"\" class=\"wp-image-41725\"\/><\/figure>\n<\/figure>\n\n\n\n<p>En ese orden de ideas, tambi\u00e9n se les hace extensiva la invitaci\u00f3n a todos los neivanos para que salgan con tiempo y disfruten de la carrera, y de restaurantes y emprendimientos aliados, como tambi\u00e9n del alumbrado navide\u00f1o de la ciudad.<\/p>\n\n\n\n<p>\u201cUsted puede venir a la expo as\u00ed no se haya inscrito a conocer la carrera, ya no hay m\u00e1s inscripciones abiertas pero les pedimos que apoyemos estas iniciativas, si usted tambi\u00e9n quiere ver la carrera y disfrutar del alumbrado navide\u00f1o puede estar como espectador\u201d, sostuvo el funcionario.<\/p>\n\n\n\n<p>Horas antes de la carrera habr\u00e1 una rueda de prensa con los invitados, as\u00ed como tambi\u00e9n diferentes shows para que los neivanos salgan a disfrutar y vivan un s\u00e1bado diferente en la ciudad.<\/p>\n\n\n\n<p>\u201cMa\u00f1ana hay rueda de prensa con los invitados a las 10:00 a.m., luego empieza todo el ejercicio de rumba aer\u00f3bica, show de DJs, show gastron\u00f3micos, la carrera arranca a las 5:30 p.m. pero antes tendremos todo un espect\u00e1culo musical y a partir de las 9:00 p.m. tenemos la fiesta de cierre en el Parque de la M\u00fasica hasta las 12 de la medianoche\u201d, concluy\u00f3 S\u00e1nchez D\u00edaz.<\/p>\n\n\n\n<figure class=\"wp-block-gallery has-nested-images columns-default is-cropped wp-block-gallery-2 is-layout-flex wp-block-gallery-is-layout-flex\">\n<figure class=\"wp-block-image size-large\"><img decoding=\"async\" data-id=\"41727\" src=\"https:\/\/luchonoticias.com\/wp-content\/uploads\/2022\/12\/WhatsApp-Image-2022-12-09-at-5.50.34-PM-682x1024.jpeg\" alt=\"\" class=\"wp-image-41727\"\/><\/figure>\n\n\n\n<figure class=\"wp-block-image size-large\"><img decoding=\"async\" data-id=\"41728\" src=\"https:\/\/luchonoticias.com\/wp-content\/uploads\/2022\/12\/WhatsApp-Image-2022-12-09-at-5.50.35-PM-1-1024x682.jpeg\" alt=\"\" class=\"wp-image-41728\"\/><\/figure>\n<\/figure>\n\n\n\n<p><strong>Visitantes<\/strong><\/p>\n\n\n\n<p>La ciudad empieza a recibir visitantes que participar\u00e1n fe la carrera, como Daniel Ocano, un joven oriundo de Chicago, Estados Unidos, qui\u00e9n est\u00e1 radicado en Colombia desde hace algunos meses, pero decidi\u00f3 viajar a Neiva a participar de la carrera nocturna que le llam\u00f3 mucho la atenci\u00f3n.<\/p>\n\n\n\n<p>\u201cEsto es muy ch\u00e9vere, estoy emocionado porque es una carrera en la noche, estoy emocionado de correr, yo trabajo en Tunja en una universidad para ense\u00f1ar ingl\u00e9s pero viajamos aqu\u00ed para la carrera\u201d.<\/p>\n\n\n\n<p>Se espera que hayan m\u00e1s de 1.000 corredores de otras ciudades, 40 atletas \u00e9lite entre ellos algunos internacionales, y corredores de diferentes ligas del pa\u00eds que hacen parte de la Federaci\u00f3n Nacional de Atletismo. As\u00ed mismo se espera m\u00e1s de 1.700 atletas locales.<\/p>\n","protected":false},"excerpt":{"rendered":"<p>Toda una fiesta vive Neiva en la antesala de la Media Marat\u00f3n Internacional que organiza la Alcald\u00eda y diferentes patrocinadores, y que se desarrollar\u00e1 ma\u00f1ana desde las 5:30 p.m. por las principales calles de la ciudad. Los kits ya se est\u00e1n entregando y hasta el s\u00e1bado al mediod\u00eda lo pueden reclamar las personas que se [&hellip;]<\/p>\n","protected":false},"author":1,"featured_media":0,"comment_status":"open","ping_status":"open","sticky":false,"template":"","format":"standard","meta":{"footnotes":""},"categories":[36,31],"tags":[],"class_list":["post-41722","post","type-post","status-publish","format-standard","hentry","category-destacado","category-local"],"yoast_head":"<!-- This site is optimized with the Yoast SEO plugin v26.6 - https:\/\/yoast.com\/wordpress\/plugins\/seo\/ -->\n<title>Shows de DJS y gastronom\u00eda se podr\u00e1n vivir hoy en la media marat\u00f3n internacional -<\/title>\n<meta name=\"robots\" content=\"index, follow, max-snippet:-1, max-image-preview:large, max-video-preview:-1\" \/>\n<link rel=\"canonical\" href=\"https:\/\/luchonoticias.com\/editor\/shows-de-djs-y-gastronomia-se-podran-vivir-hoy-en-la-media-maraton-internacional\/\" \/>\n<meta property=\"og:locale\" content=\"es_ES\" \/>\n<meta property=\"og:type\" content=\"article\" \/>\n<meta property=\"og:title\" content=\"Shows de DJS y gastronom\u00eda se podr\u00e1n vivir hoy en la media marat\u00f3n internacional -\" \/>\n<meta property=\"og:url\" content=\"https:\/\/luchonoticias.com\/editor\/shows-de-djs-y-gastronomia-se-podran-vivir-hoy-en-la-media-maraton-internacional\/\" \/>\n<meta property=\"article:publisher\" content=\"https:\/\/www.facebook.com\/luchonoticiasneiva\" \/>\n<meta property=\"article:author\" content=\"https:\/\/www.facebook.com\/luchonoticiasneiva\" \/>\n<meta property=\"article:published_time\" content=\"2022-12-10T11:44:23+00:00\" \/>\n<meta property=\"article:modified_time\" content=\"2022-12-10T11:44:24+00:00\" \/>\n<meta property=\"og:image\" content=\"https:\/\/luchonoticias.com\/wp-content\/uploads\/2022\/12\/WhatsApp-Image-2022-12-09-at-5.50.33-PM-1024x682.jpeg\" \/>\n<meta name=\"author\" content=\"admin\" \/>\n<meta name=\"twitter:card\" content=\"summary_large_image\" \/>\n<meta name=\"twitter:label1\" content=\"Escrito por\" \/>\n\t<meta name=\"twitter:data1\" content=\"admin\" \/>\n\t<meta name=\"twitter:label2\" content=\"Tiempo de lectura\" \/>\n\t<meta name=\"twitter:data2\" content=\"2 minutos\" \/>\n<script type=\"application\/ld+json\" class=\"yoast-schema-graph\">{\"@context\":\"https:\/\/schema.org\",\"@graph\":[{\"@type\":\"Article\",\"@id\":\"https:\/\/luchonoticias.com\/editor\/shows-de-djs-y-gastronomia-se-podran-vivir-hoy-en-la-media-maraton-internacional\/#article\",\"isPartOf\":{\"@id\":\"https:\/\/luchonoticias.com\/editor\/shows-de-djs-y-gastronomia-se-podran-vivir-hoy-en-la-media-maraton-internacional\/\"},\"author\":{\"name\":\"admin\",\"@id\":\"https:\/\/luchonoticias.com\/editor\/#\/schema\/person\/7a7fd911f58561fd056dbac7b55af9cd\"},\"headline\":\"Shows de DJS y gastronom\u00eda se podr\u00e1n vivir hoy en la media marat\u00f3n internacional\",\"datePublished\":\"2022-12-10T11:44:23+00:00\",\"dateModified\":\"2022-12-10T11:44:24+00:00\",\"mainEntityOfPage\":{\"@id\":\"https:\/\/luchonoticias.com\/editor\/shows-de-djs-y-gastronomia-se-podran-vivir-hoy-en-la-media-maraton-internacional\/\"},\"wordCount\":484,\"commentCount\":0,\"publisher\":{\"@id\":\"https:\/\/luchonoticias.com\/editor\/#\/schema\/person\/7a7fd911f58561fd056dbac7b55af9cd\"},\"image\":{\"@id\":\"https:\/\/luchonoticias.com\/editor\/shows-de-djs-y-gastronomia-se-podran-vivir-hoy-en-la-media-maraton-internacional\/#primaryimage\"},\"thumbnailUrl\":\"https:\/\/luchonoticias.com\/wp-content\/uploads\/2022\/12\/WhatsApp-Image-2022-12-09-at-5.50.33-PM-1024x682.jpeg\",\"articleSection\":[\"Destacado\",\"Local\"],\"inLanguage\":\"es\",\"potentialAction\":[{\"@type\":\"CommentAction\",\"name\":\"Comment\",\"target\":[\"https:\/\/luchonoticias.com\/editor\/shows-de-djs-y-gastronomia-se-podran-vivir-hoy-en-la-media-maraton-internacional\/#respond\"]}]},{\"@type\":\"WebPage\",\"@id\":\"https:\/\/luchonoticias.com\/editor\/shows-de-djs-y-gastronomia-se-podran-vivir-hoy-en-la-media-maraton-internacional\/\",\"url\":\"https:\/\/luchonoticias.com\/editor\/shows-de-djs-y-gastronomia-se-podran-vivir-hoy-en-la-media-maraton-internacional\/\",\"name\":\"Shows de DJS y gastronom\u00eda se podr\u00e1n vivir hoy en la media marat\u00f3n internacional -\",\"isPartOf\":{\"@id\":\"https:\/\/luchonoticias.com\/editor\/#website\"},\"primaryImageOfPage\":{\"@id\":\"https:\/\/luchonoticias.com\/editor\/shows-de-djs-y-gastronomia-se-podran-vivir-hoy-en-la-media-maraton-internacional\/#primaryimage\"},\"image\":{\"@id\":\"https:\/\/luchonoticias.com\/editor\/shows-de-djs-y-gastronomia-se-podran-vivir-hoy-en-la-media-maraton-internacional\/#primaryimage\"},\"thumbnailUrl\":\"https:\/\/luchonoticias.com\/wp-content\/uploads\/2022\/12\/WhatsApp-Image-2022-12-09-at-5.50.33-PM-1024x682.jpeg\",\"datePublished\":\"2022-12-10T11:44:23+00:00\",\"dateModified\":\"2022-12-10T11:44:24+00:00\",\"breadcrumb\":{\"@id\":\"https:\/\/luchonoticias.com\/editor\/shows-de-djs-y-gastronomia-se-podran-vivir-hoy-en-la-media-maraton-internacional\/#breadcrumb\"},\"inLanguage\":\"es\",\"potentialAction\":[{\"@type\":\"ReadAction\",\"target\":[\"https:\/\/luchonoticias.com\/editor\/shows-de-djs-y-gastronomia-se-podran-vivir-hoy-en-la-media-maraton-internacional\/\"]}]},{\"@type\":\"ImageObject\",\"inLanguage\":\"es\",\"@id\":\"https:\/\/luchonoticias.com\/editor\/shows-de-djs-y-gastronomia-se-podran-vivir-hoy-en-la-media-maraton-internacional\/#primaryimage\",\"url\":\"https:\/\/luchonoticias.com\/wp-content\/uploads\/2022\/12\/WhatsApp-Image-2022-12-09-at-5.50.33-PM-1024x682.jpeg\",\"contentUrl\":\"https:\/\/luchonoticias.com\/wp-content\/uploads\/2022\/12\/WhatsApp-Image-2022-12-09-at-5.50.33-PM-1024x682.jpeg\"},{\"@type\":\"BreadcrumbList\",\"@id\":\"https:\/\/luchonoticias.com\/editor\/shows-de-djs-y-gastronomia-se-podran-vivir-hoy-en-la-media-maraton-internacional\/#breadcrumb\",\"itemListElement\":[{\"@type\":\"ListItem\",\"position\":1,\"name\":\"Portada\",\"item\":\"https:\/\/luchonoticias.com\/editor\/\"},{\"@type\":\"ListItem\",\"position\":2,\"name\":\"Shows de DJS y gastronom\u00eda se podr\u00e1n vivir hoy en la media marat\u00f3n internacional\"}]},{\"@type\":\"WebSite\",\"@id\":\"https:\/\/luchonoticias.com\/editor\/#website\",\"url\":\"https:\/\/luchonoticias.com\/editor\/\",\"name\":\"\",\"description\":\"\",\"publisher\":{\"@id\":\"https:\/\/luchonoticias.com\/editor\/#\/schema\/person\/7a7fd911f58561fd056dbac7b55af9cd\"},\"potentialAction\":[{\"@type\":\"SearchAction\",\"target\":{\"@type\":\"EntryPoint\",\"urlTemplate\":\"https:\/\/luchonoticias.com\/editor\/?s={search_term_string}\"},\"query-input\":{\"@type\":\"PropertyValueSpecification\",\"valueRequired\":true,\"valueName\":\"search_term_string\"}}],\"inLanguage\":\"es\"},{\"@type\":[\"Person\",\"Organization\"],\"@id\":\"https:\/\/luchonoticias.com\/editor\/#\/schema\/person\/7a7fd911f58561fd056dbac7b55af9cd\",\"name\":\"admin\",\"image\":{\"@type\":\"ImageObject\",\"inLanguage\":\"es\",\"@id\":\"https:\/\/luchonoticias.com\/editor\/#\/schema\/person\/image\/\",\"url\":\"https:\/\/luchonoticias.com\/editor\/wp-content\/uploads\/2024\/02\/cropped-cropped-logolu.webp\",\"contentUrl\":\"https:\/\/luchonoticias.com\/editor\/wp-content\/uploads\/2024\/02\/cropped-cropped-logolu.webp\",\"width\":382,\"height\":170,\"caption\":\"admin\"},\"logo\":{\"@id\":\"https:\/\/luchonoticias.com\/editor\/#\/schema\/person\/image\/\"},\"sameAs\":[\"https:\/\/www.facebook.com\/luchonoticiasneiva\"],\"url\":\"https:\/\/luchonoticias.com\/editor\/author\/admin\/\"}]}<\/script>\n<!-- \/ Yoast SEO plugin. -->","yoast_head_json":{"title":"Shows de DJS y gastronom\u00eda se podr\u00e1n vivir hoy en la media marat\u00f3n internacional -","robots":{"index":"index","follow":"follow","max-snippet":"max-snippet:-1","max-image-preview":"max-image-preview:large","max-video-preview":"max-video-preview:-1"},"canonical":"https:\/\/luchonoticias.com\/editor\/shows-de-djs-y-gastronomia-se-podran-vivir-hoy-en-la-media-maraton-internacional\/","og_locale":"es_ES","og_type":"article","og_title":"Shows de DJS y gastronom\u00eda se podr\u00e1n vivir hoy en la media marat\u00f3n internacional -","og_url":"https:\/\/luchonoticias.com\/editor\/shows-de-djs-y-gastronomia-se-podran-vivir-hoy-en-la-media-maraton-internacional\/","article_publisher":"https:\/\/www.facebook.com\/luchonoticiasneiva","article_author":"https:\/\/www.facebook.com\/luchonoticiasneiva","article_published_time":"2022-12-10T11:44:23+00:00","article_modified_time":"2022-12-10T11:44:24+00:00","og_image":[{"url":"https:\/\/luchonoticias.com\/wp-content\/uploads\/2022\/12\/WhatsApp-Image-2022-12-09-at-5.50.33-PM-1024x682.jpeg","type":"","width":"","height":""}],"author":"admin","twitter_card":"summary_large_image","twitter_misc":{"Escrito por":"admin","Tiempo de lectura":"2 minutos"},"schema":{"@context":"https:\/\/schema.org","@graph":[{"@type":"Article","@id":"https:\/\/luchonoticias.com\/editor\/shows-de-djs-y-gastronomia-se-podran-vivir-hoy-en-la-media-maraton-internacional\/#article","isPartOf":{"@id":"https:\/\/luchonoticias.com\/editor\/shows-de-djs-y-gastronomia-se-podran-vivir-hoy-en-la-media-maraton-internacional\/"},"author":{"name":"admin","@id":"https:\/\/luchonoticias.com\/editor\/#\/schema\/person\/7a7fd911f58561fd056dbac7b55af9cd"},"headline":"Shows de DJS y gastronom\u00eda se podr\u00e1n vivir hoy en la media marat\u00f3n internacional","datePublished":"2022-12-10T11:44:23+00:00","dateModified":"2022-12-10T11:44:24+00:00","mainEntityOfPage":{"@id":"https:\/\/luchonoticias.com\/editor\/shows-de-djs-y-gastronomia-se-podran-vivir-hoy-en-la-media-maraton-internacional\/"},"wordCount":484,"commentCount":0,"publisher":{"@id":"https:\/\/luchonoticias.com\/editor\/#\/schema\/person\/7a7fd911f58561fd056dbac7b55af9cd"},"image":{"@id":"https:\/\/luchonoticias.com\/editor\/shows-de-djs-y-gastronomia-se-podran-vivir-hoy-en-la-media-maraton-internacional\/#primaryimage"},"thumbnailUrl":"https:\/\/luchonoticias.com\/wp-content\/uploads\/2022\/12\/WhatsApp-Image-2022-12-09-at-5.50.33-PM-1024x682.jpeg","articleSection":["Destacado","Local"],"inLanguage":"es","potentialAction":[{"@type":"CommentAction","name":"Comment","target":["https:\/\/luchonoticias.com\/editor\/shows-de-djs-y-gastronomia-se-podran-vivir-hoy-en-la-media-maraton-internacional\/#respond"]}]},{"@type":"WebPage","@id":"https:\/\/luchonoticias.com\/editor\/shows-de-djs-y-gastronomia-se-podran-vivir-hoy-en-la-media-maraton-internacional\/","url":"https:\/\/luchonoticias.com\/editor\/shows-de-djs-y-gastronomia-se-podran-vivir-hoy-en-la-media-maraton-internacional\/","name":"Shows de DJS y gastronom\u00eda se podr\u00e1n vivir hoy en la media marat\u00f3n internacional -","isPartOf":{"@id":"https:\/\/luchonoticias.com\/editor\/#website"},"primaryImageOfPage":{"@id":"https:\/\/luchonoticias.com\/editor\/shows-de-djs-y-gastronomia-se-podran-vivir-hoy-en-la-media-maraton-internacional\/#primaryimage"},"image":{"@id":"https:\/\/luchonoticias.com\/editor\/shows-de-djs-y-gastronomia-se-podran-vivir-hoy-en-la-media-maraton-internacional\/#primaryimage"},"thumbnailUrl":"https:\/\/luchonoticias.com\/wp-content\/uploads\/2022\/12\/WhatsApp-Image-2022-12-09-at-5.50.33-PM-1024x682.jpeg","datePublished":"2022-12-10T11:44:23+00:00","dateModified":"2022-12-10T11:44:24+00:00","breadcrumb":{"@id":"https:\/\/luchonoticias.com\/editor\/shows-de-djs-y-gastronomia-se-podran-vivir-hoy-en-la-media-maraton-internacional\/#breadcrumb"},"inLanguage":"es","potentialAction":[{"@type":"ReadAction","target":["https:\/\/luchonoticias.com\/editor\/shows-de-djs-y-gastronomia-se-podran-vivir-hoy-en-la-media-maraton-internacional\/"]}]},{"@type":"ImageObject","inLanguage":"es","@id":"https:\/\/luchonoticias.com\/editor\/shows-de-djs-y-gastronomia-se-podran-vivir-hoy-en-la-media-maraton-internacional\/#primaryimage","url":"https:\/\/luchonoticias.com\/wp-content\/uploads\/2022\/12\/WhatsApp-Image-2022-12-09-at-5.50.33-PM-1024x682.jpeg","contentUrl":"https:\/\/luchonoticias.com\/wp-content\/uploads\/2022\/12\/WhatsApp-Image-2022-12-09-at-5.50.33-PM-1024x682.jpeg"},{"@type":"BreadcrumbList","@id":"https:\/\/luchonoticias.com\/editor\/shows-de-djs-y-gastronomia-se-podran-vivir-hoy-en-la-media-maraton-internacional\/#breadcrumb","itemListElement":[{"@type":"ListItem","position":1,"name":"Portada","item":"https:\/\/luchonoticias.com\/editor\/"},{"@type":"ListItem","position":2,"name":"Shows de DJS y gastronom\u00eda se podr\u00e1n vivir hoy en la media marat\u00f3n internacional"}]},{"@type":"WebSite","@id":"https:\/\/luchonoticias.com\/editor\/#website","url":"https:\/\/luchonoticias.com\/editor\/","name":"","description":"","publisher":{"@id":"https:\/\/luchonoticias.com\/editor\/#\/schema\/person\/7a7fd911f58561fd056dbac7b55af9cd"},"potentialAction":[{"@type":"SearchAction","target":{"@type":"EntryPoint","urlTemplate":"https:\/\/luchonoticias.com\/editor\/?s={search_term_string}"},"query-input":{"@type":"PropertyValueSpecification","valueRequired":true,"valueName":"search_term_string"}}],"inLanguage":"es"},{"@type":["Person","Organization"],"@id":"https:\/\/luchonoticias.com\/editor\/#\/schema\/person\/7a7fd911f58561fd056dbac7b55af9cd","name":"admin","image":{"@type":"ImageObject","inLanguage":"es","@id":"https:\/\/luchonoticias.com\/editor\/#\/schema\/person\/image\/","url":"https:\/\/luchonoticias.com\/editor\/wp-content\/uploads\/2024\/02\/cropped-cropped-logolu.webp","contentUrl":"https:\/\/luchonoticias.com\/editor\/wp-content\/uploads\/2024\/02\/cropped-cropped-logolu.webp","width":382,"height":170,"caption":"admin"},"logo":{"@id":"https:\/\/luchonoticias.com\/editor\/#\/schema\/person\/image\/"},"sameAs":["https:\/\/www.facebook.com\/luchonoticiasneiva"],"url":"https:\/\/luchonoticias.com\/editor\/author\/admin\/"}]}},"_links":{"self":[{"href":"https:\/\/luchonoticias.com\/editor\/wp-json\/wp\/v2\/posts\/41722","targetHints":{"allow":["GET"]}}],"collection":[{"href":"https:\/\/luchonoticias.com\/editor\/wp-json\/wp\/v2\/posts"}],"about":[{"href":"https:\/\/luchonoticias.com\/editor\/wp-json\/wp\/v2\/types\/post"}],"author":[{"embeddable":true,"href":"https:\/\/luchonoticias.com\/editor\/wp-json\/wp\/v2\/users\/1"}],"replies":[{"embeddable":true,"href":"https:\/\/luchonoticias.com\/editor\/wp-json\/wp\/v2\/comments?post=41722"}],"version-history":[{"count":0,"href":"https:\/\/luchonoticias.com\/editor\/wp-json\/wp\/v2\/posts\/41722\/revisions"}],"wp:attachment":[{"href":"https:\/\/luchonoticias.com\/editor\/wp-json\/wp\/v2\/media?parent=41722"}],"wp:term":[{"taxonomy":"category","embeddable":true,"href":"https:\/\/luchonoticias.com\/editor\/wp-json\/wp\/v2\/categories?post=41722"},{"taxonomy":"post_tag","embeddable":true,"href":"https:\/\/luchonoticias.com\/editor\/wp-json\/wp\/v2\/tags?post=41722"}],"curies":[{"name":"wp","href":"https:\/\/api.w.org\/{rel}","templated":true}]}}