{"id":41954,"date":"2022-12-13T05:11:07","date_gmt":"2022-12-13T10:11:07","guid":{"rendered":"https:\/\/luchonoticias.com\/?p=41954"},"modified":"2022-12-13T05:11:08","modified_gmt":"2022-12-13T10:11:08","slug":"club-spartanos-recibio-reconocimiento-departamental","status":"publish","type":"post","link":"https:\/\/luchonoticias.com\/editor\/club-spartanos-recibio-reconocimiento-departamental\/","title":{"rendered":"Club Spartanos recibi\u00f3 reconocimiento departamental"},"content":{"rendered":"\n<p>El\u00a0<strong>Club Spartanos de rugby en silla de ruedas<\/strong>, recibi\u00f3 un homenaje de parte de la Gobernaci\u00f3n del Huila, aprovechando la conmemoraci\u00f3n del D\u00eda Mundial de la Discapacidad.<\/p>\n\n\n\n<p>La formaci\u00f3n,&nbsp;<strong>recientemente clasificada por el Huila a los Juegos Paranacionales<\/strong>, fue invitada por Oficina de Asuntos Sociales del Huila para, en primer lugar conmemorar la efem\u00e9ride anteriormente expresada as\u00ed como para&nbsp;<strong>reconocer al grupo<\/strong>&nbsp;que logr\u00f3 dicha clasificaci\u00f3n a la m\u00e1xima cita deportiva nacional.<\/p>\n\n\n\n<p>Spartanos logr\u00f3 una&nbsp;<strong>positiva participaci\u00f3n en el pasado clasificatorio<\/strong>&nbsp;cumplido en Piedecuesta (Santander) donde, adem\u00e1s de clasificar a las justas paranacionales, logr\u00f3 la quinta plaza derrotando a Santander, escuadra que tiene m\u00e1s experiencia en el rugby en silla de ruedas.<\/p>\n","protected":false},"excerpt":{"rendered":"<p>El\u00a0Club Spartanos de rugby en silla de ruedas, recibi\u00f3 un homenaje de parte de la Gobernaci\u00f3n del Huila, aprovechando la conmemoraci\u00f3n del D\u00eda Mundial de la Discapacidad. La formaci\u00f3n,&nbsp;recientemente clasificada por el Huila a los Juegos Paranacionales, fue invitada por Oficina de Asuntos Sociales del Huila para, en primer lugar conmemorar la efem\u00e9ride anteriormente expresada [&hellip;]<\/p>\n","protected":false},"author":1,"featured_media":0,"comment_status":"open","ping_status":"open","sticky":false,"template":"","format":"standard","meta":{"footnotes":""},"categories":[34],"tags":[],"class_list":["post-41954","post","type-post","status-publish","format-standard","hentry","category-deportes"],"yoast_head":"<!-- This site is optimized with the Yoast SEO plugin v26.6 - https:\/\/yoast.com\/wordpress\/plugins\/seo\/ -->\n<title>Club Spartanos recibi\u00f3 reconocimiento departamental -<\/title>\n<meta name=\"robots\" content=\"index, follow, max-snippet:-1, max-image-preview:large, max-video-preview:-1\" \/>\n<link rel=\"canonical\" href=\"https:\/\/luchonoticias.com\/editor\/club-spartanos-recibio-reconocimiento-departamental\/\" \/>\n<meta property=\"og:locale\" content=\"es_ES\" \/>\n<meta property=\"og:type\" content=\"article\" \/>\n<meta property=\"og:title\" content=\"Club Spartanos recibi\u00f3 reconocimiento departamental -\" \/>\n<meta property=\"og:url\" content=\"https:\/\/luchonoticias.com\/editor\/club-spartanos-recibio-reconocimiento-departamental\/\" \/>\n<meta property=\"article:publisher\" content=\"https:\/\/www.facebook.com\/luchonoticiasneiva\" \/>\n<meta property=\"article:author\" content=\"https:\/\/www.facebook.com\/luchonoticiasneiva\" \/>\n<meta property=\"article:published_time\" content=\"2022-12-13T10:11:07+00:00\" \/>\n<meta property=\"article:modified_time\" content=\"2022-12-13T10:11:08+00:00\" \/>\n<meta name=\"author\" content=\"admin\" \/>\n<meta name=\"twitter:card\" content=\"summary_large_image\" \/>\n<meta name=\"twitter:label1\" content=\"Escrito por\" \/>\n\t<meta name=\"twitter:data1\" content=\"admin\" \/>\n\t<meta name=\"twitter:label2\" content=\"Tiempo de lectura\" \/>\n\t<meta name=\"twitter:data2\" content=\"1 minuto\" \/>\n<script type=\"application\/ld+json\" class=\"yoast-schema-graph\">{\"@context\":\"https:\/\/schema.org\",\"@graph\":[{\"@type\":\"Article\",\"@id\":\"https:\/\/luchonoticias.com\/editor\/club-spartanos-recibio-reconocimiento-departamental\/#article\",\"isPartOf\":{\"@id\":\"https:\/\/luchonoticias.com\/editor\/club-spartanos-recibio-reconocimiento-departamental\/\"},\"author\":{\"name\":\"admin\",\"@id\":\"https:\/\/luchonoticias.com\/editor\/#\/schema\/person\/7a7fd911f58561fd056dbac7b55af9cd\"},\"headline\":\"Club Spartanos recibi\u00f3 reconocimiento departamental\",\"datePublished\":\"2022-12-13T10:11:07+00:00\",\"dateModified\":\"2022-12-13T10:11:08+00:00\",\"mainEntityOfPage\":{\"@id\":\"https:\/\/luchonoticias.com\/editor\/club-spartanos-recibio-reconocimiento-departamental\/\"},\"wordCount\":133,\"commentCount\":0,\"publisher\":{\"@id\":\"https:\/\/luchonoticias.com\/editor\/#\/schema\/person\/7a7fd911f58561fd056dbac7b55af9cd\"},\"articleSection\":[\"Deportes\"],\"inLanguage\":\"es\",\"potentialAction\":[{\"@type\":\"CommentAction\",\"name\":\"Comment\",\"target\":[\"https:\/\/luchonoticias.com\/editor\/club-spartanos-recibio-reconocimiento-departamental\/#respond\"]}]},{\"@type\":\"WebPage\",\"@id\":\"https:\/\/luchonoticias.com\/editor\/club-spartanos-recibio-reconocimiento-departamental\/\",\"url\":\"https:\/\/luchonoticias.com\/editor\/club-spartanos-recibio-reconocimiento-departamental\/\",\"name\":\"Club Spartanos recibi\u00f3 reconocimiento departamental -\",\"isPartOf\":{\"@id\":\"https:\/\/luchonoticias.com\/editor\/#website\"},\"datePublished\":\"2022-12-13T10:11:07+00:00\",\"dateModified\":\"2022-12-13T10:11:08+00:00\",\"breadcrumb\":{\"@id\":\"https:\/\/luchonoticias.com\/editor\/club-spartanos-recibio-reconocimiento-departamental\/#breadcrumb\"},\"inLanguage\":\"es\",\"potentialAction\":[{\"@type\":\"ReadAction\",\"target\":[\"https:\/\/luchonoticias.com\/editor\/club-spartanos-recibio-reconocimiento-departamental\/\"]}]},{\"@type\":\"BreadcrumbList\",\"@id\":\"https:\/\/luchonoticias.com\/editor\/club-spartanos-recibio-reconocimiento-departamental\/#breadcrumb\",\"itemListElement\":[{\"@type\":\"ListItem\",\"position\":1,\"name\":\"Portada\",\"item\":\"https:\/\/luchonoticias.com\/editor\/\"},{\"@type\":\"ListItem\",\"position\":2,\"name\":\"Club Spartanos recibi\u00f3 reconocimiento departamental\"}]},{\"@type\":\"WebSite\",\"@id\":\"https:\/\/luchonoticias.com\/editor\/#website\",\"url\":\"https:\/\/luchonoticias.com\/editor\/\",\"name\":\"\",\"description\":\"\",\"publisher\":{\"@id\":\"https:\/\/luchonoticias.com\/editor\/#\/schema\/person\/7a7fd911f58561fd056dbac7b55af9cd\"},\"potentialAction\":[{\"@type\":\"SearchAction\",\"target\":{\"@type\":\"EntryPoint\",\"urlTemplate\":\"https:\/\/luchonoticias.com\/editor\/?s={search_term_string}\"},\"query-input\":{\"@type\":\"PropertyValueSpecification\",\"valueRequired\":true,\"valueName\":\"search_term_string\"}}],\"inLanguage\":\"es\"},{\"@type\":[\"Person\",\"Organization\"],\"@id\":\"https:\/\/luchonoticias.com\/editor\/#\/schema\/person\/7a7fd911f58561fd056dbac7b55af9cd\",\"name\":\"admin\",\"image\":{\"@type\":\"ImageObject\",\"inLanguage\":\"es\",\"@id\":\"https:\/\/luchonoticias.com\/editor\/#\/schema\/person\/image\/\",\"url\":\"https:\/\/luchonoticias.com\/editor\/wp-content\/uploads\/2024\/02\/cropped-cropped-logolu.webp\",\"contentUrl\":\"https:\/\/luchonoticias.com\/editor\/wp-content\/uploads\/2024\/02\/cropped-cropped-logolu.webp\",\"width\":382,\"height\":170,\"caption\":\"admin\"},\"logo\":{\"@id\":\"https:\/\/luchonoticias.com\/editor\/#\/schema\/person\/image\/\"},\"sameAs\":[\"https:\/\/www.facebook.com\/luchonoticiasneiva\"],\"url\":\"https:\/\/luchonoticias.com\/editor\/author\/admin\/\"}]}<\/script>\n<!-- \/ Yoast SEO plugin. -->","yoast_head_json":{"title":"Club Spartanos recibi\u00f3 reconocimiento departamental -","robots":{"index":"index","follow":"follow","max-snippet":"max-snippet:-1","max-image-preview":"max-image-preview:large","max-video-preview":"max-video-preview:-1"},"canonical":"https:\/\/luchonoticias.com\/editor\/club-spartanos-recibio-reconocimiento-departamental\/","og_locale":"es_ES","og_type":"article","og_title":"Club Spartanos recibi\u00f3 reconocimiento departamental -","og_url":"https:\/\/luchonoticias.com\/editor\/club-spartanos-recibio-reconocimiento-departamental\/","article_publisher":"https:\/\/www.facebook.com\/luchonoticiasneiva","article_author":"https:\/\/www.facebook.com\/luchonoticiasneiva","article_published_time":"2022-12-13T10:11:07+00:00","article_modified_time":"2022-12-13T10:11:08+00:00","author":"admin","twitter_card":"summary_large_image","twitter_misc":{"Escrito por":"admin","Tiempo de lectura":"1 minuto"},"schema":{"@context":"https:\/\/schema.org","@graph":[{"@type":"Article","@id":"https:\/\/luchonoticias.com\/editor\/club-spartanos-recibio-reconocimiento-departamental\/#article","isPartOf":{"@id":"https:\/\/luchonoticias.com\/editor\/club-spartanos-recibio-reconocimiento-departamental\/"},"author":{"name":"admin","@id":"https:\/\/luchonoticias.com\/editor\/#\/schema\/person\/7a7fd911f58561fd056dbac7b55af9cd"},"headline":"Club Spartanos recibi\u00f3 reconocimiento departamental","datePublished":"2022-12-13T10:11:07+00:00","dateModified":"2022-12-13T10:11:08+00:00","mainEntityOfPage":{"@id":"https:\/\/luchonoticias.com\/editor\/club-spartanos-recibio-reconocimiento-departamental\/"},"wordCount":133,"commentCount":0,"publisher":{"@id":"https:\/\/luchonoticias.com\/editor\/#\/schema\/person\/7a7fd911f58561fd056dbac7b55af9cd"},"articleSection":["Deportes"],"inLanguage":"es","potentialAction":[{"@type":"CommentAction","name":"Comment","target":["https:\/\/luchonoticias.com\/editor\/club-spartanos-recibio-reconocimiento-departamental\/#respond"]}]},{"@type":"WebPage","@id":"https:\/\/luchonoticias.com\/editor\/club-spartanos-recibio-reconocimiento-departamental\/","url":"https:\/\/luchonoticias.com\/editor\/club-spartanos-recibio-reconocimiento-departamental\/","name":"Club Spartanos recibi\u00f3 reconocimiento departamental -","isPartOf":{"@id":"https:\/\/luchonoticias.com\/editor\/#website"},"datePublished":"2022-12-13T10:11:07+00:00","dateModified":"2022-12-13T10:11:08+00:00","breadcrumb":{"@id":"https:\/\/luchonoticias.com\/editor\/club-spartanos-recibio-reconocimiento-departamental\/#breadcrumb"},"inLanguage":"es","potentialAction":[{"@type":"ReadAction","target":["https:\/\/luchonoticias.com\/editor\/club-spartanos-recibio-reconocimiento-departamental\/"]}]},{"@type":"BreadcrumbList","@id":"https:\/\/luchonoticias.com\/editor\/club-spartanos-recibio-reconocimiento-departamental\/#breadcrumb","itemListElement":[{"@type":"ListItem","position":1,"name":"Portada","item":"https:\/\/luchonoticias.com\/editor\/"},{"@type":"ListItem","position":2,"name":"Club Spartanos recibi\u00f3 reconocimiento departamental"}]},{"@type":"WebSite","@id":"https:\/\/luchonoticias.com\/editor\/#website","url":"https:\/\/luchonoticias.com\/editor\/","name":"","description":"","publisher":{"@id":"https:\/\/luchonoticias.com\/editor\/#\/schema\/person\/7a7fd911f58561fd056dbac7b55af9cd"},"potentialAction":[{"@type":"SearchAction","target":{"@type":"EntryPoint","urlTemplate":"https:\/\/luchonoticias.com\/editor\/?s={search_term_string}"},"query-input":{"@type":"PropertyValueSpecification","valueRequired":true,"valueName":"search_term_string"}}],"inLanguage":"es"},{"@type":["Person","Organization"],"@id":"https:\/\/luchonoticias.com\/editor\/#\/schema\/person\/7a7fd911f58561fd056dbac7b55af9cd","name":"admin","image":{"@type":"ImageObject","inLanguage":"es","@id":"https:\/\/luchonoticias.com\/editor\/#\/schema\/person\/image\/","url":"https:\/\/luchonoticias.com\/editor\/wp-content\/uploads\/2024\/02\/cropped-cropped-logolu.webp","contentUrl":"https:\/\/luchonoticias.com\/editor\/wp-content\/uploads\/2024\/02\/cropped-cropped-logolu.webp","width":382,"height":170,"caption":"admin"},"logo":{"@id":"https:\/\/luchonoticias.com\/editor\/#\/schema\/person\/image\/"},"sameAs":["https:\/\/www.facebook.com\/luchonoticiasneiva"],"url":"https:\/\/luchonoticias.com\/editor\/author\/admin\/"}]}},"_links":{"self":[{"href":"https:\/\/luchonoticias.com\/editor\/wp-json\/wp\/v2\/posts\/41954","targetHints":{"allow":["GET"]}}],"collection":[{"href":"https:\/\/luchonoticias.com\/editor\/wp-json\/wp\/v2\/posts"}],"about":[{"href":"https:\/\/luchonoticias.com\/editor\/wp-json\/wp\/v2\/types\/post"}],"author":[{"embeddable":true,"href":"https:\/\/luchonoticias.com\/editor\/wp-json\/wp\/v2\/users\/1"}],"replies":[{"embeddable":true,"href":"https:\/\/luchonoticias.com\/editor\/wp-json\/wp\/v2\/comments?post=41954"}],"version-history":[{"count":0,"href":"https:\/\/luchonoticias.com\/editor\/wp-json\/wp\/v2\/posts\/41954\/revisions"}],"wp:attachment":[{"href":"https:\/\/luchonoticias.com\/editor\/wp-json\/wp\/v2\/media?parent=41954"}],"wp:term":[{"taxonomy":"category","embeddable":true,"href":"https:\/\/luchonoticias.com\/editor\/wp-json\/wp\/v2\/categories?post=41954"},{"taxonomy":"post_tag","embeddable":true,"href":"https:\/\/luchonoticias.com\/editor\/wp-json\/wp\/v2\/tags?post=41954"}],"curies":[{"name":"wp","href":"https:\/\/api.w.org\/{rel}","templated":true}]}}