{"id":42001,"date":"2022-12-13T07:35:57","date_gmt":"2022-12-13T12:35:57","guid":{"rendered":"https:\/\/luchonoticias.com\/?p=42001"},"modified":"2022-12-13T07:35:58","modified_gmt":"2022-12-13T12:35:58","slug":"presidente-petro-sanciona-este-martes-la-reforma-tributaria","status":"publish","type":"post","link":"https:\/\/luchonoticias.com\/editor\/presidente-petro-sanciona-este-martes-la-reforma-tributaria\/","title":{"rendered":"Presidente Petro sanciona este martes la Reforma Tributaria"},"content":{"rendered":"\n<p>El Presidente de la Rep\u00fablica, Gustavo Petro, sanciona este martes, en la Casa de Nari\u00f1o, la Reforma Tributaria para la Igualdad y la Justicia Social, que tiene como objetivo principal atender la deuda social hist\u00f3rica que tiene el Estado con los m\u00e1s vulnerables, de la mano de la responsabilidad fiscal.<\/p>\n\n\n\n<p>Con esta norma, el Gobierno del Cambio recaudar\u00e1 $19,7 billones en 2023 y un promedio de $20 billones en los siguientes tres a\u00f1os. Dichos recursos se destinar\u00e1n, en su mayor\u00eda, al gasto social, por lo que se priorizar\u00e1 la lucha contra el hambre y la pobreza, la educaci\u00f3n, la salud, la protecci\u00f3n del medio ambiente, la transici\u00f3n energ\u00e9tica, el desarrollo productivo y la econom\u00eda popular, as\u00ed como la sostenibilidad de las finanzas p\u00fablicas. De esta manera, el Presidente cumple una de las promesas de campa\u00f1a.<\/p>\n\n\n\n<p>\u201cEl inter\u00e9s del gobierno es consolidar una pol\u00edtica fiscal sostenible, fundamentada en ingresos corrientes y en la reducci\u00f3n de la dependencia de la deuda. La Reforma Tributaria es importante en su finalidad de equidad y como factor antic\u00edclico en la recesi\u00f3n mundial venidera\u201d, manifest\u00f3 el Mandatario el pasado 6 de octubre, a trav\u00e9s de su cuenta de Twitter.<\/p>\n\n\n\n<p><em>\u00bfCu\u00e1l ser\u00e1 la fuente de ingresos de la Reforma?<\/em><\/p>\n\n\n\n<p><strong>Personas con mayor capacidad contributiva<\/strong><\/p>\n\n\n\n<p>Pagar\u00e1n m\u00e1s impuesto de renta quienes tengan ingresos mayores a $13 millones mensuales. De acuerdo a lo informado por el Ministerio de Hacienda y Cr\u00e9dito P\u00fablico, m\u00e1s de dos terceras partes del recaudo adicional de este impuesto provienen de los contribuyentes con ingresos superiores a $20 millones mensuales.<\/p>\n\n\n\n<p><strong>Sector minero-energ\u00e9tico<\/strong><\/p>\n\n\n\n<p>Se establece una sobretasa para la extracci\u00f3n de carb\u00f3n y petr\u00f3leo que depender\u00e1 de los precios internacionales; ser\u00e1 del 5% o 10% para carb\u00f3n; y del 5%, 10% o 15% para el petr\u00f3leo.<\/p>\n\n\n\n<p>En el caso del petr\u00f3leo, para 2023, la sobretasa ser\u00e1 de 5% si el precio es mayor a USD 67 por barril; de 10% si el precio supera USD 75; y de 15%, si el crudo de referencia Brent es mayor a USD 82.<\/p>\n\n\n\n<p>Tambi\u00e9n, no se podr\u00e1n deducir de los impuestos de renta de las compa\u00f1\u00edas de ambos sectores los montos de las regal\u00edas.<\/p>\n\n\n\n<p><strong>Adi\u00f3s a los beneficios tributarios<\/strong><\/p>\n\n\n\n<p>El texto plantea la reducci\u00f3n de algunos beneficios tributarios espec\u00edficos para algunos sectores y regiones. Adem\u00e1s, se depuraron los no estrat\u00e9gicos, racionaliz\u00e1ndolos a las actividades que constituyen prioridades de pol\u00edtica p\u00fablica en los territorios.<\/p>\n\n\n\n<p><strong>Impuestos saludables y ambientales<\/strong><\/p>\n\n\n\n<p>Los impuestos a las bebidas azucaradas y los alimentos ultra procesados entrar\u00e1n en vigencia en noviembre del pr\u00f3ximo a\u00f1o, periodo para el cual se espera que ya se haya materializado una reducci\u00f3n de la inflaci\u00f3n. Solo aplicar\u00e1 a los productores que obtengan ingresos mayores a $419 millones anuales por estos mismos.<\/p>\n\n\n\n<p>Con lo anterior se evita gravar a microempresas productoras de estos bienes, con gran impacto en la econom\u00eda popular, como las panader\u00edas de barrio.<\/p>\n\n\n\n<p>Se excluyeron de este impuesto, adem\u00e1s, alimentos con una participaci\u00f3n importante en la canasta familiar, como el pan y las bebidas l\u00e1cteas.<\/p>\n\n\n\n<p>En cuanto a los tributos ambientales, se han establecido grav\u00e1menes al carbono y los pl\u00e1sticos de un solo uso.<\/p>\n\n\n\n<p>El Gobierno del Cambio busca tener un mayor recaudo para el bienestar de los m\u00e1s vulnerables as\u00ed:<\/p>\n\n\n\n<p><strong>M\u00e1s inversiones, menos evasiones<\/strong><\/p>\n\n\n\n<p>La Reforma Tributaria para la Igualdad y la Justicia Social reduce los montos, a partir de los cuales la evasi\u00f3n se vuelve un delito, es decir que las personas naturales o jur\u00eddicas que ahora tengan ingresos superiores a $1.000 millones en activos o pasivos que no reporten incurrir\u00e1n en sanciones establecidas en la ley.<\/p>\n\n\n\n<p>Adem\u00e1s, la norma establece que las condiciones para la prescripci\u00f3n penal de la evasi\u00f3n se vuelven m\u00e1s restrictivas.<\/p>\n\n\n\n<p>As\u00ed mismo, en zonas francas habr\u00e1 impuesto ponderado: 20% para ventas al exterior y 35% para el mercado interno. Se exceptuar\u00e1n productos energ\u00e9ticos que se vendan al mercado interno como las zonas francas costa afuera de gas, la refinaci\u00f3n de petr\u00f3leo y la producci\u00f3n de biocombustibles.<\/p>\n","protected":false},"excerpt":{"rendered":"<p>El Presidente de la Rep\u00fablica, Gustavo Petro, sanciona este martes, en la Casa de Nari\u00f1o, la Reforma Tributaria para la Igualdad y la Justicia Social, que tiene como objetivo principal atender la deuda social hist\u00f3rica que tiene el Estado con los m\u00e1s vulnerables, de la mano de la responsabilidad fiscal. Con esta norma, el Gobierno [&hellip;]<\/p>\n","protected":false},"author":1,"featured_media":0,"comment_status":"open","ping_status":"open","sticky":false,"template":"","format":"standard","meta":{"footnotes":""},"categories":[36,32],"tags":[],"class_list":["post-42001","post","type-post","status-publish","format-standard","hentry","category-destacado","category-nacional"],"yoast_head":"<!-- This site is optimized with the Yoast SEO plugin v26.6 - https:\/\/yoast.com\/wordpress\/plugins\/seo\/ -->\n<title>Presidente Petro sanciona este martes la Reforma Tributaria -<\/title>\n<meta name=\"robots\" content=\"index, follow, max-snippet:-1, max-image-preview:large, max-video-preview:-1\" \/>\n<link rel=\"canonical\" href=\"https:\/\/luchonoticias.com\/editor\/presidente-petro-sanciona-este-martes-la-reforma-tributaria\/\" \/>\n<meta property=\"og:locale\" content=\"es_ES\" \/>\n<meta property=\"og:type\" content=\"article\" \/>\n<meta property=\"og:title\" content=\"Presidente Petro sanciona este martes la Reforma Tributaria -\" \/>\n<meta property=\"og:url\" content=\"https:\/\/luchonoticias.com\/editor\/presidente-petro-sanciona-este-martes-la-reforma-tributaria\/\" \/>\n<meta property=\"article:publisher\" content=\"https:\/\/www.facebook.com\/luchonoticiasneiva\" \/>\n<meta property=\"article:author\" content=\"https:\/\/www.facebook.com\/luchonoticiasneiva\" \/>\n<meta property=\"article:published_time\" content=\"2022-12-13T12:35:57+00:00\" \/>\n<meta property=\"article:modified_time\" content=\"2022-12-13T12:35:58+00:00\" \/>\n<meta name=\"author\" content=\"admin\" \/>\n<meta name=\"twitter:card\" content=\"summary_large_image\" \/>\n<meta name=\"twitter:label1\" content=\"Escrito por\" \/>\n\t<meta name=\"twitter:data1\" content=\"admin\" \/>\n\t<meta name=\"twitter:label2\" content=\"Tiempo de lectura\" \/>\n\t<meta name=\"twitter:data2\" content=\"4 minutos\" \/>\n<script type=\"application\/ld+json\" class=\"yoast-schema-graph\">{\"@context\":\"https:\/\/schema.org\",\"@graph\":[{\"@type\":\"Article\",\"@id\":\"https:\/\/luchonoticias.com\/editor\/presidente-petro-sanciona-este-martes-la-reforma-tributaria\/#article\",\"isPartOf\":{\"@id\":\"https:\/\/luchonoticias.com\/editor\/presidente-petro-sanciona-este-martes-la-reforma-tributaria\/\"},\"author\":{\"name\":\"admin\",\"@id\":\"https:\/\/luchonoticias.com\/editor\/#\/schema\/person\/7a7fd911f58561fd056dbac7b55af9cd\"},\"headline\":\"Presidente Petro sanciona este martes la Reforma Tributaria\",\"datePublished\":\"2022-12-13T12:35:57+00:00\",\"dateModified\":\"2022-12-13T12:35:58+00:00\",\"mainEntityOfPage\":{\"@id\":\"https:\/\/luchonoticias.com\/editor\/presidente-petro-sanciona-este-martes-la-reforma-tributaria\/\"},\"wordCount\":710,\"commentCount\":0,\"publisher\":{\"@id\":\"https:\/\/luchonoticias.com\/editor\/#\/schema\/person\/7a7fd911f58561fd056dbac7b55af9cd\"},\"articleSection\":[\"Destacado\",\"Nacional\"],\"inLanguage\":\"es\",\"potentialAction\":[{\"@type\":\"CommentAction\",\"name\":\"Comment\",\"target\":[\"https:\/\/luchonoticias.com\/editor\/presidente-petro-sanciona-este-martes-la-reforma-tributaria\/#respond\"]}]},{\"@type\":\"WebPage\",\"@id\":\"https:\/\/luchonoticias.com\/editor\/presidente-petro-sanciona-este-martes-la-reforma-tributaria\/\",\"url\":\"https:\/\/luchonoticias.com\/editor\/presidente-petro-sanciona-este-martes-la-reforma-tributaria\/\",\"name\":\"Presidente Petro sanciona este martes la Reforma Tributaria -\",\"isPartOf\":{\"@id\":\"https:\/\/luchonoticias.com\/editor\/#website\"},\"datePublished\":\"2022-12-13T12:35:57+00:00\",\"dateModified\":\"2022-12-13T12:35:58+00:00\",\"breadcrumb\":{\"@id\":\"https:\/\/luchonoticias.com\/editor\/presidente-petro-sanciona-este-martes-la-reforma-tributaria\/#breadcrumb\"},\"inLanguage\":\"es\",\"potentialAction\":[{\"@type\":\"ReadAction\",\"target\":[\"https:\/\/luchonoticias.com\/editor\/presidente-petro-sanciona-este-martes-la-reforma-tributaria\/\"]}]},{\"@type\":\"BreadcrumbList\",\"@id\":\"https:\/\/luchonoticias.com\/editor\/presidente-petro-sanciona-este-martes-la-reforma-tributaria\/#breadcrumb\",\"itemListElement\":[{\"@type\":\"ListItem\",\"position\":1,\"name\":\"Portada\",\"item\":\"https:\/\/luchonoticias.com\/editor\/\"},{\"@type\":\"ListItem\",\"position\":2,\"name\":\"Presidente Petro sanciona este martes la Reforma Tributaria\"}]},{\"@type\":\"WebSite\",\"@id\":\"https:\/\/luchonoticias.com\/editor\/#website\",\"url\":\"https:\/\/luchonoticias.com\/editor\/\",\"name\":\"\",\"description\":\"\",\"publisher\":{\"@id\":\"https:\/\/luchonoticias.com\/editor\/#\/schema\/person\/7a7fd911f58561fd056dbac7b55af9cd\"},\"potentialAction\":[{\"@type\":\"SearchAction\",\"target\":{\"@type\":\"EntryPoint\",\"urlTemplate\":\"https:\/\/luchonoticias.com\/editor\/?s={search_term_string}\"},\"query-input\":{\"@type\":\"PropertyValueSpecification\",\"valueRequired\":true,\"valueName\":\"search_term_string\"}}],\"inLanguage\":\"es\"},{\"@type\":[\"Person\",\"Organization\"],\"@id\":\"https:\/\/luchonoticias.com\/editor\/#\/schema\/person\/7a7fd911f58561fd056dbac7b55af9cd\",\"name\":\"admin\",\"image\":{\"@type\":\"ImageObject\",\"inLanguage\":\"es\",\"@id\":\"https:\/\/luchonoticias.com\/editor\/#\/schema\/person\/image\/\",\"url\":\"https:\/\/luchonoticias.com\/editor\/wp-content\/uploads\/2024\/02\/cropped-cropped-logolu.webp\",\"contentUrl\":\"https:\/\/luchonoticias.com\/editor\/wp-content\/uploads\/2024\/02\/cropped-cropped-logolu.webp\",\"width\":382,\"height\":170,\"caption\":\"admin\"},\"logo\":{\"@id\":\"https:\/\/luchonoticias.com\/editor\/#\/schema\/person\/image\/\"},\"sameAs\":[\"https:\/\/www.facebook.com\/luchonoticiasneiva\"],\"url\":\"https:\/\/luchonoticias.com\/editor\/author\/admin\/\"}]}<\/script>\n<!-- \/ Yoast SEO plugin. -->","yoast_head_json":{"title":"Presidente Petro sanciona este martes la Reforma Tributaria -","robots":{"index":"index","follow":"follow","max-snippet":"max-snippet:-1","max-image-preview":"max-image-preview:large","max-video-preview":"max-video-preview:-1"},"canonical":"https:\/\/luchonoticias.com\/editor\/presidente-petro-sanciona-este-martes-la-reforma-tributaria\/","og_locale":"es_ES","og_type":"article","og_title":"Presidente Petro sanciona este martes la Reforma Tributaria -","og_url":"https:\/\/luchonoticias.com\/editor\/presidente-petro-sanciona-este-martes-la-reforma-tributaria\/","article_publisher":"https:\/\/www.facebook.com\/luchonoticiasneiva","article_author":"https:\/\/www.facebook.com\/luchonoticiasneiva","article_published_time":"2022-12-13T12:35:57+00:00","article_modified_time":"2022-12-13T12:35:58+00:00","author":"admin","twitter_card":"summary_large_image","twitter_misc":{"Escrito por":"admin","Tiempo de lectura":"4 minutos"},"schema":{"@context":"https:\/\/schema.org","@graph":[{"@type":"Article","@id":"https:\/\/luchonoticias.com\/editor\/presidente-petro-sanciona-este-martes-la-reforma-tributaria\/#article","isPartOf":{"@id":"https:\/\/luchonoticias.com\/editor\/presidente-petro-sanciona-este-martes-la-reforma-tributaria\/"},"author":{"name":"admin","@id":"https:\/\/luchonoticias.com\/editor\/#\/schema\/person\/7a7fd911f58561fd056dbac7b55af9cd"},"headline":"Presidente Petro sanciona este martes la Reforma Tributaria","datePublished":"2022-12-13T12:35:57+00:00","dateModified":"2022-12-13T12:35:58+00:00","mainEntityOfPage":{"@id":"https:\/\/luchonoticias.com\/editor\/presidente-petro-sanciona-este-martes-la-reforma-tributaria\/"},"wordCount":710,"commentCount":0,"publisher":{"@id":"https:\/\/luchonoticias.com\/editor\/#\/schema\/person\/7a7fd911f58561fd056dbac7b55af9cd"},"articleSection":["Destacado","Nacional"],"inLanguage":"es","potentialAction":[{"@type":"CommentAction","name":"Comment","target":["https:\/\/luchonoticias.com\/editor\/presidente-petro-sanciona-este-martes-la-reforma-tributaria\/#respond"]}]},{"@type":"WebPage","@id":"https:\/\/luchonoticias.com\/editor\/presidente-petro-sanciona-este-martes-la-reforma-tributaria\/","url":"https:\/\/luchonoticias.com\/editor\/presidente-petro-sanciona-este-martes-la-reforma-tributaria\/","name":"Presidente Petro sanciona este martes la Reforma Tributaria -","isPartOf":{"@id":"https:\/\/luchonoticias.com\/editor\/#website"},"datePublished":"2022-12-13T12:35:57+00:00","dateModified":"2022-12-13T12:35:58+00:00","breadcrumb":{"@id":"https:\/\/luchonoticias.com\/editor\/presidente-petro-sanciona-este-martes-la-reforma-tributaria\/#breadcrumb"},"inLanguage":"es","potentialAction":[{"@type":"ReadAction","target":["https:\/\/luchonoticias.com\/editor\/presidente-petro-sanciona-este-martes-la-reforma-tributaria\/"]}]},{"@type":"BreadcrumbList","@id":"https:\/\/luchonoticias.com\/editor\/presidente-petro-sanciona-este-martes-la-reforma-tributaria\/#breadcrumb","itemListElement":[{"@type":"ListItem","position":1,"name":"Portada","item":"https:\/\/luchonoticias.com\/editor\/"},{"@type":"ListItem","position":2,"name":"Presidente Petro sanciona este martes la Reforma Tributaria"}]},{"@type":"WebSite","@id":"https:\/\/luchonoticias.com\/editor\/#website","url":"https:\/\/luchonoticias.com\/editor\/","name":"","description":"","publisher":{"@id":"https:\/\/luchonoticias.com\/editor\/#\/schema\/person\/7a7fd911f58561fd056dbac7b55af9cd"},"potentialAction":[{"@type":"SearchAction","target":{"@type":"EntryPoint","urlTemplate":"https:\/\/luchonoticias.com\/editor\/?s={search_term_string}"},"query-input":{"@type":"PropertyValueSpecification","valueRequired":true,"valueName":"search_term_string"}}],"inLanguage":"es"},{"@type":["Person","Organization"],"@id":"https:\/\/luchonoticias.com\/editor\/#\/schema\/person\/7a7fd911f58561fd056dbac7b55af9cd","name":"admin","image":{"@type":"ImageObject","inLanguage":"es","@id":"https:\/\/luchonoticias.com\/editor\/#\/schema\/person\/image\/","url":"https:\/\/luchonoticias.com\/editor\/wp-content\/uploads\/2024\/02\/cropped-cropped-logolu.webp","contentUrl":"https:\/\/luchonoticias.com\/editor\/wp-content\/uploads\/2024\/02\/cropped-cropped-logolu.webp","width":382,"height":170,"caption":"admin"},"logo":{"@id":"https:\/\/luchonoticias.com\/editor\/#\/schema\/person\/image\/"},"sameAs":["https:\/\/www.facebook.com\/luchonoticiasneiva"],"url":"https:\/\/luchonoticias.com\/editor\/author\/admin\/"}]}},"_links":{"self":[{"href":"https:\/\/luchonoticias.com\/editor\/wp-json\/wp\/v2\/posts\/42001","targetHints":{"allow":["GET"]}}],"collection":[{"href":"https:\/\/luchonoticias.com\/editor\/wp-json\/wp\/v2\/posts"}],"about":[{"href":"https:\/\/luchonoticias.com\/editor\/wp-json\/wp\/v2\/types\/post"}],"author":[{"embeddable":true,"href":"https:\/\/luchonoticias.com\/editor\/wp-json\/wp\/v2\/users\/1"}],"replies":[{"embeddable":true,"href":"https:\/\/luchonoticias.com\/editor\/wp-json\/wp\/v2\/comments?post=42001"}],"version-history":[{"count":0,"href":"https:\/\/luchonoticias.com\/editor\/wp-json\/wp\/v2\/posts\/42001\/revisions"}],"wp:attachment":[{"href":"https:\/\/luchonoticias.com\/editor\/wp-json\/wp\/v2\/media?parent=42001"}],"wp:term":[{"taxonomy":"category","embeddable":true,"href":"https:\/\/luchonoticias.com\/editor\/wp-json\/wp\/v2\/categories?post=42001"},{"taxonomy":"post_tag","embeddable":true,"href":"https:\/\/luchonoticias.com\/editor\/wp-json\/wp\/v2\/tags?post=42001"}],"curies":[{"name":"wp","href":"https:\/\/api.w.org\/{rel}","templated":true}]}}