{"id":42018,"date":"2022-12-13T15:30:54","date_gmt":"2022-12-13T20:30:54","guid":{"rendered":"https:\/\/luchonoticias.com\/?p=42018"},"modified":"2022-12-13T15:30:56","modified_gmt":"2022-12-13T20:30:56","slug":"en-97-avanza-reconstruccion-de-viviendas-afectadas-por-el-huracan-iota-en-providencia-y-santa-catalina","status":"publish","type":"post","link":"https:\/\/luchonoticias.com\/editor\/en-97-avanza-reconstruccion-de-viviendas-afectadas-por-el-huracan-iota-en-providencia-y-santa-catalina\/","title":{"rendered":"En 97% avanza reconstrucci\u00f3n de viviendas afectadas por el hurac\u00e1n Iota en Providencia y Santa Catalina"},"content":{"rendered":"\n<p>El Presidente de la Banca de Desarrollo Territorial (Findeter), Ricardo Bonilla, present\u00f3 un balance sobre el avance en la reconstrucci\u00f3n de las 1.831 viviendas que la entidad tiene a cargo en Providencia y Santa Catalina, luego de la afectaci\u00f3n por el paso del hurac\u00e1n Iota, el 16 de noviembre de 2020.<\/p>\n\n\n\n<p>Bonilla explic\u00f3 que hasta el momento 1.784 viviendas han sido intervenidas. De este total, 765 fueron reparadas, es decir, que en las mismas se llevaron a cabo actividades como la construcci\u00f3n de cubiertas (techos), la rehabilitaci\u00f3n de muros y reforzamiento estructural, la reposici\u00f3n de puertas y ventanas exteriores, la rehabilitaci\u00f3n de redes hidrosanitarias y el\u00e9ctricas, y fueron pintadas por dentro y por fuera.<\/p>\n\n\n\n<p>As\u00ed mismo, la entidad tiene a su cargo la construcci\u00f3n de otras 736 viviendas ajustadas al lote; estas edificaciones tienen tama\u00f1os que van desde los 40 hasta los 200 metros cuadrados. Cada una tuvo un costo promedio de 337 millones de pesos, y su construcci\u00f3n cont\u00f3 con estudio de suelo, dise\u00f1o y concertaci\u00f3n con la familia, zona segura al interior de las viviendas y anclajes resistentes a huracanes.<\/p>\n\n\n\n<figure class=\"wp-block-gallery has-nested-images columns-default is-cropped wp-block-gallery-1 is-layout-flex wp-block-gallery-is-layout-flex\">\n<figure class=\"wp-block-image size-large\"><img decoding=\"async\" data-id=\"42021\" src=\"https:\/\/luchonoticias.com\/wp-content\/uploads\/2022\/12\/WhatsApp-Image-2022-12-13-at-8.45.58-AM-2-1024x683.jpeg\" alt=\"\" class=\"wp-image-42021\"\/><\/figure>\n\n\n\n<figure class=\"wp-block-image size-large\"><img decoding=\"async\" data-id=\"42022\" src=\"https:\/\/luchonoticias.com\/wp-content\/uploads\/2022\/12\/WhatsApp-Image-2022-12-13-at-8.45.58-AM-1-1024x600.jpeg\" alt=\"\" class=\"wp-image-42022\"\/><\/figure>\n\n\n\n<figure class=\"wp-block-image size-large\"><img decoding=\"async\" data-id=\"42020\" src=\"https:\/\/luchonoticias.com\/wp-content\/uploads\/2022\/12\/WhatsApp-Image-2022-12-13-at-8.45.58-AM-1024x468.jpeg\" alt=\"\" class=\"wp-image-42020\"\/><\/figure>\n<\/figure>\n\n\n\n<p>Adem\u00e1s, se est\u00e1n construyendo 330 casas tipo refugio, ubicadas estrat\u00e9gicamente en distintos sectores de Providencia, para que, en caso de presentarse un nuevo hurac\u00e1n, las familias puedan resguardarse en ellas.<\/p>\n\n\n\n<p>Estas edificaciones tienen capacidad para 20 personas, est\u00e1n dise\u00f1adas para resistir vientos de 250 kil\u00f3metros por hora y su construcci\u00f3n fue concertada en 20 mesas de trabajo con la comunidad.&nbsp;<\/p>\n\n\n\n<p>Frente a los dem\u00e1s proyectos, la entidad indic\u00f3 que ya se finaliz\u00f3 la reconstrucci\u00f3n de dos colegios, siete escenarios deportivos, cuatro escenarios culturales, la nueva sede de la Fiscal\u00eda, el dragado del embalse de Agua Dulce, la construcci\u00f3n de dos tanques para el almacenamiento de agua, el m\u00f3dulo 1 de la PTAP (Planta de Tratamiento de Agua Potable) y la ampliaci\u00f3n de la zona de parqueo del aeropuerto.<\/p>\n\n\n\n<p>Adem\u00e1s, la banca de desarrollo tiene en ejecuci\u00f3n la optimizaci\u00f3n de la Planta de Tratamiento de Agua Potable y la reconstrucci\u00f3n de la terminal a\u00e9rea, y est\u00e1 por iniciar la construcci\u00f3n de la torre de control.<\/p>\n\n\n\n<p>La reconstrucci\u00f3n de Providencia es un proceso liderado por el Ministerio de Vivienda y la Unidad Nacional para la Gesti\u00f3n del Riesgo de Desastres (UNGRD), con participaci\u00f3n de entidades como Fontur, Innpulsa, Inv\u00edas, Dapre y Findeter, que fue contratada como ejecutor de varios proyectos, entre ellos la reparaci\u00f3n y reconstrucci\u00f3n de viviendas.<\/p>\n","protected":false},"excerpt":{"rendered":"<p>El Presidente de la Banca de Desarrollo Territorial (Findeter), Ricardo Bonilla, present\u00f3 un balance sobre el avance en la reconstrucci\u00f3n de las 1.831 viviendas que la entidad tiene a cargo en Providencia y Santa Catalina, luego de la afectaci\u00f3n por el paso del hurac\u00e1n Iota, el 16 de noviembre de 2020. Bonilla explic\u00f3 que hasta [&hellip;]<\/p>\n","protected":false},"author":1,"featured_media":0,"comment_status":"open","ping_status":"open","sticky":false,"template":"","format":"standard","meta":{"footnotes":""},"categories":[36,32],"tags":[],"class_list":["post-42018","post","type-post","status-publish","format-standard","hentry","category-destacado","category-nacional"],"yoast_head":"<!-- This site is optimized with the Yoast SEO plugin v26.6 - https:\/\/yoast.com\/wordpress\/plugins\/seo\/ -->\n<title>En 97% avanza reconstrucci\u00f3n de viviendas afectadas por el hurac\u00e1n Iota en Providencia y Santa Catalina -<\/title>\n<meta name=\"robots\" content=\"index, follow, max-snippet:-1, max-image-preview:large, max-video-preview:-1\" \/>\n<link rel=\"canonical\" href=\"https:\/\/luchonoticias.com\/editor\/en-97-avanza-reconstruccion-de-viviendas-afectadas-por-el-huracan-iota-en-providencia-y-santa-catalina\/\" \/>\n<meta property=\"og:locale\" content=\"es_ES\" \/>\n<meta property=\"og:type\" content=\"article\" \/>\n<meta property=\"og:title\" content=\"En 97% avanza reconstrucci\u00f3n de viviendas afectadas por el hurac\u00e1n Iota en Providencia y Santa Catalina -\" \/>\n<meta property=\"og:url\" content=\"https:\/\/luchonoticias.com\/editor\/en-97-avanza-reconstruccion-de-viviendas-afectadas-por-el-huracan-iota-en-providencia-y-santa-catalina\/\" \/>\n<meta property=\"article:publisher\" content=\"https:\/\/www.facebook.com\/luchonoticiasneiva\" \/>\n<meta property=\"article:author\" content=\"https:\/\/www.facebook.com\/luchonoticiasneiva\" \/>\n<meta property=\"article:published_time\" content=\"2022-12-13T20:30:54+00:00\" \/>\n<meta property=\"article:modified_time\" content=\"2022-12-13T20:30:56+00:00\" \/>\n<meta property=\"og:image\" content=\"https:\/\/luchonoticias.com\/wp-content\/uploads\/2022\/12\/WhatsApp-Image-2022-12-13-at-8.45.58-AM-2-1024x683.jpeg\" \/>\n<meta name=\"author\" content=\"admin\" \/>\n<meta name=\"twitter:card\" content=\"summary_large_image\" \/>\n<meta name=\"twitter:label1\" content=\"Escrito por\" \/>\n\t<meta name=\"twitter:data1\" content=\"admin\" \/>\n\t<meta name=\"twitter:label2\" content=\"Tiempo de lectura\" \/>\n\t<meta name=\"twitter:data2\" content=\"2 minutos\" \/>\n<script type=\"application\/ld+json\" class=\"yoast-schema-graph\">{\"@context\":\"https:\/\/schema.org\",\"@graph\":[{\"@type\":\"Article\",\"@id\":\"https:\/\/luchonoticias.com\/editor\/en-97-avanza-reconstruccion-de-viviendas-afectadas-por-el-huracan-iota-en-providencia-y-santa-catalina\/#article\",\"isPartOf\":{\"@id\":\"https:\/\/luchonoticias.com\/editor\/en-97-avanza-reconstruccion-de-viviendas-afectadas-por-el-huracan-iota-en-providencia-y-santa-catalina\/\"},\"author\":{\"name\":\"admin\",\"@id\":\"https:\/\/luchonoticias.com\/editor\/#\/schema\/person\/7a7fd911f58561fd056dbac7b55af9cd\"},\"headline\":\"En 97% avanza reconstrucci\u00f3n de viviendas afectadas por el hurac\u00e1n Iota en Providencia y Santa Catalina\",\"datePublished\":\"2022-12-13T20:30:54+00:00\",\"dateModified\":\"2022-12-13T20:30:56+00:00\",\"mainEntityOfPage\":{\"@id\":\"https:\/\/luchonoticias.com\/editor\/en-97-avanza-reconstruccion-de-viviendas-afectadas-por-el-huracan-iota-en-providencia-y-santa-catalina\/\"},\"wordCount\":441,\"commentCount\":0,\"publisher\":{\"@id\":\"https:\/\/luchonoticias.com\/editor\/#\/schema\/person\/7a7fd911f58561fd056dbac7b55af9cd\"},\"image\":{\"@id\":\"https:\/\/luchonoticias.com\/editor\/en-97-avanza-reconstruccion-de-viviendas-afectadas-por-el-huracan-iota-en-providencia-y-santa-catalina\/#primaryimage\"},\"thumbnailUrl\":\"https:\/\/luchonoticias.com\/wp-content\/uploads\/2022\/12\/WhatsApp-Image-2022-12-13-at-8.45.58-AM-2-1024x683.jpeg\",\"articleSection\":[\"Destacado\",\"Nacional\"],\"inLanguage\":\"es\",\"potentialAction\":[{\"@type\":\"CommentAction\",\"name\":\"Comment\",\"target\":[\"https:\/\/luchonoticias.com\/editor\/en-97-avanza-reconstruccion-de-viviendas-afectadas-por-el-huracan-iota-en-providencia-y-santa-catalina\/#respond\"]}]},{\"@type\":\"WebPage\",\"@id\":\"https:\/\/luchonoticias.com\/editor\/en-97-avanza-reconstruccion-de-viviendas-afectadas-por-el-huracan-iota-en-providencia-y-santa-catalina\/\",\"url\":\"https:\/\/luchonoticias.com\/editor\/en-97-avanza-reconstruccion-de-viviendas-afectadas-por-el-huracan-iota-en-providencia-y-santa-catalina\/\",\"name\":\"En 97% avanza reconstrucci\u00f3n de viviendas afectadas por el hurac\u00e1n Iota en Providencia y Santa Catalina -\",\"isPartOf\":{\"@id\":\"https:\/\/luchonoticias.com\/editor\/#website\"},\"primaryImageOfPage\":{\"@id\":\"https:\/\/luchonoticias.com\/editor\/en-97-avanza-reconstruccion-de-viviendas-afectadas-por-el-huracan-iota-en-providencia-y-santa-catalina\/#primaryimage\"},\"image\":{\"@id\":\"https:\/\/luchonoticias.com\/editor\/en-97-avanza-reconstruccion-de-viviendas-afectadas-por-el-huracan-iota-en-providencia-y-santa-catalina\/#primaryimage\"},\"thumbnailUrl\":\"https:\/\/luchonoticias.com\/wp-content\/uploads\/2022\/12\/WhatsApp-Image-2022-12-13-at-8.45.58-AM-2-1024x683.jpeg\",\"datePublished\":\"2022-12-13T20:30:54+00:00\",\"dateModified\":\"2022-12-13T20:30:56+00:00\",\"breadcrumb\":{\"@id\":\"https:\/\/luchonoticias.com\/editor\/en-97-avanza-reconstruccion-de-viviendas-afectadas-por-el-huracan-iota-en-providencia-y-santa-catalina\/#breadcrumb\"},\"inLanguage\":\"es\",\"potentialAction\":[{\"@type\":\"ReadAction\",\"target\":[\"https:\/\/luchonoticias.com\/editor\/en-97-avanza-reconstruccion-de-viviendas-afectadas-por-el-huracan-iota-en-providencia-y-santa-catalina\/\"]}]},{\"@type\":\"ImageObject\",\"inLanguage\":\"es\",\"@id\":\"https:\/\/luchonoticias.com\/editor\/en-97-avanza-reconstruccion-de-viviendas-afectadas-por-el-huracan-iota-en-providencia-y-santa-catalina\/#primaryimage\",\"url\":\"https:\/\/luchonoticias.com\/wp-content\/uploads\/2022\/12\/WhatsApp-Image-2022-12-13-at-8.45.58-AM-2-1024x683.jpeg\",\"contentUrl\":\"https:\/\/luchonoticias.com\/wp-content\/uploads\/2022\/12\/WhatsApp-Image-2022-12-13-at-8.45.58-AM-2-1024x683.jpeg\"},{\"@type\":\"BreadcrumbList\",\"@id\":\"https:\/\/luchonoticias.com\/editor\/en-97-avanza-reconstruccion-de-viviendas-afectadas-por-el-huracan-iota-en-providencia-y-santa-catalina\/#breadcrumb\",\"itemListElement\":[{\"@type\":\"ListItem\",\"position\":1,\"name\":\"Portada\",\"item\":\"https:\/\/luchonoticias.com\/editor\/\"},{\"@type\":\"ListItem\",\"position\":2,\"name\":\"En 97% avanza reconstrucci\u00f3n de viviendas afectadas por el hurac\u00e1n Iota en Providencia y Santa Catalina\"}]},{\"@type\":\"WebSite\",\"@id\":\"https:\/\/luchonoticias.com\/editor\/#website\",\"url\":\"https:\/\/luchonoticias.com\/editor\/\",\"name\":\"\",\"description\":\"\",\"publisher\":{\"@id\":\"https:\/\/luchonoticias.com\/editor\/#\/schema\/person\/7a7fd911f58561fd056dbac7b55af9cd\"},\"potentialAction\":[{\"@type\":\"SearchAction\",\"target\":{\"@type\":\"EntryPoint\",\"urlTemplate\":\"https:\/\/luchonoticias.com\/editor\/?s={search_term_string}\"},\"query-input\":{\"@type\":\"PropertyValueSpecification\",\"valueRequired\":true,\"valueName\":\"search_term_string\"}}],\"inLanguage\":\"es\"},{\"@type\":[\"Person\",\"Organization\"],\"@id\":\"https:\/\/luchonoticias.com\/editor\/#\/schema\/person\/7a7fd911f58561fd056dbac7b55af9cd\",\"name\":\"admin\",\"image\":{\"@type\":\"ImageObject\",\"inLanguage\":\"es\",\"@id\":\"https:\/\/luchonoticias.com\/editor\/#\/schema\/person\/image\/\",\"url\":\"https:\/\/luchonoticias.com\/editor\/wp-content\/uploads\/2024\/02\/cropped-cropped-logolu.webp\",\"contentUrl\":\"https:\/\/luchonoticias.com\/editor\/wp-content\/uploads\/2024\/02\/cropped-cropped-logolu.webp\",\"width\":382,\"height\":170,\"caption\":\"admin\"},\"logo\":{\"@id\":\"https:\/\/luchonoticias.com\/editor\/#\/schema\/person\/image\/\"},\"sameAs\":[\"https:\/\/www.facebook.com\/luchonoticiasneiva\"],\"url\":\"https:\/\/luchonoticias.com\/editor\/author\/admin\/\"}]}<\/script>\n<!-- \/ Yoast SEO plugin. -->","yoast_head_json":{"title":"En 97% avanza reconstrucci\u00f3n de viviendas afectadas por el hurac\u00e1n Iota en Providencia y Santa Catalina -","robots":{"index":"index","follow":"follow","max-snippet":"max-snippet:-1","max-image-preview":"max-image-preview:large","max-video-preview":"max-video-preview:-1"},"canonical":"https:\/\/luchonoticias.com\/editor\/en-97-avanza-reconstruccion-de-viviendas-afectadas-por-el-huracan-iota-en-providencia-y-santa-catalina\/","og_locale":"es_ES","og_type":"article","og_title":"En 97% avanza reconstrucci\u00f3n de viviendas afectadas por el hurac\u00e1n Iota en Providencia y Santa Catalina -","og_url":"https:\/\/luchonoticias.com\/editor\/en-97-avanza-reconstruccion-de-viviendas-afectadas-por-el-huracan-iota-en-providencia-y-santa-catalina\/","article_publisher":"https:\/\/www.facebook.com\/luchonoticiasneiva","article_author":"https:\/\/www.facebook.com\/luchonoticiasneiva","article_published_time":"2022-12-13T20:30:54+00:00","article_modified_time":"2022-12-13T20:30:56+00:00","og_image":[{"url":"https:\/\/luchonoticias.com\/wp-content\/uploads\/2022\/12\/WhatsApp-Image-2022-12-13-at-8.45.58-AM-2-1024x683.jpeg","type":"","width":"","height":""}],"author":"admin","twitter_card":"summary_large_image","twitter_misc":{"Escrito por":"admin","Tiempo de lectura":"2 minutos"},"schema":{"@context":"https:\/\/schema.org","@graph":[{"@type":"Article","@id":"https:\/\/luchonoticias.com\/editor\/en-97-avanza-reconstruccion-de-viviendas-afectadas-por-el-huracan-iota-en-providencia-y-santa-catalina\/#article","isPartOf":{"@id":"https:\/\/luchonoticias.com\/editor\/en-97-avanza-reconstruccion-de-viviendas-afectadas-por-el-huracan-iota-en-providencia-y-santa-catalina\/"},"author":{"name":"admin","@id":"https:\/\/luchonoticias.com\/editor\/#\/schema\/person\/7a7fd911f58561fd056dbac7b55af9cd"},"headline":"En 97% avanza reconstrucci\u00f3n de viviendas afectadas por el hurac\u00e1n Iota en Providencia y Santa Catalina","datePublished":"2022-12-13T20:30:54+00:00","dateModified":"2022-12-13T20:30:56+00:00","mainEntityOfPage":{"@id":"https:\/\/luchonoticias.com\/editor\/en-97-avanza-reconstruccion-de-viviendas-afectadas-por-el-huracan-iota-en-providencia-y-santa-catalina\/"},"wordCount":441,"commentCount":0,"publisher":{"@id":"https:\/\/luchonoticias.com\/editor\/#\/schema\/person\/7a7fd911f58561fd056dbac7b55af9cd"},"image":{"@id":"https:\/\/luchonoticias.com\/editor\/en-97-avanza-reconstruccion-de-viviendas-afectadas-por-el-huracan-iota-en-providencia-y-santa-catalina\/#primaryimage"},"thumbnailUrl":"https:\/\/luchonoticias.com\/wp-content\/uploads\/2022\/12\/WhatsApp-Image-2022-12-13-at-8.45.58-AM-2-1024x683.jpeg","articleSection":["Destacado","Nacional"],"inLanguage":"es","potentialAction":[{"@type":"CommentAction","name":"Comment","target":["https:\/\/luchonoticias.com\/editor\/en-97-avanza-reconstruccion-de-viviendas-afectadas-por-el-huracan-iota-en-providencia-y-santa-catalina\/#respond"]}]},{"@type":"WebPage","@id":"https:\/\/luchonoticias.com\/editor\/en-97-avanza-reconstruccion-de-viviendas-afectadas-por-el-huracan-iota-en-providencia-y-santa-catalina\/","url":"https:\/\/luchonoticias.com\/editor\/en-97-avanza-reconstruccion-de-viviendas-afectadas-por-el-huracan-iota-en-providencia-y-santa-catalina\/","name":"En 97% avanza reconstrucci\u00f3n de viviendas afectadas por el hurac\u00e1n Iota en Providencia y Santa Catalina -","isPartOf":{"@id":"https:\/\/luchonoticias.com\/editor\/#website"},"primaryImageOfPage":{"@id":"https:\/\/luchonoticias.com\/editor\/en-97-avanza-reconstruccion-de-viviendas-afectadas-por-el-huracan-iota-en-providencia-y-santa-catalina\/#primaryimage"},"image":{"@id":"https:\/\/luchonoticias.com\/editor\/en-97-avanza-reconstruccion-de-viviendas-afectadas-por-el-huracan-iota-en-providencia-y-santa-catalina\/#primaryimage"},"thumbnailUrl":"https:\/\/luchonoticias.com\/wp-content\/uploads\/2022\/12\/WhatsApp-Image-2022-12-13-at-8.45.58-AM-2-1024x683.jpeg","datePublished":"2022-12-13T20:30:54+00:00","dateModified":"2022-12-13T20:30:56+00:00","breadcrumb":{"@id":"https:\/\/luchonoticias.com\/editor\/en-97-avanza-reconstruccion-de-viviendas-afectadas-por-el-huracan-iota-en-providencia-y-santa-catalina\/#breadcrumb"},"inLanguage":"es","potentialAction":[{"@type":"ReadAction","target":["https:\/\/luchonoticias.com\/editor\/en-97-avanza-reconstruccion-de-viviendas-afectadas-por-el-huracan-iota-en-providencia-y-santa-catalina\/"]}]},{"@type":"ImageObject","inLanguage":"es","@id":"https:\/\/luchonoticias.com\/editor\/en-97-avanza-reconstruccion-de-viviendas-afectadas-por-el-huracan-iota-en-providencia-y-santa-catalina\/#primaryimage","url":"https:\/\/luchonoticias.com\/wp-content\/uploads\/2022\/12\/WhatsApp-Image-2022-12-13-at-8.45.58-AM-2-1024x683.jpeg","contentUrl":"https:\/\/luchonoticias.com\/wp-content\/uploads\/2022\/12\/WhatsApp-Image-2022-12-13-at-8.45.58-AM-2-1024x683.jpeg"},{"@type":"BreadcrumbList","@id":"https:\/\/luchonoticias.com\/editor\/en-97-avanza-reconstruccion-de-viviendas-afectadas-por-el-huracan-iota-en-providencia-y-santa-catalina\/#breadcrumb","itemListElement":[{"@type":"ListItem","position":1,"name":"Portada","item":"https:\/\/luchonoticias.com\/editor\/"},{"@type":"ListItem","position":2,"name":"En 97% avanza reconstrucci\u00f3n de viviendas afectadas por el hurac\u00e1n Iota en Providencia y Santa Catalina"}]},{"@type":"WebSite","@id":"https:\/\/luchonoticias.com\/editor\/#website","url":"https:\/\/luchonoticias.com\/editor\/","name":"","description":"","publisher":{"@id":"https:\/\/luchonoticias.com\/editor\/#\/schema\/person\/7a7fd911f58561fd056dbac7b55af9cd"},"potentialAction":[{"@type":"SearchAction","target":{"@type":"EntryPoint","urlTemplate":"https:\/\/luchonoticias.com\/editor\/?s={search_term_string}"},"query-input":{"@type":"PropertyValueSpecification","valueRequired":true,"valueName":"search_term_string"}}],"inLanguage":"es"},{"@type":["Person","Organization"],"@id":"https:\/\/luchonoticias.com\/editor\/#\/schema\/person\/7a7fd911f58561fd056dbac7b55af9cd","name":"admin","image":{"@type":"ImageObject","inLanguage":"es","@id":"https:\/\/luchonoticias.com\/editor\/#\/schema\/person\/image\/","url":"https:\/\/luchonoticias.com\/editor\/wp-content\/uploads\/2024\/02\/cropped-cropped-logolu.webp","contentUrl":"https:\/\/luchonoticias.com\/editor\/wp-content\/uploads\/2024\/02\/cropped-cropped-logolu.webp","width":382,"height":170,"caption":"admin"},"logo":{"@id":"https:\/\/luchonoticias.com\/editor\/#\/schema\/person\/image\/"},"sameAs":["https:\/\/www.facebook.com\/luchonoticiasneiva"],"url":"https:\/\/luchonoticias.com\/editor\/author\/admin\/"}]}},"_links":{"self":[{"href":"https:\/\/luchonoticias.com\/editor\/wp-json\/wp\/v2\/posts\/42018","targetHints":{"allow":["GET"]}}],"collection":[{"href":"https:\/\/luchonoticias.com\/editor\/wp-json\/wp\/v2\/posts"}],"about":[{"href":"https:\/\/luchonoticias.com\/editor\/wp-json\/wp\/v2\/types\/post"}],"author":[{"embeddable":true,"href":"https:\/\/luchonoticias.com\/editor\/wp-json\/wp\/v2\/users\/1"}],"replies":[{"embeddable":true,"href":"https:\/\/luchonoticias.com\/editor\/wp-json\/wp\/v2\/comments?post=42018"}],"version-history":[{"count":0,"href":"https:\/\/luchonoticias.com\/editor\/wp-json\/wp\/v2\/posts\/42018\/revisions"}],"wp:attachment":[{"href":"https:\/\/luchonoticias.com\/editor\/wp-json\/wp\/v2\/media?parent=42018"}],"wp:term":[{"taxonomy":"category","embeddable":true,"href":"https:\/\/luchonoticias.com\/editor\/wp-json\/wp\/v2\/categories?post=42018"},{"taxonomy":"post_tag","embeddable":true,"href":"https:\/\/luchonoticias.com\/editor\/wp-json\/wp\/v2\/tags?post=42018"}],"curies":[{"name":"wp","href":"https:\/\/api.w.org\/{rel}","templated":true}]}}