{"id":42033,"date":"2022-12-14T05:01:37","date_gmt":"2022-12-14T10:01:37","guid":{"rendered":"https:\/\/luchonoticias.com\/?p=42033"},"modified":"2022-12-14T05:01:38","modified_gmt":"2022-12-14T10:01:38","slug":"presencia-huilense-en-campamento-de-taekwondo","status":"publish","type":"post","link":"https:\/\/luchonoticias.com\/editor\/presencia-huilense-en-campamento-de-taekwondo\/","title":{"rendered":"Presencia huilense en campamento de taekwondo"},"content":{"rendered":"\n<p>Finaliz\u00f3 el Sogamoso (Boyac\u00e1), el&nbsp;<strong>campamento nacional de taekwondo<\/strong>, el primero de dos eventos nacionales de fin de a\u00f1o que se cumple en suelo boyacense.<\/p>\n\n\n\n<p>La actividad, que\u00a0<strong>otorga 30 puntos para el ranking nacional<\/strong>, ha contado con la participaci\u00f3n de un\u00a0<strong>contingente de 10 deportistas<\/strong>\u00a0del departamento quienes aspiran a seguir sumando puntos y claro, rodaje para conseguir cupo a los Juegos Nacionales.<\/p>\n\n\n\n<p>Ahora se viene cumpliendo en la misma localidad la&nbsp;<strong>Copa Federaci\u00f3n G2 nacional<\/strong>, donde estar\u00e1n todos los deportistas huilenses&nbsp;<strong>salvo Sergio Li\u00e9vano y Daniela Mu\u00f1oz&nbsp;<\/strong>quienes cumplir\u00e1n compromisos de naturaleza acad\u00e9mica.<\/p>\n","protected":false},"excerpt":{"rendered":"<p>Finaliz\u00f3 el Sogamoso (Boyac\u00e1), el&nbsp;campamento nacional de taekwondo, el primero de dos eventos nacionales de fin de a\u00f1o que se cumple en suelo boyacense. La actividad, que\u00a0otorga 30 puntos para el ranking nacional, ha contado con la participaci\u00f3n de un\u00a0contingente de 10 deportistas\u00a0del departamento quienes aspiran a seguir sumando puntos y claro, rodaje para conseguir [&hellip;]<\/p>\n","protected":false},"author":1,"featured_media":0,"comment_status":"open","ping_status":"open","sticky":false,"template":"","format":"standard","meta":{"footnotes":""},"categories":[34],"tags":[],"class_list":["post-42033","post","type-post","status-publish","format-standard","hentry","category-deportes"],"yoast_head":"<!-- This site is optimized with the Yoast SEO plugin v26.6 - https:\/\/yoast.com\/wordpress\/plugins\/seo\/ -->\n<title>Presencia huilense en campamento de taekwondo -<\/title>\n<meta name=\"robots\" content=\"index, follow, max-snippet:-1, max-image-preview:large, max-video-preview:-1\" \/>\n<link rel=\"canonical\" href=\"https:\/\/luchonoticias.com\/editor\/presencia-huilense-en-campamento-de-taekwondo\/\" \/>\n<meta property=\"og:locale\" content=\"es_ES\" \/>\n<meta property=\"og:type\" content=\"article\" \/>\n<meta property=\"og:title\" content=\"Presencia huilense en campamento de taekwondo -\" \/>\n<meta property=\"og:url\" content=\"https:\/\/luchonoticias.com\/editor\/presencia-huilense-en-campamento-de-taekwondo\/\" \/>\n<meta property=\"article:publisher\" content=\"https:\/\/www.facebook.com\/luchonoticiasneiva\" \/>\n<meta property=\"article:author\" content=\"https:\/\/www.facebook.com\/luchonoticiasneiva\" \/>\n<meta property=\"article:published_time\" content=\"2022-12-14T10:01:37+00:00\" \/>\n<meta property=\"article:modified_time\" content=\"2022-12-14T10:01:38+00:00\" \/>\n<meta name=\"author\" content=\"admin\" \/>\n<meta name=\"twitter:card\" content=\"summary_large_image\" \/>\n<meta name=\"twitter:label1\" content=\"Escrito por\" \/>\n\t<meta name=\"twitter:data1\" content=\"admin\" \/>\n\t<meta name=\"twitter:label2\" content=\"Tiempo de lectura\" \/>\n\t<meta name=\"twitter:data2\" content=\"1 minuto\" \/>\n<script type=\"application\/ld+json\" class=\"yoast-schema-graph\">{\"@context\":\"https:\/\/schema.org\",\"@graph\":[{\"@type\":\"Article\",\"@id\":\"https:\/\/luchonoticias.com\/editor\/presencia-huilense-en-campamento-de-taekwondo\/#article\",\"isPartOf\":{\"@id\":\"https:\/\/luchonoticias.com\/editor\/presencia-huilense-en-campamento-de-taekwondo\/\"},\"author\":{\"name\":\"admin\",\"@id\":\"https:\/\/luchonoticias.com\/editor\/#\/schema\/person\/7a7fd911f58561fd056dbac7b55af9cd\"},\"headline\":\"Presencia huilense en campamento de taekwondo\",\"datePublished\":\"2022-12-14T10:01:37+00:00\",\"dateModified\":\"2022-12-14T10:01:38+00:00\",\"mainEntityOfPage\":{\"@id\":\"https:\/\/luchonoticias.com\/editor\/presencia-huilense-en-campamento-de-taekwondo\/\"},\"wordCount\":111,\"commentCount\":0,\"publisher\":{\"@id\":\"https:\/\/luchonoticias.com\/editor\/#\/schema\/person\/7a7fd911f58561fd056dbac7b55af9cd\"},\"articleSection\":[\"Deportes\"],\"inLanguage\":\"es\",\"potentialAction\":[{\"@type\":\"CommentAction\",\"name\":\"Comment\",\"target\":[\"https:\/\/luchonoticias.com\/editor\/presencia-huilense-en-campamento-de-taekwondo\/#respond\"]}]},{\"@type\":\"WebPage\",\"@id\":\"https:\/\/luchonoticias.com\/editor\/presencia-huilense-en-campamento-de-taekwondo\/\",\"url\":\"https:\/\/luchonoticias.com\/editor\/presencia-huilense-en-campamento-de-taekwondo\/\",\"name\":\"Presencia huilense en campamento de taekwondo -\",\"isPartOf\":{\"@id\":\"https:\/\/luchonoticias.com\/editor\/#website\"},\"datePublished\":\"2022-12-14T10:01:37+00:00\",\"dateModified\":\"2022-12-14T10:01:38+00:00\",\"breadcrumb\":{\"@id\":\"https:\/\/luchonoticias.com\/editor\/presencia-huilense-en-campamento-de-taekwondo\/#breadcrumb\"},\"inLanguage\":\"es\",\"potentialAction\":[{\"@type\":\"ReadAction\",\"target\":[\"https:\/\/luchonoticias.com\/editor\/presencia-huilense-en-campamento-de-taekwondo\/\"]}]},{\"@type\":\"BreadcrumbList\",\"@id\":\"https:\/\/luchonoticias.com\/editor\/presencia-huilense-en-campamento-de-taekwondo\/#breadcrumb\",\"itemListElement\":[{\"@type\":\"ListItem\",\"position\":1,\"name\":\"Portada\",\"item\":\"https:\/\/luchonoticias.com\/editor\/\"},{\"@type\":\"ListItem\",\"position\":2,\"name\":\"Presencia huilense en campamento de taekwondo\"}]},{\"@type\":\"WebSite\",\"@id\":\"https:\/\/luchonoticias.com\/editor\/#website\",\"url\":\"https:\/\/luchonoticias.com\/editor\/\",\"name\":\"\",\"description\":\"\",\"publisher\":{\"@id\":\"https:\/\/luchonoticias.com\/editor\/#\/schema\/person\/7a7fd911f58561fd056dbac7b55af9cd\"},\"potentialAction\":[{\"@type\":\"SearchAction\",\"target\":{\"@type\":\"EntryPoint\",\"urlTemplate\":\"https:\/\/luchonoticias.com\/editor\/?s={search_term_string}\"},\"query-input\":{\"@type\":\"PropertyValueSpecification\",\"valueRequired\":true,\"valueName\":\"search_term_string\"}}],\"inLanguage\":\"es\"},{\"@type\":[\"Person\",\"Organization\"],\"@id\":\"https:\/\/luchonoticias.com\/editor\/#\/schema\/person\/7a7fd911f58561fd056dbac7b55af9cd\",\"name\":\"admin\",\"image\":{\"@type\":\"ImageObject\",\"inLanguage\":\"es\",\"@id\":\"https:\/\/luchonoticias.com\/editor\/#\/schema\/person\/image\/\",\"url\":\"https:\/\/luchonoticias.com\/editor\/wp-content\/uploads\/2024\/02\/cropped-cropped-logolu.webp\",\"contentUrl\":\"https:\/\/luchonoticias.com\/editor\/wp-content\/uploads\/2024\/02\/cropped-cropped-logolu.webp\",\"width\":382,\"height\":170,\"caption\":\"admin\"},\"logo\":{\"@id\":\"https:\/\/luchonoticias.com\/editor\/#\/schema\/person\/image\/\"},\"sameAs\":[\"https:\/\/www.facebook.com\/luchonoticiasneiva\"],\"url\":\"https:\/\/luchonoticias.com\/editor\/author\/admin\/\"}]}<\/script>\n<!-- \/ Yoast SEO plugin. -->","yoast_head_json":{"title":"Presencia huilense en campamento de taekwondo -","robots":{"index":"index","follow":"follow","max-snippet":"max-snippet:-1","max-image-preview":"max-image-preview:large","max-video-preview":"max-video-preview:-1"},"canonical":"https:\/\/luchonoticias.com\/editor\/presencia-huilense-en-campamento-de-taekwondo\/","og_locale":"es_ES","og_type":"article","og_title":"Presencia huilense en campamento de taekwondo -","og_url":"https:\/\/luchonoticias.com\/editor\/presencia-huilense-en-campamento-de-taekwondo\/","article_publisher":"https:\/\/www.facebook.com\/luchonoticiasneiva","article_author":"https:\/\/www.facebook.com\/luchonoticiasneiva","article_published_time":"2022-12-14T10:01:37+00:00","article_modified_time":"2022-12-14T10:01:38+00:00","author":"admin","twitter_card":"summary_large_image","twitter_misc":{"Escrito por":"admin","Tiempo de lectura":"1 minuto"},"schema":{"@context":"https:\/\/schema.org","@graph":[{"@type":"Article","@id":"https:\/\/luchonoticias.com\/editor\/presencia-huilense-en-campamento-de-taekwondo\/#article","isPartOf":{"@id":"https:\/\/luchonoticias.com\/editor\/presencia-huilense-en-campamento-de-taekwondo\/"},"author":{"name":"admin","@id":"https:\/\/luchonoticias.com\/editor\/#\/schema\/person\/7a7fd911f58561fd056dbac7b55af9cd"},"headline":"Presencia huilense en campamento de taekwondo","datePublished":"2022-12-14T10:01:37+00:00","dateModified":"2022-12-14T10:01:38+00:00","mainEntityOfPage":{"@id":"https:\/\/luchonoticias.com\/editor\/presencia-huilense-en-campamento-de-taekwondo\/"},"wordCount":111,"commentCount":0,"publisher":{"@id":"https:\/\/luchonoticias.com\/editor\/#\/schema\/person\/7a7fd911f58561fd056dbac7b55af9cd"},"articleSection":["Deportes"],"inLanguage":"es","potentialAction":[{"@type":"CommentAction","name":"Comment","target":["https:\/\/luchonoticias.com\/editor\/presencia-huilense-en-campamento-de-taekwondo\/#respond"]}]},{"@type":"WebPage","@id":"https:\/\/luchonoticias.com\/editor\/presencia-huilense-en-campamento-de-taekwondo\/","url":"https:\/\/luchonoticias.com\/editor\/presencia-huilense-en-campamento-de-taekwondo\/","name":"Presencia huilense en campamento de taekwondo -","isPartOf":{"@id":"https:\/\/luchonoticias.com\/editor\/#website"},"datePublished":"2022-12-14T10:01:37+00:00","dateModified":"2022-12-14T10:01:38+00:00","breadcrumb":{"@id":"https:\/\/luchonoticias.com\/editor\/presencia-huilense-en-campamento-de-taekwondo\/#breadcrumb"},"inLanguage":"es","potentialAction":[{"@type":"ReadAction","target":["https:\/\/luchonoticias.com\/editor\/presencia-huilense-en-campamento-de-taekwondo\/"]}]},{"@type":"BreadcrumbList","@id":"https:\/\/luchonoticias.com\/editor\/presencia-huilense-en-campamento-de-taekwondo\/#breadcrumb","itemListElement":[{"@type":"ListItem","position":1,"name":"Portada","item":"https:\/\/luchonoticias.com\/editor\/"},{"@type":"ListItem","position":2,"name":"Presencia huilense en campamento de taekwondo"}]},{"@type":"WebSite","@id":"https:\/\/luchonoticias.com\/editor\/#website","url":"https:\/\/luchonoticias.com\/editor\/","name":"","description":"","publisher":{"@id":"https:\/\/luchonoticias.com\/editor\/#\/schema\/person\/7a7fd911f58561fd056dbac7b55af9cd"},"potentialAction":[{"@type":"SearchAction","target":{"@type":"EntryPoint","urlTemplate":"https:\/\/luchonoticias.com\/editor\/?s={search_term_string}"},"query-input":{"@type":"PropertyValueSpecification","valueRequired":true,"valueName":"search_term_string"}}],"inLanguage":"es"},{"@type":["Person","Organization"],"@id":"https:\/\/luchonoticias.com\/editor\/#\/schema\/person\/7a7fd911f58561fd056dbac7b55af9cd","name":"admin","image":{"@type":"ImageObject","inLanguage":"es","@id":"https:\/\/luchonoticias.com\/editor\/#\/schema\/person\/image\/","url":"https:\/\/luchonoticias.com\/editor\/wp-content\/uploads\/2024\/02\/cropped-cropped-logolu.webp","contentUrl":"https:\/\/luchonoticias.com\/editor\/wp-content\/uploads\/2024\/02\/cropped-cropped-logolu.webp","width":382,"height":170,"caption":"admin"},"logo":{"@id":"https:\/\/luchonoticias.com\/editor\/#\/schema\/person\/image\/"},"sameAs":["https:\/\/www.facebook.com\/luchonoticiasneiva"],"url":"https:\/\/luchonoticias.com\/editor\/author\/admin\/"}]}},"_links":{"self":[{"href":"https:\/\/luchonoticias.com\/editor\/wp-json\/wp\/v2\/posts\/42033","targetHints":{"allow":["GET"]}}],"collection":[{"href":"https:\/\/luchonoticias.com\/editor\/wp-json\/wp\/v2\/posts"}],"about":[{"href":"https:\/\/luchonoticias.com\/editor\/wp-json\/wp\/v2\/types\/post"}],"author":[{"embeddable":true,"href":"https:\/\/luchonoticias.com\/editor\/wp-json\/wp\/v2\/users\/1"}],"replies":[{"embeddable":true,"href":"https:\/\/luchonoticias.com\/editor\/wp-json\/wp\/v2\/comments?post=42033"}],"version-history":[{"count":0,"href":"https:\/\/luchonoticias.com\/editor\/wp-json\/wp\/v2\/posts\/42033\/revisions"}],"wp:attachment":[{"href":"https:\/\/luchonoticias.com\/editor\/wp-json\/wp\/v2\/media?parent=42033"}],"wp:term":[{"taxonomy":"category","embeddable":true,"href":"https:\/\/luchonoticias.com\/editor\/wp-json\/wp\/v2\/categories?post=42033"},{"taxonomy":"post_tag","embeddable":true,"href":"https:\/\/luchonoticias.com\/editor\/wp-json\/wp\/v2\/tags?post=42033"}],"curies":[{"name":"wp","href":"https:\/\/api.w.org\/{rel}","templated":true}]}}