{"id":42048,"date":"2022-12-14T07:06:53","date_gmt":"2022-12-14T12:06:53","guid":{"rendered":"https:\/\/luchonoticias.com\/?p=42048"},"modified":"2022-12-14T07:06:54","modified_gmt":"2022-12-14T12:06:54","slug":"en-sesiones-extraordinarias-asamblea-del-huila-estudiara-8-proyectos-de-ordenanza","status":"publish","type":"post","link":"https:\/\/luchonoticias.com\/editor\/en-sesiones-extraordinarias-asamblea-del-huila-estudiara-8-proyectos-de-ordenanza\/","title":{"rendered":"En sesiones extraordinarias Asamblea del Huila estudiar\u00e1 8 proyectos de ordenanza"},"content":{"rendered":"\n<p>En la ma\u00f1ana de este martes se llev\u00f3 a cabo la instalaci\u00f3n del cuarto y \u00faltimo periodo de sesiones extraordinarias del 2022 de la Asamblea Departamental del Huila.<\/p>\n\n\n\n<p>La Duma fue convocada a trav\u00e9s del Decreto n\u00famero 446, para estudiar 8 proyectos de ordenanza y 4 que ya fueron aprobados en primer debate.<\/p>\n\n\n\n<p><strong>Las 8 nuevas iniciativas:<\/strong><\/p>\n\n\n\n<p>1 Proyecto de Ordenanza \u201cpor la cual se autoriza al gobernador del Departamento del Huila, para comprometer vigencias futuras ordinarias de la Secretar\u00eda de Educaci\u00f3n por la suma de $1.918.633.722.00, referenciando recursos de cr\u00e9dito p\u00fablico para los Colegios en riesgo de Timan\u00e1 y Santa Mar\u00eda\u201d.<\/p>\n\n\n\n<p>2 Proyecto de Ordenanza \u201cpor la cual se autoriza al gobernador del Departamento del Huila, para comprometer vigencias futuras ordinarias de la Secretar\u00eda de Gobierno y Desarrollo Comunitario, hasta por la suma de $1.385.500.000.00, para la formulaci\u00f3n de la Pol\u00edtica P\u00fablica de Paz, as\u00ed como para la implementaci\u00f3n de proyectos productivos que permitan el restablecimiento de derechos de la poblaci\u00f3n afectada por las violaciones a los derechos humanos (recursos de cr\u00e9dito p\u00fablico)\u201d.<\/p>\n\n\n\n<p>3 Proyecto de Ordenanza \u201cpor la cual se autoriza al gobernador del Departamento del Huila, para comprometer vigencias futuras ordinarias de la Secretar\u00eda de Agricultura y Miner\u00eda, hasta por la suma de $1.465.094.064,5, para la ejecuci\u00f3n de proyectos de inversi\u00f3n que contienen estrategias de los programas del sector\u201d.<\/p>\n\n\n\n<p>4 Proyecto de Ordenanza \u201cpor el cual se efect\u00faan unos contracr\u00e9ditos y se abren unos cr\u00e9ditos en el presupuesto de rentas y recursos de capital y presupuesto de apropiaciones para la vigencia fiscal del 1 de enero al 31 de diciembre de 2022, por valor de $13.117.564.121.46\u201d.<\/p>\n\n\n\n<p>5 Proyecto de Ordenanza \u201cpor medio del cual se efect\u00faa una incorporaci\u00f3n de recursos en el presupuesto de rentas y recursos de capital y ordenanza de apropiaciones para la vigencia fiscal del 1 de enero al 31 de diciembre de 2022, por valor de $10.058.451.027\u201d.<\/p>\n\n\n\n<p>6 Proyecto de Ordenanza \u201csobre adici\u00f3n al presupuesto de rentas y recursos de capital y ordenanza de apropiaci\u00f3n para la vigencia fiscal del 1 de enero al 31 de diciembre de 2022, por la suma de $401.007.832\u201d.<\/p>\n\n\n\n<p>7 Proyecto de Ordenanza \u201cpor medio del cual se crea una asignaci\u00f3n de recursos econ\u00f3micos con destino a la conservaci\u00f3n de la Cuenca Hidrogr\u00e1fica del R\u00edo Las Ceibas y el Parque Natural Regional La Siberia\u201d.<\/p>\n\n\n\n<p>8 Proyecto de Ordenanza \u201cpor medio de la cual se crea e institucionaliza el premio departamental a la juventud huilense\u201d.<\/p>\n\n\n\n<p><strong>Los proyectos aprobados en primer debate<\/strong><\/p>\n\n\n\n<p>1 Proyecto de Ordenanza \u201cpor la cual se autoriza al Gobernador del Departamento del Huila, para comprometer vigencias futuras ordinarias de la Secretar\u00eda de Salud por la suma de $14.454.354.153\u201d.<\/p>\n\n\n\n<p>2 Proyecto de Ordenanza \u201cpor medio del cual se establecen mecanismos para la administraci\u00f3n, control y recaudo del impuesto de veh\u00edculo automotor\u201d.<\/p>\n\n\n\n<p>3 Proyecto de Ordenanza \u201cpor la cual se autoriza al Gobernador del Departamento del Huila, para comprometer vigencias futuras ordinarias de la Secretar\u00eda General, y la Secretar\u00eda de Salud por la suma de $393.673.920.00\u201d.<\/p>\n\n\n\n<p>4 Proyecto de Ordenanza \u201cpor la cual se autoriza al Gobernador del Departamento del Huila, para comprometer vigencias futuras ordinarias de la Secretar\u00eda General y la Secretar\u00eda de Salud hasta por la suma de $743.668.516.23\u201d.<\/p>\n\n\n\n<p>Cabe resaltar que, durante la sesi\u00f3n de instalaci\u00f3n del cuarto periodo de sesiones extraordinarias, la Duma Departamental aprob\u00f3 los siguientes Proyectos de Ordenanza:<\/p>\n\n\n\n<p>* Proyecto de Ordenanza \u201cpor medio del cual se establecen mecanismos para la administraci\u00f3n, control y recaudo del impuesto de veh\u00edculo automotor\u201d, con el cual se les ofrece un descuento del 90%, 70% y 50% en sanciones e intereses, a quienes paguen el valor total adeudado del impuesto vehicular de vigencias 2022 y a\u00f1os anteriores.<\/p>\n\n\n\n<p>* Proyecto de Ordenanza \u201cpor la cual se autoriza al Gobernador del Departamento del Huila, para comprometer vigencias futuras ordinarias de la Secretar\u00eda de Salud por la suma de $14.454.354.153\u201d. Recursos destinados para contratar el desarrollo de la estrategia de atenci\u00f3n primaria en salud \u2018Salud en Casa \u2013 Huila Crece Contigo\u2019, impactando 1.140.932 habitantes; as\u00ed como para la atenci\u00f3n integral a la poblaci\u00f3n mayor, pobre y vulnerable; y el funcionamiento del Centro Regulador de Urgencias, Emergencias y Desastres del Huila.<\/p>\n\n\n\n<p>* Proyecto de Ordenanza \u201cpor la cual se autoriza al Gobernador del Departamento del Huila, para comprometer vigencias futuras ordinarias de la Secretar\u00eda General, y la Secretar\u00eda de Salud por la suma de $393.673.920.00\u201d. Recursos destinados para la contrataci\u00f3n del mantenimiento preventivo, correctivo y dar soporte t\u00e9cnico a todos los computadores, impresoras, perif\u00e9ricos inform\u00e1ticos y UPS de la Gobernaci\u00f3n del Huila.<\/p>\n","protected":false},"excerpt":{"rendered":"<p>En la ma\u00f1ana de este martes se llev\u00f3 a cabo la instalaci\u00f3n del cuarto y \u00faltimo periodo de sesiones extraordinarias del 2022 de la Asamblea Departamental del Huila. La Duma fue convocada a trav\u00e9s del Decreto n\u00famero 446, para estudiar 8 proyectos de ordenanza y 4 que ya fueron aprobados en primer debate. Las 8 [&hellip;]<\/p>\n","protected":false},"author":1,"featured_media":0,"comment_status":"open","ping_status":"open","sticky":false,"template":"","format":"standard","meta":{"footnotes":""},"categories":[36,617],"tags":[],"class_list":["post-42048","post","type-post","status-publish","format-standard","hentry","category-destacado","category-politica"],"yoast_head":"<!-- This site is optimized with the Yoast SEO plugin v26.6 - https:\/\/yoast.com\/wordpress\/plugins\/seo\/ -->\n<title>En sesiones extraordinarias Asamblea del Huila estudiar\u00e1 8 proyectos de ordenanza -<\/title>\n<meta name=\"robots\" content=\"index, follow, max-snippet:-1, max-image-preview:large, max-video-preview:-1\" \/>\n<link rel=\"canonical\" href=\"https:\/\/luchonoticias.com\/editor\/en-sesiones-extraordinarias-asamblea-del-huila-estudiara-8-proyectos-de-ordenanza\/\" \/>\n<meta property=\"og:locale\" content=\"es_ES\" \/>\n<meta property=\"og:type\" content=\"article\" \/>\n<meta property=\"og:title\" content=\"En sesiones extraordinarias Asamblea del Huila estudiar\u00e1 8 proyectos de ordenanza -\" \/>\n<meta property=\"og:url\" content=\"https:\/\/luchonoticias.com\/editor\/en-sesiones-extraordinarias-asamblea-del-huila-estudiara-8-proyectos-de-ordenanza\/\" \/>\n<meta property=\"article:publisher\" content=\"https:\/\/www.facebook.com\/luchonoticiasneiva\" \/>\n<meta property=\"article:author\" content=\"https:\/\/www.facebook.com\/luchonoticiasneiva\" \/>\n<meta property=\"article:published_time\" content=\"2022-12-14T12:06:53+00:00\" \/>\n<meta property=\"article:modified_time\" content=\"2022-12-14T12:06:54+00:00\" \/>\n<meta name=\"author\" content=\"admin\" \/>\n<meta name=\"twitter:card\" content=\"summary_large_image\" \/>\n<meta name=\"twitter:label1\" content=\"Escrito por\" \/>\n\t<meta name=\"twitter:data1\" content=\"admin\" \/>\n\t<meta name=\"twitter:label2\" content=\"Tiempo de lectura\" \/>\n\t<meta name=\"twitter:data2\" content=\"4 minutos\" \/>\n<script type=\"application\/ld+json\" class=\"yoast-schema-graph\">{\"@context\":\"https:\/\/schema.org\",\"@graph\":[{\"@type\":\"Article\",\"@id\":\"https:\/\/luchonoticias.com\/editor\/en-sesiones-extraordinarias-asamblea-del-huila-estudiara-8-proyectos-de-ordenanza\/#article\",\"isPartOf\":{\"@id\":\"https:\/\/luchonoticias.com\/editor\/en-sesiones-extraordinarias-asamblea-del-huila-estudiara-8-proyectos-de-ordenanza\/\"},\"author\":{\"name\":\"admin\",\"@id\":\"https:\/\/luchonoticias.com\/editor\/#\/schema\/person\/7a7fd911f58561fd056dbac7b55af9cd\"},\"headline\":\"En sesiones extraordinarias Asamblea del Huila estudiar\u00e1 8 proyectos de ordenanza\",\"datePublished\":\"2022-12-14T12:06:53+00:00\",\"dateModified\":\"2022-12-14T12:06:54+00:00\",\"mainEntityOfPage\":{\"@id\":\"https:\/\/luchonoticias.com\/editor\/en-sesiones-extraordinarias-asamblea-del-huila-estudiara-8-proyectos-de-ordenanza\/\"},\"wordCount\":772,\"commentCount\":0,\"publisher\":{\"@id\":\"https:\/\/luchonoticias.com\/editor\/#\/schema\/person\/7a7fd911f58561fd056dbac7b55af9cd\"},\"articleSection\":[\"Destacado\",\"Pol\u00edtica\"],\"inLanguage\":\"es\",\"potentialAction\":[{\"@type\":\"CommentAction\",\"name\":\"Comment\",\"target\":[\"https:\/\/luchonoticias.com\/editor\/en-sesiones-extraordinarias-asamblea-del-huila-estudiara-8-proyectos-de-ordenanza\/#respond\"]}]},{\"@type\":\"WebPage\",\"@id\":\"https:\/\/luchonoticias.com\/editor\/en-sesiones-extraordinarias-asamblea-del-huila-estudiara-8-proyectos-de-ordenanza\/\",\"url\":\"https:\/\/luchonoticias.com\/editor\/en-sesiones-extraordinarias-asamblea-del-huila-estudiara-8-proyectos-de-ordenanza\/\",\"name\":\"En sesiones extraordinarias Asamblea del Huila estudiar\u00e1 8 proyectos de ordenanza -\",\"isPartOf\":{\"@id\":\"https:\/\/luchonoticias.com\/editor\/#website\"},\"datePublished\":\"2022-12-14T12:06:53+00:00\",\"dateModified\":\"2022-12-14T12:06:54+00:00\",\"breadcrumb\":{\"@id\":\"https:\/\/luchonoticias.com\/editor\/en-sesiones-extraordinarias-asamblea-del-huila-estudiara-8-proyectos-de-ordenanza\/#breadcrumb\"},\"inLanguage\":\"es\",\"potentialAction\":[{\"@type\":\"ReadAction\",\"target\":[\"https:\/\/luchonoticias.com\/editor\/en-sesiones-extraordinarias-asamblea-del-huila-estudiara-8-proyectos-de-ordenanza\/\"]}]},{\"@type\":\"BreadcrumbList\",\"@id\":\"https:\/\/luchonoticias.com\/editor\/en-sesiones-extraordinarias-asamblea-del-huila-estudiara-8-proyectos-de-ordenanza\/#breadcrumb\",\"itemListElement\":[{\"@type\":\"ListItem\",\"position\":1,\"name\":\"Portada\",\"item\":\"https:\/\/luchonoticias.com\/editor\/\"},{\"@type\":\"ListItem\",\"position\":2,\"name\":\"En sesiones extraordinarias Asamblea del Huila estudiar\u00e1 8 proyectos de ordenanza\"}]},{\"@type\":\"WebSite\",\"@id\":\"https:\/\/luchonoticias.com\/editor\/#website\",\"url\":\"https:\/\/luchonoticias.com\/editor\/\",\"name\":\"\",\"description\":\"\",\"publisher\":{\"@id\":\"https:\/\/luchonoticias.com\/editor\/#\/schema\/person\/7a7fd911f58561fd056dbac7b55af9cd\"},\"potentialAction\":[{\"@type\":\"SearchAction\",\"target\":{\"@type\":\"EntryPoint\",\"urlTemplate\":\"https:\/\/luchonoticias.com\/editor\/?s={search_term_string}\"},\"query-input\":{\"@type\":\"PropertyValueSpecification\",\"valueRequired\":true,\"valueName\":\"search_term_string\"}}],\"inLanguage\":\"es\"},{\"@type\":[\"Person\",\"Organization\"],\"@id\":\"https:\/\/luchonoticias.com\/editor\/#\/schema\/person\/7a7fd911f58561fd056dbac7b55af9cd\",\"name\":\"admin\",\"image\":{\"@type\":\"ImageObject\",\"inLanguage\":\"es\",\"@id\":\"https:\/\/luchonoticias.com\/editor\/#\/schema\/person\/image\/\",\"url\":\"https:\/\/luchonoticias.com\/editor\/wp-content\/uploads\/2024\/02\/cropped-cropped-logolu.webp\",\"contentUrl\":\"https:\/\/luchonoticias.com\/editor\/wp-content\/uploads\/2024\/02\/cropped-cropped-logolu.webp\",\"width\":382,\"height\":170,\"caption\":\"admin\"},\"logo\":{\"@id\":\"https:\/\/luchonoticias.com\/editor\/#\/schema\/person\/image\/\"},\"sameAs\":[\"https:\/\/www.facebook.com\/luchonoticiasneiva\"],\"url\":\"https:\/\/luchonoticias.com\/editor\/author\/admin\/\"}]}<\/script>\n<!-- \/ Yoast SEO plugin. -->","yoast_head_json":{"title":"En sesiones extraordinarias Asamblea del Huila estudiar\u00e1 8 proyectos de ordenanza -","robots":{"index":"index","follow":"follow","max-snippet":"max-snippet:-1","max-image-preview":"max-image-preview:large","max-video-preview":"max-video-preview:-1"},"canonical":"https:\/\/luchonoticias.com\/editor\/en-sesiones-extraordinarias-asamblea-del-huila-estudiara-8-proyectos-de-ordenanza\/","og_locale":"es_ES","og_type":"article","og_title":"En sesiones extraordinarias Asamblea del Huila estudiar\u00e1 8 proyectos de ordenanza -","og_url":"https:\/\/luchonoticias.com\/editor\/en-sesiones-extraordinarias-asamblea-del-huila-estudiara-8-proyectos-de-ordenanza\/","article_publisher":"https:\/\/www.facebook.com\/luchonoticiasneiva","article_author":"https:\/\/www.facebook.com\/luchonoticiasneiva","article_published_time":"2022-12-14T12:06:53+00:00","article_modified_time":"2022-12-14T12:06:54+00:00","author":"admin","twitter_card":"summary_large_image","twitter_misc":{"Escrito por":"admin","Tiempo de lectura":"4 minutos"},"schema":{"@context":"https:\/\/schema.org","@graph":[{"@type":"Article","@id":"https:\/\/luchonoticias.com\/editor\/en-sesiones-extraordinarias-asamblea-del-huila-estudiara-8-proyectos-de-ordenanza\/#article","isPartOf":{"@id":"https:\/\/luchonoticias.com\/editor\/en-sesiones-extraordinarias-asamblea-del-huila-estudiara-8-proyectos-de-ordenanza\/"},"author":{"name":"admin","@id":"https:\/\/luchonoticias.com\/editor\/#\/schema\/person\/7a7fd911f58561fd056dbac7b55af9cd"},"headline":"En sesiones extraordinarias Asamblea del Huila estudiar\u00e1 8 proyectos de ordenanza","datePublished":"2022-12-14T12:06:53+00:00","dateModified":"2022-12-14T12:06:54+00:00","mainEntityOfPage":{"@id":"https:\/\/luchonoticias.com\/editor\/en-sesiones-extraordinarias-asamblea-del-huila-estudiara-8-proyectos-de-ordenanza\/"},"wordCount":772,"commentCount":0,"publisher":{"@id":"https:\/\/luchonoticias.com\/editor\/#\/schema\/person\/7a7fd911f58561fd056dbac7b55af9cd"},"articleSection":["Destacado","Pol\u00edtica"],"inLanguage":"es","potentialAction":[{"@type":"CommentAction","name":"Comment","target":["https:\/\/luchonoticias.com\/editor\/en-sesiones-extraordinarias-asamblea-del-huila-estudiara-8-proyectos-de-ordenanza\/#respond"]}]},{"@type":"WebPage","@id":"https:\/\/luchonoticias.com\/editor\/en-sesiones-extraordinarias-asamblea-del-huila-estudiara-8-proyectos-de-ordenanza\/","url":"https:\/\/luchonoticias.com\/editor\/en-sesiones-extraordinarias-asamblea-del-huila-estudiara-8-proyectos-de-ordenanza\/","name":"En sesiones extraordinarias Asamblea del Huila estudiar\u00e1 8 proyectos de ordenanza -","isPartOf":{"@id":"https:\/\/luchonoticias.com\/editor\/#website"},"datePublished":"2022-12-14T12:06:53+00:00","dateModified":"2022-12-14T12:06:54+00:00","breadcrumb":{"@id":"https:\/\/luchonoticias.com\/editor\/en-sesiones-extraordinarias-asamblea-del-huila-estudiara-8-proyectos-de-ordenanza\/#breadcrumb"},"inLanguage":"es","potentialAction":[{"@type":"ReadAction","target":["https:\/\/luchonoticias.com\/editor\/en-sesiones-extraordinarias-asamblea-del-huila-estudiara-8-proyectos-de-ordenanza\/"]}]},{"@type":"BreadcrumbList","@id":"https:\/\/luchonoticias.com\/editor\/en-sesiones-extraordinarias-asamblea-del-huila-estudiara-8-proyectos-de-ordenanza\/#breadcrumb","itemListElement":[{"@type":"ListItem","position":1,"name":"Portada","item":"https:\/\/luchonoticias.com\/editor\/"},{"@type":"ListItem","position":2,"name":"En sesiones extraordinarias Asamblea del Huila estudiar\u00e1 8 proyectos de ordenanza"}]},{"@type":"WebSite","@id":"https:\/\/luchonoticias.com\/editor\/#website","url":"https:\/\/luchonoticias.com\/editor\/","name":"","description":"","publisher":{"@id":"https:\/\/luchonoticias.com\/editor\/#\/schema\/person\/7a7fd911f58561fd056dbac7b55af9cd"},"potentialAction":[{"@type":"SearchAction","target":{"@type":"EntryPoint","urlTemplate":"https:\/\/luchonoticias.com\/editor\/?s={search_term_string}"},"query-input":{"@type":"PropertyValueSpecification","valueRequired":true,"valueName":"search_term_string"}}],"inLanguage":"es"},{"@type":["Person","Organization"],"@id":"https:\/\/luchonoticias.com\/editor\/#\/schema\/person\/7a7fd911f58561fd056dbac7b55af9cd","name":"admin","image":{"@type":"ImageObject","inLanguage":"es","@id":"https:\/\/luchonoticias.com\/editor\/#\/schema\/person\/image\/","url":"https:\/\/luchonoticias.com\/editor\/wp-content\/uploads\/2024\/02\/cropped-cropped-logolu.webp","contentUrl":"https:\/\/luchonoticias.com\/editor\/wp-content\/uploads\/2024\/02\/cropped-cropped-logolu.webp","width":382,"height":170,"caption":"admin"},"logo":{"@id":"https:\/\/luchonoticias.com\/editor\/#\/schema\/person\/image\/"},"sameAs":["https:\/\/www.facebook.com\/luchonoticiasneiva"],"url":"https:\/\/luchonoticias.com\/editor\/author\/admin\/"}]}},"_links":{"self":[{"href":"https:\/\/luchonoticias.com\/editor\/wp-json\/wp\/v2\/posts\/42048","targetHints":{"allow":["GET"]}}],"collection":[{"href":"https:\/\/luchonoticias.com\/editor\/wp-json\/wp\/v2\/posts"}],"about":[{"href":"https:\/\/luchonoticias.com\/editor\/wp-json\/wp\/v2\/types\/post"}],"author":[{"embeddable":true,"href":"https:\/\/luchonoticias.com\/editor\/wp-json\/wp\/v2\/users\/1"}],"replies":[{"embeddable":true,"href":"https:\/\/luchonoticias.com\/editor\/wp-json\/wp\/v2\/comments?post=42048"}],"version-history":[{"count":0,"href":"https:\/\/luchonoticias.com\/editor\/wp-json\/wp\/v2\/posts\/42048\/revisions"}],"wp:attachment":[{"href":"https:\/\/luchonoticias.com\/editor\/wp-json\/wp\/v2\/media?parent=42048"}],"wp:term":[{"taxonomy":"category","embeddable":true,"href":"https:\/\/luchonoticias.com\/editor\/wp-json\/wp\/v2\/categories?post=42048"},{"taxonomy":"post_tag","embeddable":true,"href":"https:\/\/luchonoticias.com\/editor\/wp-json\/wp\/v2\/tags?post=42048"}],"curies":[{"name":"wp","href":"https:\/\/api.w.org\/{rel}","templated":true}]}}