{"id":42051,"date":"2022-12-14T07:09:17","date_gmt":"2022-12-14T12:09:17","guid":{"rendered":"https:\/\/luchonoticias.com\/?p=42051"},"modified":"2022-12-14T07:09:18","modified_gmt":"2022-12-14T12:09:18","slug":"reforma-agraria-gobierno-confirma-inicio-de-compra-de-tierras-para-campesinos-y-el-desarrollo-de-proyectos-productivos","status":"publish","type":"post","link":"https:\/\/luchonoticias.com\/editor\/reforma-agraria-gobierno-confirma-inicio-de-compra-de-tierras-para-campesinos-y-el-desarrollo-de-proyectos-productivos\/","title":{"rendered":"Reforma Agraria: Gobierno confirma inicio de compra de tierras para campesinos y el desarrollo de proyectos productivos"},"content":{"rendered":"\n<p>\u201cAhora s\u00ed que de verdad arranc\u00f3 ese instrumento de la compra de tierras, de manera definitiva, dentro de la Reforma Agraria\u201d.<\/p>\n\n\n\n<p>As\u00ed lo manifest\u00f3 este martes la Ministra de Agricultura, Cecilia L\u00f3pez, al finalizar el Gabinete Estrat\u00e9gico: Reforma Agraria que encabez\u00f3 el Presidente, Gustavo Petro, en el que se analizaron los avances del Gobierno en esta pol\u00edtica de desarrollo rural, que hace parte de los pilares del mandato del Jefe de Estado y que fue una de sus promesas de campa\u00f1a.<\/p>\n\n\n\n<p>En di\u00e1logo con los medios de comunicaci\u00f3n, la titular de la cartera de Agricultura anunci\u00f3 que \u201carrancamos definitivamente ya con todas las decisiones para comprar las tierras\u201d y asegur\u00f3 que \u201cel Gobierno ha decidido comprar tierras, las tierras de Fedegan en la Regi\u00f3n Caribe y en el Magdalena Medio\u201d.<\/p>\n\n\n\n<figure class=\"wp-block-gallery has-nested-images columns-default is-cropped wp-block-gallery-1 is-layout-flex wp-block-gallery-is-layout-flex\">\n<figure class=\"wp-block-image size-large\"><img decoding=\"async\" data-id=\"42053\" src=\"https:\/\/luchonoticias.com\/wp-content\/uploads\/2022\/12\/WhatsApp-Image-2022-12-13-at-8.19.57-PM-1024x682.jpeg\" alt=\"\" class=\"wp-image-42053\"\/><\/figure>\n\n\n\n<figure class=\"wp-block-image size-large\"><img decoding=\"async\" data-id=\"42054\" src=\"https:\/\/luchonoticias.com\/wp-content\/uploads\/2022\/12\/WhatsApp-Image-2022-12-13-at-8.20.06-PM-1024x674.jpeg\" alt=\"\" class=\"wp-image-42054\"\/><\/figure>\n<\/figure>\n\n\n\n<p>De acuerdo con la Ministra, en estas dos zonas se concentrar\u00e1 la operaci\u00f3n del Catastro Multiprop\u00f3sito y dijo que el Gobierno ha \u201crecibido m\u00e1s de 200 hect\u00e1reas en distintos sitios\u201d, las cuales se limitar\u00e1n a las que cumplan con las condiciones de productividad, \u201cdonde los campesinos, junto con los proyectos productivos, junto con las tierras que vamos a distribuir, van a generar una din\u00e1mica social muy importante\u201d.<\/p>\n\n\n\n<p>La Ministra L\u00f3pez asegur\u00f3 que solamente \u201cqued\u00f3 pendiente la tarea de la financiaci\u00f3n\u201d, sin embargo, especific\u00f3 que \u201cel Presidente ha sido muy claro: la Reforma Agraria es una prioridad, terminamos el a\u00f1o con todo el aparato listo\u201d.<\/p>\n\n\n\n<p>Al sustentar la b\u00fasqueda de los recursos para la financiaci\u00f3n del Catastro Multiprop\u00f3sito, dijo que este se tiene que dirigir \u201cparticularmente a la Regi\u00f3n Caribe y el Magdalena Medio\u201d, es decir \u201cen la frontera agr\u00edcola actual que le vamos a adquirir a Fedegan\u201d.<\/p>\n\n\n\n<p>Insisti\u00f3 en que deben ser tierras que se eval\u00faan por \u201csu productividad, que no sean inundables, dentro de las normas de la ley, que no exista ninguna sombra y hacerlo de forma transparente para recuperar la capacidad productiva de los campesinos\u201d.<\/p>\n\n\n\n<figure class=\"wp-block-gallery has-nested-images columns-default is-cropped wp-block-gallery-2 is-layout-flex wp-block-gallery-is-layout-flex\">\n<figure class=\"wp-block-image size-large\"><img decoding=\"async\" data-id=\"42055\" src=\"https:\/\/luchonoticias.com\/wp-content\/uploads\/2022\/12\/WhatsApp-Image-2022-12-13-at-8.19.50-PM-1024x682.jpeg\" alt=\"\" class=\"wp-image-42055\"\/><\/figure>\n\n\n\n<figure class=\"wp-block-image size-large\"><img decoding=\"async\" data-id=\"42056\" src=\"https:\/\/luchonoticias.com\/wp-content\/uploads\/2022\/12\/WhatsApp-Image-2022-12-13-at-8.19.49-PM-1024x682.jpeg\" alt=\"\" class=\"wp-image-42056\"\/><\/figure>\n<\/figure>\n\n\n\n<p>Por su parte, el Presidente Petro, al sancionar la Reforma Tributaria, asegur\u00f3 que esta norma ser\u00e1 una herramienta para obtener los recursos que se requieren para \u201cel Catastro Multiprop\u00f3sito y la compra de tierras\u201d que se entregar\u00e1n a los campesinos y, con ello, garantizar \u201cla productividad\u201d de la ruralidad colombiana.<\/p>\n\n\n\n<p>\u201cLa Reforma Agraria no se hace de la noche a la ma\u00f1ana, pero el cambio sustancial que ha tenido en estos meses es un mensaje a quienes permanecen en la violencia\u201d, dijo el Jefe de Estado, al reiterar que se cumple con la paz y que se est\u00e1 avanzando \u201chacia una paz permanente\u201d.<\/p>\n","protected":false},"excerpt":{"rendered":"<p>\u201cAhora s\u00ed que de verdad arranc\u00f3 ese instrumento de la compra de tierras, de manera definitiva, dentro de la Reforma Agraria\u201d. As\u00ed lo manifest\u00f3 este martes la Ministra de Agricultura, Cecilia L\u00f3pez, al finalizar el Gabinete Estrat\u00e9gico: Reforma Agraria que encabez\u00f3 el Presidente, Gustavo Petro, en el que se analizaron los avances del Gobierno en [&hellip;]<\/p>\n","protected":false},"author":1,"featured_media":0,"comment_status":"open","ping_status":"open","sticky":false,"template":"","format":"standard","meta":{"footnotes":""},"categories":[36,32],"tags":[],"class_list":["post-42051","post","type-post","status-publish","format-standard","hentry","category-destacado","category-nacional"],"yoast_head":"<!-- This site is optimized with the Yoast SEO plugin v26.6 - https:\/\/yoast.com\/wordpress\/plugins\/seo\/ -->\n<title>Reforma Agraria: Gobierno confirma inicio de compra de tierras para campesinos y el desarrollo de proyectos productivos -<\/title>\n<meta name=\"robots\" content=\"index, follow, max-snippet:-1, max-image-preview:large, max-video-preview:-1\" \/>\n<link rel=\"canonical\" href=\"https:\/\/luchonoticias.com\/editor\/reforma-agraria-gobierno-confirma-inicio-de-compra-de-tierras-para-campesinos-y-el-desarrollo-de-proyectos-productivos\/\" \/>\n<meta property=\"og:locale\" content=\"es_ES\" \/>\n<meta property=\"og:type\" content=\"article\" \/>\n<meta property=\"og:title\" content=\"Reforma Agraria: Gobierno confirma inicio de compra de tierras para campesinos y el desarrollo de proyectos productivos -\" \/>\n<meta property=\"og:url\" content=\"https:\/\/luchonoticias.com\/editor\/reforma-agraria-gobierno-confirma-inicio-de-compra-de-tierras-para-campesinos-y-el-desarrollo-de-proyectos-productivos\/\" \/>\n<meta property=\"article:publisher\" content=\"https:\/\/www.facebook.com\/luchonoticiasneiva\" \/>\n<meta property=\"article:author\" content=\"https:\/\/www.facebook.com\/luchonoticiasneiva\" \/>\n<meta property=\"article:published_time\" content=\"2022-12-14T12:09:17+00:00\" \/>\n<meta property=\"article:modified_time\" content=\"2022-12-14T12:09:18+00:00\" \/>\n<meta property=\"og:image\" content=\"https:\/\/luchonoticias.com\/wp-content\/uploads\/2022\/12\/WhatsApp-Image-2022-12-13-at-8.19.57-PM-1024x682.jpeg\" \/>\n<meta name=\"author\" content=\"admin\" \/>\n<meta name=\"twitter:card\" content=\"summary_large_image\" \/>\n<meta name=\"twitter:label1\" content=\"Escrito por\" \/>\n\t<meta name=\"twitter:data1\" content=\"admin\" \/>\n\t<meta name=\"twitter:label2\" content=\"Tiempo de lectura\" \/>\n\t<meta name=\"twitter:data2\" content=\"2 minutos\" \/>\n<script type=\"application\/ld+json\" class=\"yoast-schema-graph\">{\"@context\":\"https:\/\/schema.org\",\"@graph\":[{\"@type\":\"Article\",\"@id\":\"https:\/\/luchonoticias.com\/editor\/reforma-agraria-gobierno-confirma-inicio-de-compra-de-tierras-para-campesinos-y-el-desarrollo-de-proyectos-productivos\/#article\",\"isPartOf\":{\"@id\":\"https:\/\/luchonoticias.com\/editor\/reforma-agraria-gobierno-confirma-inicio-de-compra-de-tierras-para-campesinos-y-el-desarrollo-de-proyectos-productivos\/\"},\"author\":{\"name\":\"admin\",\"@id\":\"https:\/\/luchonoticias.com\/editor\/#\/schema\/person\/7a7fd911f58561fd056dbac7b55af9cd\"},\"headline\":\"Reforma Agraria: Gobierno confirma inicio de compra de tierras para campesinos y el desarrollo de proyectos productivos\",\"datePublished\":\"2022-12-14T12:09:17+00:00\",\"dateModified\":\"2022-12-14T12:09:18+00:00\",\"mainEntityOfPage\":{\"@id\":\"https:\/\/luchonoticias.com\/editor\/reforma-agraria-gobierno-confirma-inicio-de-compra-de-tierras-para-campesinos-y-el-desarrollo-de-proyectos-productivos\/\"},\"wordCount\":462,\"commentCount\":0,\"publisher\":{\"@id\":\"https:\/\/luchonoticias.com\/editor\/#\/schema\/person\/7a7fd911f58561fd056dbac7b55af9cd\"},\"image\":{\"@id\":\"https:\/\/luchonoticias.com\/editor\/reforma-agraria-gobierno-confirma-inicio-de-compra-de-tierras-para-campesinos-y-el-desarrollo-de-proyectos-productivos\/#primaryimage\"},\"thumbnailUrl\":\"https:\/\/luchonoticias.com\/wp-content\/uploads\/2022\/12\/WhatsApp-Image-2022-12-13-at-8.19.57-PM-1024x682.jpeg\",\"articleSection\":[\"Destacado\",\"Nacional\"],\"inLanguage\":\"es\",\"potentialAction\":[{\"@type\":\"CommentAction\",\"name\":\"Comment\",\"target\":[\"https:\/\/luchonoticias.com\/editor\/reforma-agraria-gobierno-confirma-inicio-de-compra-de-tierras-para-campesinos-y-el-desarrollo-de-proyectos-productivos\/#respond\"]}]},{\"@type\":\"WebPage\",\"@id\":\"https:\/\/luchonoticias.com\/editor\/reforma-agraria-gobierno-confirma-inicio-de-compra-de-tierras-para-campesinos-y-el-desarrollo-de-proyectos-productivos\/\",\"url\":\"https:\/\/luchonoticias.com\/editor\/reforma-agraria-gobierno-confirma-inicio-de-compra-de-tierras-para-campesinos-y-el-desarrollo-de-proyectos-productivos\/\",\"name\":\"Reforma Agraria: Gobierno confirma inicio de compra de tierras para campesinos y el desarrollo de proyectos productivos -\",\"isPartOf\":{\"@id\":\"https:\/\/luchonoticias.com\/editor\/#website\"},\"primaryImageOfPage\":{\"@id\":\"https:\/\/luchonoticias.com\/editor\/reforma-agraria-gobierno-confirma-inicio-de-compra-de-tierras-para-campesinos-y-el-desarrollo-de-proyectos-productivos\/#primaryimage\"},\"image\":{\"@id\":\"https:\/\/luchonoticias.com\/editor\/reforma-agraria-gobierno-confirma-inicio-de-compra-de-tierras-para-campesinos-y-el-desarrollo-de-proyectos-productivos\/#primaryimage\"},\"thumbnailUrl\":\"https:\/\/luchonoticias.com\/wp-content\/uploads\/2022\/12\/WhatsApp-Image-2022-12-13-at-8.19.57-PM-1024x682.jpeg\",\"datePublished\":\"2022-12-14T12:09:17+00:00\",\"dateModified\":\"2022-12-14T12:09:18+00:00\",\"breadcrumb\":{\"@id\":\"https:\/\/luchonoticias.com\/editor\/reforma-agraria-gobierno-confirma-inicio-de-compra-de-tierras-para-campesinos-y-el-desarrollo-de-proyectos-productivos\/#breadcrumb\"},\"inLanguage\":\"es\",\"potentialAction\":[{\"@type\":\"ReadAction\",\"target\":[\"https:\/\/luchonoticias.com\/editor\/reforma-agraria-gobierno-confirma-inicio-de-compra-de-tierras-para-campesinos-y-el-desarrollo-de-proyectos-productivos\/\"]}]},{\"@type\":\"ImageObject\",\"inLanguage\":\"es\",\"@id\":\"https:\/\/luchonoticias.com\/editor\/reforma-agraria-gobierno-confirma-inicio-de-compra-de-tierras-para-campesinos-y-el-desarrollo-de-proyectos-productivos\/#primaryimage\",\"url\":\"https:\/\/luchonoticias.com\/wp-content\/uploads\/2022\/12\/WhatsApp-Image-2022-12-13-at-8.19.57-PM-1024x682.jpeg\",\"contentUrl\":\"https:\/\/luchonoticias.com\/wp-content\/uploads\/2022\/12\/WhatsApp-Image-2022-12-13-at-8.19.57-PM-1024x682.jpeg\"},{\"@type\":\"BreadcrumbList\",\"@id\":\"https:\/\/luchonoticias.com\/editor\/reforma-agraria-gobierno-confirma-inicio-de-compra-de-tierras-para-campesinos-y-el-desarrollo-de-proyectos-productivos\/#breadcrumb\",\"itemListElement\":[{\"@type\":\"ListItem\",\"position\":1,\"name\":\"Portada\",\"item\":\"https:\/\/luchonoticias.com\/editor\/\"},{\"@type\":\"ListItem\",\"position\":2,\"name\":\"Reforma Agraria: Gobierno confirma inicio de compra de tierras para campesinos y el desarrollo de proyectos productivos\"}]},{\"@type\":\"WebSite\",\"@id\":\"https:\/\/luchonoticias.com\/editor\/#website\",\"url\":\"https:\/\/luchonoticias.com\/editor\/\",\"name\":\"\",\"description\":\"\",\"publisher\":{\"@id\":\"https:\/\/luchonoticias.com\/editor\/#\/schema\/person\/7a7fd911f58561fd056dbac7b55af9cd\"},\"potentialAction\":[{\"@type\":\"SearchAction\",\"target\":{\"@type\":\"EntryPoint\",\"urlTemplate\":\"https:\/\/luchonoticias.com\/editor\/?s={search_term_string}\"},\"query-input\":{\"@type\":\"PropertyValueSpecification\",\"valueRequired\":true,\"valueName\":\"search_term_string\"}}],\"inLanguage\":\"es\"},{\"@type\":[\"Person\",\"Organization\"],\"@id\":\"https:\/\/luchonoticias.com\/editor\/#\/schema\/person\/7a7fd911f58561fd056dbac7b55af9cd\",\"name\":\"admin\",\"image\":{\"@type\":\"ImageObject\",\"inLanguage\":\"es\",\"@id\":\"https:\/\/luchonoticias.com\/editor\/#\/schema\/person\/image\/\",\"url\":\"https:\/\/luchonoticias.com\/editor\/wp-content\/uploads\/2024\/02\/cropped-cropped-logolu.webp\",\"contentUrl\":\"https:\/\/luchonoticias.com\/editor\/wp-content\/uploads\/2024\/02\/cropped-cropped-logolu.webp\",\"width\":382,\"height\":170,\"caption\":\"admin\"},\"logo\":{\"@id\":\"https:\/\/luchonoticias.com\/editor\/#\/schema\/person\/image\/\"},\"sameAs\":[\"https:\/\/www.facebook.com\/luchonoticiasneiva\"],\"url\":\"https:\/\/luchonoticias.com\/editor\/author\/admin\/\"}]}<\/script>\n<!-- \/ Yoast SEO plugin. -->","yoast_head_json":{"title":"Reforma Agraria: Gobierno confirma inicio de compra de tierras para campesinos y el desarrollo de proyectos productivos -","robots":{"index":"index","follow":"follow","max-snippet":"max-snippet:-1","max-image-preview":"max-image-preview:large","max-video-preview":"max-video-preview:-1"},"canonical":"https:\/\/luchonoticias.com\/editor\/reforma-agraria-gobierno-confirma-inicio-de-compra-de-tierras-para-campesinos-y-el-desarrollo-de-proyectos-productivos\/","og_locale":"es_ES","og_type":"article","og_title":"Reforma Agraria: Gobierno confirma inicio de compra de tierras para campesinos y el desarrollo de proyectos productivos -","og_url":"https:\/\/luchonoticias.com\/editor\/reforma-agraria-gobierno-confirma-inicio-de-compra-de-tierras-para-campesinos-y-el-desarrollo-de-proyectos-productivos\/","article_publisher":"https:\/\/www.facebook.com\/luchonoticiasneiva","article_author":"https:\/\/www.facebook.com\/luchonoticiasneiva","article_published_time":"2022-12-14T12:09:17+00:00","article_modified_time":"2022-12-14T12:09:18+00:00","og_image":[{"url":"https:\/\/luchonoticias.com\/wp-content\/uploads\/2022\/12\/WhatsApp-Image-2022-12-13-at-8.19.57-PM-1024x682.jpeg","type":"","width":"","height":""}],"author":"admin","twitter_card":"summary_large_image","twitter_misc":{"Escrito por":"admin","Tiempo de lectura":"2 minutos"},"schema":{"@context":"https:\/\/schema.org","@graph":[{"@type":"Article","@id":"https:\/\/luchonoticias.com\/editor\/reforma-agraria-gobierno-confirma-inicio-de-compra-de-tierras-para-campesinos-y-el-desarrollo-de-proyectos-productivos\/#article","isPartOf":{"@id":"https:\/\/luchonoticias.com\/editor\/reforma-agraria-gobierno-confirma-inicio-de-compra-de-tierras-para-campesinos-y-el-desarrollo-de-proyectos-productivos\/"},"author":{"name":"admin","@id":"https:\/\/luchonoticias.com\/editor\/#\/schema\/person\/7a7fd911f58561fd056dbac7b55af9cd"},"headline":"Reforma Agraria: Gobierno confirma inicio de compra de tierras para campesinos y el desarrollo de proyectos productivos","datePublished":"2022-12-14T12:09:17+00:00","dateModified":"2022-12-14T12:09:18+00:00","mainEntityOfPage":{"@id":"https:\/\/luchonoticias.com\/editor\/reforma-agraria-gobierno-confirma-inicio-de-compra-de-tierras-para-campesinos-y-el-desarrollo-de-proyectos-productivos\/"},"wordCount":462,"commentCount":0,"publisher":{"@id":"https:\/\/luchonoticias.com\/editor\/#\/schema\/person\/7a7fd911f58561fd056dbac7b55af9cd"},"image":{"@id":"https:\/\/luchonoticias.com\/editor\/reforma-agraria-gobierno-confirma-inicio-de-compra-de-tierras-para-campesinos-y-el-desarrollo-de-proyectos-productivos\/#primaryimage"},"thumbnailUrl":"https:\/\/luchonoticias.com\/wp-content\/uploads\/2022\/12\/WhatsApp-Image-2022-12-13-at-8.19.57-PM-1024x682.jpeg","articleSection":["Destacado","Nacional"],"inLanguage":"es","potentialAction":[{"@type":"CommentAction","name":"Comment","target":["https:\/\/luchonoticias.com\/editor\/reforma-agraria-gobierno-confirma-inicio-de-compra-de-tierras-para-campesinos-y-el-desarrollo-de-proyectos-productivos\/#respond"]}]},{"@type":"WebPage","@id":"https:\/\/luchonoticias.com\/editor\/reforma-agraria-gobierno-confirma-inicio-de-compra-de-tierras-para-campesinos-y-el-desarrollo-de-proyectos-productivos\/","url":"https:\/\/luchonoticias.com\/editor\/reforma-agraria-gobierno-confirma-inicio-de-compra-de-tierras-para-campesinos-y-el-desarrollo-de-proyectos-productivos\/","name":"Reforma Agraria: Gobierno confirma inicio de compra de tierras para campesinos y el desarrollo de proyectos productivos -","isPartOf":{"@id":"https:\/\/luchonoticias.com\/editor\/#website"},"primaryImageOfPage":{"@id":"https:\/\/luchonoticias.com\/editor\/reforma-agraria-gobierno-confirma-inicio-de-compra-de-tierras-para-campesinos-y-el-desarrollo-de-proyectos-productivos\/#primaryimage"},"image":{"@id":"https:\/\/luchonoticias.com\/editor\/reforma-agraria-gobierno-confirma-inicio-de-compra-de-tierras-para-campesinos-y-el-desarrollo-de-proyectos-productivos\/#primaryimage"},"thumbnailUrl":"https:\/\/luchonoticias.com\/wp-content\/uploads\/2022\/12\/WhatsApp-Image-2022-12-13-at-8.19.57-PM-1024x682.jpeg","datePublished":"2022-12-14T12:09:17+00:00","dateModified":"2022-12-14T12:09:18+00:00","breadcrumb":{"@id":"https:\/\/luchonoticias.com\/editor\/reforma-agraria-gobierno-confirma-inicio-de-compra-de-tierras-para-campesinos-y-el-desarrollo-de-proyectos-productivos\/#breadcrumb"},"inLanguage":"es","potentialAction":[{"@type":"ReadAction","target":["https:\/\/luchonoticias.com\/editor\/reforma-agraria-gobierno-confirma-inicio-de-compra-de-tierras-para-campesinos-y-el-desarrollo-de-proyectos-productivos\/"]}]},{"@type":"ImageObject","inLanguage":"es","@id":"https:\/\/luchonoticias.com\/editor\/reforma-agraria-gobierno-confirma-inicio-de-compra-de-tierras-para-campesinos-y-el-desarrollo-de-proyectos-productivos\/#primaryimage","url":"https:\/\/luchonoticias.com\/wp-content\/uploads\/2022\/12\/WhatsApp-Image-2022-12-13-at-8.19.57-PM-1024x682.jpeg","contentUrl":"https:\/\/luchonoticias.com\/wp-content\/uploads\/2022\/12\/WhatsApp-Image-2022-12-13-at-8.19.57-PM-1024x682.jpeg"},{"@type":"BreadcrumbList","@id":"https:\/\/luchonoticias.com\/editor\/reforma-agraria-gobierno-confirma-inicio-de-compra-de-tierras-para-campesinos-y-el-desarrollo-de-proyectos-productivos\/#breadcrumb","itemListElement":[{"@type":"ListItem","position":1,"name":"Portada","item":"https:\/\/luchonoticias.com\/editor\/"},{"@type":"ListItem","position":2,"name":"Reforma Agraria: Gobierno confirma inicio de compra de tierras para campesinos y el desarrollo de proyectos productivos"}]},{"@type":"WebSite","@id":"https:\/\/luchonoticias.com\/editor\/#website","url":"https:\/\/luchonoticias.com\/editor\/","name":"","description":"","publisher":{"@id":"https:\/\/luchonoticias.com\/editor\/#\/schema\/person\/7a7fd911f58561fd056dbac7b55af9cd"},"potentialAction":[{"@type":"SearchAction","target":{"@type":"EntryPoint","urlTemplate":"https:\/\/luchonoticias.com\/editor\/?s={search_term_string}"},"query-input":{"@type":"PropertyValueSpecification","valueRequired":true,"valueName":"search_term_string"}}],"inLanguage":"es"},{"@type":["Person","Organization"],"@id":"https:\/\/luchonoticias.com\/editor\/#\/schema\/person\/7a7fd911f58561fd056dbac7b55af9cd","name":"admin","image":{"@type":"ImageObject","inLanguage":"es","@id":"https:\/\/luchonoticias.com\/editor\/#\/schema\/person\/image\/","url":"https:\/\/luchonoticias.com\/editor\/wp-content\/uploads\/2024\/02\/cropped-cropped-logolu.webp","contentUrl":"https:\/\/luchonoticias.com\/editor\/wp-content\/uploads\/2024\/02\/cropped-cropped-logolu.webp","width":382,"height":170,"caption":"admin"},"logo":{"@id":"https:\/\/luchonoticias.com\/editor\/#\/schema\/person\/image\/"},"sameAs":["https:\/\/www.facebook.com\/luchonoticiasneiva"],"url":"https:\/\/luchonoticias.com\/editor\/author\/admin\/"}]}},"_links":{"self":[{"href":"https:\/\/luchonoticias.com\/editor\/wp-json\/wp\/v2\/posts\/42051","targetHints":{"allow":["GET"]}}],"collection":[{"href":"https:\/\/luchonoticias.com\/editor\/wp-json\/wp\/v2\/posts"}],"about":[{"href":"https:\/\/luchonoticias.com\/editor\/wp-json\/wp\/v2\/types\/post"}],"author":[{"embeddable":true,"href":"https:\/\/luchonoticias.com\/editor\/wp-json\/wp\/v2\/users\/1"}],"replies":[{"embeddable":true,"href":"https:\/\/luchonoticias.com\/editor\/wp-json\/wp\/v2\/comments?post=42051"}],"version-history":[{"count":0,"href":"https:\/\/luchonoticias.com\/editor\/wp-json\/wp\/v2\/posts\/42051\/revisions"}],"wp:attachment":[{"href":"https:\/\/luchonoticias.com\/editor\/wp-json\/wp\/v2\/media?parent=42051"}],"wp:term":[{"taxonomy":"category","embeddable":true,"href":"https:\/\/luchonoticias.com\/editor\/wp-json\/wp\/v2\/categories?post=42051"},{"taxonomy":"post_tag","embeddable":true,"href":"https:\/\/luchonoticias.com\/editor\/wp-json\/wp\/v2\/tags?post=42051"}],"curies":[{"name":"wp","href":"https:\/\/api.w.org\/{rel}","templated":true}]}}