{"id":42064,"date":"2022-12-14T07:14:27","date_gmt":"2022-12-14T12:14:27","guid":{"rendered":"https:\/\/luchonoticias.com\/?p=42064"},"modified":"2022-12-14T07:14:29","modified_gmt":"2022-12-14T12:14:29","slug":"alumbrado-de-neiva-espera-atraer-mas-de-100-000-turistas","status":"publish","type":"post","link":"https:\/\/luchonoticias.com\/editor\/alumbrado-de-neiva-espera-atraer-mas-de-100-000-turistas\/","title":{"rendered":"Alumbrado de Neiva espera atraer m\u00e1s de 100.000 turistas"},"content":{"rendered":"\n<p>La Avenida La Toma, el Parque Andino, el monumento La Gaitana, el Parque Santander con la Catedral y el pasaje peatonal de la Carrera Quinta, se han convertido estos d\u00edas, en el blanco de la atenci\u00f3n de miles de ciudadanos, entre propios y visitantes, que admiran la belleza y el colorido, de la decoraci\u00f3n del alumbrado navide\u00f1o de Neiva.<\/p>\n\n\n\n<p>Son m\u00e1s de 1.150.000 bombillos los que se instalaron en la capital del Huila, seg\u00fan el gerente de la Empresa de Servicios de Iluminaci\u00f3n P\u00fablica y Desarrollo Tecnol\u00f3gico, ESIP, Diego P\u00e9rez. A ello se le suman las m\u00e1s de 800 figuras que adornan el alumbrado, no solo en el casco urbano de la ciudad, sino tambi\u00e9n, cinco de los ocho corregimientos.<\/p>\n\n\n\n<figure class=\"wp-block-gallery has-nested-images columns-default is-cropped wp-block-gallery-1 is-layout-flex wp-block-gallery-is-layout-flex\">\n<figure class=\"wp-block-image size-large\"><img decoding=\"async\" data-id=\"42066\" src=\"https:\/\/luchonoticias.com\/wp-content\/uploads\/2022\/12\/WhatsApp-Image-2022-12-13-at-7.07.05-PM-1024x683.jpeg\" alt=\"\" class=\"wp-image-42066\"\/><\/figure>\n\n\n\n<figure class=\"wp-block-image size-large\"><img decoding=\"async\" data-id=\"42068\" src=\"https:\/\/luchonoticias.com\/wp-content\/uploads\/2022\/12\/WhatsApp-Image-2022-12-13-at-7.07.04-PM-1024x682.jpeg\" alt=\"\" class=\"wp-image-42068\"\/><\/figure>\n\n\n\n<figure class=\"wp-block-image size-large\"><img decoding=\"async\" data-id=\"42067\" src=\"https:\/\/luchonoticias.com\/wp-content\/uploads\/2022\/12\/WhatsApp-Image-2022-12-13-at-7.07.01-PM-768x1024.jpeg\" alt=\"\" class=\"wp-image-42067\"\/><\/figure>\n<\/figure>\n\n\n\n<p>\u00abEsperamos que m\u00e1s de 100.000 turistas visiten el adornado navide\u00f1o entre nacionales y extranjeros. Un adornado enfocado en la neivanidad y que resalta lo mejor de la regi\u00f3n\u00bb, explic\u00f3 el gerente de ESIP, qui\u00e9n destac\u00f3 que esta iniciativa liderada por el alcalde Gorky Mu\u00f1oz Calder\u00f3n, con el apoyo de A.M. Desarrollos, empresa socia de ESIP, espera dinamizar la econom\u00eda, y generar mayores ingresos para los neivanos, durante esta \u00e9poca de fin de a\u00f1o.<\/p>\n\n\n\n<figure class=\"wp-block-gallery has-nested-images columns-default is-cropped wp-block-gallery-2 is-layout-flex wp-block-gallery-is-layout-flex\">\n<figure class=\"wp-block-image size-large\"><img decoding=\"async\" data-id=\"42071\" src=\"https:\/\/luchonoticias.com\/wp-content\/uploads\/2022\/12\/WhatsApp-Image-2022-12-13-at-7.07.05-PM-1-1024x683.jpeg\" alt=\"\" class=\"wp-image-42071\"\/><\/figure>\n\n\n\n<figure class=\"wp-block-image size-large\"><img decoding=\"async\" data-id=\"42069\" src=\"https:\/\/luchonoticias.com\/wp-content\/uploads\/2022\/12\/WhatsApp-Image-2022-12-13-at-7.07.02-PM-1024x768.jpeg\" alt=\"\" class=\"wp-image-42069\"\/><\/figure>\n\n\n\n<figure class=\"wp-block-image size-large\"><img decoding=\"async\" data-id=\"42070\" src=\"https:\/\/luchonoticias.com\/wp-content\/uploads\/2022\/12\/WhatsApp-Image-2022-12-13-at-7.07.00-PM-1024x768.jpeg\" alt=\"\" class=\"wp-image-42070\"\/><\/figure>\n<\/figure>\n\n\n\n<p>Entre tanto, en comandante de la Polic\u00eda Metropolitana, coronel Diego V\u00e1zquez, se\u00f1al\u00f3 que la capacidad de la instituci\u00f3n est\u00e1 dispuesta para garantizar, en coordinaci\u00f3n con la empresa de vigilancia que contrat\u00f3 la empresa de alumbrado p\u00fablico, la seguridad en todos los puntos que han sido iluminados, y as\u00ed evitar que se sigan vandalizando estos puntos.<\/p>\n","protected":false},"excerpt":{"rendered":"<p>La Avenida La Toma, el Parque Andino, el monumento La Gaitana, el Parque Santander con la Catedral y el pasaje peatonal de la Carrera Quinta, se han convertido estos d\u00edas, en el blanco de la atenci\u00f3n de miles de ciudadanos, entre propios y visitantes, que admiran la belleza y el colorido, de la decoraci\u00f3n del [&hellip;]<\/p>\n","protected":false},"author":1,"featured_media":0,"comment_status":"open","ping_status":"open","sticky":false,"template":"","format":"standard","meta":{"footnotes":""},"categories":[36,31],"tags":[],"class_list":["post-42064","post","type-post","status-publish","format-standard","hentry","category-destacado","category-local"],"yoast_head":"<!-- This site is optimized with the Yoast SEO plugin v26.6 - https:\/\/yoast.com\/wordpress\/plugins\/seo\/ -->\n<title>Alumbrado de Neiva espera atraer m\u00e1s de 100.000 turistas -<\/title>\n<meta name=\"robots\" content=\"index, follow, max-snippet:-1, max-image-preview:large, max-video-preview:-1\" \/>\n<link rel=\"canonical\" href=\"https:\/\/luchonoticias.com\/editor\/alumbrado-de-neiva-espera-atraer-mas-de-100-000-turistas\/\" \/>\n<meta property=\"og:locale\" content=\"es_ES\" \/>\n<meta property=\"og:type\" content=\"article\" \/>\n<meta property=\"og:title\" content=\"Alumbrado de Neiva espera atraer m\u00e1s de 100.000 turistas -\" \/>\n<meta property=\"og:url\" content=\"https:\/\/luchonoticias.com\/editor\/alumbrado-de-neiva-espera-atraer-mas-de-100-000-turistas\/\" \/>\n<meta property=\"article:publisher\" content=\"https:\/\/www.facebook.com\/luchonoticiasneiva\" \/>\n<meta property=\"article:author\" content=\"https:\/\/www.facebook.com\/luchonoticiasneiva\" \/>\n<meta property=\"article:published_time\" content=\"2022-12-14T12:14:27+00:00\" \/>\n<meta property=\"article:modified_time\" content=\"2022-12-14T12:14:29+00:00\" \/>\n<meta property=\"og:image\" content=\"https:\/\/luchonoticias.com\/wp-content\/uploads\/2022\/12\/WhatsApp-Image-2022-12-13-at-7.07.05-PM-1024x683.jpeg\" \/>\n<meta name=\"author\" content=\"admin\" \/>\n<meta name=\"twitter:card\" content=\"summary_large_image\" \/>\n<meta name=\"twitter:label1\" content=\"Escrito por\" \/>\n\t<meta name=\"twitter:data1\" content=\"admin\" \/>\n\t<meta name=\"twitter:label2\" content=\"Tiempo de lectura\" \/>\n\t<meta name=\"twitter:data2\" content=\"1 minuto\" \/>\n<script type=\"application\/ld+json\" class=\"yoast-schema-graph\">{\"@context\":\"https:\/\/schema.org\",\"@graph\":[{\"@type\":\"Article\",\"@id\":\"https:\/\/luchonoticias.com\/editor\/alumbrado-de-neiva-espera-atraer-mas-de-100-000-turistas\/#article\",\"isPartOf\":{\"@id\":\"https:\/\/luchonoticias.com\/editor\/alumbrado-de-neiva-espera-atraer-mas-de-100-000-turistas\/\"},\"author\":{\"name\":\"admin\",\"@id\":\"https:\/\/luchonoticias.com\/editor\/#\/schema\/person\/7a7fd911f58561fd056dbac7b55af9cd\"},\"headline\":\"Alumbrado de Neiva espera atraer m\u00e1s de 100.000 turistas\",\"datePublished\":\"2022-12-14T12:14:27+00:00\",\"dateModified\":\"2022-12-14T12:14:29+00:00\",\"mainEntityOfPage\":{\"@id\":\"https:\/\/luchonoticias.com\/editor\/alumbrado-de-neiva-espera-atraer-mas-de-100-000-turistas\/\"},\"wordCount\":281,\"commentCount\":0,\"publisher\":{\"@id\":\"https:\/\/luchonoticias.com\/editor\/#\/schema\/person\/7a7fd911f58561fd056dbac7b55af9cd\"},\"image\":{\"@id\":\"https:\/\/luchonoticias.com\/editor\/alumbrado-de-neiva-espera-atraer-mas-de-100-000-turistas\/#primaryimage\"},\"thumbnailUrl\":\"https:\/\/luchonoticias.com\/wp-content\/uploads\/2022\/12\/WhatsApp-Image-2022-12-13-at-7.07.05-PM-1024x683.jpeg\",\"articleSection\":[\"Destacado\",\"Local\"],\"inLanguage\":\"es\",\"potentialAction\":[{\"@type\":\"CommentAction\",\"name\":\"Comment\",\"target\":[\"https:\/\/luchonoticias.com\/editor\/alumbrado-de-neiva-espera-atraer-mas-de-100-000-turistas\/#respond\"]}]},{\"@type\":\"WebPage\",\"@id\":\"https:\/\/luchonoticias.com\/editor\/alumbrado-de-neiva-espera-atraer-mas-de-100-000-turistas\/\",\"url\":\"https:\/\/luchonoticias.com\/editor\/alumbrado-de-neiva-espera-atraer-mas-de-100-000-turistas\/\",\"name\":\"Alumbrado de Neiva espera atraer m\u00e1s de 100.000 turistas -\",\"isPartOf\":{\"@id\":\"https:\/\/luchonoticias.com\/editor\/#website\"},\"primaryImageOfPage\":{\"@id\":\"https:\/\/luchonoticias.com\/editor\/alumbrado-de-neiva-espera-atraer-mas-de-100-000-turistas\/#primaryimage\"},\"image\":{\"@id\":\"https:\/\/luchonoticias.com\/editor\/alumbrado-de-neiva-espera-atraer-mas-de-100-000-turistas\/#primaryimage\"},\"thumbnailUrl\":\"https:\/\/luchonoticias.com\/wp-content\/uploads\/2022\/12\/WhatsApp-Image-2022-12-13-at-7.07.05-PM-1024x683.jpeg\",\"datePublished\":\"2022-12-14T12:14:27+00:00\",\"dateModified\":\"2022-12-14T12:14:29+00:00\",\"breadcrumb\":{\"@id\":\"https:\/\/luchonoticias.com\/editor\/alumbrado-de-neiva-espera-atraer-mas-de-100-000-turistas\/#breadcrumb\"},\"inLanguage\":\"es\",\"potentialAction\":[{\"@type\":\"ReadAction\",\"target\":[\"https:\/\/luchonoticias.com\/editor\/alumbrado-de-neiva-espera-atraer-mas-de-100-000-turistas\/\"]}]},{\"@type\":\"ImageObject\",\"inLanguage\":\"es\",\"@id\":\"https:\/\/luchonoticias.com\/editor\/alumbrado-de-neiva-espera-atraer-mas-de-100-000-turistas\/#primaryimage\",\"url\":\"https:\/\/luchonoticias.com\/wp-content\/uploads\/2022\/12\/WhatsApp-Image-2022-12-13-at-7.07.05-PM-1024x683.jpeg\",\"contentUrl\":\"https:\/\/luchonoticias.com\/wp-content\/uploads\/2022\/12\/WhatsApp-Image-2022-12-13-at-7.07.05-PM-1024x683.jpeg\"},{\"@type\":\"BreadcrumbList\",\"@id\":\"https:\/\/luchonoticias.com\/editor\/alumbrado-de-neiva-espera-atraer-mas-de-100-000-turistas\/#breadcrumb\",\"itemListElement\":[{\"@type\":\"ListItem\",\"position\":1,\"name\":\"Portada\",\"item\":\"https:\/\/luchonoticias.com\/editor\/\"},{\"@type\":\"ListItem\",\"position\":2,\"name\":\"Alumbrado de Neiva espera atraer m\u00e1s de 100.000 turistas\"}]},{\"@type\":\"WebSite\",\"@id\":\"https:\/\/luchonoticias.com\/editor\/#website\",\"url\":\"https:\/\/luchonoticias.com\/editor\/\",\"name\":\"\",\"description\":\"\",\"publisher\":{\"@id\":\"https:\/\/luchonoticias.com\/editor\/#\/schema\/person\/7a7fd911f58561fd056dbac7b55af9cd\"},\"potentialAction\":[{\"@type\":\"SearchAction\",\"target\":{\"@type\":\"EntryPoint\",\"urlTemplate\":\"https:\/\/luchonoticias.com\/editor\/?s={search_term_string}\"},\"query-input\":{\"@type\":\"PropertyValueSpecification\",\"valueRequired\":true,\"valueName\":\"search_term_string\"}}],\"inLanguage\":\"es\"},{\"@type\":[\"Person\",\"Organization\"],\"@id\":\"https:\/\/luchonoticias.com\/editor\/#\/schema\/person\/7a7fd911f58561fd056dbac7b55af9cd\",\"name\":\"admin\",\"image\":{\"@type\":\"ImageObject\",\"inLanguage\":\"es\",\"@id\":\"https:\/\/luchonoticias.com\/editor\/#\/schema\/person\/image\/\",\"url\":\"https:\/\/luchonoticias.com\/editor\/wp-content\/uploads\/2024\/02\/cropped-cropped-logolu.webp\",\"contentUrl\":\"https:\/\/luchonoticias.com\/editor\/wp-content\/uploads\/2024\/02\/cropped-cropped-logolu.webp\",\"width\":382,\"height\":170,\"caption\":\"admin\"},\"logo\":{\"@id\":\"https:\/\/luchonoticias.com\/editor\/#\/schema\/person\/image\/\"},\"sameAs\":[\"https:\/\/www.facebook.com\/luchonoticiasneiva\"],\"url\":\"https:\/\/luchonoticias.com\/editor\/author\/admin\/\"}]}<\/script>\n<!-- \/ Yoast SEO plugin. -->","yoast_head_json":{"title":"Alumbrado de Neiva espera atraer m\u00e1s de 100.000 turistas -","robots":{"index":"index","follow":"follow","max-snippet":"max-snippet:-1","max-image-preview":"max-image-preview:large","max-video-preview":"max-video-preview:-1"},"canonical":"https:\/\/luchonoticias.com\/editor\/alumbrado-de-neiva-espera-atraer-mas-de-100-000-turistas\/","og_locale":"es_ES","og_type":"article","og_title":"Alumbrado de Neiva espera atraer m\u00e1s de 100.000 turistas -","og_url":"https:\/\/luchonoticias.com\/editor\/alumbrado-de-neiva-espera-atraer-mas-de-100-000-turistas\/","article_publisher":"https:\/\/www.facebook.com\/luchonoticiasneiva","article_author":"https:\/\/www.facebook.com\/luchonoticiasneiva","article_published_time":"2022-12-14T12:14:27+00:00","article_modified_time":"2022-12-14T12:14:29+00:00","og_image":[{"url":"https:\/\/luchonoticias.com\/wp-content\/uploads\/2022\/12\/WhatsApp-Image-2022-12-13-at-7.07.05-PM-1024x683.jpeg","type":"","width":"","height":""}],"author":"admin","twitter_card":"summary_large_image","twitter_misc":{"Escrito por":"admin","Tiempo de lectura":"1 minuto"},"schema":{"@context":"https:\/\/schema.org","@graph":[{"@type":"Article","@id":"https:\/\/luchonoticias.com\/editor\/alumbrado-de-neiva-espera-atraer-mas-de-100-000-turistas\/#article","isPartOf":{"@id":"https:\/\/luchonoticias.com\/editor\/alumbrado-de-neiva-espera-atraer-mas-de-100-000-turistas\/"},"author":{"name":"admin","@id":"https:\/\/luchonoticias.com\/editor\/#\/schema\/person\/7a7fd911f58561fd056dbac7b55af9cd"},"headline":"Alumbrado de Neiva espera atraer m\u00e1s de 100.000 turistas","datePublished":"2022-12-14T12:14:27+00:00","dateModified":"2022-12-14T12:14:29+00:00","mainEntityOfPage":{"@id":"https:\/\/luchonoticias.com\/editor\/alumbrado-de-neiva-espera-atraer-mas-de-100-000-turistas\/"},"wordCount":281,"commentCount":0,"publisher":{"@id":"https:\/\/luchonoticias.com\/editor\/#\/schema\/person\/7a7fd911f58561fd056dbac7b55af9cd"},"image":{"@id":"https:\/\/luchonoticias.com\/editor\/alumbrado-de-neiva-espera-atraer-mas-de-100-000-turistas\/#primaryimage"},"thumbnailUrl":"https:\/\/luchonoticias.com\/wp-content\/uploads\/2022\/12\/WhatsApp-Image-2022-12-13-at-7.07.05-PM-1024x683.jpeg","articleSection":["Destacado","Local"],"inLanguage":"es","potentialAction":[{"@type":"CommentAction","name":"Comment","target":["https:\/\/luchonoticias.com\/editor\/alumbrado-de-neiva-espera-atraer-mas-de-100-000-turistas\/#respond"]}]},{"@type":"WebPage","@id":"https:\/\/luchonoticias.com\/editor\/alumbrado-de-neiva-espera-atraer-mas-de-100-000-turistas\/","url":"https:\/\/luchonoticias.com\/editor\/alumbrado-de-neiva-espera-atraer-mas-de-100-000-turistas\/","name":"Alumbrado de Neiva espera atraer m\u00e1s de 100.000 turistas -","isPartOf":{"@id":"https:\/\/luchonoticias.com\/editor\/#website"},"primaryImageOfPage":{"@id":"https:\/\/luchonoticias.com\/editor\/alumbrado-de-neiva-espera-atraer-mas-de-100-000-turistas\/#primaryimage"},"image":{"@id":"https:\/\/luchonoticias.com\/editor\/alumbrado-de-neiva-espera-atraer-mas-de-100-000-turistas\/#primaryimage"},"thumbnailUrl":"https:\/\/luchonoticias.com\/wp-content\/uploads\/2022\/12\/WhatsApp-Image-2022-12-13-at-7.07.05-PM-1024x683.jpeg","datePublished":"2022-12-14T12:14:27+00:00","dateModified":"2022-12-14T12:14:29+00:00","breadcrumb":{"@id":"https:\/\/luchonoticias.com\/editor\/alumbrado-de-neiva-espera-atraer-mas-de-100-000-turistas\/#breadcrumb"},"inLanguage":"es","potentialAction":[{"@type":"ReadAction","target":["https:\/\/luchonoticias.com\/editor\/alumbrado-de-neiva-espera-atraer-mas-de-100-000-turistas\/"]}]},{"@type":"ImageObject","inLanguage":"es","@id":"https:\/\/luchonoticias.com\/editor\/alumbrado-de-neiva-espera-atraer-mas-de-100-000-turistas\/#primaryimage","url":"https:\/\/luchonoticias.com\/wp-content\/uploads\/2022\/12\/WhatsApp-Image-2022-12-13-at-7.07.05-PM-1024x683.jpeg","contentUrl":"https:\/\/luchonoticias.com\/wp-content\/uploads\/2022\/12\/WhatsApp-Image-2022-12-13-at-7.07.05-PM-1024x683.jpeg"},{"@type":"BreadcrumbList","@id":"https:\/\/luchonoticias.com\/editor\/alumbrado-de-neiva-espera-atraer-mas-de-100-000-turistas\/#breadcrumb","itemListElement":[{"@type":"ListItem","position":1,"name":"Portada","item":"https:\/\/luchonoticias.com\/editor\/"},{"@type":"ListItem","position":2,"name":"Alumbrado de Neiva espera atraer m\u00e1s de 100.000 turistas"}]},{"@type":"WebSite","@id":"https:\/\/luchonoticias.com\/editor\/#website","url":"https:\/\/luchonoticias.com\/editor\/","name":"","description":"","publisher":{"@id":"https:\/\/luchonoticias.com\/editor\/#\/schema\/person\/7a7fd911f58561fd056dbac7b55af9cd"},"potentialAction":[{"@type":"SearchAction","target":{"@type":"EntryPoint","urlTemplate":"https:\/\/luchonoticias.com\/editor\/?s={search_term_string}"},"query-input":{"@type":"PropertyValueSpecification","valueRequired":true,"valueName":"search_term_string"}}],"inLanguage":"es"},{"@type":["Person","Organization"],"@id":"https:\/\/luchonoticias.com\/editor\/#\/schema\/person\/7a7fd911f58561fd056dbac7b55af9cd","name":"admin","image":{"@type":"ImageObject","inLanguage":"es","@id":"https:\/\/luchonoticias.com\/editor\/#\/schema\/person\/image\/","url":"https:\/\/luchonoticias.com\/editor\/wp-content\/uploads\/2024\/02\/cropped-cropped-logolu.webp","contentUrl":"https:\/\/luchonoticias.com\/editor\/wp-content\/uploads\/2024\/02\/cropped-cropped-logolu.webp","width":382,"height":170,"caption":"admin"},"logo":{"@id":"https:\/\/luchonoticias.com\/editor\/#\/schema\/person\/image\/"},"sameAs":["https:\/\/www.facebook.com\/luchonoticiasneiva"],"url":"https:\/\/luchonoticias.com\/editor\/author\/admin\/"}]}},"_links":{"self":[{"href":"https:\/\/luchonoticias.com\/editor\/wp-json\/wp\/v2\/posts\/42064","targetHints":{"allow":["GET"]}}],"collection":[{"href":"https:\/\/luchonoticias.com\/editor\/wp-json\/wp\/v2\/posts"}],"about":[{"href":"https:\/\/luchonoticias.com\/editor\/wp-json\/wp\/v2\/types\/post"}],"author":[{"embeddable":true,"href":"https:\/\/luchonoticias.com\/editor\/wp-json\/wp\/v2\/users\/1"}],"replies":[{"embeddable":true,"href":"https:\/\/luchonoticias.com\/editor\/wp-json\/wp\/v2\/comments?post=42064"}],"version-history":[{"count":0,"href":"https:\/\/luchonoticias.com\/editor\/wp-json\/wp\/v2\/posts\/42064\/revisions"}],"wp:attachment":[{"href":"https:\/\/luchonoticias.com\/editor\/wp-json\/wp\/v2\/media?parent=42064"}],"wp:term":[{"taxonomy":"category","embeddable":true,"href":"https:\/\/luchonoticias.com\/editor\/wp-json\/wp\/v2\/categories?post=42064"},{"taxonomy":"post_tag","embeddable":true,"href":"https:\/\/luchonoticias.com\/editor\/wp-json\/wp\/v2\/tags?post=42064"}],"curies":[{"name":"wp","href":"https:\/\/api.w.org\/{rel}","templated":true}]}}