{"id":42074,"date":"2022-12-14T07:22:45","date_gmt":"2022-12-14T12:22:45","guid":{"rendered":"https:\/\/luchonoticias.com\/?p=42074"},"modified":"2022-12-14T08:19:57","modified_gmt":"2022-12-14T13:19:57","slug":"joven-desaparecido-en-acevedo-aparecio-muerto-en-saladoblanco-huila","status":"publish","type":"post","link":"https:\/\/luchonoticias.com\/editor\/joven-desaparecido-en-acevedo-aparecio-muerto-en-saladoblanco-huila\/","title":{"rendered":"Joven desaparecido en Acevedo, apareci\u00f3 muerto en Saladoblanco, Huila"},"content":{"rendered":"\n<p>En las ultimas horas, las autoridades del Departamento del Huila, dieron a conocer que fue encontrado el cuerpo en avanzado estado de descomposici\u00f3n del joven identificado como Eimar Nolberto Mu\u00f1oz Astudillo y quien d\u00edas pasado fue reportado como desaparecido en el municipio de Acevedo.<\/p>\n\n\n\n<p>Los restos mortales del joven, fue encontrado en la vereda Las Mercedes del municipio de Saladoblanco, el hallazgo lo hizo un habitante de este sector rural quien lo encontr\u00f3 en su finca y de inmediato inform\u00f3 a las autoridades.<br><br>Hasta el lugar llegaron unidades investigativas, quienes trasladaron sus restos hasta medicina legal en Pitalito, donde buscan establecer la causa de muerte.<\/p>\n","protected":false},"excerpt":{"rendered":"<p>En las ultimas horas, las autoridades del Departamento del Huila, dieron a conocer que fue encontrado el cuerpo en avanzado estado de descomposici\u00f3n del joven identificado como Eimar Nolberto Mu\u00f1oz Astudillo y quien d\u00edas pasado fue reportado como desaparecido en el municipio de Acevedo. Los restos mortales del joven, fue encontrado en la vereda Las [&hellip;]<\/p>\n","protected":false},"author":1,"featured_media":0,"comment_status":"open","ping_status":"open","sticky":false,"template":"","format":"standard","meta":{"footnotes":""},"categories":[36,29],"tags":[],"class_list":["post-42074","post","type-post","status-publish","format-standard","hentry","category-destacado","category-judicial"],"yoast_head":"<!-- This site is optimized with the Yoast SEO plugin v26.6 - https:\/\/yoast.com\/wordpress\/plugins\/seo\/ -->\n<title>Joven desaparecido en Acevedo, apareci\u00f3 muerto en Saladoblanco, Huila -<\/title>\n<meta name=\"robots\" content=\"index, follow, max-snippet:-1, max-image-preview:large, max-video-preview:-1\" \/>\n<link rel=\"canonical\" href=\"https:\/\/luchonoticias.com\/editor\/joven-desaparecido-en-acevedo-aparecio-muerto-en-saladoblanco-huila\/\" \/>\n<meta property=\"og:locale\" content=\"es_ES\" \/>\n<meta property=\"og:type\" content=\"article\" \/>\n<meta property=\"og:title\" content=\"Joven desaparecido en Acevedo, apareci\u00f3 muerto en Saladoblanco, Huila -\" \/>\n<meta property=\"og:url\" content=\"https:\/\/luchonoticias.com\/editor\/joven-desaparecido-en-acevedo-aparecio-muerto-en-saladoblanco-huila\/\" \/>\n<meta property=\"article:publisher\" content=\"https:\/\/www.facebook.com\/luchonoticiasneiva\" \/>\n<meta property=\"article:author\" content=\"https:\/\/www.facebook.com\/luchonoticiasneiva\" \/>\n<meta property=\"article:published_time\" content=\"2022-12-14T12:22:45+00:00\" \/>\n<meta property=\"article:modified_time\" content=\"2022-12-14T13:19:57+00:00\" \/>\n<meta name=\"author\" content=\"admin\" \/>\n<meta name=\"twitter:card\" content=\"summary_large_image\" \/>\n<meta name=\"twitter:label1\" content=\"Escrito por\" \/>\n\t<meta name=\"twitter:data1\" content=\"admin\" \/>\n\t<meta name=\"twitter:label2\" content=\"Tiempo de lectura\" \/>\n\t<meta name=\"twitter:data2\" content=\"1 minuto\" \/>\n<script type=\"application\/ld+json\" class=\"yoast-schema-graph\">{\"@context\":\"https:\/\/schema.org\",\"@graph\":[{\"@type\":\"Article\",\"@id\":\"https:\/\/luchonoticias.com\/editor\/joven-desaparecido-en-acevedo-aparecio-muerto-en-saladoblanco-huila\/#article\",\"isPartOf\":{\"@id\":\"https:\/\/luchonoticias.com\/editor\/joven-desaparecido-en-acevedo-aparecio-muerto-en-saladoblanco-huila\/\"},\"author\":{\"name\":\"admin\",\"@id\":\"https:\/\/luchonoticias.com\/editor\/#\/schema\/person\/7a7fd911f58561fd056dbac7b55af9cd\"},\"headline\":\"Joven desaparecido en Acevedo, apareci\u00f3 muerto en Saladoblanco, Huila\",\"datePublished\":\"2022-12-14T12:22:45+00:00\",\"dateModified\":\"2022-12-14T13:19:57+00:00\",\"mainEntityOfPage\":{\"@id\":\"https:\/\/luchonoticias.com\/editor\/joven-desaparecido-en-acevedo-aparecio-muerto-en-saladoblanco-huila\/\"},\"wordCount\":117,\"commentCount\":0,\"publisher\":{\"@id\":\"https:\/\/luchonoticias.com\/editor\/#\/schema\/person\/7a7fd911f58561fd056dbac7b55af9cd\"},\"articleSection\":[\"Destacado\",\"Judicial\"],\"inLanguage\":\"es\",\"potentialAction\":[{\"@type\":\"CommentAction\",\"name\":\"Comment\",\"target\":[\"https:\/\/luchonoticias.com\/editor\/joven-desaparecido-en-acevedo-aparecio-muerto-en-saladoblanco-huila\/#respond\"]}]},{\"@type\":\"WebPage\",\"@id\":\"https:\/\/luchonoticias.com\/editor\/joven-desaparecido-en-acevedo-aparecio-muerto-en-saladoblanco-huila\/\",\"url\":\"https:\/\/luchonoticias.com\/editor\/joven-desaparecido-en-acevedo-aparecio-muerto-en-saladoblanco-huila\/\",\"name\":\"Joven desaparecido en Acevedo, apareci\u00f3 muerto en Saladoblanco, Huila -\",\"isPartOf\":{\"@id\":\"https:\/\/luchonoticias.com\/editor\/#website\"},\"datePublished\":\"2022-12-14T12:22:45+00:00\",\"dateModified\":\"2022-12-14T13:19:57+00:00\",\"breadcrumb\":{\"@id\":\"https:\/\/luchonoticias.com\/editor\/joven-desaparecido-en-acevedo-aparecio-muerto-en-saladoblanco-huila\/#breadcrumb\"},\"inLanguage\":\"es\",\"potentialAction\":[{\"@type\":\"ReadAction\",\"target\":[\"https:\/\/luchonoticias.com\/editor\/joven-desaparecido-en-acevedo-aparecio-muerto-en-saladoblanco-huila\/\"]}]},{\"@type\":\"BreadcrumbList\",\"@id\":\"https:\/\/luchonoticias.com\/editor\/joven-desaparecido-en-acevedo-aparecio-muerto-en-saladoblanco-huila\/#breadcrumb\",\"itemListElement\":[{\"@type\":\"ListItem\",\"position\":1,\"name\":\"Portada\",\"item\":\"https:\/\/luchonoticias.com\/editor\/\"},{\"@type\":\"ListItem\",\"position\":2,\"name\":\"Joven desaparecido en Acevedo, apareci\u00f3 muerto en Saladoblanco, Huila\"}]},{\"@type\":\"WebSite\",\"@id\":\"https:\/\/luchonoticias.com\/editor\/#website\",\"url\":\"https:\/\/luchonoticias.com\/editor\/\",\"name\":\"\",\"description\":\"\",\"publisher\":{\"@id\":\"https:\/\/luchonoticias.com\/editor\/#\/schema\/person\/7a7fd911f58561fd056dbac7b55af9cd\"},\"potentialAction\":[{\"@type\":\"SearchAction\",\"target\":{\"@type\":\"EntryPoint\",\"urlTemplate\":\"https:\/\/luchonoticias.com\/editor\/?s={search_term_string}\"},\"query-input\":{\"@type\":\"PropertyValueSpecification\",\"valueRequired\":true,\"valueName\":\"search_term_string\"}}],\"inLanguage\":\"es\"},{\"@type\":[\"Person\",\"Organization\"],\"@id\":\"https:\/\/luchonoticias.com\/editor\/#\/schema\/person\/7a7fd911f58561fd056dbac7b55af9cd\",\"name\":\"admin\",\"image\":{\"@type\":\"ImageObject\",\"inLanguage\":\"es\",\"@id\":\"https:\/\/luchonoticias.com\/editor\/#\/schema\/person\/image\/\",\"url\":\"https:\/\/luchonoticias.com\/editor\/wp-content\/uploads\/2024\/02\/cropped-cropped-logolu.webp\",\"contentUrl\":\"https:\/\/luchonoticias.com\/editor\/wp-content\/uploads\/2024\/02\/cropped-cropped-logolu.webp\",\"width\":382,\"height\":170,\"caption\":\"admin\"},\"logo\":{\"@id\":\"https:\/\/luchonoticias.com\/editor\/#\/schema\/person\/image\/\"},\"sameAs\":[\"https:\/\/www.facebook.com\/luchonoticiasneiva\"],\"url\":\"https:\/\/luchonoticias.com\/editor\/author\/admin\/\"}]}<\/script>\n<!-- \/ Yoast SEO plugin. -->","yoast_head_json":{"title":"Joven desaparecido en Acevedo, apareci\u00f3 muerto en Saladoblanco, Huila -","robots":{"index":"index","follow":"follow","max-snippet":"max-snippet:-1","max-image-preview":"max-image-preview:large","max-video-preview":"max-video-preview:-1"},"canonical":"https:\/\/luchonoticias.com\/editor\/joven-desaparecido-en-acevedo-aparecio-muerto-en-saladoblanco-huila\/","og_locale":"es_ES","og_type":"article","og_title":"Joven desaparecido en Acevedo, apareci\u00f3 muerto en Saladoblanco, Huila -","og_url":"https:\/\/luchonoticias.com\/editor\/joven-desaparecido-en-acevedo-aparecio-muerto-en-saladoblanco-huila\/","article_publisher":"https:\/\/www.facebook.com\/luchonoticiasneiva","article_author":"https:\/\/www.facebook.com\/luchonoticiasneiva","article_published_time":"2022-12-14T12:22:45+00:00","article_modified_time":"2022-12-14T13:19:57+00:00","author":"admin","twitter_card":"summary_large_image","twitter_misc":{"Escrito por":"admin","Tiempo de lectura":"1 minuto"},"schema":{"@context":"https:\/\/schema.org","@graph":[{"@type":"Article","@id":"https:\/\/luchonoticias.com\/editor\/joven-desaparecido-en-acevedo-aparecio-muerto-en-saladoblanco-huila\/#article","isPartOf":{"@id":"https:\/\/luchonoticias.com\/editor\/joven-desaparecido-en-acevedo-aparecio-muerto-en-saladoblanco-huila\/"},"author":{"name":"admin","@id":"https:\/\/luchonoticias.com\/editor\/#\/schema\/person\/7a7fd911f58561fd056dbac7b55af9cd"},"headline":"Joven desaparecido en Acevedo, apareci\u00f3 muerto en Saladoblanco, Huila","datePublished":"2022-12-14T12:22:45+00:00","dateModified":"2022-12-14T13:19:57+00:00","mainEntityOfPage":{"@id":"https:\/\/luchonoticias.com\/editor\/joven-desaparecido-en-acevedo-aparecio-muerto-en-saladoblanco-huila\/"},"wordCount":117,"commentCount":0,"publisher":{"@id":"https:\/\/luchonoticias.com\/editor\/#\/schema\/person\/7a7fd911f58561fd056dbac7b55af9cd"},"articleSection":["Destacado","Judicial"],"inLanguage":"es","potentialAction":[{"@type":"CommentAction","name":"Comment","target":["https:\/\/luchonoticias.com\/editor\/joven-desaparecido-en-acevedo-aparecio-muerto-en-saladoblanco-huila\/#respond"]}]},{"@type":"WebPage","@id":"https:\/\/luchonoticias.com\/editor\/joven-desaparecido-en-acevedo-aparecio-muerto-en-saladoblanco-huila\/","url":"https:\/\/luchonoticias.com\/editor\/joven-desaparecido-en-acevedo-aparecio-muerto-en-saladoblanco-huila\/","name":"Joven desaparecido en Acevedo, apareci\u00f3 muerto en Saladoblanco, Huila -","isPartOf":{"@id":"https:\/\/luchonoticias.com\/editor\/#website"},"datePublished":"2022-12-14T12:22:45+00:00","dateModified":"2022-12-14T13:19:57+00:00","breadcrumb":{"@id":"https:\/\/luchonoticias.com\/editor\/joven-desaparecido-en-acevedo-aparecio-muerto-en-saladoblanco-huila\/#breadcrumb"},"inLanguage":"es","potentialAction":[{"@type":"ReadAction","target":["https:\/\/luchonoticias.com\/editor\/joven-desaparecido-en-acevedo-aparecio-muerto-en-saladoblanco-huila\/"]}]},{"@type":"BreadcrumbList","@id":"https:\/\/luchonoticias.com\/editor\/joven-desaparecido-en-acevedo-aparecio-muerto-en-saladoblanco-huila\/#breadcrumb","itemListElement":[{"@type":"ListItem","position":1,"name":"Portada","item":"https:\/\/luchonoticias.com\/editor\/"},{"@type":"ListItem","position":2,"name":"Joven desaparecido en Acevedo, apareci\u00f3 muerto en Saladoblanco, Huila"}]},{"@type":"WebSite","@id":"https:\/\/luchonoticias.com\/editor\/#website","url":"https:\/\/luchonoticias.com\/editor\/","name":"","description":"","publisher":{"@id":"https:\/\/luchonoticias.com\/editor\/#\/schema\/person\/7a7fd911f58561fd056dbac7b55af9cd"},"potentialAction":[{"@type":"SearchAction","target":{"@type":"EntryPoint","urlTemplate":"https:\/\/luchonoticias.com\/editor\/?s={search_term_string}"},"query-input":{"@type":"PropertyValueSpecification","valueRequired":true,"valueName":"search_term_string"}}],"inLanguage":"es"},{"@type":["Person","Organization"],"@id":"https:\/\/luchonoticias.com\/editor\/#\/schema\/person\/7a7fd911f58561fd056dbac7b55af9cd","name":"admin","image":{"@type":"ImageObject","inLanguage":"es","@id":"https:\/\/luchonoticias.com\/editor\/#\/schema\/person\/image\/","url":"https:\/\/luchonoticias.com\/editor\/wp-content\/uploads\/2024\/02\/cropped-cropped-logolu.webp","contentUrl":"https:\/\/luchonoticias.com\/editor\/wp-content\/uploads\/2024\/02\/cropped-cropped-logolu.webp","width":382,"height":170,"caption":"admin"},"logo":{"@id":"https:\/\/luchonoticias.com\/editor\/#\/schema\/person\/image\/"},"sameAs":["https:\/\/www.facebook.com\/luchonoticiasneiva"],"url":"https:\/\/luchonoticias.com\/editor\/author\/admin\/"}]}},"_links":{"self":[{"href":"https:\/\/luchonoticias.com\/editor\/wp-json\/wp\/v2\/posts\/42074","targetHints":{"allow":["GET"]}}],"collection":[{"href":"https:\/\/luchonoticias.com\/editor\/wp-json\/wp\/v2\/posts"}],"about":[{"href":"https:\/\/luchonoticias.com\/editor\/wp-json\/wp\/v2\/types\/post"}],"author":[{"embeddable":true,"href":"https:\/\/luchonoticias.com\/editor\/wp-json\/wp\/v2\/users\/1"}],"replies":[{"embeddable":true,"href":"https:\/\/luchonoticias.com\/editor\/wp-json\/wp\/v2\/comments?post=42074"}],"version-history":[{"count":0,"href":"https:\/\/luchonoticias.com\/editor\/wp-json\/wp\/v2\/posts\/42074\/revisions"}],"wp:attachment":[{"href":"https:\/\/luchonoticias.com\/editor\/wp-json\/wp\/v2\/media?parent=42074"}],"wp:term":[{"taxonomy":"category","embeddable":true,"href":"https:\/\/luchonoticias.com\/editor\/wp-json\/wp\/v2\/categories?post=42074"},{"taxonomy":"post_tag","embeddable":true,"href":"https:\/\/luchonoticias.com\/editor\/wp-json\/wp\/v2\/tags?post=42074"}],"curies":[{"name":"wp","href":"https:\/\/api.w.org\/{rel}","templated":true}]}}