{"id":42527,"date":"2022-12-20T06:37:04","date_gmt":"2022-12-20T11:37:04","guid":{"rendered":"https:\/\/luchonoticias.com\/?p=42527"},"modified":"2022-12-20T06:37:05","modified_gmt":"2022-12-20T11:37:05","slug":"aprobada-la-politica-publica-de-bienestar-y-proteccion-animal-en-la-capital-huilense","status":"publish","type":"post","link":"https:\/\/luchonoticias.com\/editor\/aprobada-la-politica-publica-de-bienestar-y-proteccion-animal-en-la-capital-huilense\/","title":{"rendered":"Aprobada la pol\u00edtica p\u00fablica de bienestar y protecci\u00f3n animal en la capital huilense"},"content":{"rendered":"\n<p>Por unanimidad fueron aprobados cada uno de los 29 art\u00edculos que constituyen la Pol\u00edtica P\u00fablica de Bienestar y Protecci\u00f3n Animal, seg\u00fan lo manifest\u00f3 el secretario de Medio Ambiente, Hernando Duarte. \u201cLa Administraci\u00f3n Municipal garantiza el derecho y el bienestar de los animales dentro del territorio, ya est\u00e1 la ruta que dar\u00e1 respaldo a la sensibilidad humana ante el maltrato animal. Este es un logro de los animales\u201d.<\/p>\n\n\n\n<p>La plenaria, que tuvo una duraci\u00f3n de casi cuatro horas, cont\u00f3 con la presencia de fundaciones defensoras de animales y animalistas que han trabajado arduamente en la formulaci\u00f3n de dicha Pol\u00edtica.<\/p>\n\n\n\n<figure class=\"wp-block-gallery has-nested-images columns-default is-cropped wp-block-gallery-1 is-layout-flex wp-block-gallery-is-layout-flex\">\n<figure class=\"wp-block-image size-large\"><img decoding=\"async\" data-id=\"42530\" src=\"https:\/\/luchonoticias.com\/wp-content\/uploads\/2022\/12\/WhatsApp-Image-2022-12-19-at-5.45.47-PM-1-1024x683.jpeg\" alt=\"\" class=\"wp-image-42530\"\/><\/figure>\n\n\n\n<figure class=\"wp-block-image size-large\"><img decoding=\"async\" data-id=\"42529\" src=\"https:\/\/luchonoticias.com\/wp-content\/uploads\/2022\/12\/WhatsApp-Image-2022-12-19-at-5.45.44-PM-1-1024x683.jpeg\" alt=\"\" class=\"wp-image-42529\"\/><\/figure>\n<\/figure>\n\n\n\n<p><strong>Un llamado al amor por los animales<\/strong><\/p>\n\n\n\n<p>Lilia Vargas, animalista, hizo un llamado a la ciudadan\u00eda ya que \u201clos animales son responsabilidad de los humanos, tenemos que velar por la protecci\u00f3n de ellos, no es la Alcald\u00eda, ni la Polic\u00eda, es la sociedad misma\u201d.<\/p>\n\n\n\n<p>Con 29 art\u00edculos que priorizan la ruta de atenci\u00f3n a animales en desamparo, el trabajo educativo para creaci\u00f3n de cultura y sensibilidad humana a favor de los animales de compa\u00f1\u00eda como caninos , felinos y equinos, la Pol\u00edtica P\u00fablica de Bienestar y Protecci\u00f3n Animal tendr\u00e1 10 a\u00f1os para ser implementada y requerir\u00e1 de la participaci\u00f3n ciudadana para su ejecuci\u00f3n.<\/p>\n\n\n\n<p>Siendo esta Pol\u00edtica una alerta a la humanidad para constatar que fue necesaria la ley para abolir la insensibilidad humana ante el maltrato de los animales. La Administraci\u00f3n Municipal espera sea un compromiso social que implique la participaci\u00f3n ciudadana a favor del respeto y la bondad hacia los indefensos.<\/p>\n\n\n\n<figure class=\"wp-block-gallery has-nested-images columns-default is-cropped wp-block-gallery-2 is-layout-flex wp-block-gallery-is-layout-flex\">\n<figure class=\"wp-block-image size-large\"><img decoding=\"async\" data-id=\"42531\" src=\"https:\/\/luchonoticias.com\/wp-content\/uploads\/2022\/12\/WhatsApp-Image-2022-12-19-at-5.45.47-PM-1024x683.jpeg\" alt=\"\" class=\"wp-image-42531\"\/><\/figure>\n\n\n\n<figure class=\"wp-block-image size-large\"><img decoding=\"async\" data-id=\"42533\" src=\"https:\/\/luchonoticias.com\/wp-content\/uploads\/2022\/12\/WhatsApp-Image-2022-12-19-at-5.45.46-PM-1024x683.jpeg\" alt=\"\" class=\"wp-image-42533\"\/><\/figure>\n\n\n\n<figure class=\"wp-block-image size-large\"><img decoding=\"async\" data-id=\"42532\" src=\"https:\/\/luchonoticias.com\/wp-content\/uploads\/2022\/12\/WhatsApp-Image-2022-12-19-at-5.45.45-PM-1-1024x683.jpeg\" alt=\"\" class=\"wp-image-42532\"\/><\/figure>\n<\/figure>\n\n\n\n<p><strong>\u00bfQu\u00e9 sigue?<\/strong><\/p>\n\n\n\n<p>La concejala Margot Useche, ponente de la propuesta dijo que \u201ccontinuar\u00e1n las mesas de trabajo con las organizaciones animalistas y l\u00edderes del gremio que dar\u00e1n luz al plan de desarrollo que requiere la Pol\u00edtica P\u00fablica que ya es un acuerdo\u201d.<\/p>\n","protected":false},"excerpt":{"rendered":"<p>Por unanimidad fueron aprobados cada uno de los 29 art\u00edculos que constituyen la Pol\u00edtica P\u00fablica de Bienestar y Protecci\u00f3n Animal, seg\u00fan lo manifest\u00f3 el secretario de Medio Ambiente, Hernando Duarte. \u201cLa Administraci\u00f3n Municipal garantiza el derecho y el bienestar de los animales dentro del territorio, ya est\u00e1 la ruta que dar\u00e1 respaldo a la sensibilidad [&hellip;]<\/p>\n","protected":false},"author":1,"featured_media":0,"comment_status":"open","ping_status":"open","sticky":false,"template":"","format":"standard","meta":{"footnotes":""},"categories":[36,31],"tags":[],"class_list":["post-42527","post","type-post","status-publish","format-standard","hentry","category-destacado","category-local"],"yoast_head":"<!-- This site is optimized with the Yoast SEO plugin v26.6 - https:\/\/yoast.com\/wordpress\/plugins\/seo\/ -->\n<title>Aprobada la pol\u00edtica p\u00fablica de bienestar y protecci\u00f3n animal en la capital huilense -<\/title>\n<meta name=\"robots\" content=\"index, follow, max-snippet:-1, max-image-preview:large, max-video-preview:-1\" \/>\n<link rel=\"canonical\" href=\"https:\/\/luchonoticias.com\/editor\/aprobada-la-politica-publica-de-bienestar-y-proteccion-animal-en-la-capital-huilense\/\" \/>\n<meta property=\"og:locale\" content=\"es_ES\" \/>\n<meta property=\"og:type\" content=\"article\" \/>\n<meta property=\"og:title\" content=\"Aprobada la pol\u00edtica p\u00fablica de bienestar y protecci\u00f3n animal en la capital huilense -\" \/>\n<meta property=\"og:url\" content=\"https:\/\/luchonoticias.com\/editor\/aprobada-la-politica-publica-de-bienestar-y-proteccion-animal-en-la-capital-huilense\/\" \/>\n<meta property=\"article:publisher\" content=\"https:\/\/www.facebook.com\/luchonoticiasneiva\" \/>\n<meta property=\"article:author\" content=\"https:\/\/www.facebook.com\/luchonoticiasneiva\" \/>\n<meta property=\"article:published_time\" content=\"2022-12-20T11:37:04+00:00\" \/>\n<meta property=\"article:modified_time\" content=\"2022-12-20T11:37:05+00:00\" \/>\n<meta property=\"og:image\" content=\"https:\/\/luchonoticias.com\/wp-content\/uploads\/2022\/12\/WhatsApp-Image-2022-12-19-at-5.45.47-PM-1-1024x683.jpeg\" \/>\n<meta name=\"author\" content=\"admin\" \/>\n<meta name=\"twitter:card\" content=\"summary_large_image\" \/>\n<meta name=\"twitter:label1\" content=\"Escrito por\" \/>\n\t<meta name=\"twitter:data1\" content=\"admin\" \/>\n\t<meta name=\"twitter:label2\" content=\"Tiempo de lectura\" \/>\n\t<meta name=\"twitter:data2\" content=\"2 minutos\" \/>\n<script type=\"application\/ld+json\" class=\"yoast-schema-graph\">{\"@context\":\"https:\/\/schema.org\",\"@graph\":[{\"@type\":\"Article\",\"@id\":\"https:\/\/luchonoticias.com\/editor\/aprobada-la-politica-publica-de-bienestar-y-proteccion-animal-en-la-capital-huilense\/#article\",\"isPartOf\":{\"@id\":\"https:\/\/luchonoticias.com\/editor\/aprobada-la-politica-publica-de-bienestar-y-proteccion-animal-en-la-capital-huilense\/\"},\"author\":{\"name\":\"admin\",\"@id\":\"https:\/\/luchonoticias.com\/editor\/#\/schema\/person\/7a7fd911f58561fd056dbac7b55af9cd\"},\"headline\":\"Aprobada la pol\u00edtica p\u00fablica de bienestar y protecci\u00f3n animal en la capital huilense\",\"datePublished\":\"2022-12-20T11:37:04+00:00\",\"dateModified\":\"2022-12-20T11:37:05+00:00\",\"mainEntityOfPage\":{\"@id\":\"https:\/\/luchonoticias.com\/editor\/aprobada-la-politica-publica-de-bienestar-y-proteccion-animal-en-la-capital-huilense\/\"},\"wordCount\":335,\"commentCount\":0,\"publisher\":{\"@id\":\"https:\/\/luchonoticias.com\/editor\/#\/schema\/person\/7a7fd911f58561fd056dbac7b55af9cd\"},\"image\":{\"@id\":\"https:\/\/luchonoticias.com\/editor\/aprobada-la-politica-publica-de-bienestar-y-proteccion-animal-en-la-capital-huilense\/#primaryimage\"},\"thumbnailUrl\":\"https:\/\/luchonoticias.com\/wp-content\/uploads\/2022\/12\/WhatsApp-Image-2022-12-19-at-5.45.47-PM-1-1024x683.jpeg\",\"articleSection\":[\"Destacado\",\"Local\"],\"inLanguage\":\"es\",\"potentialAction\":[{\"@type\":\"CommentAction\",\"name\":\"Comment\",\"target\":[\"https:\/\/luchonoticias.com\/editor\/aprobada-la-politica-publica-de-bienestar-y-proteccion-animal-en-la-capital-huilense\/#respond\"]}]},{\"@type\":\"WebPage\",\"@id\":\"https:\/\/luchonoticias.com\/editor\/aprobada-la-politica-publica-de-bienestar-y-proteccion-animal-en-la-capital-huilense\/\",\"url\":\"https:\/\/luchonoticias.com\/editor\/aprobada-la-politica-publica-de-bienestar-y-proteccion-animal-en-la-capital-huilense\/\",\"name\":\"Aprobada la pol\u00edtica p\u00fablica de bienestar y protecci\u00f3n animal en la capital huilense -\",\"isPartOf\":{\"@id\":\"https:\/\/luchonoticias.com\/editor\/#website\"},\"primaryImageOfPage\":{\"@id\":\"https:\/\/luchonoticias.com\/editor\/aprobada-la-politica-publica-de-bienestar-y-proteccion-animal-en-la-capital-huilense\/#primaryimage\"},\"image\":{\"@id\":\"https:\/\/luchonoticias.com\/editor\/aprobada-la-politica-publica-de-bienestar-y-proteccion-animal-en-la-capital-huilense\/#primaryimage\"},\"thumbnailUrl\":\"https:\/\/luchonoticias.com\/wp-content\/uploads\/2022\/12\/WhatsApp-Image-2022-12-19-at-5.45.47-PM-1-1024x683.jpeg\",\"datePublished\":\"2022-12-20T11:37:04+00:00\",\"dateModified\":\"2022-12-20T11:37:05+00:00\",\"breadcrumb\":{\"@id\":\"https:\/\/luchonoticias.com\/editor\/aprobada-la-politica-publica-de-bienestar-y-proteccion-animal-en-la-capital-huilense\/#breadcrumb\"},\"inLanguage\":\"es\",\"potentialAction\":[{\"@type\":\"ReadAction\",\"target\":[\"https:\/\/luchonoticias.com\/editor\/aprobada-la-politica-publica-de-bienestar-y-proteccion-animal-en-la-capital-huilense\/\"]}]},{\"@type\":\"ImageObject\",\"inLanguage\":\"es\",\"@id\":\"https:\/\/luchonoticias.com\/editor\/aprobada-la-politica-publica-de-bienestar-y-proteccion-animal-en-la-capital-huilense\/#primaryimage\",\"url\":\"https:\/\/luchonoticias.com\/wp-content\/uploads\/2022\/12\/WhatsApp-Image-2022-12-19-at-5.45.47-PM-1-1024x683.jpeg\",\"contentUrl\":\"https:\/\/luchonoticias.com\/wp-content\/uploads\/2022\/12\/WhatsApp-Image-2022-12-19-at-5.45.47-PM-1-1024x683.jpeg\"},{\"@type\":\"BreadcrumbList\",\"@id\":\"https:\/\/luchonoticias.com\/editor\/aprobada-la-politica-publica-de-bienestar-y-proteccion-animal-en-la-capital-huilense\/#breadcrumb\",\"itemListElement\":[{\"@type\":\"ListItem\",\"position\":1,\"name\":\"Portada\",\"item\":\"https:\/\/luchonoticias.com\/editor\/\"},{\"@type\":\"ListItem\",\"position\":2,\"name\":\"Aprobada la pol\u00edtica p\u00fablica de bienestar y protecci\u00f3n animal en la capital huilense\"}]},{\"@type\":\"WebSite\",\"@id\":\"https:\/\/luchonoticias.com\/editor\/#website\",\"url\":\"https:\/\/luchonoticias.com\/editor\/\",\"name\":\"\",\"description\":\"\",\"publisher\":{\"@id\":\"https:\/\/luchonoticias.com\/editor\/#\/schema\/person\/7a7fd911f58561fd056dbac7b55af9cd\"},\"potentialAction\":[{\"@type\":\"SearchAction\",\"target\":{\"@type\":\"EntryPoint\",\"urlTemplate\":\"https:\/\/luchonoticias.com\/editor\/?s={search_term_string}\"},\"query-input\":{\"@type\":\"PropertyValueSpecification\",\"valueRequired\":true,\"valueName\":\"search_term_string\"}}],\"inLanguage\":\"es\"},{\"@type\":[\"Person\",\"Organization\"],\"@id\":\"https:\/\/luchonoticias.com\/editor\/#\/schema\/person\/7a7fd911f58561fd056dbac7b55af9cd\",\"name\":\"admin\",\"image\":{\"@type\":\"ImageObject\",\"inLanguage\":\"es\",\"@id\":\"https:\/\/luchonoticias.com\/editor\/#\/schema\/person\/image\/\",\"url\":\"https:\/\/luchonoticias.com\/editor\/wp-content\/uploads\/2024\/02\/cropped-cropped-logolu.webp\",\"contentUrl\":\"https:\/\/luchonoticias.com\/editor\/wp-content\/uploads\/2024\/02\/cropped-cropped-logolu.webp\",\"width\":382,\"height\":170,\"caption\":\"admin\"},\"logo\":{\"@id\":\"https:\/\/luchonoticias.com\/editor\/#\/schema\/person\/image\/\"},\"sameAs\":[\"https:\/\/www.facebook.com\/luchonoticiasneiva\"],\"url\":\"https:\/\/luchonoticias.com\/editor\/author\/admin\/\"}]}<\/script>\n<!-- \/ Yoast SEO plugin. -->","yoast_head_json":{"title":"Aprobada la pol\u00edtica p\u00fablica de bienestar y protecci\u00f3n animal en la capital huilense -","robots":{"index":"index","follow":"follow","max-snippet":"max-snippet:-1","max-image-preview":"max-image-preview:large","max-video-preview":"max-video-preview:-1"},"canonical":"https:\/\/luchonoticias.com\/editor\/aprobada-la-politica-publica-de-bienestar-y-proteccion-animal-en-la-capital-huilense\/","og_locale":"es_ES","og_type":"article","og_title":"Aprobada la pol\u00edtica p\u00fablica de bienestar y protecci\u00f3n animal en la capital huilense -","og_url":"https:\/\/luchonoticias.com\/editor\/aprobada-la-politica-publica-de-bienestar-y-proteccion-animal-en-la-capital-huilense\/","article_publisher":"https:\/\/www.facebook.com\/luchonoticiasneiva","article_author":"https:\/\/www.facebook.com\/luchonoticiasneiva","article_published_time":"2022-12-20T11:37:04+00:00","article_modified_time":"2022-12-20T11:37:05+00:00","og_image":[{"url":"https:\/\/luchonoticias.com\/wp-content\/uploads\/2022\/12\/WhatsApp-Image-2022-12-19-at-5.45.47-PM-1-1024x683.jpeg","type":"","width":"","height":""}],"author":"admin","twitter_card":"summary_large_image","twitter_misc":{"Escrito por":"admin","Tiempo de lectura":"2 minutos"},"schema":{"@context":"https:\/\/schema.org","@graph":[{"@type":"Article","@id":"https:\/\/luchonoticias.com\/editor\/aprobada-la-politica-publica-de-bienestar-y-proteccion-animal-en-la-capital-huilense\/#article","isPartOf":{"@id":"https:\/\/luchonoticias.com\/editor\/aprobada-la-politica-publica-de-bienestar-y-proteccion-animal-en-la-capital-huilense\/"},"author":{"name":"admin","@id":"https:\/\/luchonoticias.com\/editor\/#\/schema\/person\/7a7fd911f58561fd056dbac7b55af9cd"},"headline":"Aprobada la pol\u00edtica p\u00fablica de bienestar y protecci\u00f3n animal en la capital huilense","datePublished":"2022-12-20T11:37:04+00:00","dateModified":"2022-12-20T11:37:05+00:00","mainEntityOfPage":{"@id":"https:\/\/luchonoticias.com\/editor\/aprobada-la-politica-publica-de-bienestar-y-proteccion-animal-en-la-capital-huilense\/"},"wordCount":335,"commentCount":0,"publisher":{"@id":"https:\/\/luchonoticias.com\/editor\/#\/schema\/person\/7a7fd911f58561fd056dbac7b55af9cd"},"image":{"@id":"https:\/\/luchonoticias.com\/editor\/aprobada-la-politica-publica-de-bienestar-y-proteccion-animal-en-la-capital-huilense\/#primaryimage"},"thumbnailUrl":"https:\/\/luchonoticias.com\/wp-content\/uploads\/2022\/12\/WhatsApp-Image-2022-12-19-at-5.45.47-PM-1-1024x683.jpeg","articleSection":["Destacado","Local"],"inLanguage":"es","potentialAction":[{"@type":"CommentAction","name":"Comment","target":["https:\/\/luchonoticias.com\/editor\/aprobada-la-politica-publica-de-bienestar-y-proteccion-animal-en-la-capital-huilense\/#respond"]}]},{"@type":"WebPage","@id":"https:\/\/luchonoticias.com\/editor\/aprobada-la-politica-publica-de-bienestar-y-proteccion-animal-en-la-capital-huilense\/","url":"https:\/\/luchonoticias.com\/editor\/aprobada-la-politica-publica-de-bienestar-y-proteccion-animal-en-la-capital-huilense\/","name":"Aprobada la pol\u00edtica p\u00fablica de bienestar y protecci\u00f3n animal en la capital huilense -","isPartOf":{"@id":"https:\/\/luchonoticias.com\/editor\/#website"},"primaryImageOfPage":{"@id":"https:\/\/luchonoticias.com\/editor\/aprobada-la-politica-publica-de-bienestar-y-proteccion-animal-en-la-capital-huilense\/#primaryimage"},"image":{"@id":"https:\/\/luchonoticias.com\/editor\/aprobada-la-politica-publica-de-bienestar-y-proteccion-animal-en-la-capital-huilense\/#primaryimage"},"thumbnailUrl":"https:\/\/luchonoticias.com\/wp-content\/uploads\/2022\/12\/WhatsApp-Image-2022-12-19-at-5.45.47-PM-1-1024x683.jpeg","datePublished":"2022-12-20T11:37:04+00:00","dateModified":"2022-12-20T11:37:05+00:00","breadcrumb":{"@id":"https:\/\/luchonoticias.com\/editor\/aprobada-la-politica-publica-de-bienestar-y-proteccion-animal-en-la-capital-huilense\/#breadcrumb"},"inLanguage":"es","potentialAction":[{"@type":"ReadAction","target":["https:\/\/luchonoticias.com\/editor\/aprobada-la-politica-publica-de-bienestar-y-proteccion-animal-en-la-capital-huilense\/"]}]},{"@type":"ImageObject","inLanguage":"es","@id":"https:\/\/luchonoticias.com\/editor\/aprobada-la-politica-publica-de-bienestar-y-proteccion-animal-en-la-capital-huilense\/#primaryimage","url":"https:\/\/luchonoticias.com\/wp-content\/uploads\/2022\/12\/WhatsApp-Image-2022-12-19-at-5.45.47-PM-1-1024x683.jpeg","contentUrl":"https:\/\/luchonoticias.com\/wp-content\/uploads\/2022\/12\/WhatsApp-Image-2022-12-19-at-5.45.47-PM-1-1024x683.jpeg"},{"@type":"BreadcrumbList","@id":"https:\/\/luchonoticias.com\/editor\/aprobada-la-politica-publica-de-bienestar-y-proteccion-animal-en-la-capital-huilense\/#breadcrumb","itemListElement":[{"@type":"ListItem","position":1,"name":"Portada","item":"https:\/\/luchonoticias.com\/editor\/"},{"@type":"ListItem","position":2,"name":"Aprobada la pol\u00edtica p\u00fablica de bienestar y protecci\u00f3n animal en la capital huilense"}]},{"@type":"WebSite","@id":"https:\/\/luchonoticias.com\/editor\/#website","url":"https:\/\/luchonoticias.com\/editor\/","name":"","description":"","publisher":{"@id":"https:\/\/luchonoticias.com\/editor\/#\/schema\/person\/7a7fd911f58561fd056dbac7b55af9cd"},"potentialAction":[{"@type":"SearchAction","target":{"@type":"EntryPoint","urlTemplate":"https:\/\/luchonoticias.com\/editor\/?s={search_term_string}"},"query-input":{"@type":"PropertyValueSpecification","valueRequired":true,"valueName":"search_term_string"}}],"inLanguage":"es"},{"@type":["Person","Organization"],"@id":"https:\/\/luchonoticias.com\/editor\/#\/schema\/person\/7a7fd911f58561fd056dbac7b55af9cd","name":"admin","image":{"@type":"ImageObject","inLanguage":"es","@id":"https:\/\/luchonoticias.com\/editor\/#\/schema\/person\/image\/","url":"https:\/\/luchonoticias.com\/editor\/wp-content\/uploads\/2024\/02\/cropped-cropped-logolu.webp","contentUrl":"https:\/\/luchonoticias.com\/editor\/wp-content\/uploads\/2024\/02\/cropped-cropped-logolu.webp","width":382,"height":170,"caption":"admin"},"logo":{"@id":"https:\/\/luchonoticias.com\/editor\/#\/schema\/person\/image\/"},"sameAs":["https:\/\/www.facebook.com\/luchonoticiasneiva"],"url":"https:\/\/luchonoticias.com\/editor\/author\/admin\/"}]}},"_links":{"self":[{"href":"https:\/\/luchonoticias.com\/editor\/wp-json\/wp\/v2\/posts\/42527","targetHints":{"allow":["GET"]}}],"collection":[{"href":"https:\/\/luchonoticias.com\/editor\/wp-json\/wp\/v2\/posts"}],"about":[{"href":"https:\/\/luchonoticias.com\/editor\/wp-json\/wp\/v2\/types\/post"}],"author":[{"embeddable":true,"href":"https:\/\/luchonoticias.com\/editor\/wp-json\/wp\/v2\/users\/1"}],"replies":[{"embeddable":true,"href":"https:\/\/luchonoticias.com\/editor\/wp-json\/wp\/v2\/comments?post=42527"}],"version-history":[{"count":0,"href":"https:\/\/luchonoticias.com\/editor\/wp-json\/wp\/v2\/posts\/42527\/revisions"}],"wp:attachment":[{"href":"https:\/\/luchonoticias.com\/editor\/wp-json\/wp\/v2\/media?parent=42527"}],"wp:term":[{"taxonomy":"category","embeddable":true,"href":"https:\/\/luchonoticias.com\/editor\/wp-json\/wp\/v2\/categories?post=42527"},{"taxonomy":"post_tag","embeddable":true,"href":"https:\/\/luchonoticias.com\/editor\/wp-json\/wp\/v2\/tags?post=42527"}],"curies":[{"name":"wp","href":"https:\/\/api.w.org\/{rel}","templated":true}]}}