{"id":42676,"date":"2022-12-21T06:32:22","date_gmt":"2022-12-21T11:32:22","guid":{"rendered":"https:\/\/luchonoticias.com\/?p=42676"},"modified":"2022-12-21T06:32:23","modified_gmt":"2022-12-21T11:32:23","slug":"autoridades-no-pueden-desalojar-forzosamente-a-indigenas-desplazados-corte-constitucional","status":"publish","type":"post","link":"https:\/\/luchonoticias.com\/editor\/autoridades-no-pueden-desalojar-forzosamente-a-indigenas-desplazados-corte-constitucional\/","title":{"rendered":"Autoridades no pueden desalojar forzosamente a ind\u00edgenas desplazados: Corte Constitucional"},"content":{"rendered":"\n<p>La&nbsp;Corte Constitucional&nbsp;emiti\u00f3 un fallo en el que determin\u00f3 que las autoridades no pueden desalojar de manera forzada a integrantes de comunidades ind\u00edgenas que sean v\u00edctimas de desplazamiento forzado.<\/p>\n\n\n\n<p>El alto tribunal manifest\u00f3 que los desalojos de predios privados que se hagan sin otorgarles las medidas de protecci\u00f3n por su condici\u00f3n de vulnerabilidad, \u201cconstituyen a desalojos forzados prohibidos por la Constituci\u00f3n\u201d.<\/p>\n\n\n\n<p>De acuerdo con el fallo de la sentencia de 2021 se\u00f1alan que los ind\u00edgenas no pueden quedarse sin hogar al ser v\u00edctimas de desplazamiento forzado.<\/p>\n\n\n\n<p>Asimismo, Corte Constitucional expres\u00f3 en el fallo que antes de realizar cualquier traslado, la Polic\u00eda Nacional debe notificarlos y las entidades administrativas correspondientes tienen que ejecutar un proceso de identificaci\u00f3n y caracterizaci\u00f3n.<\/p>\n\n\n\n<p>Finalmente, entre lo conocido por el fallo de la Corte, indic\u00f3 que los ocupantes son sujetos de especial protecci\u00f3n constitucional: cabezas de hogar, mujeres gestantes, en situaci\u00f3n de discapacidad y debido a las necesidades apremiantes que tiene esta poblaci\u00f3n, la entidad indic\u00f3 que un albergue temporal es uno de sus derechos.<\/p>\n","protected":false},"excerpt":{"rendered":"<p>La&nbsp;Corte Constitucional&nbsp;emiti\u00f3 un fallo en el que determin\u00f3 que las autoridades no pueden desalojar de manera forzada a integrantes de comunidades ind\u00edgenas que sean v\u00edctimas de desplazamiento forzado. El alto tribunal manifest\u00f3 que los desalojos de predios privados que se hagan sin otorgarles las medidas de protecci\u00f3n por su condici\u00f3n de vulnerabilidad, \u201cconstituyen a desalojos [&hellip;]<\/p>\n","protected":false},"author":1,"featured_media":0,"comment_status":"open","ping_status":"open","sticky":false,"template":"","format":"standard","meta":{"footnotes":""},"categories":[36,32],"tags":[],"class_list":["post-42676","post","type-post","status-publish","format-standard","hentry","category-destacado","category-nacional"],"yoast_head":"<!-- This site is optimized with the Yoast SEO plugin v26.6 - https:\/\/yoast.com\/wordpress\/plugins\/seo\/ -->\n<title>Autoridades no pueden desalojar forzosamente a ind\u00edgenas desplazados: Corte Constitucional -<\/title>\n<meta name=\"robots\" content=\"index, follow, max-snippet:-1, max-image-preview:large, max-video-preview:-1\" \/>\n<link rel=\"canonical\" href=\"https:\/\/luchonoticias.com\/editor\/autoridades-no-pueden-desalojar-forzosamente-a-indigenas-desplazados-corte-constitucional\/\" \/>\n<meta property=\"og:locale\" content=\"es_ES\" \/>\n<meta property=\"og:type\" content=\"article\" \/>\n<meta property=\"og:title\" content=\"Autoridades no pueden desalojar forzosamente a ind\u00edgenas desplazados: Corte Constitucional -\" \/>\n<meta property=\"og:url\" content=\"https:\/\/luchonoticias.com\/editor\/autoridades-no-pueden-desalojar-forzosamente-a-indigenas-desplazados-corte-constitucional\/\" \/>\n<meta property=\"article:publisher\" content=\"https:\/\/www.facebook.com\/luchonoticiasneiva\" \/>\n<meta property=\"article:author\" content=\"https:\/\/www.facebook.com\/luchonoticiasneiva\" \/>\n<meta property=\"article:published_time\" content=\"2022-12-21T11:32:22+00:00\" \/>\n<meta property=\"article:modified_time\" content=\"2022-12-21T11:32:23+00:00\" \/>\n<meta name=\"author\" content=\"admin\" \/>\n<meta name=\"twitter:card\" content=\"summary_large_image\" \/>\n<meta name=\"twitter:label1\" content=\"Escrito por\" \/>\n\t<meta name=\"twitter:data1\" content=\"admin\" \/>\n\t<meta name=\"twitter:label2\" content=\"Tiempo de lectura\" \/>\n\t<meta name=\"twitter:data2\" content=\"1 minuto\" \/>\n<script type=\"application\/ld+json\" class=\"yoast-schema-graph\">{\"@context\":\"https:\/\/schema.org\",\"@graph\":[{\"@type\":\"Article\",\"@id\":\"https:\/\/luchonoticias.com\/editor\/autoridades-no-pueden-desalojar-forzosamente-a-indigenas-desplazados-corte-constitucional\/#article\",\"isPartOf\":{\"@id\":\"https:\/\/luchonoticias.com\/editor\/autoridades-no-pueden-desalojar-forzosamente-a-indigenas-desplazados-corte-constitucional\/\"},\"author\":{\"name\":\"admin\",\"@id\":\"https:\/\/luchonoticias.com\/editor\/#\/schema\/person\/7a7fd911f58561fd056dbac7b55af9cd\"},\"headline\":\"Autoridades no pueden desalojar forzosamente a ind\u00edgenas desplazados: Corte Constitucional\",\"datePublished\":\"2022-12-21T11:32:22+00:00\",\"dateModified\":\"2022-12-21T11:32:23+00:00\",\"mainEntityOfPage\":{\"@id\":\"https:\/\/luchonoticias.com\/editor\/autoridades-no-pueden-desalojar-forzosamente-a-indigenas-desplazados-corte-constitucional\/\"},\"wordCount\":196,\"commentCount\":0,\"publisher\":{\"@id\":\"https:\/\/luchonoticias.com\/editor\/#\/schema\/person\/7a7fd911f58561fd056dbac7b55af9cd\"},\"articleSection\":[\"Destacado\",\"Nacional\"],\"inLanguage\":\"es\",\"potentialAction\":[{\"@type\":\"CommentAction\",\"name\":\"Comment\",\"target\":[\"https:\/\/luchonoticias.com\/editor\/autoridades-no-pueden-desalojar-forzosamente-a-indigenas-desplazados-corte-constitucional\/#respond\"]}]},{\"@type\":\"WebPage\",\"@id\":\"https:\/\/luchonoticias.com\/editor\/autoridades-no-pueden-desalojar-forzosamente-a-indigenas-desplazados-corte-constitucional\/\",\"url\":\"https:\/\/luchonoticias.com\/editor\/autoridades-no-pueden-desalojar-forzosamente-a-indigenas-desplazados-corte-constitucional\/\",\"name\":\"Autoridades no pueden desalojar forzosamente a ind\u00edgenas desplazados: Corte Constitucional -\",\"isPartOf\":{\"@id\":\"https:\/\/luchonoticias.com\/editor\/#website\"},\"datePublished\":\"2022-12-21T11:32:22+00:00\",\"dateModified\":\"2022-12-21T11:32:23+00:00\",\"breadcrumb\":{\"@id\":\"https:\/\/luchonoticias.com\/editor\/autoridades-no-pueden-desalojar-forzosamente-a-indigenas-desplazados-corte-constitucional\/#breadcrumb\"},\"inLanguage\":\"es\",\"potentialAction\":[{\"@type\":\"ReadAction\",\"target\":[\"https:\/\/luchonoticias.com\/editor\/autoridades-no-pueden-desalojar-forzosamente-a-indigenas-desplazados-corte-constitucional\/\"]}]},{\"@type\":\"BreadcrumbList\",\"@id\":\"https:\/\/luchonoticias.com\/editor\/autoridades-no-pueden-desalojar-forzosamente-a-indigenas-desplazados-corte-constitucional\/#breadcrumb\",\"itemListElement\":[{\"@type\":\"ListItem\",\"position\":1,\"name\":\"Portada\",\"item\":\"https:\/\/luchonoticias.com\/editor\/\"},{\"@type\":\"ListItem\",\"position\":2,\"name\":\"Autoridades no pueden desalojar forzosamente a ind\u00edgenas desplazados: Corte Constitucional\"}]},{\"@type\":\"WebSite\",\"@id\":\"https:\/\/luchonoticias.com\/editor\/#website\",\"url\":\"https:\/\/luchonoticias.com\/editor\/\",\"name\":\"\",\"description\":\"\",\"publisher\":{\"@id\":\"https:\/\/luchonoticias.com\/editor\/#\/schema\/person\/7a7fd911f58561fd056dbac7b55af9cd\"},\"potentialAction\":[{\"@type\":\"SearchAction\",\"target\":{\"@type\":\"EntryPoint\",\"urlTemplate\":\"https:\/\/luchonoticias.com\/editor\/?s={search_term_string}\"},\"query-input\":{\"@type\":\"PropertyValueSpecification\",\"valueRequired\":true,\"valueName\":\"search_term_string\"}}],\"inLanguage\":\"es\"},{\"@type\":[\"Person\",\"Organization\"],\"@id\":\"https:\/\/luchonoticias.com\/editor\/#\/schema\/person\/7a7fd911f58561fd056dbac7b55af9cd\",\"name\":\"admin\",\"image\":{\"@type\":\"ImageObject\",\"inLanguage\":\"es\",\"@id\":\"https:\/\/luchonoticias.com\/editor\/#\/schema\/person\/image\/\",\"url\":\"https:\/\/luchonoticias.com\/editor\/wp-content\/uploads\/2024\/02\/cropped-cropped-logolu.webp\",\"contentUrl\":\"https:\/\/luchonoticias.com\/editor\/wp-content\/uploads\/2024\/02\/cropped-cropped-logolu.webp\",\"width\":382,\"height\":170,\"caption\":\"admin\"},\"logo\":{\"@id\":\"https:\/\/luchonoticias.com\/editor\/#\/schema\/person\/image\/\"},\"sameAs\":[\"https:\/\/www.facebook.com\/luchonoticiasneiva\"],\"url\":\"https:\/\/luchonoticias.com\/editor\/author\/admin\/\"}]}<\/script>\n<!-- \/ Yoast SEO plugin. -->","yoast_head_json":{"title":"Autoridades no pueden desalojar forzosamente a ind\u00edgenas desplazados: Corte Constitucional -","robots":{"index":"index","follow":"follow","max-snippet":"max-snippet:-1","max-image-preview":"max-image-preview:large","max-video-preview":"max-video-preview:-1"},"canonical":"https:\/\/luchonoticias.com\/editor\/autoridades-no-pueden-desalojar-forzosamente-a-indigenas-desplazados-corte-constitucional\/","og_locale":"es_ES","og_type":"article","og_title":"Autoridades no pueden desalojar forzosamente a ind\u00edgenas desplazados: Corte Constitucional -","og_url":"https:\/\/luchonoticias.com\/editor\/autoridades-no-pueden-desalojar-forzosamente-a-indigenas-desplazados-corte-constitucional\/","article_publisher":"https:\/\/www.facebook.com\/luchonoticiasneiva","article_author":"https:\/\/www.facebook.com\/luchonoticiasneiva","article_published_time":"2022-12-21T11:32:22+00:00","article_modified_time":"2022-12-21T11:32:23+00:00","author":"admin","twitter_card":"summary_large_image","twitter_misc":{"Escrito por":"admin","Tiempo de lectura":"1 minuto"},"schema":{"@context":"https:\/\/schema.org","@graph":[{"@type":"Article","@id":"https:\/\/luchonoticias.com\/editor\/autoridades-no-pueden-desalojar-forzosamente-a-indigenas-desplazados-corte-constitucional\/#article","isPartOf":{"@id":"https:\/\/luchonoticias.com\/editor\/autoridades-no-pueden-desalojar-forzosamente-a-indigenas-desplazados-corte-constitucional\/"},"author":{"name":"admin","@id":"https:\/\/luchonoticias.com\/editor\/#\/schema\/person\/7a7fd911f58561fd056dbac7b55af9cd"},"headline":"Autoridades no pueden desalojar forzosamente a ind\u00edgenas desplazados: Corte Constitucional","datePublished":"2022-12-21T11:32:22+00:00","dateModified":"2022-12-21T11:32:23+00:00","mainEntityOfPage":{"@id":"https:\/\/luchonoticias.com\/editor\/autoridades-no-pueden-desalojar-forzosamente-a-indigenas-desplazados-corte-constitucional\/"},"wordCount":196,"commentCount":0,"publisher":{"@id":"https:\/\/luchonoticias.com\/editor\/#\/schema\/person\/7a7fd911f58561fd056dbac7b55af9cd"},"articleSection":["Destacado","Nacional"],"inLanguage":"es","potentialAction":[{"@type":"CommentAction","name":"Comment","target":["https:\/\/luchonoticias.com\/editor\/autoridades-no-pueden-desalojar-forzosamente-a-indigenas-desplazados-corte-constitucional\/#respond"]}]},{"@type":"WebPage","@id":"https:\/\/luchonoticias.com\/editor\/autoridades-no-pueden-desalojar-forzosamente-a-indigenas-desplazados-corte-constitucional\/","url":"https:\/\/luchonoticias.com\/editor\/autoridades-no-pueden-desalojar-forzosamente-a-indigenas-desplazados-corte-constitucional\/","name":"Autoridades no pueden desalojar forzosamente a ind\u00edgenas desplazados: Corte Constitucional -","isPartOf":{"@id":"https:\/\/luchonoticias.com\/editor\/#website"},"datePublished":"2022-12-21T11:32:22+00:00","dateModified":"2022-12-21T11:32:23+00:00","breadcrumb":{"@id":"https:\/\/luchonoticias.com\/editor\/autoridades-no-pueden-desalojar-forzosamente-a-indigenas-desplazados-corte-constitucional\/#breadcrumb"},"inLanguage":"es","potentialAction":[{"@type":"ReadAction","target":["https:\/\/luchonoticias.com\/editor\/autoridades-no-pueden-desalojar-forzosamente-a-indigenas-desplazados-corte-constitucional\/"]}]},{"@type":"BreadcrumbList","@id":"https:\/\/luchonoticias.com\/editor\/autoridades-no-pueden-desalojar-forzosamente-a-indigenas-desplazados-corte-constitucional\/#breadcrumb","itemListElement":[{"@type":"ListItem","position":1,"name":"Portada","item":"https:\/\/luchonoticias.com\/editor\/"},{"@type":"ListItem","position":2,"name":"Autoridades no pueden desalojar forzosamente a ind\u00edgenas desplazados: Corte Constitucional"}]},{"@type":"WebSite","@id":"https:\/\/luchonoticias.com\/editor\/#website","url":"https:\/\/luchonoticias.com\/editor\/","name":"","description":"","publisher":{"@id":"https:\/\/luchonoticias.com\/editor\/#\/schema\/person\/7a7fd911f58561fd056dbac7b55af9cd"},"potentialAction":[{"@type":"SearchAction","target":{"@type":"EntryPoint","urlTemplate":"https:\/\/luchonoticias.com\/editor\/?s={search_term_string}"},"query-input":{"@type":"PropertyValueSpecification","valueRequired":true,"valueName":"search_term_string"}}],"inLanguage":"es"},{"@type":["Person","Organization"],"@id":"https:\/\/luchonoticias.com\/editor\/#\/schema\/person\/7a7fd911f58561fd056dbac7b55af9cd","name":"admin","image":{"@type":"ImageObject","inLanguage":"es","@id":"https:\/\/luchonoticias.com\/editor\/#\/schema\/person\/image\/","url":"https:\/\/luchonoticias.com\/editor\/wp-content\/uploads\/2024\/02\/cropped-cropped-logolu.webp","contentUrl":"https:\/\/luchonoticias.com\/editor\/wp-content\/uploads\/2024\/02\/cropped-cropped-logolu.webp","width":382,"height":170,"caption":"admin"},"logo":{"@id":"https:\/\/luchonoticias.com\/editor\/#\/schema\/person\/image\/"},"sameAs":["https:\/\/www.facebook.com\/luchonoticiasneiva"],"url":"https:\/\/luchonoticias.com\/editor\/author\/admin\/"}]}},"_links":{"self":[{"href":"https:\/\/luchonoticias.com\/editor\/wp-json\/wp\/v2\/posts\/42676","targetHints":{"allow":["GET"]}}],"collection":[{"href":"https:\/\/luchonoticias.com\/editor\/wp-json\/wp\/v2\/posts"}],"about":[{"href":"https:\/\/luchonoticias.com\/editor\/wp-json\/wp\/v2\/types\/post"}],"author":[{"embeddable":true,"href":"https:\/\/luchonoticias.com\/editor\/wp-json\/wp\/v2\/users\/1"}],"replies":[{"embeddable":true,"href":"https:\/\/luchonoticias.com\/editor\/wp-json\/wp\/v2\/comments?post=42676"}],"version-history":[{"count":0,"href":"https:\/\/luchonoticias.com\/editor\/wp-json\/wp\/v2\/posts\/42676\/revisions"}],"wp:attachment":[{"href":"https:\/\/luchonoticias.com\/editor\/wp-json\/wp\/v2\/media?parent=42676"}],"wp:term":[{"taxonomy":"category","embeddable":true,"href":"https:\/\/luchonoticias.com\/editor\/wp-json\/wp\/v2\/categories?post=42676"},{"taxonomy":"post_tag","embeddable":true,"href":"https:\/\/luchonoticias.com\/editor\/wp-json\/wp\/v2\/tags?post=42676"}],"curies":[{"name":"wp","href":"https:\/\/api.w.org\/{rel}","templated":true}]}}