{"id":42748,"date":"2022-12-22T07:35:18","date_gmt":"2022-12-22T12:35:18","guid":{"rendered":"https:\/\/luchonoticias.com\/?p=42748"},"modified":"2022-12-22T07:35:19","modified_gmt":"2022-12-22T12:35:19","slug":"a-petro-se-le-olvido-que-la-seguridad-es-una-obligacion-del-estado-paloma-valencia","status":"publish","type":"post","link":"https:\/\/luchonoticias.com\/editor\/a-petro-se-le-olvido-que-la-seguridad-es-una-obligacion-del-estado-paloma-valencia\/","title":{"rendered":"\u201cA Petro se le olvid\u00f3 que la seguridad es una obligaci\u00f3n del Estado\u201d: Paloma Valencia"},"content":{"rendered":"\n<p>A trav\u00e9s de su cuenta de Twitter, la senadora Paloma Valencia coment\u00f3 que al gobierno del presidente Gustavo Petro se le olvid\u00f3 la obligaci\u00f3n que tiene con el pa\u00eds en el tema de seguridad.<\/p>\n\n\n\n<p>La opini\u00f3n de la dirigente pol\u00edtica, se da luego de varios atentados entre los que se encuentra el que tuvo lugar en la ma\u00f1ana del mi\u00e9rcoles 21 de diciembre cuando un carrobomba explot\u00f3 en el kil\u00f3metro 1.3 de la v\u00eda que comunica al municipio de Jamund\u00ed con el corregimiento de Potrerito, en el departamento del Valle del Cauca.<\/p>\n\n\n\n<p>\u201cAl gobierno Petro se olvid\u00f3 de que la seguridad es una obligaci\u00f3n del Estado. En el Cauca explotan bombas, motos bombas, en Jamundi ( Valle) tambi\u00e9n; y es como que no hubiera Estado\u201d, fueron las palabras de la senadora en la red social.<\/p>\n","protected":false},"excerpt":{"rendered":"<p>A trav\u00e9s de su cuenta de Twitter, la senadora Paloma Valencia coment\u00f3 que al gobierno del presidente Gustavo Petro se le olvid\u00f3 la obligaci\u00f3n que tiene con el pa\u00eds en el tema de seguridad. La opini\u00f3n de la dirigente pol\u00edtica, se da luego de varios atentados entre los que se encuentra el que tuvo lugar [&hellip;]<\/p>\n","protected":false},"author":1,"featured_media":0,"comment_status":"open","ping_status":"open","sticky":false,"template":"","format":"standard","meta":{"footnotes":""},"categories":[36,617],"tags":[],"class_list":["post-42748","post","type-post","status-publish","format-standard","hentry","category-destacado","category-politica"],"yoast_head":"<!-- This site is optimized with the Yoast SEO plugin v26.6 - https:\/\/yoast.com\/wordpress\/plugins\/seo\/ -->\n<title>\u201cA Petro se le olvid\u00f3 que la seguridad es una obligaci\u00f3n del Estado\u201d: Paloma Valencia -<\/title>\n<meta name=\"robots\" content=\"index, follow, max-snippet:-1, max-image-preview:large, max-video-preview:-1\" \/>\n<link rel=\"canonical\" href=\"https:\/\/luchonoticias.com\/editor\/a-petro-se-le-olvido-que-la-seguridad-es-una-obligacion-del-estado-paloma-valencia\/\" \/>\n<meta property=\"og:locale\" content=\"es_ES\" \/>\n<meta property=\"og:type\" content=\"article\" \/>\n<meta property=\"og:title\" content=\"\u201cA Petro se le olvid\u00f3 que la seguridad es una obligaci\u00f3n del Estado\u201d: Paloma Valencia -\" \/>\n<meta property=\"og:url\" content=\"https:\/\/luchonoticias.com\/editor\/a-petro-se-le-olvido-que-la-seguridad-es-una-obligacion-del-estado-paloma-valencia\/\" \/>\n<meta property=\"article:publisher\" content=\"https:\/\/www.facebook.com\/luchonoticiasneiva\" \/>\n<meta property=\"article:author\" content=\"https:\/\/www.facebook.com\/luchonoticiasneiva\" \/>\n<meta property=\"article:published_time\" content=\"2022-12-22T12:35:18+00:00\" \/>\n<meta property=\"article:modified_time\" content=\"2022-12-22T12:35:19+00:00\" \/>\n<meta name=\"author\" content=\"admin\" \/>\n<meta name=\"twitter:card\" content=\"summary_large_image\" \/>\n<meta name=\"twitter:label1\" content=\"Escrito por\" \/>\n\t<meta name=\"twitter:data1\" content=\"admin\" \/>\n\t<meta name=\"twitter:label2\" content=\"Tiempo de lectura\" \/>\n\t<meta name=\"twitter:data2\" content=\"1 minuto\" \/>\n<script type=\"application\/ld+json\" class=\"yoast-schema-graph\">{\"@context\":\"https:\/\/schema.org\",\"@graph\":[{\"@type\":\"Article\",\"@id\":\"https:\/\/luchonoticias.com\/editor\/a-petro-se-le-olvido-que-la-seguridad-es-una-obligacion-del-estado-paloma-valencia\/#article\",\"isPartOf\":{\"@id\":\"https:\/\/luchonoticias.com\/editor\/a-petro-se-le-olvido-que-la-seguridad-es-una-obligacion-del-estado-paloma-valencia\/\"},\"author\":{\"name\":\"admin\",\"@id\":\"https:\/\/luchonoticias.com\/editor\/#\/schema\/person\/7a7fd911f58561fd056dbac7b55af9cd\"},\"headline\":\"\u201cA Petro se le olvid\u00f3 que la seguridad es una obligaci\u00f3n del Estado\u201d: Paloma Valencia\",\"datePublished\":\"2022-12-22T12:35:18+00:00\",\"dateModified\":\"2022-12-22T12:35:19+00:00\",\"mainEntityOfPage\":{\"@id\":\"https:\/\/luchonoticias.com\/editor\/a-petro-se-le-olvido-que-la-seguridad-es-una-obligacion-del-estado-paloma-valencia\/\"},\"wordCount\":159,\"commentCount\":0,\"publisher\":{\"@id\":\"https:\/\/luchonoticias.com\/editor\/#\/schema\/person\/7a7fd911f58561fd056dbac7b55af9cd\"},\"articleSection\":[\"Destacado\",\"Pol\u00edtica\"],\"inLanguage\":\"es\",\"potentialAction\":[{\"@type\":\"CommentAction\",\"name\":\"Comment\",\"target\":[\"https:\/\/luchonoticias.com\/editor\/a-petro-se-le-olvido-que-la-seguridad-es-una-obligacion-del-estado-paloma-valencia\/#respond\"]}]},{\"@type\":\"WebPage\",\"@id\":\"https:\/\/luchonoticias.com\/editor\/a-petro-se-le-olvido-que-la-seguridad-es-una-obligacion-del-estado-paloma-valencia\/\",\"url\":\"https:\/\/luchonoticias.com\/editor\/a-petro-se-le-olvido-que-la-seguridad-es-una-obligacion-del-estado-paloma-valencia\/\",\"name\":\"\u201cA Petro se le olvid\u00f3 que la seguridad es una obligaci\u00f3n del Estado\u201d: Paloma Valencia -\",\"isPartOf\":{\"@id\":\"https:\/\/luchonoticias.com\/editor\/#website\"},\"datePublished\":\"2022-12-22T12:35:18+00:00\",\"dateModified\":\"2022-12-22T12:35:19+00:00\",\"breadcrumb\":{\"@id\":\"https:\/\/luchonoticias.com\/editor\/a-petro-se-le-olvido-que-la-seguridad-es-una-obligacion-del-estado-paloma-valencia\/#breadcrumb\"},\"inLanguage\":\"es\",\"potentialAction\":[{\"@type\":\"ReadAction\",\"target\":[\"https:\/\/luchonoticias.com\/editor\/a-petro-se-le-olvido-que-la-seguridad-es-una-obligacion-del-estado-paloma-valencia\/\"]}]},{\"@type\":\"BreadcrumbList\",\"@id\":\"https:\/\/luchonoticias.com\/editor\/a-petro-se-le-olvido-que-la-seguridad-es-una-obligacion-del-estado-paloma-valencia\/#breadcrumb\",\"itemListElement\":[{\"@type\":\"ListItem\",\"position\":1,\"name\":\"Portada\",\"item\":\"https:\/\/luchonoticias.com\/editor\/\"},{\"@type\":\"ListItem\",\"position\":2,\"name\":\"\u201cA Petro se le olvid\u00f3 que la seguridad es una obligaci\u00f3n del Estado\u201d: Paloma Valencia\"}]},{\"@type\":\"WebSite\",\"@id\":\"https:\/\/luchonoticias.com\/editor\/#website\",\"url\":\"https:\/\/luchonoticias.com\/editor\/\",\"name\":\"\",\"description\":\"\",\"publisher\":{\"@id\":\"https:\/\/luchonoticias.com\/editor\/#\/schema\/person\/7a7fd911f58561fd056dbac7b55af9cd\"},\"potentialAction\":[{\"@type\":\"SearchAction\",\"target\":{\"@type\":\"EntryPoint\",\"urlTemplate\":\"https:\/\/luchonoticias.com\/editor\/?s={search_term_string}\"},\"query-input\":{\"@type\":\"PropertyValueSpecification\",\"valueRequired\":true,\"valueName\":\"search_term_string\"}}],\"inLanguage\":\"es\"},{\"@type\":[\"Person\",\"Organization\"],\"@id\":\"https:\/\/luchonoticias.com\/editor\/#\/schema\/person\/7a7fd911f58561fd056dbac7b55af9cd\",\"name\":\"admin\",\"image\":{\"@type\":\"ImageObject\",\"inLanguage\":\"es\",\"@id\":\"https:\/\/luchonoticias.com\/editor\/#\/schema\/person\/image\/\",\"url\":\"https:\/\/luchonoticias.com\/editor\/wp-content\/uploads\/2024\/02\/cropped-cropped-logolu.webp\",\"contentUrl\":\"https:\/\/luchonoticias.com\/editor\/wp-content\/uploads\/2024\/02\/cropped-cropped-logolu.webp\",\"width\":382,\"height\":170,\"caption\":\"admin\"},\"logo\":{\"@id\":\"https:\/\/luchonoticias.com\/editor\/#\/schema\/person\/image\/\"},\"sameAs\":[\"https:\/\/www.facebook.com\/luchonoticiasneiva\"],\"url\":\"https:\/\/luchonoticias.com\/editor\/author\/admin\/\"}]}<\/script>\n<!-- \/ Yoast SEO plugin. -->","yoast_head_json":{"title":"\u201cA Petro se le olvid\u00f3 que la seguridad es una obligaci\u00f3n del Estado\u201d: Paloma Valencia -","robots":{"index":"index","follow":"follow","max-snippet":"max-snippet:-1","max-image-preview":"max-image-preview:large","max-video-preview":"max-video-preview:-1"},"canonical":"https:\/\/luchonoticias.com\/editor\/a-petro-se-le-olvido-que-la-seguridad-es-una-obligacion-del-estado-paloma-valencia\/","og_locale":"es_ES","og_type":"article","og_title":"\u201cA Petro se le olvid\u00f3 que la seguridad es una obligaci\u00f3n del Estado\u201d: Paloma Valencia -","og_url":"https:\/\/luchonoticias.com\/editor\/a-petro-se-le-olvido-que-la-seguridad-es-una-obligacion-del-estado-paloma-valencia\/","article_publisher":"https:\/\/www.facebook.com\/luchonoticiasneiva","article_author":"https:\/\/www.facebook.com\/luchonoticiasneiva","article_published_time":"2022-12-22T12:35:18+00:00","article_modified_time":"2022-12-22T12:35:19+00:00","author":"admin","twitter_card":"summary_large_image","twitter_misc":{"Escrito por":"admin","Tiempo de lectura":"1 minuto"},"schema":{"@context":"https:\/\/schema.org","@graph":[{"@type":"Article","@id":"https:\/\/luchonoticias.com\/editor\/a-petro-se-le-olvido-que-la-seguridad-es-una-obligacion-del-estado-paloma-valencia\/#article","isPartOf":{"@id":"https:\/\/luchonoticias.com\/editor\/a-petro-se-le-olvido-que-la-seguridad-es-una-obligacion-del-estado-paloma-valencia\/"},"author":{"name":"admin","@id":"https:\/\/luchonoticias.com\/editor\/#\/schema\/person\/7a7fd911f58561fd056dbac7b55af9cd"},"headline":"\u201cA Petro se le olvid\u00f3 que la seguridad es una obligaci\u00f3n del Estado\u201d: Paloma Valencia","datePublished":"2022-12-22T12:35:18+00:00","dateModified":"2022-12-22T12:35:19+00:00","mainEntityOfPage":{"@id":"https:\/\/luchonoticias.com\/editor\/a-petro-se-le-olvido-que-la-seguridad-es-una-obligacion-del-estado-paloma-valencia\/"},"wordCount":159,"commentCount":0,"publisher":{"@id":"https:\/\/luchonoticias.com\/editor\/#\/schema\/person\/7a7fd911f58561fd056dbac7b55af9cd"},"articleSection":["Destacado","Pol\u00edtica"],"inLanguage":"es","potentialAction":[{"@type":"CommentAction","name":"Comment","target":["https:\/\/luchonoticias.com\/editor\/a-petro-se-le-olvido-que-la-seguridad-es-una-obligacion-del-estado-paloma-valencia\/#respond"]}]},{"@type":"WebPage","@id":"https:\/\/luchonoticias.com\/editor\/a-petro-se-le-olvido-que-la-seguridad-es-una-obligacion-del-estado-paloma-valencia\/","url":"https:\/\/luchonoticias.com\/editor\/a-petro-se-le-olvido-que-la-seguridad-es-una-obligacion-del-estado-paloma-valencia\/","name":"\u201cA Petro se le olvid\u00f3 que la seguridad es una obligaci\u00f3n del Estado\u201d: Paloma Valencia -","isPartOf":{"@id":"https:\/\/luchonoticias.com\/editor\/#website"},"datePublished":"2022-12-22T12:35:18+00:00","dateModified":"2022-12-22T12:35:19+00:00","breadcrumb":{"@id":"https:\/\/luchonoticias.com\/editor\/a-petro-se-le-olvido-que-la-seguridad-es-una-obligacion-del-estado-paloma-valencia\/#breadcrumb"},"inLanguage":"es","potentialAction":[{"@type":"ReadAction","target":["https:\/\/luchonoticias.com\/editor\/a-petro-se-le-olvido-que-la-seguridad-es-una-obligacion-del-estado-paloma-valencia\/"]}]},{"@type":"BreadcrumbList","@id":"https:\/\/luchonoticias.com\/editor\/a-petro-se-le-olvido-que-la-seguridad-es-una-obligacion-del-estado-paloma-valencia\/#breadcrumb","itemListElement":[{"@type":"ListItem","position":1,"name":"Portada","item":"https:\/\/luchonoticias.com\/editor\/"},{"@type":"ListItem","position":2,"name":"\u201cA Petro se le olvid\u00f3 que la seguridad es una obligaci\u00f3n del Estado\u201d: Paloma Valencia"}]},{"@type":"WebSite","@id":"https:\/\/luchonoticias.com\/editor\/#website","url":"https:\/\/luchonoticias.com\/editor\/","name":"","description":"","publisher":{"@id":"https:\/\/luchonoticias.com\/editor\/#\/schema\/person\/7a7fd911f58561fd056dbac7b55af9cd"},"potentialAction":[{"@type":"SearchAction","target":{"@type":"EntryPoint","urlTemplate":"https:\/\/luchonoticias.com\/editor\/?s={search_term_string}"},"query-input":{"@type":"PropertyValueSpecification","valueRequired":true,"valueName":"search_term_string"}}],"inLanguage":"es"},{"@type":["Person","Organization"],"@id":"https:\/\/luchonoticias.com\/editor\/#\/schema\/person\/7a7fd911f58561fd056dbac7b55af9cd","name":"admin","image":{"@type":"ImageObject","inLanguage":"es","@id":"https:\/\/luchonoticias.com\/editor\/#\/schema\/person\/image\/","url":"https:\/\/luchonoticias.com\/editor\/wp-content\/uploads\/2024\/02\/cropped-cropped-logolu.webp","contentUrl":"https:\/\/luchonoticias.com\/editor\/wp-content\/uploads\/2024\/02\/cropped-cropped-logolu.webp","width":382,"height":170,"caption":"admin"},"logo":{"@id":"https:\/\/luchonoticias.com\/editor\/#\/schema\/person\/image\/"},"sameAs":["https:\/\/www.facebook.com\/luchonoticiasneiva"],"url":"https:\/\/luchonoticias.com\/editor\/author\/admin\/"}]}},"_links":{"self":[{"href":"https:\/\/luchonoticias.com\/editor\/wp-json\/wp\/v2\/posts\/42748","targetHints":{"allow":["GET"]}}],"collection":[{"href":"https:\/\/luchonoticias.com\/editor\/wp-json\/wp\/v2\/posts"}],"about":[{"href":"https:\/\/luchonoticias.com\/editor\/wp-json\/wp\/v2\/types\/post"}],"author":[{"embeddable":true,"href":"https:\/\/luchonoticias.com\/editor\/wp-json\/wp\/v2\/users\/1"}],"replies":[{"embeddable":true,"href":"https:\/\/luchonoticias.com\/editor\/wp-json\/wp\/v2\/comments?post=42748"}],"version-history":[{"count":0,"href":"https:\/\/luchonoticias.com\/editor\/wp-json\/wp\/v2\/posts\/42748\/revisions"}],"wp:attachment":[{"href":"https:\/\/luchonoticias.com\/editor\/wp-json\/wp\/v2\/media?parent=42748"}],"wp:term":[{"taxonomy":"category","embeddable":true,"href":"https:\/\/luchonoticias.com\/editor\/wp-json\/wp\/v2\/categories?post=42748"},{"taxonomy":"post_tag","embeddable":true,"href":"https:\/\/luchonoticias.com\/editor\/wp-json\/wp\/v2\/tags?post=42748"}],"curies":[{"name":"wp","href":"https:\/\/api.w.org\/{rel}","templated":true}]}}