{"id":43035,"date":"2022-12-27T05:01:31","date_gmt":"2022-12-27T10:01:31","guid":{"rendered":"https:\/\/luchonoticias.com\/?p=43035"},"modified":"2022-12-27T05:01:32","modified_gmt":"2022-12-27T10:01:32","slug":"iniciativa-pensando-en-los-jovenes-del-huila","status":"publish","type":"post","link":"https:\/\/luchonoticias.com\/editor\/iniciativa-pensando-en-los-jovenes-del-huila\/","title":{"rendered":"Iniciativa pensando en los j\u00f3venes del Huila"},"content":{"rendered":"\n<p>La&nbsp;<strong>estrategia \u2018Planes de Vida\u2019<\/strong>, est\u00e1 dirigida por la Oficina de Asuntos Sociales de la Gobernaci\u00f3n del Huila y tiene como objetivo&nbsp;<strong>generar procesos de apoyo psicosociales a adolescentes y j\u00f3venes<\/strong>&nbsp;a trav\u00e9s de la formaci\u00f3n de proyecto de vida.<\/p>\n\n\n\n<p>La orientaci\u00f3n vocacional y generaci\u00f3n de competencias t\u00e9cnicas para el desarrollo de micro emprendimientos que permitan su crecimiento personal y econ\u00f3mico, la aclaraci\u00f3n de las dudas respecto a c\u00f3mo enfocar sus ideas de manera organizada para entrar en un mundo m\u00e1s competitivo con los proyectos que tienen en mente.<\/p>\n\n\n\n<p>El gobierno \u201cHuila Crece\u201d en apoyo a los j\u00f3venes que inician su vida productiva los ha acompa\u00f1ado decididamente en su formaci\u00f3n,&nbsp;<strong>brindando herramientas con profesionales en los diferentes municipios<\/strong>, a todos aquellos que con inquietud y \u00e1nimo de aprender asumen con responsabilidad su rol llegando a ser l\u00edderes y ejemplo en sus comunidades.<\/p>\n\n\n\n<p>La Oficina de Asuntos Sociales del Huila encargada de hacer acompa\u00f1amiento y desarrollar los procesos con los j\u00f3venes<strong>&nbsp;ha destinado un grupo de profesionales visitadores y talleristas<\/strong>&nbsp;quienes en primera fase realizada durante 2022&nbsp;<strong>llegaron hasta 14 municipios<\/strong>&nbsp;y esperan en segunda fase terminar de visitar los restantes.<\/p>\n\n\n\n<p>\u201cLa Estrategia es algo nuevo, que se viene necesitando en el municipio, con la cantidad de problemas que tienen los j\u00f3venes en el municipio a ra\u00edz de la pandemia, la econom\u00eda y la muchas problem\u00e1ticas que se han generado despu\u00e9s del COVID 19, esto fortalece sus capacidades, mentalidades y pr\u00f3ximamente sus bolsillos\u201d, afirm\u00f3 Juan Sebasti\u00e1n Mu\u00f1oz, consejero de juventud.<\/p>\n\n\n\n<h5 class=\"wp-block-heading\">Detalles de lo que fue su primera fase<\/h5>\n\n\n\n<p>La estrategia \u201cPlanes Para La Vida\u201d y sus talleres Psicosociales&nbsp;<strong>llegaron a 685 j\u00f3venes entre los 14 a 28 a\u00f1os&nbsp;<\/strong>de los municipios del Agrado, Baraya, Garz\u00f3n, Hobo, Iquira, La Argentina, La Plata, Paicol, Palermo, Pital, Santa Mar\u00eda, Teruel, Tesalia y Villavieja.<\/p>\n\n\n\n<p><strong>Se formaron en el \u201cser\u201d<\/strong>&nbsp;como estrategia primordial en la construcci\u00f3n de un proyecto de vida.<\/p>\n\n\n\n<p>En la primera fase&nbsp;<strong>se hacen acreedores a los beneficios de la asignaci\u00f3n de kits para el micro emprendimientos.<\/strong>&nbsp;En cada municipio ser\u00e1n 14 Kits, de herramienta b\u00e1sica para motos y 9 Kits de serigraf\u00eda textil para un total de 23 adolescentes y j\u00f3venes beneficiados por municipio.<\/p>\n\n\n\n<p>Los&nbsp;<strong>siguientes municipios fueron seleccionados<\/strong>&nbsp;para el desarrollo de intervenci\u00f3n en la estrategia: Baraya, Santa Mar\u00eda, Palermo, Villavieja, Iquira, Teruel, Hobo, Garz\u00f3n, Agrado, Pital, Paicol, Tesalia, La Plata, La Argentina.<\/p>\n\n\n\n<p><strong>En el a\u00f1o 2023 se dar\u00e1 inicio a la segunda fase de la estrategia&nbsp;<\/strong>y se espera que los j\u00f3venes aprendan nuevos oficios y los desarrollen con los kits que se entregar\u00e1n como apoyo a sus ideas de emprendimiento.<\/p>\n","protected":false},"excerpt":{"rendered":"<p>La&nbsp;estrategia \u2018Planes de Vida\u2019, est\u00e1 dirigida por la Oficina de Asuntos Sociales de la Gobernaci\u00f3n del Huila y tiene como objetivo&nbsp;generar procesos de apoyo psicosociales a adolescentes y j\u00f3venes&nbsp;a trav\u00e9s de la formaci\u00f3n de proyecto de vida. La orientaci\u00f3n vocacional y generaci\u00f3n de competencias t\u00e9cnicas para el desarrollo de micro emprendimientos que permitan su crecimiento [&hellip;]<\/p>\n","protected":false},"author":1,"featured_media":0,"comment_status":"open","ping_status":"open","sticky":false,"template":"","format":"standard","meta":{"footnotes":""},"categories":[33],"tags":[],"class_list":["post-43035","post","type-post","status-publish","format-standard","hentry","category-huila"],"yoast_head":"<!-- This site is optimized with the Yoast SEO plugin v26.6 - https:\/\/yoast.com\/wordpress\/plugins\/seo\/ -->\n<title>Iniciativa pensando en los j\u00f3venes del Huila -<\/title>\n<meta name=\"robots\" content=\"index, follow, max-snippet:-1, max-image-preview:large, max-video-preview:-1\" \/>\n<link rel=\"canonical\" href=\"https:\/\/luchonoticias.com\/editor\/iniciativa-pensando-en-los-jovenes-del-huila\/\" \/>\n<meta property=\"og:locale\" content=\"es_ES\" \/>\n<meta property=\"og:type\" content=\"article\" \/>\n<meta property=\"og:title\" content=\"Iniciativa pensando en los j\u00f3venes del Huila -\" \/>\n<meta property=\"og:url\" content=\"https:\/\/luchonoticias.com\/editor\/iniciativa-pensando-en-los-jovenes-del-huila\/\" \/>\n<meta property=\"article:publisher\" content=\"https:\/\/www.facebook.com\/luchonoticiasneiva\" \/>\n<meta property=\"article:author\" content=\"https:\/\/www.facebook.com\/luchonoticiasneiva\" \/>\n<meta property=\"article:published_time\" content=\"2022-12-27T10:01:31+00:00\" \/>\n<meta property=\"article:modified_time\" content=\"2022-12-27T10:01:32+00:00\" \/>\n<meta name=\"author\" content=\"admin\" \/>\n<meta name=\"twitter:card\" content=\"summary_large_image\" \/>\n<meta name=\"twitter:label1\" content=\"Escrito por\" \/>\n\t<meta name=\"twitter:data1\" content=\"admin\" \/>\n\t<meta name=\"twitter:label2\" content=\"Tiempo de lectura\" \/>\n\t<meta name=\"twitter:data2\" content=\"2 minutos\" \/>\n<script type=\"application\/ld+json\" class=\"yoast-schema-graph\">{\"@context\":\"https:\/\/schema.org\",\"@graph\":[{\"@type\":\"Article\",\"@id\":\"https:\/\/luchonoticias.com\/editor\/iniciativa-pensando-en-los-jovenes-del-huila\/#article\",\"isPartOf\":{\"@id\":\"https:\/\/luchonoticias.com\/editor\/iniciativa-pensando-en-los-jovenes-del-huila\/\"},\"author\":{\"name\":\"admin\",\"@id\":\"https:\/\/luchonoticias.com\/editor\/#\/schema\/person\/7a7fd911f58561fd056dbac7b55af9cd\"},\"headline\":\"Iniciativa pensando en los j\u00f3venes del Huila\",\"datePublished\":\"2022-12-27T10:01:31+00:00\",\"dateModified\":\"2022-12-27T10:01:32+00:00\",\"mainEntityOfPage\":{\"@id\":\"https:\/\/luchonoticias.com\/editor\/iniciativa-pensando-en-los-jovenes-del-huila\/\"},\"wordCount\":486,\"commentCount\":0,\"publisher\":{\"@id\":\"https:\/\/luchonoticias.com\/editor\/#\/schema\/person\/7a7fd911f58561fd056dbac7b55af9cd\"},\"articleSection\":[\"Huila\"],\"inLanguage\":\"es\",\"potentialAction\":[{\"@type\":\"CommentAction\",\"name\":\"Comment\",\"target\":[\"https:\/\/luchonoticias.com\/editor\/iniciativa-pensando-en-los-jovenes-del-huila\/#respond\"]}]},{\"@type\":\"WebPage\",\"@id\":\"https:\/\/luchonoticias.com\/editor\/iniciativa-pensando-en-los-jovenes-del-huila\/\",\"url\":\"https:\/\/luchonoticias.com\/editor\/iniciativa-pensando-en-los-jovenes-del-huila\/\",\"name\":\"Iniciativa pensando en los j\u00f3venes del Huila -\",\"isPartOf\":{\"@id\":\"https:\/\/luchonoticias.com\/editor\/#website\"},\"datePublished\":\"2022-12-27T10:01:31+00:00\",\"dateModified\":\"2022-12-27T10:01:32+00:00\",\"breadcrumb\":{\"@id\":\"https:\/\/luchonoticias.com\/editor\/iniciativa-pensando-en-los-jovenes-del-huila\/#breadcrumb\"},\"inLanguage\":\"es\",\"potentialAction\":[{\"@type\":\"ReadAction\",\"target\":[\"https:\/\/luchonoticias.com\/editor\/iniciativa-pensando-en-los-jovenes-del-huila\/\"]}]},{\"@type\":\"BreadcrumbList\",\"@id\":\"https:\/\/luchonoticias.com\/editor\/iniciativa-pensando-en-los-jovenes-del-huila\/#breadcrumb\",\"itemListElement\":[{\"@type\":\"ListItem\",\"position\":1,\"name\":\"Portada\",\"item\":\"https:\/\/luchonoticias.com\/editor\/\"},{\"@type\":\"ListItem\",\"position\":2,\"name\":\"Iniciativa pensando en los j\u00f3venes del Huila\"}]},{\"@type\":\"WebSite\",\"@id\":\"https:\/\/luchonoticias.com\/editor\/#website\",\"url\":\"https:\/\/luchonoticias.com\/editor\/\",\"name\":\"\",\"description\":\"\",\"publisher\":{\"@id\":\"https:\/\/luchonoticias.com\/editor\/#\/schema\/person\/7a7fd911f58561fd056dbac7b55af9cd\"},\"potentialAction\":[{\"@type\":\"SearchAction\",\"target\":{\"@type\":\"EntryPoint\",\"urlTemplate\":\"https:\/\/luchonoticias.com\/editor\/?s={search_term_string}\"},\"query-input\":{\"@type\":\"PropertyValueSpecification\",\"valueRequired\":true,\"valueName\":\"search_term_string\"}}],\"inLanguage\":\"es\"},{\"@type\":[\"Person\",\"Organization\"],\"@id\":\"https:\/\/luchonoticias.com\/editor\/#\/schema\/person\/7a7fd911f58561fd056dbac7b55af9cd\",\"name\":\"admin\",\"image\":{\"@type\":\"ImageObject\",\"inLanguage\":\"es\",\"@id\":\"https:\/\/luchonoticias.com\/editor\/#\/schema\/person\/image\/\",\"url\":\"https:\/\/luchonoticias.com\/editor\/wp-content\/uploads\/2024\/02\/cropped-cropped-logolu.webp\",\"contentUrl\":\"https:\/\/luchonoticias.com\/editor\/wp-content\/uploads\/2024\/02\/cropped-cropped-logolu.webp\",\"width\":382,\"height\":170,\"caption\":\"admin\"},\"logo\":{\"@id\":\"https:\/\/luchonoticias.com\/editor\/#\/schema\/person\/image\/\"},\"sameAs\":[\"https:\/\/www.facebook.com\/luchonoticiasneiva\"],\"url\":\"https:\/\/luchonoticias.com\/editor\/author\/admin\/\"}]}<\/script>\n<!-- \/ Yoast SEO plugin. -->","yoast_head_json":{"title":"Iniciativa pensando en los j\u00f3venes del Huila -","robots":{"index":"index","follow":"follow","max-snippet":"max-snippet:-1","max-image-preview":"max-image-preview:large","max-video-preview":"max-video-preview:-1"},"canonical":"https:\/\/luchonoticias.com\/editor\/iniciativa-pensando-en-los-jovenes-del-huila\/","og_locale":"es_ES","og_type":"article","og_title":"Iniciativa pensando en los j\u00f3venes del Huila -","og_url":"https:\/\/luchonoticias.com\/editor\/iniciativa-pensando-en-los-jovenes-del-huila\/","article_publisher":"https:\/\/www.facebook.com\/luchonoticiasneiva","article_author":"https:\/\/www.facebook.com\/luchonoticiasneiva","article_published_time":"2022-12-27T10:01:31+00:00","article_modified_time":"2022-12-27T10:01:32+00:00","author":"admin","twitter_card":"summary_large_image","twitter_misc":{"Escrito por":"admin","Tiempo de lectura":"2 minutos"},"schema":{"@context":"https:\/\/schema.org","@graph":[{"@type":"Article","@id":"https:\/\/luchonoticias.com\/editor\/iniciativa-pensando-en-los-jovenes-del-huila\/#article","isPartOf":{"@id":"https:\/\/luchonoticias.com\/editor\/iniciativa-pensando-en-los-jovenes-del-huila\/"},"author":{"name":"admin","@id":"https:\/\/luchonoticias.com\/editor\/#\/schema\/person\/7a7fd911f58561fd056dbac7b55af9cd"},"headline":"Iniciativa pensando en los j\u00f3venes del Huila","datePublished":"2022-12-27T10:01:31+00:00","dateModified":"2022-12-27T10:01:32+00:00","mainEntityOfPage":{"@id":"https:\/\/luchonoticias.com\/editor\/iniciativa-pensando-en-los-jovenes-del-huila\/"},"wordCount":486,"commentCount":0,"publisher":{"@id":"https:\/\/luchonoticias.com\/editor\/#\/schema\/person\/7a7fd911f58561fd056dbac7b55af9cd"},"articleSection":["Huila"],"inLanguage":"es","potentialAction":[{"@type":"CommentAction","name":"Comment","target":["https:\/\/luchonoticias.com\/editor\/iniciativa-pensando-en-los-jovenes-del-huila\/#respond"]}]},{"@type":"WebPage","@id":"https:\/\/luchonoticias.com\/editor\/iniciativa-pensando-en-los-jovenes-del-huila\/","url":"https:\/\/luchonoticias.com\/editor\/iniciativa-pensando-en-los-jovenes-del-huila\/","name":"Iniciativa pensando en los j\u00f3venes del Huila -","isPartOf":{"@id":"https:\/\/luchonoticias.com\/editor\/#website"},"datePublished":"2022-12-27T10:01:31+00:00","dateModified":"2022-12-27T10:01:32+00:00","breadcrumb":{"@id":"https:\/\/luchonoticias.com\/editor\/iniciativa-pensando-en-los-jovenes-del-huila\/#breadcrumb"},"inLanguage":"es","potentialAction":[{"@type":"ReadAction","target":["https:\/\/luchonoticias.com\/editor\/iniciativa-pensando-en-los-jovenes-del-huila\/"]}]},{"@type":"BreadcrumbList","@id":"https:\/\/luchonoticias.com\/editor\/iniciativa-pensando-en-los-jovenes-del-huila\/#breadcrumb","itemListElement":[{"@type":"ListItem","position":1,"name":"Portada","item":"https:\/\/luchonoticias.com\/editor\/"},{"@type":"ListItem","position":2,"name":"Iniciativa pensando en los j\u00f3venes del Huila"}]},{"@type":"WebSite","@id":"https:\/\/luchonoticias.com\/editor\/#website","url":"https:\/\/luchonoticias.com\/editor\/","name":"","description":"","publisher":{"@id":"https:\/\/luchonoticias.com\/editor\/#\/schema\/person\/7a7fd911f58561fd056dbac7b55af9cd"},"potentialAction":[{"@type":"SearchAction","target":{"@type":"EntryPoint","urlTemplate":"https:\/\/luchonoticias.com\/editor\/?s={search_term_string}"},"query-input":{"@type":"PropertyValueSpecification","valueRequired":true,"valueName":"search_term_string"}}],"inLanguage":"es"},{"@type":["Person","Organization"],"@id":"https:\/\/luchonoticias.com\/editor\/#\/schema\/person\/7a7fd911f58561fd056dbac7b55af9cd","name":"admin","image":{"@type":"ImageObject","inLanguage":"es","@id":"https:\/\/luchonoticias.com\/editor\/#\/schema\/person\/image\/","url":"https:\/\/luchonoticias.com\/editor\/wp-content\/uploads\/2024\/02\/cropped-cropped-logolu.webp","contentUrl":"https:\/\/luchonoticias.com\/editor\/wp-content\/uploads\/2024\/02\/cropped-cropped-logolu.webp","width":382,"height":170,"caption":"admin"},"logo":{"@id":"https:\/\/luchonoticias.com\/editor\/#\/schema\/person\/image\/"},"sameAs":["https:\/\/www.facebook.com\/luchonoticiasneiva"],"url":"https:\/\/luchonoticias.com\/editor\/author\/admin\/"}]}},"_links":{"self":[{"href":"https:\/\/luchonoticias.com\/editor\/wp-json\/wp\/v2\/posts\/43035","targetHints":{"allow":["GET"]}}],"collection":[{"href":"https:\/\/luchonoticias.com\/editor\/wp-json\/wp\/v2\/posts"}],"about":[{"href":"https:\/\/luchonoticias.com\/editor\/wp-json\/wp\/v2\/types\/post"}],"author":[{"embeddable":true,"href":"https:\/\/luchonoticias.com\/editor\/wp-json\/wp\/v2\/users\/1"}],"replies":[{"embeddable":true,"href":"https:\/\/luchonoticias.com\/editor\/wp-json\/wp\/v2\/comments?post=43035"}],"version-history":[{"count":0,"href":"https:\/\/luchonoticias.com\/editor\/wp-json\/wp\/v2\/posts\/43035\/revisions"}],"wp:attachment":[{"href":"https:\/\/luchonoticias.com\/editor\/wp-json\/wp\/v2\/media?parent=43035"}],"wp:term":[{"taxonomy":"category","embeddable":true,"href":"https:\/\/luchonoticias.com\/editor\/wp-json\/wp\/v2\/categories?post=43035"},{"taxonomy":"post_tag","embeddable":true,"href":"https:\/\/luchonoticias.com\/editor\/wp-json\/wp\/v2\/tags?post=43035"}],"curies":[{"name":"wp","href":"https:\/\/api.w.org\/{rel}","templated":true}]}}