{"id":43317,"date":"2022-12-30T07:22:41","date_gmt":"2022-12-30T12:22:41","guid":{"rendered":"https:\/\/luchonoticias.com\/?p=43317"},"modified":"2022-12-30T07:22:42","modified_gmt":"2022-12-30T12:22:42","slug":"presunto-reconocido-delincuente-de-hurto-a-motos-fue-capturado-en-pitalito","status":"publish","type":"post","link":"https:\/\/luchonoticias.com\/editor\/presunto-reconocido-delincuente-de-hurto-a-motos-fue-capturado-en-pitalito\/","title":{"rendered":"Presunto reconocido delincuente de hurto a motos fue capturado en Pitalito"},"content":{"rendered":"\n<p>La oportuna reacci\u00f3n del Departamento de Polic\u00eda Huila a trav\u00e9s de un plan candado en la vereda Alto de la Cruz, jurisdicci\u00f3n del corregimiento de Bruselas, permiti\u00f3 que los uniformados adscritos a esta subestaci\u00f3n de Polic\u00eda capturaran a un hombre de 23 a\u00f1os, conocido como \u2018Marielo\u2019, el cual, momentos antes, al parecer habr\u00eda participado en el hurto de una moto de alto cilindraje bajo la modalidad de atraco, junto con otros delincuentes en el municipio de Palestina.<\/p>\n\n\n\n<p>\u201cEn el procedimiento policial se logr\u00f3 la inmovilizaci\u00f3n de una motocicleta pulsar negra, la cual portaba una placa falsa para pasar desapercibidos en los operativos que adelantaban las autoridades\u201d, revelaron las autoridades huilenses.<\/p>\n\n\n\n<p><strong>En b\u00fasqueda del paradero de los c\u00f3mplices<\/strong><\/p>\n\n\n\n<p>Seg\u00fan el comandante del Quinto Distrito de Polic\u00eda Pitalito, el teniente coronel Ricardo Castro Garz\u00f3n, \u201cunidades de Inteligencia Policial y la Seccional de Investigaci\u00f3n Criminal, adelantan las respectivas indagaciones para dar con la individualizaci\u00f3n de los otros delincuentes que participaron en este hurto\u201d.<\/p>\n\n\n\n<p>Finalmente, las fuentes oficiales dieron a conocer que el hombre capturado fue puesto a disposici\u00f3n de la Fiscal\u00eda URI de turno, como presunto responsable del delito de hurto calificado y agravado.<\/p>\n","protected":false},"excerpt":{"rendered":"<p>La oportuna reacci\u00f3n del Departamento de Polic\u00eda Huila a trav\u00e9s de un plan candado en la vereda Alto de la Cruz, jurisdicci\u00f3n del corregimiento de Bruselas, permiti\u00f3 que los uniformados adscritos a esta subestaci\u00f3n de Polic\u00eda capturaran a un hombre de 23 a\u00f1os, conocido como \u2018Marielo\u2019, el cual, momentos antes, al parecer habr\u00eda participado en [&hellip;]<\/p>\n","protected":false},"author":1,"featured_media":0,"comment_status":"open","ping_status":"open","sticky":false,"template":"","format":"standard","meta":{"footnotes":""},"categories":[36,29],"tags":[],"class_list":["post-43317","post","type-post","status-publish","format-standard","hentry","category-destacado","category-judicial"],"yoast_head":"<!-- This site is optimized with the Yoast SEO plugin v26.6 - https:\/\/yoast.com\/wordpress\/plugins\/seo\/ -->\n<title>Presunto reconocido delincuente de hurto a motos fue capturado en Pitalito -<\/title>\n<meta name=\"robots\" content=\"index, follow, max-snippet:-1, max-image-preview:large, max-video-preview:-1\" \/>\n<link rel=\"canonical\" href=\"https:\/\/luchonoticias.com\/editor\/presunto-reconocido-delincuente-de-hurto-a-motos-fue-capturado-en-pitalito\/\" \/>\n<meta property=\"og:locale\" content=\"es_ES\" \/>\n<meta property=\"og:type\" content=\"article\" \/>\n<meta property=\"og:title\" content=\"Presunto reconocido delincuente de hurto a motos fue capturado en Pitalito -\" \/>\n<meta property=\"og:url\" content=\"https:\/\/luchonoticias.com\/editor\/presunto-reconocido-delincuente-de-hurto-a-motos-fue-capturado-en-pitalito\/\" \/>\n<meta property=\"article:publisher\" content=\"https:\/\/www.facebook.com\/luchonoticiasneiva\" \/>\n<meta property=\"article:author\" content=\"https:\/\/www.facebook.com\/luchonoticiasneiva\" \/>\n<meta property=\"article:published_time\" content=\"2022-12-30T12:22:41+00:00\" \/>\n<meta property=\"article:modified_time\" content=\"2022-12-30T12:22:42+00:00\" \/>\n<meta name=\"author\" content=\"admin\" \/>\n<meta name=\"twitter:card\" content=\"summary_large_image\" \/>\n<meta name=\"twitter:label1\" content=\"Escrito por\" \/>\n\t<meta name=\"twitter:data1\" content=\"admin\" \/>\n\t<meta name=\"twitter:label2\" content=\"Tiempo de lectura\" \/>\n\t<meta name=\"twitter:data2\" content=\"1 minuto\" \/>\n<script type=\"application\/ld+json\" class=\"yoast-schema-graph\">{\"@context\":\"https:\/\/schema.org\",\"@graph\":[{\"@type\":\"Article\",\"@id\":\"https:\/\/luchonoticias.com\/editor\/presunto-reconocido-delincuente-de-hurto-a-motos-fue-capturado-en-pitalito\/#article\",\"isPartOf\":{\"@id\":\"https:\/\/luchonoticias.com\/editor\/presunto-reconocido-delincuente-de-hurto-a-motos-fue-capturado-en-pitalito\/\"},\"author\":{\"name\":\"admin\",\"@id\":\"https:\/\/luchonoticias.com\/editor\/#\/schema\/person\/7a7fd911f58561fd056dbac7b55af9cd\"},\"headline\":\"Presunto reconocido delincuente de hurto a motos fue capturado en Pitalito\",\"datePublished\":\"2022-12-30T12:22:41+00:00\",\"dateModified\":\"2022-12-30T12:22:42+00:00\",\"mainEntityOfPage\":{\"@id\":\"https:\/\/luchonoticias.com\/editor\/presunto-reconocido-delincuente-de-hurto-a-motos-fue-capturado-en-pitalito\/\"},\"wordCount\":219,\"commentCount\":0,\"publisher\":{\"@id\":\"https:\/\/luchonoticias.com\/editor\/#\/schema\/person\/7a7fd911f58561fd056dbac7b55af9cd\"},\"articleSection\":[\"Destacado\",\"Judicial\"],\"inLanguage\":\"es\",\"potentialAction\":[{\"@type\":\"CommentAction\",\"name\":\"Comment\",\"target\":[\"https:\/\/luchonoticias.com\/editor\/presunto-reconocido-delincuente-de-hurto-a-motos-fue-capturado-en-pitalito\/#respond\"]}]},{\"@type\":\"WebPage\",\"@id\":\"https:\/\/luchonoticias.com\/editor\/presunto-reconocido-delincuente-de-hurto-a-motos-fue-capturado-en-pitalito\/\",\"url\":\"https:\/\/luchonoticias.com\/editor\/presunto-reconocido-delincuente-de-hurto-a-motos-fue-capturado-en-pitalito\/\",\"name\":\"Presunto reconocido delincuente de hurto a motos fue capturado en Pitalito -\",\"isPartOf\":{\"@id\":\"https:\/\/luchonoticias.com\/editor\/#website\"},\"datePublished\":\"2022-12-30T12:22:41+00:00\",\"dateModified\":\"2022-12-30T12:22:42+00:00\",\"breadcrumb\":{\"@id\":\"https:\/\/luchonoticias.com\/editor\/presunto-reconocido-delincuente-de-hurto-a-motos-fue-capturado-en-pitalito\/#breadcrumb\"},\"inLanguage\":\"es\",\"potentialAction\":[{\"@type\":\"ReadAction\",\"target\":[\"https:\/\/luchonoticias.com\/editor\/presunto-reconocido-delincuente-de-hurto-a-motos-fue-capturado-en-pitalito\/\"]}]},{\"@type\":\"BreadcrumbList\",\"@id\":\"https:\/\/luchonoticias.com\/editor\/presunto-reconocido-delincuente-de-hurto-a-motos-fue-capturado-en-pitalito\/#breadcrumb\",\"itemListElement\":[{\"@type\":\"ListItem\",\"position\":1,\"name\":\"Portada\",\"item\":\"https:\/\/luchonoticias.com\/editor\/\"},{\"@type\":\"ListItem\",\"position\":2,\"name\":\"Presunto reconocido delincuente de hurto a motos fue capturado en Pitalito\"}]},{\"@type\":\"WebSite\",\"@id\":\"https:\/\/luchonoticias.com\/editor\/#website\",\"url\":\"https:\/\/luchonoticias.com\/editor\/\",\"name\":\"\",\"description\":\"\",\"publisher\":{\"@id\":\"https:\/\/luchonoticias.com\/editor\/#\/schema\/person\/7a7fd911f58561fd056dbac7b55af9cd\"},\"potentialAction\":[{\"@type\":\"SearchAction\",\"target\":{\"@type\":\"EntryPoint\",\"urlTemplate\":\"https:\/\/luchonoticias.com\/editor\/?s={search_term_string}\"},\"query-input\":{\"@type\":\"PropertyValueSpecification\",\"valueRequired\":true,\"valueName\":\"search_term_string\"}}],\"inLanguage\":\"es\"},{\"@type\":[\"Person\",\"Organization\"],\"@id\":\"https:\/\/luchonoticias.com\/editor\/#\/schema\/person\/7a7fd911f58561fd056dbac7b55af9cd\",\"name\":\"admin\",\"image\":{\"@type\":\"ImageObject\",\"inLanguage\":\"es\",\"@id\":\"https:\/\/luchonoticias.com\/editor\/#\/schema\/person\/image\/\",\"url\":\"https:\/\/luchonoticias.com\/editor\/wp-content\/uploads\/2024\/02\/cropped-cropped-logolu.webp\",\"contentUrl\":\"https:\/\/luchonoticias.com\/editor\/wp-content\/uploads\/2024\/02\/cropped-cropped-logolu.webp\",\"width\":382,\"height\":170,\"caption\":\"admin\"},\"logo\":{\"@id\":\"https:\/\/luchonoticias.com\/editor\/#\/schema\/person\/image\/\"},\"sameAs\":[\"https:\/\/www.facebook.com\/luchonoticiasneiva\"],\"url\":\"https:\/\/luchonoticias.com\/editor\/author\/admin\/\"}]}<\/script>\n<!-- \/ Yoast SEO plugin. -->","yoast_head_json":{"title":"Presunto reconocido delincuente de hurto a motos fue capturado en Pitalito -","robots":{"index":"index","follow":"follow","max-snippet":"max-snippet:-1","max-image-preview":"max-image-preview:large","max-video-preview":"max-video-preview:-1"},"canonical":"https:\/\/luchonoticias.com\/editor\/presunto-reconocido-delincuente-de-hurto-a-motos-fue-capturado-en-pitalito\/","og_locale":"es_ES","og_type":"article","og_title":"Presunto reconocido delincuente de hurto a motos fue capturado en Pitalito -","og_url":"https:\/\/luchonoticias.com\/editor\/presunto-reconocido-delincuente-de-hurto-a-motos-fue-capturado-en-pitalito\/","article_publisher":"https:\/\/www.facebook.com\/luchonoticiasneiva","article_author":"https:\/\/www.facebook.com\/luchonoticiasneiva","article_published_time":"2022-12-30T12:22:41+00:00","article_modified_time":"2022-12-30T12:22:42+00:00","author":"admin","twitter_card":"summary_large_image","twitter_misc":{"Escrito por":"admin","Tiempo de lectura":"1 minuto"},"schema":{"@context":"https:\/\/schema.org","@graph":[{"@type":"Article","@id":"https:\/\/luchonoticias.com\/editor\/presunto-reconocido-delincuente-de-hurto-a-motos-fue-capturado-en-pitalito\/#article","isPartOf":{"@id":"https:\/\/luchonoticias.com\/editor\/presunto-reconocido-delincuente-de-hurto-a-motos-fue-capturado-en-pitalito\/"},"author":{"name":"admin","@id":"https:\/\/luchonoticias.com\/editor\/#\/schema\/person\/7a7fd911f58561fd056dbac7b55af9cd"},"headline":"Presunto reconocido delincuente de hurto a motos fue capturado en Pitalito","datePublished":"2022-12-30T12:22:41+00:00","dateModified":"2022-12-30T12:22:42+00:00","mainEntityOfPage":{"@id":"https:\/\/luchonoticias.com\/editor\/presunto-reconocido-delincuente-de-hurto-a-motos-fue-capturado-en-pitalito\/"},"wordCount":219,"commentCount":0,"publisher":{"@id":"https:\/\/luchonoticias.com\/editor\/#\/schema\/person\/7a7fd911f58561fd056dbac7b55af9cd"},"articleSection":["Destacado","Judicial"],"inLanguage":"es","potentialAction":[{"@type":"CommentAction","name":"Comment","target":["https:\/\/luchonoticias.com\/editor\/presunto-reconocido-delincuente-de-hurto-a-motos-fue-capturado-en-pitalito\/#respond"]}]},{"@type":"WebPage","@id":"https:\/\/luchonoticias.com\/editor\/presunto-reconocido-delincuente-de-hurto-a-motos-fue-capturado-en-pitalito\/","url":"https:\/\/luchonoticias.com\/editor\/presunto-reconocido-delincuente-de-hurto-a-motos-fue-capturado-en-pitalito\/","name":"Presunto reconocido delincuente de hurto a motos fue capturado en Pitalito -","isPartOf":{"@id":"https:\/\/luchonoticias.com\/editor\/#website"},"datePublished":"2022-12-30T12:22:41+00:00","dateModified":"2022-12-30T12:22:42+00:00","breadcrumb":{"@id":"https:\/\/luchonoticias.com\/editor\/presunto-reconocido-delincuente-de-hurto-a-motos-fue-capturado-en-pitalito\/#breadcrumb"},"inLanguage":"es","potentialAction":[{"@type":"ReadAction","target":["https:\/\/luchonoticias.com\/editor\/presunto-reconocido-delincuente-de-hurto-a-motos-fue-capturado-en-pitalito\/"]}]},{"@type":"BreadcrumbList","@id":"https:\/\/luchonoticias.com\/editor\/presunto-reconocido-delincuente-de-hurto-a-motos-fue-capturado-en-pitalito\/#breadcrumb","itemListElement":[{"@type":"ListItem","position":1,"name":"Portada","item":"https:\/\/luchonoticias.com\/editor\/"},{"@type":"ListItem","position":2,"name":"Presunto reconocido delincuente de hurto a motos fue capturado en Pitalito"}]},{"@type":"WebSite","@id":"https:\/\/luchonoticias.com\/editor\/#website","url":"https:\/\/luchonoticias.com\/editor\/","name":"","description":"","publisher":{"@id":"https:\/\/luchonoticias.com\/editor\/#\/schema\/person\/7a7fd911f58561fd056dbac7b55af9cd"},"potentialAction":[{"@type":"SearchAction","target":{"@type":"EntryPoint","urlTemplate":"https:\/\/luchonoticias.com\/editor\/?s={search_term_string}"},"query-input":{"@type":"PropertyValueSpecification","valueRequired":true,"valueName":"search_term_string"}}],"inLanguage":"es"},{"@type":["Person","Organization"],"@id":"https:\/\/luchonoticias.com\/editor\/#\/schema\/person\/7a7fd911f58561fd056dbac7b55af9cd","name":"admin","image":{"@type":"ImageObject","inLanguage":"es","@id":"https:\/\/luchonoticias.com\/editor\/#\/schema\/person\/image\/","url":"https:\/\/luchonoticias.com\/editor\/wp-content\/uploads\/2024\/02\/cropped-cropped-logolu.webp","contentUrl":"https:\/\/luchonoticias.com\/editor\/wp-content\/uploads\/2024\/02\/cropped-cropped-logolu.webp","width":382,"height":170,"caption":"admin"},"logo":{"@id":"https:\/\/luchonoticias.com\/editor\/#\/schema\/person\/image\/"},"sameAs":["https:\/\/www.facebook.com\/luchonoticiasneiva"],"url":"https:\/\/luchonoticias.com\/editor\/author\/admin\/"}]}},"_links":{"self":[{"href":"https:\/\/luchonoticias.com\/editor\/wp-json\/wp\/v2\/posts\/43317","targetHints":{"allow":["GET"]}}],"collection":[{"href":"https:\/\/luchonoticias.com\/editor\/wp-json\/wp\/v2\/posts"}],"about":[{"href":"https:\/\/luchonoticias.com\/editor\/wp-json\/wp\/v2\/types\/post"}],"author":[{"embeddable":true,"href":"https:\/\/luchonoticias.com\/editor\/wp-json\/wp\/v2\/users\/1"}],"replies":[{"embeddable":true,"href":"https:\/\/luchonoticias.com\/editor\/wp-json\/wp\/v2\/comments?post=43317"}],"version-history":[{"count":0,"href":"https:\/\/luchonoticias.com\/editor\/wp-json\/wp\/v2\/posts\/43317\/revisions"}],"wp:attachment":[{"href":"https:\/\/luchonoticias.com\/editor\/wp-json\/wp\/v2\/media?parent=43317"}],"wp:term":[{"taxonomy":"category","embeddable":true,"href":"https:\/\/luchonoticias.com\/editor\/wp-json\/wp\/v2\/categories?post=43317"},{"taxonomy":"post_tag","embeddable":true,"href":"https:\/\/luchonoticias.com\/editor\/wp-json\/wp\/v2\/tags?post=43317"}],"curies":[{"name":"wp","href":"https:\/\/api.w.org\/{rel}","templated":true}]}}