{"id":43331,"date":"2022-12-30T11:29:55","date_gmt":"2022-12-30T16:29:55","guid":{"rendered":"https:\/\/luchonoticias.com\/?p=43331"},"modified":"2022-12-30T11:29:56","modified_gmt":"2022-12-30T16:29:56","slug":"positivas-cifras-de-movilizacion-aerea-en-colombia","status":"publish","type":"post","link":"https:\/\/luchonoticias.com\/editor\/positivas-cifras-de-movilizacion-aerea-en-colombia\/","title":{"rendered":"Positivas cifras de movilizaci\u00f3n a\u00e9rea en Colombia"},"content":{"rendered":"\n<p>El Ministerio de Transporte inform\u00f3 este jueves que&nbsp;<strong>entre enero y noviembre de 2022 se han movilizado 43\u2019583.088 pasajeros<\/strong>&nbsp;desde y hacia las terminales a\u00e9reas del pa\u00eds,&nbsp;<strong>cifra r\u00e9cord<\/strong>&nbsp;que supera a los cerca de 41,3 millones registrados durante todo el 2019, a\u00f1o que marc\u00f3 n\u00fameros hist\u00f3ricos.<\/p>\n\n\n\n<p>De acuerdo con informaci\u00f3n reportada por las aerol\u00edneas, 29\u2019860.945 pasajeros se movilizaron desde y hacia destinos nacionales, mientras que 13\u2019722.143 fueron a nivel internacional.<\/p>\n\n\n\n<p>As\u00ed mismo, entre enero y noviembre&nbsp;<strong>el mercado a\u00e9reo en 2022 ha crecido 64,3%,<\/strong>&nbsp;con relaci\u00f3n al mismo periodo de 2021. Frente a esto, el jefe de la cartera de Transporte, Guillermo Reyes, explic\u00f3 que \u201cse mantiene una tendencia creciente a consolidar el transporte a\u00e9reo en Colombia\u201d.<\/p>\n\n\n\n<p>Vale la pena resaltar que&nbsp;<strong>los aeropuertos pa\u00eds con mayor movilizaci\u00f3n de pasajeros<\/strong>&nbsp;son: El Dorado, en Bogot\u00e1; Jos\u00e9 Mar\u00eda C\u00f3rdova, en Rionegro; Alfonso Bonilla Arag\u00f3n, en Cali; Rafael N\u00fa\u00f1ez, en Cartagena y Sim\u00f3n Bol\u00edvar, en Santa Marta.<\/p>\n\n\n\n<p>Entre tanto,&nbsp;<strong>para este fin de a\u00f1o se espera la movilizaci\u00f3n de cerca de 528.179 pasajeros<\/strong>&nbsp;por las terminales a\u00e9reas del pa\u00eds; cerca de 356.285 desde y hacia destinos nacionales y 171.894 desde y hacia destinos internacionales.<\/p>\n\n\n\n<p>Las ciudades con mayor movilizaci\u00f3n por v\u00eda a\u00e9rea para este fin de semana ser\u00e1n Bogot\u00e1, Rionegro, Cali, Cartagena, Santa Marta, Barranquilla, San Andr\u00e9s, Pereira, Bucaramanga y C\u00facuta.<\/p>\n\n\n\n<p>Con informaci\u00f3n del Ministerio de Transporte.<\/p>\n","protected":false},"excerpt":{"rendered":"<p>El Ministerio de Transporte inform\u00f3 este jueves que&nbsp;entre enero y noviembre de 2022 se han movilizado 43\u2019583.088 pasajeros&nbsp;desde y hacia las terminales a\u00e9reas del pa\u00eds,&nbsp;cifra r\u00e9cord&nbsp;que supera a los cerca de 41,3 millones registrados durante todo el 2019, a\u00f1o que marc\u00f3 n\u00fameros hist\u00f3ricos. De acuerdo con informaci\u00f3n reportada por las aerol\u00edneas, 29\u2019860.945 pasajeros se movilizaron [&hellip;]<\/p>\n","protected":false},"author":1,"featured_media":0,"comment_status":"open","ping_status":"open","sticky":false,"template":"","format":"standard","meta":{"footnotes":""},"categories":[28],"tags":[],"class_list":["post-43331","post","type-post","status-publish","format-standard","hentry","category-actualidad"],"yoast_head":"<!-- This site is optimized with the Yoast SEO plugin v26.6 - https:\/\/yoast.com\/wordpress\/plugins\/seo\/ -->\n<title>Positivas cifras de movilizaci\u00f3n a\u00e9rea en Colombia -<\/title>\n<meta name=\"robots\" content=\"index, follow, max-snippet:-1, max-image-preview:large, max-video-preview:-1\" \/>\n<link rel=\"canonical\" href=\"https:\/\/luchonoticias.com\/editor\/positivas-cifras-de-movilizacion-aerea-en-colombia\/\" \/>\n<meta property=\"og:locale\" content=\"es_ES\" \/>\n<meta property=\"og:type\" content=\"article\" \/>\n<meta property=\"og:title\" content=\"Positivas cifras de movilizaci\u00f3n a\u00e9rea en Colombia -\" \/>\n<meta property=\"og:url\" content=\"https:\/\/luchonoticias.com\/editor\/positivas-cifras-de-movilizacion-aerea-en-colombia\/\" \/>\n<meta property=\"article:publisher\" content=\"https:\/\/www.facebook.com\/luchonoticiasneiva\" \/>\n<meta property=\"article:author\" content=\"https:\/\/www.facebook.com\/luchonoticiasneiva\" \/>\n<meta property=\"article:published_time\" content=\"2022-12-30T16:29:55+00:00\" \/>\n<meta property=\"article:modified_time\" content=\"2022-12-30T16:29:56+00:00\" \/>\n<meta name=\"author\" content=\"admin\" \/>\n<meta name=\"twitter:card\" content=\"summary_large_image\" \/>\n<meta name=\"twitter:label1\" content=\"Escrito por\" \/>\n\t<meta name=\"twitter:data1\" content=\"admin\" \/>\n\t<meta name=\"twitter:label2\" content=\"Tiempo de lectura\" \/>\n\t<meta name=\"twitter:data2\" content=\"1 minuto\" \/>\n<script type=\"application\/ld+json\" class=\"yoast-schema-graph\">{\"@context\":\"https:\/\/schema.org\",\"@graph\":[{\"@type\":\"Article\",\"@id\":\"https:\/\/luchonoticias.com\/editor\/positivas-cifras-de-movilizacion-aerea-en-colombia\/#article\",\"isPartOf\":{\"@id\":\"https:\/\/luchonoticias.com\/editor\/positivas-cifras-de-movilizacion-aerea-en-colombia\/\"},\"author\":{\"name\":\"admin\",\"@id\":\"https:\/\/luchonoticias.com\/editor\/#\/schema\/person\/7a7fd911f58561fd056dbac7b55af9cd\"},\"headline\":\"Positivas cifras de movilizaci\u00f3n a\u00e9rea en Colombia\",\"datePublished\":\"2022-12-30T16:29:55+00:00\",\"dateModified\":\"2022-12-30T16:29:56+00:00\",\"mainEntityOfPage\":{\"@id\":\"https:\/\/luchonoticias.com\/editor\/positivas-cifras-de-movilizacion-aerea-en-colombia\/\"},\"wordCount\":263,\"commentCount\":0,\"publisher\":{\"@id\":\"https:\/\/luchonoticias.com\/editor\/#\/schema\/person\/7a7fd911f58561fd056dbac7b55af9cd\"},\"articleSection\":[\"Actualidad\"],\"inLanguage\":\"es\",\"potentialAction\":[{\"@type\":\"CommentAction\",\"name\":\"Comment\",\"target\":[\"https:\/\/luchonoticias.com\/editor\/positivas-cifras-de-movilizacion-aerea-en-colombia\/#respond\"]}]},{\"@type\":\"WebPage\",\"@id\":\"https:\/\/luchonoticias.com\/editor\/positivas-cifras-de-movilizacion-aerea-en-colombia\/\",\"url\":\"https:\/\/luchonoticias.com\/editor\/positivas-cifras-de-movilizacion-aerea-en-colombia\/\",\"name\":\"Positivas cifras de movilizaci\u00f3n a\u00e9rea en Colombia -\",\"isPartOf\":{\"@id\":\"https:\/\/luchonoticias.com\/editor\/#website\"},\"datePublished\":\"2022-12-30T16:29:55+00:00\",\"dateModified\":\"2022-12-30T16:29:56+00:00\",\"breadcrumb\":{\"@id\":\"https:\/\/luchonoticias.com\/editor\/positivas-cifras-de-movilizacion-aerea-en-colombia\/#breadcrumb\"},\"inLanguage\":\"es\",\"potentialAction\":[{\"@type\":\"ReadAction\",\"target\":[\"https:\/\/luchonoticias.com\/editor\/positivas-cifras-de-movilizacion-aerea-en-colombia\/\"]}]},{\"@type\":\"BreadcrumbList\",\"@id\":\"https:\/\/luchonoticias.com\/editor\/positivas-cifras-de-movilizacion-aerea-en-colombia\/#breadcrumb\",\"itemListElement\":[{\"@type\":\"ListItem\",\"position\":1,\"name\":\"Portada\",\"item\":\"https:\/\/luchonoticias.com\/editor\/\"},{\"@type\":\"ListItem\",\"position\":2,\"name\":\"Positivas cifras de movilizaci\u00f3n a\u00e9rea en Colombia\"}]},{\"@type\":\"WebSite\",\"@id\":\"https:\/\/luchonoticias.com\/editor\/#website\",\"url\":\"https:\/\/luchonoticias.com\/editor\/\",\"name\":\"\",\"description\":\"\",\"publisher\":{\"@id\":\"https:\/\/luchonoticias.com\/editor\/#\/schema\/person\/7a7fd911f58561fd056dbac7b55af9cd\"},\"potentialAction\":[{\"@type\":\"SearchAction\",\"target\":{\"@type\":\"EntryPoint\",\"urlTemplate\":\"https:\/\/luchonoticias.com\/editor\/?s={search_term_string}\"},\"query-input\":{\"@type\":\"PropertyValueSpecification\",\"valueRequired\":true,\"valueName\":\"search_term_string\"}}],\"inLanguage\":\"es\"},{\"@type\":[\"Person\",\"Organization\"],\"@id\":\"https:\/\/luchonoticias.com\/editor\/#\/schema\/person\/7a7fd911f58561fd056dbac7b55af9cd\",\"name\":\"admin\",\"image\":{\"@type\":\"ImageObject\",\"inLanguage\":\"es\",\"@id\":\"https:\/\/luchonoticias.com\/editor\/#\/schema\/person\/image\/\",\"url\":\"https:\/\/luchonoticias.com\/editor\/wp-content\/uploads\/2024\/02\/cropped-cropped-logolu.webp\",\"contentUrl\":\"https:\/\/luchonoticias.com\/editor\/wp-content\/uploads\/2024\/02\/cropped-cropped-logolu.webp\",\"width\":382,\"height\":170,\"caption\":\"admin\"},\"logo\":{\"@id\":\"https:\/\/luchonoticias.com\/editor\/#\/schema\/person\/image\/\"},\"sameAs\":[\"https:\/\/www.facebook.com\/luchonoticiasneiva\"],\"url\":\"https:\/\/luchonoticias.com\/editor\/author\/admin\/\"}]}<\/script>\n<!-- \/ Yoast SEO plugin. -->","yoast_head_json":{"title":"Positivas cifras de movilizaci\u00f3n a\u00e9rea en Colombia -","robots":{"index":"index","follow":"follow","max-snippet":"max-snippet:-1","max-image-preview":"max-image-preview:large","max-video-preview":"max-video-preview:-1"},"canonical":"https:\/\/luchonoticias.com\/editor\/positivas-cifras-de-movilizacion-aerea-en-colombia\/","og_locale":"es_ES","og_type":"article","og_title":"Positivas cifras de movilizaci\u00f3n a\u00e9rea en Colombia -","og_url":"https:\/\/luchonoticias.com\/editor\/positivas-cifras-de-movilizacion-aerea-en-colombia\/","article_publisher":"https:\/\/www.facebook.com\/luchonoticiasneiva","article_author":"https:\/\/www.facebook.com\/luchonoticiasneiva","article_published_time":"2022-12-30T16:29:55+00:00","article_modified_time":"2022-12-30T16:29:56+00:00","author":"admin","twitter_card":"summary_large_image","twitter_misc":{"Escrito por":"admin","Tiempo de lectura":"1 minuto"},"schema":{"@context":"https:\/\/schema.org","@graph":[{"@type":"Article","@id":"https:\/\/luchonoticias.com\/editor\/positivas-cifras-de-movilizacion-aerea-en-colombia\/#article","isPartOf":{"@id":"https:\/\/luchonoticias.com\/editor\/positivas-cifras-de-movilizacion-aerea-en-colombia\/"},"author":{"name":"admin","@id":"https:\/\/luchonoticias.com\/editor\/#\/schema\/person\/7a7fd911f58561fd056dbac7b55af9cd"},"headline":"Positivas cifras de movilizaci\u00f3n a\u00e9rea en Colombia","datePublished":"2022-12-30T16:29:55+00:00","dateModified":"2022-12-30T16:29:56+00:00","mainEntityOfPage":{"@id":"https:\/\/luchonoticias.com\/editor\/positivas-cifras-de-movilizacion-aerea-en-colombia\/"},"wordCount":263,"commentCount":0,"publisher":{"@id":"https:\/\/luchonoticias.com\/editor\/#\/schema\/person\/7a7fd911f58561fd056dbac7b55af9cd"},"articleSection":["Actualidad"],"inLanguage":"es","potentialAction":[{"@type":"CommentAction","name":"Comment","target":["https:\/\/luchonoticias.com\/editor\/positivas-cifras-de-movilizacion-aerea-en-colombia\/#respond"]}]},{"@type":"WebPage","@id":"https:\/\/luchonoticias.com\/editor\/positivas-cifras-de-movilizacion-aerea-en-colombia\/","url":"https:\/\/luchonoticias.com\/editor\/positivas-cifras-de-movilizacion-aerea-en-colombia\/","name":"Positivas cifras de movilizaci\u00f3n a\u00e9rea en Colombia -","isPartOf":{"@id":"https:\/\/luchonoticias.com\/editor\/#website"},"datePublished":"2022-12-30T16:29:55+00:00","dateModified":"2022-12-30T16:29:56+00:00","breadcrumb":{"@id":"https:\/\/luchonoticias.com\/editor\/positivas-cifras-de-movilizacion-aerea-en-colombia\/#breadcrumb"},"inLanguage":"es","potentialAction":[{"@type":"ReadAction","target":["https:\/\/luchonoticias.com\/editor\/positivas-cifras-de-movilizacion-aerea-en-colombia\/"]}]},{"@type":"BreadcrumbList","@id":"https:\/\/luchonoticias.com\/editor\/positivas-cifras-de-movilizacion-aerea-en-colombia\/#breadcrumb","itemListElement":[{"@type":"ListItem","position":1,"name":"Portada","item":"https:\/\/luchonoticias.com\/editor\/"},{"@type":"ListItem","position":2,"name":"Positivas cifras de movilizaci\u00f3n a\u00e9rea en Colombia"}]},{"@type":"WebSite","@id":"https:\/\/luchonoticias.com\/editor\/#website","url":"https:\/\/luchonoticias.com\/editor\/","name":"","description":"","publisher":{"@id":"https:\/\/luchonoticias.com\/editor\/#\/schema\/person\/7a7fd911f58561fd056dbac7b55af9cd"},"potentialAction":[{"@type":"SearchAction","target":{"@type":"EntryPoint","urlTemplate":"https:\/\/luchonoticias.com\/editor\/?s={search_term_string}"},"query-input":{"@type":"PropertyValueSpecification","valueRequired":true,"valueName":"search_term_string"}}],"inLanguage":"es"},{"@type":["Person","Organization"],"@id":"https:\/\/luchonoticias.com\/editor\/#\/schema\/person\/7a7fd911f58561fd056dbac7b55af9cd","name":"admin","image":{"@type":"ImageObject","inLanguage":"es","@id":"https:\/\/luchonoticias.com\/editor\/#\/schema\/person\/image\/","url":"https:\/\/luchonoticias.com\/editor\/wp-content\/uploads\/2024\/02\/cropped-cropped-logolu.webp","contentUrl":"https:\/\/luchonoticias.com\/editor\/wp-content\/uploads\/2024\/02\/cropped-cropped-logolu.webp","width":382,"height":170,"caption":"admin"},"logo":{"@id":"https:\/\/luchonoticias.com\/editor\/#\/schema\/person\/image\/"},"sameAs":["https:\/\/www.facebook.com\/luchonoticiasneiva"],"url":"https:\/\/luchonoticias.com\/editor\/author\/admin\/"}]}},"_links":{"self":[{"href":"https:\/\/luchonoticias.com\/editor\/wp-json\/wp\/v2\/posts\/43331","targetHints":{"allow":["GET"]}}],"collection":[{"href":"https:\/\/luchonoticias.com\/editor\/wp-json\/wp\/v2\/posts"}],"about":[{"href":"https:\/\/luchonoticias.com\/editor\/wp-json\/wp\/v2\/types\/post"}],"author":[{"embeddable":true,"href":"https:\/\/luchonoticias.com\/editor\/wp-json\/wp\/v2\/users\/1"}],"replies":[{"embeddable":true,"href":"https:\/\/luchonoticias.com\/editor\/wp-json\/wp\/v2\/comments?post=43331"}],"version-history":[{"count":0,"href":"https:\/\/luchonoticias.com\/editor\/wp-json\/wp\/v2\/posts\/43331\/revisions"}],"wp:attachment":[{"href":"https:\/\/luchonoticias.com\/editor\/wp-json\/wp\/v2\/media?parent=43331"}],"wp:term":[{"taxonomy":"category","embeddable":true,"href":"https:\/\/luchonoticias.com\/editor\/wp-json\/wp\/v2\/categories?post=43331"},{"taxonomy":"post_tag","embeddable":true,"href":"https:\/\/luchonoticias.com\/editor\/wp-json\/wp\/v2\/tags?post=43331"}],"curies":[{"name":"wp","href":"https:\/\/api.w.org\/{rel}","templated":true}]}}