{"id":43334,"date":"2022-12-30T14:57:18","date_gmt":"2022-12-30T19:57:18","guid":{"rendered":"https:\/\/luchonoticias.com\/?p=43334"},"modified":"2022-12-30T14:57:19","modified_gmt":"2022-12-30T19:57:19","slug":"aprehendido-adolescente-con-una-motocicleta-hurtada-en-la-comuna-8-de-neiva","status":"publish","type":"post","link":"https:\/\/luchonoticias.com\/editor\/aprehendido-adolescente-con-una-motocicleta-hurtada-en-la-comuna-8-de-neiva\/","title":{"rendered":"Aprehendido adolescente con una motocicleta hurtada en la comuna 8 de Neiva"},"content":{"rendered":"\n<p>La Polic\u00eda Metropolitana de Neiva en desarrollo de planes de vigilancia y control,&nbsp; logra en las \u00faltimas horas, la aprehensi\u00f3n de un adolescente de 17 a\u00f1os, quien conduc\u00eda una motocicleta que hab\u00eda sido hurtada.<\/p>\n\n\n\n<p>\u201cAs\u00ed las cosas, el grupo de reacci\u00f3n F\u00c9NIX, logran la aprehensi\u00f3n de un adolescente de 17 a\u00f1os de edad residente en el barrio Pe\u00f1o Redondo, quien al momento de solicitar antecedentes a la motocicleta que conduc\u00eda arroja resultado positivo con reporte de hurto\u201d, revelaron las autoridades competentes.<\/p>\n\n\n\n<p>Finalmente, las fuentes oficiales dieron a conocer que el menor fue dejado a disposici\u00f3n de autoridad competente, donde un juez de control de menores definir\u00e1 su situaci\u00f3n jur\u00eddica.<\/p>\n","protected":false},"excerpt":{"rendered":"<p>La Polic\u00eda Metropolitana de Neiva en desarrollo de planes de vigilancia y control,&nbsp; logra en las \u00faltimas horas, la aprehensi\u00f3n de un adolescente de 17 a\u00f1os, quien conduc\u00eda una motocicleta que hab\u00eda sido hurtada. \u201cAs\u00ed las cosas, el grupo de reacci\u00f3n F\u00c9NIX, logran la aprehensi\u00f3n de un adolescente de 17 a\u00f1os de edad residente en [&hellip;]<\/p>\n","protected":false},"author":1,"featured_media":0,"comment_status":"open","ping_status":"open","sticky":false,"template":"","format":"standard","meta":{"footnotes":""},"categories":[36,29],"tags":[],"class_list":["post-43334","post","type-post","status-publish","format-standard","hentry","category-destacado","category-judicial"],"yoast_head":"<!-- This site is optimized with the Yoast SEO plugin v26.6 - https:\/\/yoast.com\/wordpress\/plugins\/seo\/ -->\n<title>Aprehendido adolescente con una motocicleta hurtada en la comuna 8 de Neiva -<\/title>\n<meta name=\"robots\" content=\"index, follow, max-snippet:-1, max-image-preview:large, max-video-preview:-1\" \/>\n<link rel=\"canonical\" href=\"https:\/\/luchonoticias.com\/editor\/aprehendido-adolescente-con-una-motocicleta-hurtada-en-la-comuna-8-de-neiva\/\" \/>\n<meta property=\"og:locale\" content=\"es_ES\" \/>\n<meta property=\"og:type\" content=\"article\" \/>\n<meta property=\"og:title\" content=\"Aprehendido adolescente con una motocicleta hurtada en la comuna 8 de Neiva -\" \/>\n<meta property=\"og:url\" content=\"https:\/\/luchonoticias.com\/editor\/aprehendido-adolescente-con-una-motocicleta-hurtada-en-la-comuna-8-de-neiva\/\" \/>\n<meta property=\"article:publisher\" content=\"https:\/\/www.facebook.com\/luchonoticiasneiva\" \/>\n<meta property=\"article:author\" content=\"https:\/\/www.facebook.com\/luchonoticiasneiva\" \/>\n<meta property=\"article:published_time\" content=\"2022-12-30T19:57:18+00:00\" \/>\n<meta property=\"article:modified_time\" content=\"2022-12-30T19:57:19+00:00\" \/>\n<meta name=\"author\" content=\"admin\" \/>\n<meta name=\"twitter:card\" content=\"summary_large_image\" \/>\n<meta name=\"twitter:label1\" content=\"Escrito por\" \/>\n\t<meta name=\"twitter:data1\" content=\"admin\" \/>\n\t<meta name=\"twitter:label2\" content=\"Tiempo de lectura\" \/>\n\t<meta name=\"twitter:data2\" content=\"1 minuto\" \/>\n<script type=\"application\/ld+json\" class=\"yoast-schema-graph\">{\"@context\":\"https:\/\/schema.org\",\"@graph\":[{\"@type\":\"Article\",\"@id\":\"https:\/\/luchonoticias.com\/editor\/aprehendido-adolescente-con-una-motocicleta-hurtada-en-la-comuna-8-de-neiva\/#article\",\"isPartOf\":{\"@id\":\"https:\/\/luchonoticias.com\/editor\/aprehendido-adolescente-con-una-motocicleta-hurtada-en-la-comuna-8-de-neiva\/\"},\"author\":{\"name\":\"admin\",\"@id\":\"https:\/\/luchonoticias.com\/editor\/#\/schema\/person\/7a7fd911f58561fd056dbac7b55af9cd\"},\"headline\":\"Aprehendido adolescente con una motocicleta hurtada en la comuna 8 de Neiva\",\"datePublished\":\"2022-12-30T19:57:18+00:00\",\"dateModified\":\"2022-12-30T19:57:19+00:00\",\"mainEntityOfPage\":{\"@id\":\"https:\/\/luchonoticias.com\/editor\/aprehendido-adolescente-con-una-motocicleta-hurtada-en-la-comuna-8-de-neiva\/\"},\"wordCount\":133,\"commentCount\":0,\"publisher\":{\"@id\":\"https:\/\/luchonoticias.com\/editor\/#\/schema\/person\/7a7fd911f58561fd056dbac7b55af9cd\"},\"articleSection\":[\"Destacado\",\"Judicial\"],\"inLanguage\":\"es\",\"potentialAction\":[{\"@type\":\"CommentAction\",\"name\":\"Comment\",\"target\":[\"https:\/\/luchonoticias.com\/editor\/aprehendido-adolescente-con-una-motocicleta-hurtada-en-la-comuna-8-de-neiva\/#respond\"]}]},{\"@type\":\"WebPage\",\"@id\":\"https:\/\/luchonoticias.com\/editor\/aprehendido-adolescente-con-una-motocicleta-hurtada-en-la-comuna-8-de-neiva\/\",\"url\":\"https:\/\/luchonoticias.com\/editor\/aprehendido-adolescente-con-una-motocicleta-hurtada-en-la-comuna-8-de-neiva\/\",\"name\":\"Aprehendido adolescente con una motocicleta hurtada en la comuna 8 de Neiva -\",\"isPartOf\":{\"@id\":\"https:\/\/luchonoticias.com\/editor\/#website\"},\"datePublished\":\"2022-12-30T19:57:18+00:00\",\"dateModified\":\"2022-12-30T19:57:19+00:00\",\"breadcrumb\":{\"@id\":\"https:\/\/luchonoticias.com\/editor\/aprehendido-adolescente-con-una-motocicleta-hurtada-en-la-comuna-8-de-neiva\/#breadcrumb\"},\"inLanguage\":\"es\",\"potentialAction\":[{\"@type\":\"ReadAction\",\"target\":[\"https:\/\/luchonoticias.com\/editor\/aprehendido-adolescente-con-una-motocicleta-hurtada-en-la-comuna-8-de-neiva\/\"]}]},{\"@type\":\"BreadcrumbList\",\"@id\":\"https:\/\/luchonoticias.com\/editor\/aprehendido-adolescente-con-una-motocicleta-hurtada-en-la-comuna-8-de-neiva\/#breadcrumb\",\"itemListElement\":[{\"@type\":\"ListItem\",\"position\":1,\"name\":\"Portada\",\"item\":\"https:\/\/luchonoticias.com\/editor\/\"},{\"@type\":\"ListItem\",\"position\":2,\"name\":\"Aprehendido adolescente con una motocicleta hurtada en la comuna 8 de Neiva\"}]},{\"@type\":\"WebSite\",\"@id\":\"https:\/\/luchonoticias.com\/editor\/#website\",\"url\":\"https:\/\/luchonoticias.com\/editor\/\",\"name\":\"\",\"description\":\"\",\"publisher\":{\"@id\":\"https:\/\/luchonoticias.com\/editor\/#\/schema\/person\/7a7fd911f58561fd056dbac7b55af9cd\"},\"potentialAction\":[{\"@type\":\"SearchAction\",\"target\":{\"@type\":\"EntryPoint\",\"urlTemplate\":\"https:\/\/luchonoticias.com\/editor\/?s={search_term_string}\"},\"query-input\":{\"@type\":\"PropertyValueSpecification\",\"valueRequired\":true,\"valueName\":\"search_term_string\"}}],\"inLanguage\":\"es\"},{\"@type\":[\"Person\",\"Organization\"],\"@id\":\"https:\/\/luchonoticias.com\/editor\/#\/schema\/person\/7a7fd911f58561fd056dbac7b55af9cd\",\"name\":\"admin\",\"image\":{\"@type\":\"ImageObject\",\"inLanguage\":\"es\",\"@id\":\"https:\/\/luchonoticias.com\/editor\/#\/schema\/person\/image\/\",\"url\":\"https:\/\/luchonoticias.com\/editor\/wp-content\/uploads\/2024\/02\/cropped-cropped-logolu.webp\",\"contentUrl\":\"https:\/\/luchonoticias.com\/editor\/wp-content\/uploads\/2024\/02\/cropped-cropped-logolu.webp\",\"width\":382,\"height\":170,\"caption\":\"admin\"},\"logo\":{\"@id\":\"https:\/\/luchonoticias.com\/editor\/#\/schema\/person\/image\/\"},\"sameAs\":[\"https:\/\/www.facebook.com\/luchonoticiasneiva\"],\"url\":\"https:\/\/luchonoticias.com\/editor\/author\/admin\/\"}]}<\/script>\n<!-- \/ Yoast SEO plugin. -->","yoast_head_json":{"title":"Aprehendido adolescente con una motocicleta hurtada en la comuna 8 de Neiva -","robots":{"index":"index","follow":"follow","max-snippet":"max-snippet:-1","max-image-preview":"max-image-preview:large","max-video-preview":"max-video-preview:-1"},"canonical":"https:\/\/luchonoticias.com\/editor\/aprehendido-adolescente-con-una-motocicleta-hurtada-en-la-comuna-8-de-neiva\/","og_locale":"es_ES","og_type":"article","og_title":"Aprehendido adolescente con una motocicleta hurtada en la comuna 8 de Neiva -","og_url":"https:\/\/luchonoticias.com\/editor\/aprehendido-adolescente-con-una-motocicleta-hurtada-en-la-comuna-8-de-neiva\/","article_publisher":"https:\/\/www.facebook.com\/luchonoticiasneiva","article_author":"https:\/\/www.facebook.com\/luchonoticiasneiva","article_published_time":"2022-12-30T19:57:18+00:00","article_modified_time":"2022-12-30T19:57:19+00:00","author":"admin","twitter_card":"summary_large_image","twitter_misc":{"Escrito por":"admin","Tiempo de lectura":"1 minuto"},"schema":{"@context":"https:\/\/schema.org","@graph":[{"@type":"Article","@id":"https:\/\/luchonoticias.com\/editor\/aprehendido-adolescente-con-una-motocicleta-hurtada-en-la-comuna-8-de-neiva\/#article","isPartOf":{"@id":"https:\/\/luchonoticias.com\/editor\/aprehendido-adolescente-con-una-motocicleta-hurtada-en-la-comuna-8-de-neiva\/"},"author":{"name":"admin","@id":"https:\/\/luchonoticias.com\/editor\/#\/schema\/person\/7a7fd911f58561fd056dbac7b55af9cd"},"headline":"Aprehendido adolescente con una motocicleta hurtada en la comuna 8 de Neiva","datePublished":"2022-12-30T19:57:18+00:00","dateModified":"2022-12-30T19:57:19+00:00","mainEntityOfPage":{"@id":"https:\/\/luchonoticias.com\/editor\/aprehendido-adolescente-con-una-motocicleta-hurtada-en-la-comuna-8-de-neiva\/"},"wordCount":133,"commentCount":0,"publisher":{"@id":"https:\/\/luchonoticias.com\/editor\/#\/schema\/person\/7a7fd911f58561fd056dbac7b55af9cd"},"articleSection":["Destacado","Judicial"],"inLanguage":"es","potentialAction":[{"@type":"CommentAction","name":"Comment","target":["https:\/\/luchonoticias.com\/editor\/aprehendido-adolescente-con-una-motocicleta-hurtada-en-la-comuna-8-de-neiva\/#respond"]}]},{"@type":"WebPage","@id":"https:\/\/luchonoticias.com\/editor\/aprehendido-adolescente-con-una-motocicleta-hurtada-en-la-comuna-8-de-neiva\/","url":"https:\/\/luchonoticias.com\/editor\/aprehendido-adolescente-con-una-motocicleta-hurtada-en-la-comuna-8-de-neiva\/","name":"Aprehendido adolescente con una motocicleta hurtada en la comuna 8 de Neiva -","isPartOf":{"@id":"https:\/\/luchonoticias.com\/editor\/#website"},"datePublished":"2022-12-30T19:57:18+00:00","dateModified":"2022-12-30T19:57:19+00:00","breadcrumb":{"@id":"https:\/\/luchonoticias.com\/editor\/aprehendido-adolescente-con-una-motocicleta-hurtada-en-la-comuna-8-de-neiva\/#breadcrumb"},"inLanguage":"es","potentialAction":[{"@type":"ReadAction","target":["https:\/\/luchonoticias.com\/editor\/aprehendido-adolescente-con-una-motocicleta-hurtada-en-la-comuna-8-de-neiva\/"]}]},{"@type":"BreadcrumbList","@id":"https:\/\/luchonoticias.com\/editor\/aprehendido-adolescente-con-una-motocicleta-hurtada-en-la-comuna-8-de-neiva\/#breadcrumb","itemListElement":[{"@type":"ListItem","position":1,"name":"Portada","item":"https:\/\/luchonoticias.com\/editor\/"},{"@type":"ListItem","position":2,"name":"Aprehendido adolescente con una motocicleta hurtada en la comuna 8 de Neiva"}]},{"@type":"WebSite","@id":"https:\/\/luchonoticias.com\/editor\/#website","url":"https:\/\/luchonoticias.com\/editor\/","name":"","description":"","publisher":{"@id":"https:\/\/luchonoticias.com\/editor\/#\/schema\/person\/7a7fd911f58561fd056dbac7b55af9cd"},"potentialAction":[{"@type":"SearchAction","target":{"@type":"EntryPoint","urlTemplate":"https:\/\/luchonoticias.com\/editor\/?s={search_term_string}"},"query-input":{"@type":"PropertyValueSpecification","valueRequired":true,"valueName":"search_term_string"}}],"inLanguage":"es"},{"@type":["Person","Organization"],"@id":"https:\/\/luchonoticias.com\/editor\/#\/schema\/person\/7a7fd911f58561fd056dbac7b55af9cd","name":"admin","image":{"@type":"ImageObject","inLanguage":"es","@id":"https:\/\/luchonoticias.com\/editor\/#\/schema\/person\/image\/","url":"https:\/\/luchonoticias.com\/editor\/wp-content\/uploads\/2024\/02\/cropped-cropped-logolu.webp","contentUrl":"https:\/\/luchonoticias.com\/editor\/wp-content\/uploads\/2024\/02\/cropped-cropped-logolu.webp","width":382,"height":170,"caption":"admin"},"logo":{"@id":"https:\/\/luchonoticias.com\/editor\/#\/schema\/person\/image\/"},"sameAs":["https:\/\/www.facebook.com\/luchonoticiasneiva"],"url":"https:\/\/luchonoticias.com\/editor\/author\/admin\/"}]}},"_links":{"self":[{"href":"https:\/\/luchonoticias.com\/editor\/wp-json\/wp\/v2\/posts\/43334","targetHints":{"allow":["GET"]}}],"collection":[{"href":"https:\/\/luchonoticias.com\/editor\/wp-json\/wp\/v2\/posts"}],"about":[{"href":"https:\/\/luchonoticias.com\/editor\/wp-json\/wp\/v2\/types\/post"}],"author":[{"embeddable":true,"href":"https:\/\/luchonoticias.com\/editor\/wp-json\/wp\/v2\/users\/1"}],"replies":[{"embeddable":true,"href":"https:\/\/luchonoticias.com\/editor\/wp-json\/wp\/v2\/comments?post=43334"}],"version-history":[{"count":0,"href":"https:\/\/luchonoticias.com\/editor\/wp-json\/wp\/v2\/posts\/43334\/revisions"}],"wp:attachment":[{"href":"https:\/\/luchonoticias.com\/editor\/wp-json\/wp\/v2\/media?parent=43334"}],"wp:term":[{"taxonomy":"category","embeddable":true,"href":"https:\/\/luchonoticias.com\/editor\/wp-json\/wp\/v2\/categories?post=43334"},{"taxonomy":"post_tag","embeddable":true,"href":"https:\/\/luchonoticias.com\/editor\/wp-json\/wp\/v2\/tags?post=43334"}],"curies":[{"name":"wp","href":"https:\/\/api.w.org\/{rel}","templated":true}]}}