{"id":43337,"date":"2022-12-30T15:01:44","date_gmt":"2022-12-30T20:01:44","guid":{"rendered":"https:\/\/luchonoticias.com\/?p=43337"},"modified":"2022-12-30T15:01:45","modified_gmt":"2022-12-30T20:01:45","slug":"gobierno-petro-designa-como-voceros-de-paz-a-10-lideres-sociales-y-estudiantes-detenidos-en-el-marco-de-la-protesta-social","status":"publish","type":"post","link":"https:\/\/luchonoticias.com\/editor\/gobierno-petro-designa-como-voceros-de-paz-a-10-lideres-sociales-y-estudiantes-detenidos-en-el-marco-de-la-protesta-social\/","title":{"rendered":"Gobierno Petro designa como Voceros de Paz a 10 l\u00edderes sociales y estudiantes detenidos en el marco de la protesta social"},"content":{"rendered":"\n<p>El Presidente de la Rep\u00fablica, Gustavo Petro Urrego, como director y encargado de guardar y recuperar el orden p\u00fablico en el pa\u00eds, con base en la Constituci\u00f3n Pol\u00edtica de Colombia y amparado en la Ley de Orden P\u00fablico (2272 de 2022), ha tomado la decisi\u00f3n de designar como Voceros de Paz a 10 l\u00edderes sociales que fueron capturados en el marco de la protesta social. Ellos son: Andr\u00e9s Cabrales, Daniela P\u00e9rez, Ludier Felipe Camacho, Steven Guevara, Cristian Andr\u00e9s Cu\u00e9llar, Kevin Garc\u00eda, Daniel Fernando Ruiz, Edwin Pimentel, Andr\u00e9s Felipe Yara S\u00e1nchez y Davis Esteban L\u00f3pez Barrera.<\/p>\n\n\n\n<p>Esta medida busca acompa\u00f1ar la misi\u00f3n de desescalar la conflictividad social en el pa\u00eds, promover la reconciliaci\u00f3n entre los colombianos y la convivencia pac\u00edfica en el marco de la Paz Total y, de esta forma, arrebatarles los j\u00f3venes a la violencia.<\/p>\n\n\n\n<p>Los j\u00f3venes han manifestado, a trav\u00e9s de sus apoderados, la voluntad de ejercer su rol como Voceros de Paz. Una vez sean designados en tal rol, se comprometen, adem\u00e1s de la declaraci\u00f3n de su lugar de residencia, a comenzar una ruta de acompa\u00f1amiento que incluye:<\/p>\n\n\n\n<p>En este sentido, los Voceros de Paz tendr\u00e1n que atender todas las diligencias judiciales a las que sean citados en el marco de sus procesos penales. Por todo lo anterior, en caso de cometer cualquier actividad delictiva, incumplir con su proceso judicial o sus obligaciones como Voceros de Paz, se proceder\u00e1 a revocar sus designaciones.<\/p>\n\n\n\n<p>Las personas que ingresan al programa de Voceros de Paz har\u00e1n parte de proyectos de entidades como la Unidad Nacional para la Gesti\u00f3n del Riesgo de Desastres (en apoyo a la temporada de lluvias, ollas comunitarias y entrega de ayuda humanitaria), Unidad para las V\u00edctimas, el Sistema de Di\u00e1logo y Convivencia del Ministerio del Interior y el Grupo de Trabajo e Inclusi\u00f3n del Ministerio del Trabajo, entre otros.<\/p>\n\n\n\n<p>Es importante aclarar que el Estado no asignar\u00e1 salarios a los Voceros de Paz, ni generar\u00e1 contratos laborales.<\/p>\n\n\n\n<p>El proceso con los Voceros de Paz cuenta con la legitimidad y apoyo de la Fiscal\u00eda General de la Naci\u00f3n.<\/p>\n\n\n\n<p>El Gobierno nacional, en cabeza del Presidente de la Rep\u00fablica, es respetuoso de la divisi\u00f3n de poderes y de la autonom\u00eda de los jueces. La designaci\u00f3n de los Voceros de Paz NO interrumpe el desarrollo de los procesos penales, los cuales seguir\u00e1n su curso en el marco de la autonom\u00eda judicial.<\/p>\n\n\n\n<p>Perfiles de los l\u00edderes sociales designados como Voceros de Paz:<\/p>\n\n\n\n<p><strong>\u25cf\u00a0\u00a0\u00a0\u00a0\u00a0\u00a0\u00a0\u00a0\u00a0\u00a0\u00a0\u00a0 Andr\u00e9s Cabrales \u2013 L\u00edder estudiantil y pol\u00edtico<\/strong><\/p>\n\n\n\n<p>Estado del proceso: sindicado.<\/p>\n\n\n\n<p>Delitos por los que se investiga: concierto para delinquir y tenencia, fabricaci\u00f3n y tr\u00e1fico de sustancias u objetos peligrosos.<\/p>\n\n\n\n<p>Estudiante del programa t\u00e9cnico laboral por competencias en auxiliar en sistemas, perteneciente al grupo significativo de personas \u2018Somos m\u00e1s PDA\u2019,&nbsp; que trabajaba en el \u00e1rea de los derechos humanos dentro del marco de la protesta social y desarrollaba actividades de trabajo comunitario.<\/p>\n\n\n\n<p><strong>\u25cf\u00a0\u00a0\u00a0\u00a0\u00a0\u00a0\u00a0\u00a0\u00a0\u00a0\u00a0\u00a0 Daniela P\u00e9rez Gantiva \u2013 Estudiante<\/strong><\/p>\n\n\n\n<p>Estado del proceso: sindicada.<\/p>\n\n\n\n<p>Delitos por los que se investiga: Empleo o lanzamiento de sustancias u objetos peligrosos, tenencia, fabricaci\u00f3n y tr\u00e1fico de sustancias u objetos peligrosos, concierto para delinquir, violencia contra servidor p\u00fablico e instigaci\u00f3n a delinquir.<\/p>\n\n\n\n<p>Es estudiante de veterinaria, l\u00edder juvenil y animalista de Engativ\u00e1 (Bogot\u00e1). Se ha dedicado al trabajo y cuidado de los animales. En 2021, apoy\u00f3 las protestas del Paro Nacional. Por su liderazgo, ayud\u00f3 a organizar a los j\u00f3venes de Engativ\u00e1 para recoger dinero para la alimentaci\u00f3n y medicamentos que se necesitaron.<\/p>\n\n\n\n<p><strong>\u25cf\u00a0\u00a0\u00a0\u00a0\u00a0\u00a0\u00a0\u00a0\u00a0\u00a0\u00a0\u00a0 Ludier Felipe Camacho \u2013 Artista y deportista<\/strong><\/p>\n\n\n\n<p>Estado del proceso: sindicado.<\/p>\n\n\n\n<p>Delitos por los que se investiga: Concierto para delinquir agravado, tenencia de objetos y sustancias peligrosas, lanzamiento de objetos y sustancias peligrosas, perturbaci\u00f3n en medio del transporte p\u00fablico colectivo u oficial y violencia contra servidor p\u00fablico.<\/p>\n\n\n\n<p>Joven artista urbano y deportista de 21 a\u00f1os que vive solo con su madre, una mujer de 62 a\u00f1os, enferma de diabetes y tensi\u00f3n alta, a quien Felipe brindaba su cuidado hasta la fecha de su detenci\u00f3n.<\/p>\n\n\n\n<p>Este joven trabajaba como alistador de autos y camiones nuevos y usados. Adem\u00e1s, dado que es un deportista dedicado, no solo practicaba f\u00fatbol, skate boarding y BMX, sino que trabajaba como entrenador y como juez en diferentes competencias en las que contribu\u00eda a la formaci\u00f3n deportiva de ni\u00f1os, ni\u00f1as y adolescentes.<\/p>\n\n\n\n<p><strong>\u25cf\u00a0\u00a0\u00a0\u00a0\u00a0\u00a0\u00a0\u00a0\u00a0\u00a0\u00a0\u00a0 Steven Guevara \u2013 Gastr\u00f3nomo<\/strong><\/p>\n\n\n\n<p>Estado del proceso: sindicado<\/p>\n\n\n\n<p>Delitos por los que se investiga: concierto para delinquir con fines terroristas, tenencia de objetos y sustancias peligrosas, lanzamiento de objetos y sustancias peligrosas y violencia contra servidor p\u00fablico en concurso heterog\u00e9neo.<\/p>\n\n\n\n<p>Steven estudi\u00f3 gastronom\u00eda en el Sena y en el Polit\u00e9cnico Internacional. Ha trabajado en restaurante y su proyecto personal y econ\u00f3mico es montar un restaurante.<\/p>\n\n\n\n<p><strong>\u25cf\u00a0\u00a0\u00a0\u00a0\u00a0\u00a0\u00a0\u00a0\u00a0\u00a0\u00a0\u00a0 Cristian Andr\u00e9s Reyes Cu\u00e9llar \u2013 l\u00edder social<\/strong><\/p>\n\n\n\n<p>Estado del proceso: sindicado.<\/p>\n\n\n\n<p>Delitos por los que se investiga: perturbaci\u00f3n en servicio de transporte p\u00fablico, colectivo u oficial, obstrucci\u00f3n a las v\u00edas p\u00fablicas y concierto para delinquir.<\/p>\n\n\n\n<p>Es un l\u00edder social de 32 a\u00f1os de edad y, en el marco de sus actividades laborales, ha organizado, junto con sus compa\u00f1eros del gremio transportador de Neiva, diferentes escenarios de activaci\u00f3n social, como apoyo t\u00e9cnico en carreteras a otros conductores, entrega de regalos y alimentos a ni\u00f1as, ni\u00f1os y adoslescentes.<\/p>\n\n\n\n<p>Profesional en salud ocupacional y auxiliar de enfermer\u00eda con m\u00e1s de 7 a\u00f1os de experiencia en el sector. Tambi\u00e9n se ha desempe\u00f1ado en el sector de exploraci\u00f3n y explotaci\u00f3n de hidrocarburos, \u00e1rea en el que ostenta variadas certificaciones de aptitud t\u00e9cnica.<\/p>\n\n\n\n<p>Padre de una ni\u00f1a de 6 a\u00f1os de edad.<\/p>\n\n\n\n<p><strong>\u25cf\u00a0\u00a0\u00a0\u00a0\u00a0\u00a0\u00a0\u00a0\u00a0\u00a0\u00a0\u00a0 Kevin David Garc\u00eda Mosquera \u2013 Deportista<\/strong><\/p>\n\n\n\n<p>Estado del proceso: sindicado<\/p>\n\n\n\n<p>Delitos por los que se investiga: concierto para delinquir, perturbaci\u00f3n en servicio p\u00fablico, colectivo u oficial, obstrucci\u00f3n a las v\u00edas p\u00fablicas, incendio, constre\u00f1imiento ilegal e instigaci\u00f3n para delinquir.<\/p>\n\n\n\n<p>Kevin David Garc\u00eda Mosquera tiene 23 a\u00f1os, naci\u00f3 el 12 de diciembre de 1998, es oriundo del municipio de Garz\u00f3n, Huila, y desde muy temprana edad fue v\u00edctima de la violencia y del conflicto armado, raz\u00f3n por la cual \u00e9l y su familia sufrieron el desplazamiento forzado.<\/p>\n\n\n\n<p>Kevin David, se ha destacado por su liderazgo y trabajo social en los barrios m\u00e1s humildes de la ciudad de Neiva, instruyendo a ni\u00f1os y ni\u00f1as de barrios de estratos 1 y 2 en actividades deportivas, especialmente, el \u2018Parkour o arte del desplazamiento\u2019, que es una actividad que posee importantes valores asociados a la \u201cauto superaci\u00f3n, la perseverancia, el autoconocimiento y la fortaleza\u201d.<\/p>\n\n\n\n<p>Al momento de su detenci\u00f3n, Kevin lideraba un proyecto de Parkour denominado \u2018Urban Elements\u2019, conformado por 12 personas, destinado a aportar en la construcci\u00f3n de condiciones distantes de la violencia y como propuesta al cambio en los barrios cooptados por la violencia, la presencia de grupos armados y el consumo y venta de sustancias ilegales y alucin\u00f3genas.<\/p>\n\n\n\n<p>Sin embargo, este proyecto se vio truncado debido al proceso penal y la privaci\u00f3n de la libertad que hoy padece.<\/p>\n\n\n\n<p>Kevin, en su proyecto de vida de aportar en la construcci\u00f3n de la paz, dictaba clases de manera gratuita a los ni\u00f1os y ni\u00f1as que, a trav\u00e9s del Parkour, han buscado un cambio para su barrio, en un contexto de desigualdad que ha marcado la vida de personas que, como \u00e9l, han sido desplazados y v\u00edctimas de la violencia y el conflicto armado desde muy corta edad.<\/p>\n\n\n\n<p><strong>\u25cf\u00a0\u00a0\u00a0\u00a0\u00a0\u00a0\u00a0\u00a0\u00a0\u00a0\u00a0\u00a0 Daniel Fernando Ruiz \u2013 L\u00edder social<\/strong><\/p>\n\n\n\n<p>Estado del proceso: sindicado<\/p>\n\n\n\n<p>Delitos por los que se investiga: Empleo y lanzamiento de sustancias y objetos peligrosos, tenencia, fabricaci\u00f3n y tr\u00e1fico de objetos peligrosos, violencia contra servidor p\u00fablico y concierto para delinquir, instigaci\u00f3n a delinquir, perturbaci\u00f3n en medio de transporte p\u00fablico colectivo u oficial.<\/p>\n\n\n\n<p>Es un reconocido l\u00edder social de la localidad de Engativ\u00e1 y ha desarrollado trabajo comunitario, en alianza para varios proyectos y procesos juveniles, deportivos, ambientales, y otras iniciativas territoriales para la promoci\u00f3n y mejoramiento de la calidad de vida de los ciudadanos, as\u00ed como la creaci\u00f3n de tejido social en la localidad de Engativ\u00e1.<\/p>\n\n\n\n<p><strong>\u25cf\u00a0\u00a0\u00a0\u00a0\u00a0\u00a0\u00a0\u00a0\u00a0\u00a0\u00a0\u00a0 Edwin Herrera Pimentel \u2013 L\u00edder social<\/strong><\/p>\n\n\n\n<p>Estado del proceso: sindicado.<\/p>\n\n\n\n<p>Delitos por los que se investiga: Concierto para delinquir, terrorismo y obstrucci\u00f3n de v\u00edas p\u00fablicas.<\/p>\n\n\n\n<p>Joven de 23 a\u00f1os que ha prestado servicio por la comunidad. Seg\u00fan su historia de vida, a los 13 a\u00f1os ingres\u00f3 al grupo de ac\u00f3litos de la parroquia Santa Clara de As\u00eds. Desde ah\u00ed se inici\u00f3 su servicio social, brindando el apoyo log\u00edstico en catequesis y coordinaci\u00f3n de grupos parroquiales, como infancia misionera y dem\u00e1s. Con el pasar del tiempo, enfoc\u00f3 su trabajo social en los animales en condici\u00f3n de abandono, as\u00ed como en las distintas comunidades marginadas de la ciudad. De este modo nace la idea de visibilizar este trabajo, creando el personaje de \u2018El Fil\u00f3sofo\u2019.<\/p>\n\n\n\n<p><strong>\u25cf\u00a0\u00a0\u00a0\u00a0\u00a0\u00a0\u00a0\u00a0\u00a0\u00a0\u00a0\u00a0 Andr\u00e9s Felipe Yara Vargas \u2013 Estudiante<\/strong><\/p>\n\n\n\n<p>Estado del proceso: sindicado<\/p>\n\n\n\n<p>Delitos por los que se investiga: Concierto para delinquir, perturbaci\u00f3n en servicio de transporte p\u00fablico, colectivo u oficial, obstrucci\u00f3n de v\u00edas p\u00fablicas, incendio y constre\u00f1imiento ilegal.<\/p>\n\n\n\n<p>Andres Felipe Yara es un joven estudiante de 10 semestre licenciatura en Educaci\u00f3n Art\u00edstica y cultural, se ha destacado por participar activamente en distintos eventos culturales como di\u00e1logos para el fortalecimiento del sector Circense, en Dramaturgia \u2013 Actuaci\u00f3n y Direcci\u00f3n en la escena Circense.<\/p>\n\n\n\n<p>Ha participado en espacios de paz y derechos humanos, liderados por la Secretaria de Cultura de Neiva. Su participaci\u00f3n desde el arte fue destacada en la movilizaci\u00f3n social.<\/p>\n\n\n\n<p><strong>\u25cf\u00a0\u00a0\u00a0\u00a0\u00a0\u00a0\u00a0\u00a0\u00a0\u00a0\u00a0\u00a0 Davis Esteban L\u00f3pez Barrera \u2013 L\u00edder pol\u00edtico<\/strong><\/p>\n\n\n\n<p>Estado del proceso: sindicado<\/p>\n\n\n\n<p>Delitos por los que se investiga: Elaboraci\u00f3n de elementos con sustancias peligrosas.<\/p>\n\n\n\n<p>David pertenece al gripo significativo de personas \u2018Somos m\u00e1s PDA\u2019, que trabaja en el \u00e1rea de derechos humanos dentro del marco de la protesta social y desarrolla actividades de trabajo comunitario. Ha sido voluntario de la Cruz Roja desde 2020 y ha estado dentro del programa de Servicio Social Estudiantil.<\/p>\n\n\n\n<p>Desde 2022, funge como voluntario de la Cruz Roja Seccional Santander en el programa de Paz, Acci\u00f3n y Convivencia, que es un programa de la organizaci\u00f3n de car\u00e1cter informativo, orientado a la b\u00fasqueda y promoci\u00f3n de alternativas de acci\u00f3n a partir de la cotidianidad que contribuyan a lograr el desarrollo integral de la persona y su comunidad, en un ambiente de respeto, tolerancia, solidaridad y convivencia social.<\/p>\n\n\n\n<p>En el \u00e1rea deportiva, ha practicado la disciplina de calistenia, en la modalidad de Street Workout, desde 2017 Ha sido atleta de nivel departamental en dicho deporte.<\/p>\n\n\n\n<p>Se encuentra inscrito en el programa de Antropolog\u00eda de la Universidad de Santander.<\/p>\n","protected":false},"excerpt":{"rendered":"<p>El Presidente de la Rep\u00fablica, Gustavo Petro Urrego, como director y encargado de guardar y recuperar el orden p\u00fablico en el pa\u00eds, con base en la Constituci\u00f3n Pol\u00edtica de Colombia y amparado en la Ley de Orden P\u00fablico (2272 de 2022), ha tomado la decisi\u00f3n de designar como Voceros de Paz a 10 l\u00edderes sociales [&hellip;]<\/p>\n","protected":false},"author":1,"featured_media":0,"comment_status":"open","ping_status":"open","sticky":false,"template":"","format":"standard","meta":{"footnotes":""},"categories":[36,32],"tags":[],"class_list":["post-43337","post","type-post","status-publish","format-standard","hentry","category-destacado","category-nacional"],"yoast_head":"<!-- This site is optimized with the Yoast SEO plugin v26.6 - https:\/\/yoast.com\/wordpress\/plugins\/seo\/ -->\n<title>Gobierno Petro designa como Voceros de Paz a 10 l\u00edderes sociales y estudiantes detenidos en el marco de la protesta social -<\/title>\n<meta name=\"robots\" content=\"index, follow, max-snippet:-1, max-image-preview:large, max-video-preview:-1\" \/>\n<link rel=\"canonical\" href=\"https:\/\/luchonoticias.com\/editor\/gobierno-petro-designa-como-voceros-de-paz-a-10-lideres-sociales-y-estudiantes-detenidos-en-el-marco-de-la-protesta-social\/\" \/>\n<meta property=\"og:locale\" content=\"es_ES\" \/>\n<meta property=\"og:type\" content=\"article\" \/>\n<meta property=\"og:title\" content=\"Gobierno Petro designa como Voceros de Paz a 10 l\u00edderes sociales y estudiantes detenidos en el marco de la protesta social -\" \/>\n<meta property=\"og:url\" content=\"https:\/\/luchonoticias.com\/editor\/gobierno-petro-designa-como-voceros-de-paz-a-10-lideres-sociales-y-estudiantes-detenidos-en-el-marco-de-la-protesta-social\/\" \/>\n<meta property=\"article:publisher\" content=\"https:\/\/www.facebook.com\/luchonoticiasneiva\" \/>\n<meta property=\"article:author\" content=\"https:\/\/www.facebook.com\/luchonoticiasneiva\" \/>\n<meta property=\"article:published_time\" content=\"2022-12-30T20:01:44+00:00\" \/>\n<meta property=\"article:modified_time\" content=\"2022-12-30T20:01:45+00:00\" \/>\n<meta name=\"author\" content=\"admin\" \/>\n<meta name=\"twitter:card\" content=\"summary_large_image\" \/>\n<meta name=\"twitter:label1\" content=\"Escrito por\" \/>\n\t<meta name=\"twitter:data1\" content=\"admin\" \/>\n\t<meta name=\"twitter:label2\" content=\"Tiempo de lectura\" \/>\n\t<meta name=\"twitter:data2\" content=\"9 minutos\" \/>\n<script type=\"application\/ld+json\" class=\"yoast-schema-graph\">{\"@context\":\"https:\/\/schema.org\",\"@graph\":[{\"@type\":\"Article\",\"@id\":\"https:\/\/luchonoticias.com\/editor\/gobierno-petro-designa-como-voceros-de-paz-a-10-lideres-sociales-y-estudiantes-detenidos-en-el-marco-de-la-protesta-social\/#article\",\"isPartOf\":{\"@id\":\"https:\/\/luchonoticias.com\/editor\/gobierno-petro-designa-como-voceros-de-paz-a-10-lideres-sociales-y-estudiantes-detenidos-en-el-marco-de-la-protesta-social\/\"},\"author\":{\"name\":\"admin\",\"@id\":\"https:\/\/luchonoticias.com\/editor\/#\/schema\/person\/7a7fd911f58561fd056dbac7b55af9cd\"},\"headline\":\"Gobierno Petro designa como Voceros de Paz a 10 l\u00edderes sociales y estudiantes detenidos en el marco de la protesta social\",\"datePublished\":\"2022-12-30T20:01:44+00:00\",\"dateModified\":\"2022-12-30T20:01:45+00:00\",\"mainEntityOfPage\":{\"@id\":\"https:\/\/luchonoticias.com\/editor\/gobierno-petro-designa-como-voceros-de-paz-a-10-lideres-sociales-y-estudiantes-detenidos-en-el-marco-de-la-protesta-social\/\"},\"wordCount\":1879,\"commentCount\":0,\"publisher\":{\"@id\":\"https:\/\/luchonoticias.com\/editor\/#\/schema\/person\/7a7fd911f58561fd056dbac7b55af9cd\"},\"articleSection\":[\"Destacado\",\"Nacional\"],\"inLanguage\":\"es\",\"potentialAction\":[{\"@type\":\"CommentAction\",\"name\":\"Comment\",\"target\":[\"https:\/\/luchonoticias.com\/editor\/gobierno-petro-designa-como-voceros-de-paz-a-10-lideres-sociales-y-estudiantes-detenidos-en-el-marco-de-la-protesta-social\/#respond\"]}]},{\"@type\":\"WebPage\",\"@id\":\"https:\/\/luchonoticias.com\/editor\/gobierno-petro-designa-como-voceros-de-paz-a-10-lideres-sociales-y-estudiantes-detenidos-en-el-marco-de-la-protesta-social\/\",\"url\":\"https:\/\/luchonoticias.com\/editor\/gobierno-petro-designa-como-voceros-de-paz-a-10-lideres-sociales-y-estudiantes-detenidos-en-el-marco-de-la-protesta-social\/\",\"name\":\"Gobierno Petro designa como Voceros de Paz a 10 l\u00edderes sociales y estudiantes detenidos en el marco de la protesta social -\",\"isPartOf\":{\"@id\":\"https:\/\/luchonoticias.com\/editor\/#website\"},\"datePublished\":\"2022-12-30T20:01:44+00:00\",\"dateModified\":\"2022-12-30T20:01:45+00:00\",\"breadcrumb\":{\"@id\":\"https:\/\/luchonoticias.com\/editor\/gobierno-petro-designa-como-voceros-de-paz-a-10-lideres-sociales-y-estudiantes-detenidos-en-el-marco-de-la-protesta-social\/#breadcrumb\"},\"inLanguage\":\"es\",\"potentialAction\":[{\"@type\":\"ReadAction\",\"target\":[\"https:\/\/luchonoticias.com\/editor\/gobierno-petro-designa-como-voceros-de-paz-a-10-lideres-sociales-y-estudiantes-detenidos-en-el-marco-de-la-protesta-social\/\"]}]},{\"@type\":\"BreadcrumbList\",\"@id\":\"https:\/\/luchonoticias.com\/editor\/gobierno-petro-designa-como-voceros-de-paz-a-10-lideres-sociales-y-estudiantes-detenidos-en-el-marco-de-la-protesta-social\/#breadcrumb\",\"itemListElement\":[{\"@type\":\"ListItem\",\"position\":1,\"name\":\"Portada\",\"item\":\"https:\/\/luchonoticias.com\/editor\/\"},{\"@type\":\"ListItem\",\"position\":2,\"name\":\"Gobierno Petro designa como Voceros de Paz a 10 l\u00edderes sociales y estudiantes detenidos en el marco de la protesta social\"}]},{\"@type\":\"WebSite\",\"@id\":\"https:\/\/luchonoticias.com\/editor\/#website\",\"url\":\"https:\/\/luchonoticias.com\/editor\/\",\"name\":\"\",\"description\":\"\",\"publisher\":{\"@id\":\"https:\/\/luchonoticias.com\/editor\/#\/schema\/person\/7a7fd911f58561fd056dbac7b55af9cd\"},\"potentialAction\":[{\"@type\":\"SearchAction\",\"target\":{\"@type\":\"EntryPoint\",\"urlTemplate\":\"https:\/\/luchonoticias.com\/editor\/?s={search_term_string}\"},\"query-input\":{\"@type\":\"PropertyValueSpecification\",\"valueRequired\":true,\"valueName\":\"search_term_string\"}}],\"inLanguage\":\"es\"},{\"@type\":[\"Person\",\"Organization\"],\"@id\":\"https:\/\/luchonoticias.com\/editor\/#\/schema\/person\/7a7fd911f58561fd056dbac7b55af9cd\",\"name\":\"admin\",\"image\":{\"@type\":\"ImageObject\",\"inLanguage\":\"es\",\"@id\":\"https:\/\/luchonoticias.com\/editor\/#\/schema\/person\/image\/\",\"url\":\"https:\/\/luchonoticias.com\/editor\/wp-content\/uploads\/2024\/02\/cropped-cropped-logolu.webp\",\"contentUrl\":\"https:\/\/luchonoticias.com\/editor\/wp-content\/uploads\/2024\/02\/cropped-cropped-logolu.webp\",\"width\":382,\"height\":170,\"caption\":\"admin\"},\"logo\":{\"@id\":\"https:\/\/luchonoticias.com\/editor\/#\/schema\/person\/image\/\"},\"sameAs\":[\"https:\/\/www.facebook.com\/luchonoticiasneiva\"],\"url\":\"https:\/\/luchonoticias.com\/editor\/author\/admin\/\"}]}<\/script>\n<!-- \/ Yoast SEO plugin. -->","yoast_head_json":{"title":"Gobierno Petro designa como Voceros de Paz a 10 l\u00edderes sociales y estudiantes detenidos en el marco de la protesta social -","robots":{"index":"index","follow":"follow","max-snippet":"max-snippet:-1","max-image-preview":"max-image-preview:large","max-video-preview":"max-video-preview:-1"},"canonical":"https:\/\/luchonoticias.com\/editor\/gobierno-petro-designa-como-voceros-de-paz-a-10-lideres-sociales-y-estudiantes-detenidos-en-el-marco-de-la-protesta-social\/","og_locale":"es_ES","og_type":"article","og_title":"Gobierno Petro designa como Voceros de Paz a 10 l\u00edderes sociales y estudiantes detenidos en el marco de la protesta social -","og_url":"https:\/\/luchonoticias.com\/editor\/gobierno-petro-designa-como-voceros-de-paz-a-10-lideres-sociales-y-estudiantes-detenidos-en-el-marco-de-la-protesta-social\/","article_publisher":"https:\/\/www.facebook.com\/luchonoticiasneiva","article_author":"https:\/\/www.facebook.com\/luchonoticiasneiva","article_published_time":"2022-12-30T20:01:44+00:00","article_modified_time":"2022-12-30T20:01:45+00:00","author":"admin","twitter_card":"summary_large_image","twitter_misc":{"Escrito por":"admin","Tiempo de lectura":"9 minutos"},"schema":{"@context":"https:\/\/schema.org","@graph":[{"@type":"Article","@id":"https:\/\/luchonoticias.com\/editor\/gobierno-petro-designa-como-voceros-de-paz-a-10-lideres-sociales-y-estudiantes-detenidos-en-el-marco-de-la-protesta-social\/#article","isPartOf":{"@id":"https:\/\/luchonoticias.com\/editor\/gobierno-petro-designa-como-voceros-de-paz-a-10-lideres-sociales-y-estudiantes-detenidos-en-el-marco-de-la-protesta-social\/"},"author":{"name":"admin","@id":"https:\/\/luchonoticias.com\/editor\/#\/schema\/person\/7a7fd911f58561fd056dbac7b55af9cd"},"headline":"Gobierno Petro designa como Voceros de Paz a 10 l\u00edderes sociales y estudiantes detenidos en el marco de la protesta social","datePublished":"2022-12-30T20:01:44+00:00","dateModified":"2022-12-30T20:01:45+00:00","mainEntityOfPage":{"@id":"https:\/\/luchonoticias.com\/editor\/gobierno-petro-designa-como-voceros-de-paz-a-10-lideres-sociales-y-estudiantes-detenidos-en-el-marco-de-la-protesta-social\/"},"wordCount":1879,"commentCount":0,"publisher":{"@id":"https:\/\/luchonoticias.com\/editor\/#\/schema\/person\/7a7fd911f58561fd056dbac7b55af9cd"},"articleSection":["Destacado","Nacional"],"inLanguage":"es","potentialAction":[{"@type":"CommentAction","name":"Comment","target":["https:\/\/luchonoticias.com\/editor\/gobierno-petro-designa-como-voceros-de-paz-a-10-lideres-sociales-y-estudiantes-detenidos-en-el-marco-de-la-protesta-social\/#respond"]}]},{"@type":"WebPage","@id":"https:\/\/luchonoticias.com\/editor\/gobierno-petro-designa-como-voceros-de-paz-a-10-lideres-sociales-y-estudiantes-detenidos-en-el-marco-de-la-protesta-social\/","url":"https:\/\/luchonoticias.com\/editor\/gobierno-petro-designa-como-voceros-de-paz-a-10-lideres-sociales-y-estudiantes-detenidos-en-el-marco-de-la-protesta-social\/","name":"Gobierno Petro designa como Voceros de Paz a 10 l\u00edderes sociales y estudiantes detenidos en el marco de la protesta social -","isPartOf":{"@id":"https:\/\/luchonoticias.com\/editor\/#website"},"datePublished":"2022-12-30T20:01:44+00:00","dateModified":"2022-12-30T20:01:45+00:00","breadcrumb":{"@id":"https:\/\/luchonoticias.com\/editor\/gobierno-petro-designa-como-voceros-de-paz-a-10-lideres-sociales-y-estudiantes-detenidos-en-el-marco-de-la-protesta-social\/#breadcrumb"},"inLanguage":"es","potentialAction":[{"@type":"ReadAction","target":["https:\/\/luchonoticias.com\/editor\/gobierno-petro-designa-como-voceros-de-paz-a-10-lideres-sociales-y-estudiantes-detenidos-en-el-marco-de-la-protesta-social\/"]}]},{"@type":"BreadcrumbList","@id":"https:\/\/luchonoticias.com\/editor\/gobierno-petro-designa-como-voceros-de-paz-a-10-lideres-sociales-y-estudiantes-detenidos-en-el-marco-de-la-protesta-social\/#breadcrumb","itemListElement":[{"@type":"ListItem","position":1,"name":"Portada","item":"https:\/\/luchonoticias.com\/editor\/"},{"@type":"ListItem","position":2,"name":"Gobierno Petro designa como Voceros de Paz a 10 l\u00edderes sociales y estudiantes detenidos en el marco de la protesta social"}]},{"@type":"WebSite","@id":"https:\/\/luchonoticias.com\/editor\/#website","url":"https:\/\/luchonoticias.com\/editor\/","name":"","description":"","publisher":{"@id":"https:\/\/luchonoticias.com\/editor\/#\/schema\/person\/7a7fd911f58561fd056dbac7b55af9cd"},"potentialAction":[{"@type":"SearchAction","target":{"@type":"EntryPoint","urlTemplate":"https:\/\/luchonoticias.com\/editor\/?s={search_term_string}"},"query-input":{"@type":"PropertyValueSpecification","valueRequired":true,"valueName":"search_term_string"}}],"inLanguage":"es"},{"@type":["Person","Organization"],"@id":"https:\/\/luchonoticias.com\/editor\/#\/schema\/person\/7a7fd911f58561fd056dbac7b55af9cd","name":"admin","image":{"@type":"ImageObject","inLanguage":"es","@id":"https:\/\/luchonoticias.com\/editor\/#\/schema\/person\/image\/","url":"https:\/\/luchonoticias.com\/editor\/wp-content\/uploads\/2024\/02\/cropped-cropped-logolu.webp","contentUrl":"https:\/\/luchonoticias.com\/editor\/wp-content\/uploads\/2024\/02\/cropped-cropped-logolu.webp","width":382,"height":170,"caption":"admin"},"logo":{"@id":"https:\/\/luchonoticias.com\/editor\/#\/schema\/person\/image\/"},"sameAs":["https:\/\/www.facebook.com\/luchonoticiasneiva"],"url":"https:\/\/luchonoticias.com\/editor\/author\/admin\/"}]}},"_links":{"self":[{"href":"https:\/\/luchonoticias.com\/editor\/wp-json\/wp\/v2\/posts\/43337","targetHints":{"allow":["GET"]}}],"collection":[{"href":"https:\/\/luchonoticias.com\/editor\/wp-json\/wp\/v2\/posts"}],"about":[{"href":"https:\/\/luchonoticias.com\/editor\/wp-json\/wp\/v2\/types\/post"}],"author":[{"embeddable":true,"href":"https:\/\/luchonoticias.com\/editor\/wp-json\/wp\/v2\/users\/1"}],"replies":[{"embeddable":true,"href":"https:\/\/luchonoticias.com\/editor\/wp-json\/wp\/v2\/comments?post=43337"}],"version-history":[{"count":0,"href":"https:\/\/luchonoticias.com\/editor\/wp-json\/wp\/v2\/posts\/43337\/revisions"}],"wp:attachment":[{"href":"https:\/\/luchonoticias.com\/editor\/wp-json\/wp\/v2\/media?parent=43337"}],"wp:term":[{"taxonomy":"category","embeddable":true,"href":"https:\/\/luchonoticias.com\/editor\/wp-json\/wp\/v2\/categories?post=43337"},{"taxonomy":"post_tag","embeddable":true,"href":"https:\/\/luchonoticias.com\/editor\/wp-json\/wp\/v2\/tags?post=43337"}],"curies":[{"name":"wp","href":"https:\/\/api.w.org\/{rel}","templated":true}]}}