{"id":43340,"date":"2022-12-31T06:56:05","date_gmt":"2022-12-31T11:56:05","guid":{"rendered":"https:\/\/luchonoticias.com\/?p=43340"},"modified":"2022-12-31T06:56:06","modified_gmt":"2022-12-31T11:56:06","slug":"murio-joseph-aloisius-ratzinger-papa-benedicto-xvi","status":"publish","type":"post","link":"https:\/\/luchonoticias.com\/editor\/murio-joseph-aloisius-ratzinger-papa-benedicto-xvi\/","title":{"rendered":"Muri\u00f3 Joseph Aloisius Ratzinger, Papa Benedicto XVI"},"content":{"rendered":"\n<p>El papa em\u00e9rito Benedicto XVI, cuyo nombre real era Joseph Aloisius Ratzinger, muri\u00f3 a los 95 a\u00f1os, tras unas largas semanas de duras complicaciones en su estado de salud.<\/p>\n\n\n\n<p>El papa te\u00f3logo, naci\u00f3 en Alemania, fue arzobispo de M\u00fanich, se convirti\u00f3 en la mano derecha de Juan Pablo II, asumi\u00f3 en 2005 y marc\u00f3 historia al renunciar en 2013.<\/p>\n\n\n\n<p>\u201cCon pesar doy a conocer que el papa em\u00e9rito Benedicto XVI ha fallecido hoy a las 9:34 horas en el Monasterio Mater Ecclesiae del Vaticano. Apenas sea posible se proporcionar\u00e1 mayor informaci\u00f3n\u201d, se\u00f1al\u00f3 el director de la oficina de prensa vaticana en un comunicado. La capilla ardiente se ubicar\u00e1 en la Bas\u00edlica de San Pedro a partir del lunes 2 de enero por la ma\u00f1ana.<\/p>\n\n\n\n<p>La preocupaci\u00f3n por el estado de salud del papa y te\u00f3logo alem\u00e1n surgi\u00f3 el mi\u00e9rcoles 28 de diciembre, cuando su sucesor, Francisco, reconoci\u00f3 que estaba \u201cmuy enfermo\u201d y pidi\u00f3 \u201cuna oraci\u00f3n especial\u201d a los fieles que asist\u00edan a su audiencia general.<\/p>\n\n\n\n<p>Poco despu\u00e9s, el portavoz de la Santa Sede, Matteo Bruni, confirm\u00f3 que el estado de salud de Benedicto XVI se hab\u00edan \u201cagravado a causa de su avanzada edad\u201d.<\/p>\n\n\n\n<p><strong>El papa Francisco presidir\u00e1 el 5 de enero el funeral de Benedicto XVI<\/strong><\/p>\n\n\n\n<p>El funeral por el pont\u00edfice em\u00e9rito Benedicto XVI, se celebrar\u00e1 el pr\u00f3ximo 5 de enero en la plaza de San Pedro y ser\u00e1 oficiado por el papa Francisco, inform\u00f3 el portavoz del Vaticano, Matteo Bruni.<\/p>\n\n\n\n<p>\u201cCon pesar doy a conocer que el Papa em\u00e9rito Benedicto XVI ha fallecido a las 9:34 horas en el Monasterio Mater Ecclesiae del Vaticano\u201d, reza la nota oficial del Vaticano, en seis idiomas.<\/p>\n\n\n\n<p>El Vaticano anunci\u00f3 tambi\u00e9n que el cuerpo del pont\u00edfice em\u00e9rito ser\u00e1 expuesto a partir del lunes en la bas\u00edlica de San Pedro para ser venerado por los creyentes.<\/p>\n\n\n\n<p>Poco antes de las 11:00 locales (10:00 GMT), las campanas de la bas\u00edlica repicaron por la muerte del ex papa, mientras cientos de personas se acercaban a la plaza para recordar la figura de Joseph Ratzinger, un refinado te\u00f3logo ultraconservador, que escogi\u00f3 el nombre de Benedicto XVI tras ser nombrado al frente de la Iglesia Cat\u00f3lica en 2005.<\/p>\n\n\n\n<p>El funeral del papa n\u00famero 265 de la historia ser\u00e1 celebrado por su sucesor Francisco, un evento sin precedentes en los dos mil a\u00f1os de historia de la Iglesia.<\/p>\n\n\n\n<p>Se espera la asistencia de decenas de miles de personas, entre ellas jefes de Estado y l\u00edderes de otras religiones.<\/p>\n","protected":false},"excerpt":{"rendered":"<p>El papa em\u00e9rito Benedicto XVI, cuyo nombre real era Joseph Aloisius Ratzinger, muri\u00f3 a los 95 a\u00f1os, tras unas largas semanas de duras complicaciones en su estado de salud. El papa te\u00f3logo, naci\u00f3 en Alemania, fue arzobispo de M\u00fanich, se convirti\u00f3 en la mano derecha de Juan Pablo II, asumi\u00f3 en 2005 y marc\u00f3 historia [&hellip;]<\/p>\n","protected":false},"author":1,"featured_media":0,"comment_status":"open","ping_status":"open","sticky":false,"template":"","format":"standard","meta":{"footnotes":""},"categories":[28,36],"tags":[],"class_list":["post-43340","post","type-post","status-publish","format-standard","hentry","category-actualidad","category-destacado"],"yoast_head":"<!-- This site is optimized with the Yoast SEO plugin v26.6 - https:\/\/yoast.com\/wordpress\/plugins\/seo\/ -->\n<title>Muri\u00f3 Joseph Aloisius Ratzinger, Papa Benedicto XVI -<\/title>\n<meta name=\"robots\" content=\"index, follow, max-snippet:-1, max-image-preview:large, max-video-preview:-1\" \/>\n<link rel=\"canonical\" href=\"https:\/\/luchonoticias.com\/editor\/murio-joseph-aloisius-ratzinger-papa-benedicto-xvi\/\" \/>\n<meta property=\"og:locale\" content=\"es_ES\" \/>\n<meta property=\"og:type\" content=\"article\" \/>\n<meta property=\"og:title\" content=\"Muri\u00f3 Joseph Aloisius Ratzinger, Papa Benedicto XVI -\" \/>\n<meta property=\"og:url\" content=\"https:\/\/luchonoticias.com\/editor\/murio-joseph-aloisius-ratzinger-papa-benedicto-xvi\/\" \/>\n<meta property=\"article:publisher\" content=\"https:\/\/www.facebook.com\/luchonoticiasneiva\" \/>\n<meta property=\"article:author\" content=\"https:\/\/www.facebook.com\/luchonoticiasneiva\" \/>\n<meta property=\"article:published_time\" content=\"2022-12-31T11:56:05+00:00\" \/>\n<meta property=\"article:modified_time\" content=\"2022-12-31T11:56:06+00:00\" \/>\n<meta name=\"author\" content=\"admin\" \/>\n<meta name=\"twitter:card\" content=\"summary_large_image\" \/>\n<meta name=\"twitter:label1\" content=\"Escrito por\" \/>\n\t<meta name=\"twitter:data1\" content=\"admin\" \/>\n\t<meta name=\"twitter:label2\" content=\"Tiempo de lectura\" \/>\n\t<meta name=\"twitter:data2\" content=\"2 minutos\" \/>\n<script type=\"application\/ld+json\" class=\"yoast-schema-graph\">{\"@context\":\"https:\/\/schema.org\",\"@graph\":[{\"@type\":\"Article\",\"@id\":\"https:\/\/luchonoticias.com\/editor\/murio-joseph-aloisius-ratzinger-papa-benedicto-xvi\/#article\",\"isPartOf\":{\"@id\":\"https:\/\/luchonoticias.com\/editor\/murio-joseph-aloisius-ratzinger-papa-benedicto-xvi\/\"},\"author\":{\"name\":\"admin\",\"@id\":\"https:\/\/luchonoticias.com\/editor\/#\/schema\/person\/7a7fd911f58561fd056dbac7b55af9cd\"},\"headline\":\"Muri\u00f3 Joseph Aloisius Ratzinger, Papa Benedicto XVI\",\"datePublished\":\"2022-12-31T11:56:05+00:00\",\"dateModified\":\"2022-12-31T11:56:06+00:00\",\"mainEntityOfPage\":{\"@id\":\"https:\/\/luchonoticias.com\/editor\/murio-joseph-aloisius-ratzinger-papa-benedicto-xvi\/\"},\"wordCount\":434,\"commentCount\":0,\"publisher\":{\"@id\":\"https:\/\/luchonoticias.com\/editor\/#\/schema\/person\/7a7fd911f58561fd056dbac7b55af9cd\"},\"articleSection\":[\"Actualidad\",\"Destacado\"],\"inLanguage\":\"es\",\"potentialAction\":[{\"@type\":\"CommentAction\",\"name\":\"Comment\",\"target\":[\"https:\/\/luchonoticias.com\/editor\/murio-joseph-aloisius-ratzinger-papa-benedicto-xvi\/#respond\"]}]},{\"@type\":\"WebPage\",\"@id\":\"https:\/\/luchonoticias.com\/editor\/murio-joseph-aloisius-ratzinger-papa-benedicto-xvi\/\",\"url\":\"https:\/\/luchonoticias.com\/editor\/murio-joseph-aloisius-ratzinger-papa-benedicto-xvi\/\",\"name\":\"Muri\u00f3 Joseph Aloisius Ratzinger, Papa Benedicto XVI -\",\"isPartOf\":{\"@id\":\"https:\/\/luchonoticias.com\/editor\/#website\"},\"datePublished\":\"2022-12-31T11:56:05+00:00\",\"dateModified\":\"2022-12-31T11:56:06+00:00\",\"breadcrumb\":{\"@id\":\"https:\/\/luchonoticias.com\/editor\/murio-joseph-aloisius-ratzinger-papa-benedicto-xvi\/#breadcrumb\"},\"inLanguage\":\"es\",\"potentialAction\":[{\"@type\":\"ReadAction\",\"target\":[\"https:\/\/luchonoticias.com\/editor\/murio-joseph-aloisius-ratzinger-papa-benedicto-xvi\/\"]}]},{\"@type\":\"BreadcrumbList\",\"@id\":\"https:\/\/luchonoticias.com\/editor\/murio-joseph-aloisius-ratzinger-papa-benedicto-xvi\/#breadcrumb\",\"itemListElement\":[{\"@type\":\"ListItem\",\"position\":1,\"name\":\"Portada\",\"item\":\"https:\/\/luchonoticias.com\/editor\/\"},{\"@type\":\"ListItem\",\"position\":2,\"name\":\"Muri\u00f3 Joseph Aloisius Ratzinger, Papa Benedicto XVI\"}]},{\"@type\":\"WebSite\",\"@id\":\"https:\/\/luchonoticias.com\/editor\/#website\",\"url\":\"https:\/\/luchonoticias.com\/editor\/\",\"name\":\"\",\"description\":\"\",\"publisher\":{\"@id\":\"https:\/\/luchonoticias.com\/editor\/#\/schema\/person\/7a7fd911f58561fd056dbac7b55af9cd\"},\"potentialAction\":[{\"@type\":\"SearchAction\",\"target\":{\"@type\":\"EntryPoint\",\"urlTemplate\":\"https:\/\/luchonoticias.com\/editor\/?s={search_term_string}\"},\"query-input\":{\"@type\":\"PropertyValueSpecification\",\"valueRequired\":true,\"valueName\":\"search_term_string\"}}],\"inLanguage\":\"es\"},{\"@type\":[\"Person\",\"Organization\"],\"@id\":\"https:\/\/luchonoticias.com\/editor\/#\/schema\/person\/7a7fd911f58561fd056dbac7b55af9cd\",\"name\":\"admin\",\"image\":{\"@type\":\"ImageObject\",\"inLanguage\":\"es\",\"@id\":\"https:\/\/luchonoticias.com\/editor\/#\/schema\/person\/image\/\",\"url\":\"https:\/\/luchonoticias.com\/editor\/wp-content\/uploads\/2024\/02\/cropped-cropped-logolu.webp\",\"contentUrl\":\"https:\/\/luchonoticias.com\/editor\/wp-content\/uploads\/2024\/02\/cropped-cropped-logolu.webp\",\"width\":382,\"height\":170,\"caption\":\"admin\"},\"logo\":{\"@id\":\"https:\/\/luchonoticias.com\/editor\/#\/schema\/person\/image\/\"},\"sameAs\":[\"https:\/\/www.facebook.com\/luchonoticiasneiva\"],\"url\":\"https:\/\/luchonoticias.com\/editor\/author\/admin\/\"}]}<\/script>\n<!-- \/ Yoast SEO plugin. -->","yoast_head_json":{"title":"Muri\u00f3 Joseph Aloisius Ratzinger, Papa Benedicto XVI -","robots":{"index":"index","follow":"follow","max-snippet":"max-snippet:-1","max-image-preview":"max-image-preview:large","max-video-preview":"max-video-preview:-1"},"canonical":"https:\/\/luchonoticias.com\/editor\/murio-joseph-aloisius-ratzinger-papa-benedicto-xvi\/","og_locale":"es_ES","og_type":"article","og_title":"Muri\u00f3 Joseph Aloisius Ratzinger, Papa Benedicto XVI -","og_url":"https:\/\/luchonoticias.com\/editor\/murio-joseph-aloisius-ratzinger-papa-benedicto-xvi\/","article_publisher":"https:\/\/www.facebook.com\/luchonoticiasneiva","article_author":"https:\/\/www.facebook.com\/luchonoticiasneiva","article_published_time":"2022-12-31T11:56:05+00:00","article_modified_time":"2022-12-31T11:56:06+00:00","author":"admin","twitter_card":"summary_large_image","twitter_misc":{"Escrito por":"admin","Tiempo de lectura":"2 minutos"},"schema":{"@context":"https:\/\/schema.org","@graph":[{"@type":"Article","@id":"https:\/\/luchonoticias.com\/editor\/murio-joseph-aloisius-ratzinger-papa-benedicto-xvi\/#article","isPartOf":{"@id":"https:\/\/luchonoticias.com\/editor\/murio-joseph-aloisius-ratzinger-papa-benedicto-xvi\/"},"author":{"name":"admin","@id":"https:\/\/luchonoticias.com\/editor\/#\/schema\/person\/7a7fd911f58561fd056dbac7b55af9cd"},"headline":"Muri\u00f3 Joseph Aloisius Ratzinger, Papa Benedicto XVI","datePublished":"2022-12-31T11:56:05+00:00","dateModified":"2022-12-31T11:56:06+00:00","mainEntityOfPage":{"@id":"https:\/\/luchonoticias.com\/editor\/murio-joseph-aloisius-ratzinger-papa-benedicto-xvi\/"},"wordCount":434,"commentCount":0,"publisher":{"@id":"https:\/\/luchonoticias.com\/editor\/#\/schema\/person\/7a7fd911f58561fd056dbac7b55af9cd"},"articleSection":["Actualidad","Destacado"],"inLanguage":"es","potentialAction":[{"@type":"CommentAction","name":"Comment","target":["https:\/\/luchonoticias.com\/editor\/murio-joseph-aloisius-ratzinger-papa-benedicto-xvi\/#respond"]}]},{"@type":"WebPage","@id":"https:\/\/luchonoticias.com\/editor\/murio-joseph-aloisius-ratzinger-papa-benedicto-xvi\/","url":"https:\/\/luchonoticias.com\/editor\/murio-joseph-aloisius-ratzinger-papa-benedicto-xvi\/","name":"Muri\u00f3 Joseph Aloisius Ratzinger, Papa Benedicto XVI -","isPartOf":{"@id":"https:\/\/luchonoticias.com\/editor\/#website"},"datePublished":"2022-12-31T11:56:05+00:00","dateModified":"2022-12-31T11:56:06+00:00","breadcrumb":{"@id":"https:\/\/luchonoticias.com\/editor\/murio-joseph-aloisius-ratzinger-papa-benedicto-xvi\/#breadcrumb"},"inLanguage":"es","potentialAction":[{"@type":"ReadAction","target":["https:\/\/luchonoticias.com\/editor\/murio-joseph-aloisius-ratzinger-papa-benedicto-xvi\/"]}]},{"@type":"BreadcrumbList","@id":"https:\/\/luchonoticias.com\/editor\/murio-joseph-aloisius-ratzinger-papa-benedicto-xvi\/#breadcrumb","itemListElement":[{"@type":"ListItem","position":1,"name":"Portada","item":"https:\/\/luchonoticias.com\/editor\/"},{"@type":"ListItem","position":2,"name":"Muri\u00f3 Joseph Aloisius Ratzinger, Papa Benedicto XVI"}]},{"@type":"WebSite","@id":"https:\/\/luchonoticias.com\/editor\/#website","url":"https:\/\/luchonoticias.com\/editor\/","name":"","description":"","publisher":{"@id":"https:\/\/luchonoticias.com\/editor\/#\/schema\/person\/7a7fd911f58561fd056dbac7b55af9cd"},"potentialAction":[{"@type":"SearchAction","target":{"@type":"EntryPoint","urlTemplate":"https:\/\/luchonoticias.com\/editor\/?s={search_term_string}"},"query-input":{"@type":"PropertyValueSpecification","valueRequired":true,"valueName":"search_term_string"}}],"inLanguage":"es"},{"@type":["Person","Organization"],"@id":"https:\/\/luchonoticias.com\/editor\/#\/schema\/person\/7a7fd911f58561fd056dbac7b55af9cd","name":"admin","image":{"@type":"ImageObject","inLanguage":"es","@id":"https:\/\/luchonoticias.com\/editor\/#\/schema\/person\/image\/","url":"https:\/\/luchonoticias.com\/editor\/wp-content\/uploads\/2024\/02\/cropped-cropped-logolu.webp","contentUrl":"https:\/\/luchonoticias.com\/editor\/wp-content\/uploads\/2024\/02\/cropped-cropped-logolu.webp","width":382,"height":170,"caption":"admin"},"logo":{"@id":"https:\/\/luchonoticias.com\/editor\/#\/schema\/person\/image\/"},"sameAs":["https:\/\/www.facebook.com\/luchonoticiasneiva"],"url":"https:\/\/luchonoticias.com\/editor\/author\/admin\/"}]}},"_links":{"self":[{"href":"https:\/\/luchonoticias.com\/editor\/wp-json\/wp\/v2\/posts\/43340","targetHints":{"allow":["GET"]}}],"collection":[{"href":"https:\/\/luchonoticias.com\/editor\/wp-json\/wp\/v2\/posts"}],"about":[{"href":"https:\/\/luchonoticias.com\/editor\/wp-json\/wp\/v2\/types\/post"}],"author":[{"embeddable":true,"href":"https:\/\/luchonoticias.com\/editor\/wp-json\/wp\/v2\/users\/1"}],"replies":[{"embeddable":true,"href":"https:\/\/luchonoticias.com\/editor\/wp-json\/wp\/v2\/comments?post=43340"}],"version-history":[{"count":0,"href":"https:\/\/luchonoticias.com\/editor\/wp-json\/wp\/v2\/posts\/43340\/revisions"}],"wp:attachment":[{"href":"https:\/\/luchonoticias.com\/editor\/wp-json\/wp\/v2\/media?parent=43340"}],"wp:term":[{"taxonomy":"category","embeddable":true,"href":"https:\/\/luchonoticias.com\/editor\/wp-json\/wp\/v2\/categories?post=43340"},{"taxonomy":"post_tag","embeddable":true,"href":"https:\/\/luchonoticias.com\/editor\/wp-json\/wp\/v2\/tags?post=43340"}],"curies":[{"name":"wp","href":"https:\/\/api.w.org\/{rel}","templated":true}]}}